{"id":105640,"date":"2021-11-25T01:00:00","date_gmt":"2021-11-25T06:00:00","guid":{"rendered":"https:\/\/ifamnews.com\/?p=105640"},"modified":"2021-11-17T05:07:30","modified_gmt":"2021-11-17T10:07:30","slug":"llega-el-black-friday-con-importantes-descuentos-en-la-venta-de-ni-os","status":"publish","type":"post","link":"https:\/\/ifamnews.com\/es\/llega-el-black-friday-con-importantes-descuentos-en-la-venta-de-ni-os","title":{"rendered":"Llega el Black Friday con importantes descuentos en la venta de ni\u00f1os"},"content":{"rendered":"\n<p><\/p>\n\n\n\n<p class=\"has-text-align-right\"><em>\u00bfDurante cu\u00e1nto tiempo tendremos que cantar esta canci\u00f3n?<br>\u00bfDurante cu\u00e1nto tiempo tendremos que cantar esta canci\u00f3n?<br>Durante cu\u00e1nto, durante cu\u00e1nto, durante cu\u00e1nto<br>\u00bfDurante cu\u00e1nto tiempo tendremos que cantar esta canci\u00f3n?<\/em><br>&#8211; \u2013 U2, <em>40<\/em> (1983)<\/p>\n\n\n\n<p><\/p>\n\n\n\n<p class=\"has-text-align-center\">\u00abBeb\u00e9s como electodom\u00e9sticos: se pueden comprar con descuento. Sucede en Ucrania, el Parque tem\u00e1tico de los Vientres de alquiler (subrogaci\u00f3n), donde llega la \u00faltima moda del marketing: un Black Friday para las parejas dispuestas a aprovecharse del descuento especial en su compra de ni\u00f1os de laboratorio fuera de sus fronteras, donde las leyes suyacen al mercado\u00bb.<\/p>\n\n\n\n<p>Un <a href=\"https:\/\/www.avvenire.it\/opinioni\/pagine\/black-friday-bebe-sul-banco\" target=\"_blank\" rel=\"noreferrer noopener\">editorial de Antonella Mariani en el diario italiano <em>Avvenire<\/em><\/a> describ\u00eda una situaci\u00f3n espantosa.<\/p>\n\n\n\n<p>Existe un centro especializado en reproducci\u00f3n asistida y gestaci\u00f3n subrogada con sede en Kiev, Ucran\u00eda y con varios centros operativos en capitales de toda Europa, BioTexCom, el que durante el el<em>bloqueo<\/em> de 2020 hab\u00eda trasladado m\u00e1s de 60 ni\u00f1os \u00abproducidos\u00bb por madres de alquiler a un hotel a la espera de ser vendidos, por la sobra de stock, se \u00abofrece un 3% de descuento en el &#8216;pack'\u00bb, pero \u00abhay que darse prisa: la oferta termina pronto y s\u00f3lo se aplica a contratos firmados entre el 15 y el 26 de noviembre\u00bb.<\/p>\n\n\n\n<p>Se trata de una violencia sin precedentes contra el individuo, un crimen contra la humanidad y una abominable violaci\u00f3n de los derechos humanos y, sin embargo, no hay parlamentos, organizaciones supranacionales, \u00abuniones europeas\u00bb, ONU u ONGs que salgan a la calle, se movilicen y protesten por esta abominaci\u00f3n.<\/p>\n\n\n\n<p>Un nuevo desprop\u00f3sito de este mundo que zozobra como el Titanic. Y no hay disturbios en las calles, no hay protestas, no ocurre nada.<\/p>\n\n\n\n<p>\u00bfCu\u00e1nto tiempo podr\u00e1 nuestra civilizaci\u00f3n seguir da\u00f1\u00e1ndose a s\u00ed misma antes de que un oc\u00e9ano nos anegue a todos?<\/p>\n","protected":false},"excerpt":{"rendered":"<p>Black Friday: ofertas irresistibles en la venta de ni\u00f1os. Nuestra civilizaci\u00f3n hace aguas como el Titanic y nadie hace nada al respecto.<\/p>\n","protected":false},"author":7,"featured_media":104796,"comment_status":"open","ping_status":"open","sticky":false,"template":"","format":"standard","meta":{"give_campaign_id":0,"om_disable_all_campaigns":false,"_monsterinsights_skip_tracking":false,"_monsterinsights_sitenote_active":false,"_monsterinsights_sitenote_note":"","_monsterinsights_sitenote_category":0,"mc4wp_mailchimp_campaign":[],"jnews-multi-image_gallery":[],"jnews_single_post":{"subtitle":"Black Friday: ofertas irresistibles en la venta de ni\u00f1os. Nuestra civilizaci\u00f3n hace aguas como el Titanic y nadie hace nada al respecto.","format":"standard","video":"","gallery":"","source_name":"","source_url":"","via_name":"","via_url":"","override":[{"template":"1","single_blog_custom":"","parallax":"1","fullscreen":"1","layout":"right-sidebar","sidebar":"default-sidebar","second_sidebar":"default-sidebar","sticky_sidebar":"1","share_position":"top","share_float_style":"share-monocrhome","show_share_counter":"1","show_view_counter":"1","show_featured":"1","show_post_meta":"1","show_post_author":"1","show_post_author_image":"1","show_post_date":"1","post_date_format":"default","post_date_format_custom":"Y\/m\/d","show_post_category":"1","post_reading_time_wpm":"300","zoom_button_out_step":"2","zoom_button_in_step":"3","show_post_tag":"1","show_prev_next_post":"1","show_popup_post":"1","number_popup_post":"1"}],"image_override":[{"single_post_thumbnail_size":"crop-500","single_post_gallery_size":"crop-500"}],"trending_post_position":"meta","trending_post_label":"Trending","sponsored_post_label":"Sponsored by","sponsored_post_name":"","sponsored_post_url":"","sponsored_post_logo":"","sponsored_post_desc":""},"jnews_primary_category":{"id":""},"jnews_social_meta":{"fb_title":"","fb_description":"","fb_image":"","twitter_title":"","twitter_description":"","twitter_image":""},"jnews_override_counter":{"view_counter_number":"0","share_counter_number":"0","like_counter_number":"0","dislike_counter_number":"0"},"footnotes":""},"categories":[775,810,777,815],"tags":[8625,13443,8640,7732],"class_list":["post-105640","post","type-post","status-publish","format-standard","has-post-thumbnail","hentry","category-familia","category-foreground-es","category-opinion-es","category-breaking-news-es","tag-foreground-es","tag-gestacion-subrogada","tag-highlight-es","tag-vientres-de-alquiler"],"yoast_head":"<!-- This site is optimized with the Yoast SEO Premium plugin v25.9 (Yoast SEO v27.3) - https:\/\/yoast.com\/product\/yoast-seo-premium-wordpress\/ -->\n<title>Llega el Black Friday con importantes descuentos en la venta de ni\u00f1os - &quot;iFamNews&quot;.<\/title>\n<meta name=\"description\" content=\"Black Friday: ofertas irresistibles en la venta de ni\u00f1os. Nuestra civilizaci\u00f3n hace aguas como el Titanic y nadie hace nada al respecto.\" \/>\n<meta name=\"robots\" content=\"index, follow, max-snippet:-1, max-image-preview:large, max-video-preview:-1\" \/>\n<link rel=\"canonical\" href=\"https:\/\/ifamnews.com\/es\/llega-el-black-friday-con-importantes-descuentos-en-la-venta-de-ni-os\" \/>\n<meta property=\"og:locale\" content=\"es_ES\" \/>\n<meta property=\"og:type\" content=\"article\" \/>\n<meta property=\"og:title\" content=\"Llega el Black Friday con importantes descuentos en la venta de ni\u00f1os\" \/>\n<meta property=\"og:description\" content=\"Black Friday: ofertas irresistibles en la venta de ni\u00f1os. Nuestra civilizaci\u00f3n hace aguas como el Titanic y nadie hace nada al respecto.\" \/>\n<meta property=\"og:url\" content=\"https:\/\/ifamnews.com\/es\/llega-el-black-friday-con-importantes-descuentos-en-la-venta-de-ni-os\" \/>\n<meta property=\"og:site_name\" content=\"IFN\" \/>\n<meta property=\"article:publisher\" content=\"https:\/\/www.facebook.com\/iFamNews\" \/>\n<meta property=\"article:author\" content=\"https:\/\/facebook.com\/MarcoRespinti\" \/>\n<meta property=\"article:published_time\" content=\"2021-11-25T06:00:00+00:00\" \/>\n<meta property=\"og:image\" content=\"https:\/\/ifamnews.com\/wp-content\/uploads\/2021\/11\/Cattura.png\" \/>\n\t<meta property=\"og:image:width\" content=\"854\" \/>\n\t<meta property=\"og:image:height\" content=\"623\" \/>\n\t<meta property=\"og:image:type\" content=\"image\/png\" \/>\n<meta name=\"author\" content=\"Marco Respinti\" \/>\n<meta name=\"twitter:card\" content=\"summary_large_image\" \/>\n<meta name=\"twitter:creator\" content=\"@https:\/\/twitter.com\/MarcoRespinti\" \/>\n<meta name=\"twitter:site\" content=\"@iFamNewsEN\" \/>\n<meta name=\"twitter:label1\" content=\"Escrito por\" \/>\n\t<meta name=\"twitter:data1\" content=\"Marco Respinti\" \/>\n\t<meta name=\"twitter:label2\" content=\"Tiempo de lectura\" \/>\n\t<meta name=\"twitter:data2\" content=\"2 minutos\" \/>\n<!-- \/ Yoast SEO Premium plugin. -->","yoast_head_json":{"title":"Llega el Black Friday con importantes descuentos en la venta de ni\u00f1os - \"iFamNews\".","description":"Black Friday: ofertas irresistibles en la venta de ni\u00f1os. Nuestra civilizaci\u00f3n hace aguas como el Titanic y nadie hace nada al respecto.","robots":{"index":"index","follow":"follow","max-snippet":"max-snippet:-1","max-image-preview":"max-image-preview:large","max-video-preview":"max-video-preview:-1"},"canonical":"https:\/\/ifamnews.com\/es\/llega-el-black-friday-con-importantes-descuentos-en-la-venta-de-ni-os","og_locale":"es_ES","og_type":"article","og_title":"Llega el Black Friday con importantes descuentos en la venta de ni\u00f1os","og_description":"Black Friday: ofertas irresistibles en la venta de ni\u00f1os. Nuestra civilizaci\u00f3n hace aguas como el Titanic y nadie hace nada al respecto.","og_url":"https:\/\/ifamnews.com\/es\/llega-el-black-friday-con-importantes-descuentos-en-la-venta-de-ni-os","og_site_name":"IFN","article_publisher":"https:\/\/www.facebook.com\/iFamNews","article_author":"https:\/\/facebook.com\/MarcoRespinti","article_published_time":"2021-11-25T06:00:00+00:00","og_image":[{"width":854,"height":623,"url":"https:\/\/ifamnews.com\/wp-content\/uploads\/2021\/11\/Cattura.png","type":"image\/png"}],"author":"Marco Respinti","twitter_card":"summary_large_image","twitter_creator":"@https:\/\/twitter.com\/MarcoRespinti","twitter_site":"@iFamNewsEN","twitter_misc":{"Escrito por":"Marco Respinti","Tiempo de lectura":"2 minutos"},"schema":{"@context":"https:\/\/schema.org","@graph":[{"@type":"NewsArticle","@id":"https:\/\/ifamnews.com\/es\/llega-el-black-friday-con-importantes-descuentos-en-la-venta-de-ni-os#article","isPartOf":{"@id":"https:\/\/ifamnews.com\/es\/llega-el-black-friday-con-importantes-descuentos-en-la-venta-de-ni-os"},"author":{"name":"Marco Respinti","@id":"https:\/\/ifamnews.com\/en\/#\/schema\/person\/f0579ab02623e80d44006c1a5d949ea9"},"headline":"Llega el Black Friday con importantes descuentos en la venta de ni\u00f1os","datePublished":"2021-11-25T06:00:00+00:00","mainEntityOfPage":{"@id":"https:\/\/ifamnews.com\/es\/llega-el-black-friday-con-importantes-descuentos-en-la-venta-de-ni-os"},"wordCount":322,"commentCount":0,"publisher":{"@id":"https:\/\/ifamnews.com\/en\/#organization"},"image":{"@id":"https:\/\/ifamnews.com\/es\/llega-el-black-friday-con-importantes-descuentos-en-la-venta-de-ni-os#primaryimage"},"thumbnailUrl":"https:\/\/ifamnews.com\/wp-content\/uploads\/2021\/11\/Cattura.png","keywords":["Foreground","Gestaci\u00f3n subrogada","Highlight","vientres de alquiler"],"articleSection":["Familia","Foreground","Opini\u00f3n","\u00daLTIMAS NOTICIAS"],"inLanguage":"es","potentialAction":[{"@type":"CommentAction","name":"Comment","target":["https:\/\/ifamnews.com\/es\/llega-el-black-friday-con-importantes-descuentos-en-la-venta-de-ni-os#respond"]}]},{"@type":"WebPage","@id":"https:\/\/ifamnews.com\/es\/llega-el-black-friday-con-importantes-descuentos-en-la-venta-de-ni-os","url":"https:\/\/ifamnews.com\/es\/llega-el-black-friday-con-importantes-descuentos-en-la-venta-de-ni-os","name":"Llega el Black Friday con importantes descuentos en la venta de ni\u00f1os - \"iFamNews\".","isPartOf":{"@id":"https:\/\/ifamnews.com\/en\/#website"},"primaryImageOfPage":{"@id":"https:\/\/ifamnews.com\/es\/llega-el-black-friday-con-importantes-descuentos-en-la-venta-de-ni-os#primaryimage"},"image":{"@id":"https:\/\/ifamnews.com\/es\/llega-el-black-friday-con-importantes-descuentos-en-la-venta-de-ni-os#primaryimage"},"thumbnailUrl":"https:\/\/ifamnews.com\/wp-content\/uploads\/2021\/11\/Cattura.png","datePublished":"2021-11-25T06:00:00+00:00","description":"Black Friday: ofertas irresistibles en la venta de ni\u00f1os. Nuestra civilizaci\u00f3n hace aguas como el Titanic y nadie hace nada al respecto.","breadcrumb":{"@id":"https:\/\/ifamnews.com\/es\/llega-el-black-friday-con-importantes-descuentos-en-la-venta-de-ni-os#breadcrumb"},"inLanguage":"es","potentialAction":[{"@type":"ReadAction","target":["https:\/\/ifamnews.com\/es\/llega-el-black-friday-con-importantes-descuentos-en-la-venta-de-ni-os"]}]},{"@type":"ImageObject","inLanguage":"es","@id":"https:\/\/ifamnews.com\/es\/llega-el-black-friday-con-importantes-descuentos-en-la-venta-de-ni-os#primaryimage","url":"https:\/\/ifamnews.com\/wp-content\/uploads\/2021\/11\/Cattura.png","contentUrl":"https:\/\/ifamnews.com\/wp-content\/uploads\/2021\/11\/Cattura.png","width":854,"height":623},{"@type":"BreadcrumbList","@id":"https:\/\/ifamnews.com\/es\/llega-el-black-friday-con-importantes-descuentos-en-la-venta-de-ni-os#breadcrumb","itemListElement":[{"@type":"ListItem","position":1,"name":"Home","item":"https:\/\/ifamnews.com\/de"},{"@type":"ListItem","position":2,"name":"Famiglia","item":"https:\/\/ifamnews.com\/it\/categoria\/famiglia"},{"@type":"ListItem","position":3,"name":"Llega el Black Friday con importantes descuentos en la venta de ni\u00f1os"}]},{"@type":"WebSite","@id":"https:\/\/ifamnews.com\/en\/#website","url":"https:\/\/ifamnews.com\/en\/","name":"IFN","description":"International Family News Network","publisher":{"@id":"https:\/\/ifamnews.com\/en\/#organization"},"potentialAction":[{"@type":"SearchAction","target":{"@type":"EntryPoint","urlTemplate":"https:\/\/ifamnews.com\/en\/?s={search_term_string}"},"query-input":{"@type":"PropertyValueSpecification","valueRequired":true,"valueName":"search_term_string"}}],"inLanguage":"es"},{"@type":"Organization","@id":"https:\/\/ifamnews.com\/en\/#organization","name":"iFamNews","url":"https:\/\/ifamnews.com\/en\/","logo":{"@type":"ImageObject","inLanguage":"es","@id":"https:\/\/ifamnews.com\/en\/#\/schema\/logo\/image\/","url":"https:\/\/ifamnews.com\/wp-content\/uploads\/2020\/01\/Share-logo.png","contentUrl":"https:\/\/ifamnews.com\/wp-content\/uploads\/2020\/01\/Share-logo.png","width":200,"height":200,"caption":"iFamNews"},"image":{"@id":"https:\/\/ifamnews.com\/en\/#\/schema\/logo\/image\/"},"sameAs":["https:\/\/www.facebook.com\/iFamNews","https:\/\/x.com\/iFamNewsEN"]},{"@type":"Person","@id":"https:\/\/ifamnews.com\/en\/#\/schema\/person\/f0579ab02623e80d44006c1a5d949ea9","name":"Marco Respinti","image":{"@type":"ImageObject","inLanguage":"es","@id":"https:\/\/secure.gravatar.com\/avatar\/4ab04a5127131015e13010f222e38621144dc33a5df5d977b35ceeab15ee958f?s=96&d=mm&r=g","url":"https:\/\/secure.gravatar.com\/avatar\/4ab04a5127131015e13010f222e38621144dc33a5df5d977b35ceeab15ee958f?s=96&d=mm&r=g","contentUrl":"https:\/\/secure.gravatar.com\/avatar\/4ab04a5127131015e13010f222e38621144dc33a5df5d977b35ceeab15ee958f?s=96&d=mm&r=g","caption":"Marco Respinti"},"description":"Marco Respinti was the Editor-in-Chief of International Family News until the end of 2022. He is an Italian professional journalist, member of the International Federation of Journalists (IFJ), essayist, translator, and lecturer. He has contributed and contributes to several journals and magazines both in print and online, both in Italy and abroad. Author of books, he has translated and\/or edited works by, among others, Edmund Burke, Charles Dickens, T.S. Eliot, Russell Kirk, J.R.R. Tolkien, R\u00e9gine Pernoud and Gustave Thibon. A Senior fellow at the\u00a0Russell Kirk Center for Cultural Renewal (Mecosta, Michigan) he is also a founding member as well as Board member of the Center for European Renewal (The Hague, The Netherlands). A member of the Editorial Board of The European Conservative magazine, as well as a member of the Advisory Council of the European Federation for Freedom of Belief, he serves as Director-in-Charge of the academic publication The Journal of CESNUR and the online Bitter Winter: A Magazine on Religious Liberty and Human Rights.","sameAs":["https:\/\/facebook.com\/MarcoRespinti","https:\/\/it.linkedin.com\/in\/marcorespinti","https:\/\/pinterest.it\/MarcoRespinti\/_created\/","https:\/\/x.com\/https:\/\/twitter.com\/MarcoRespinti","https:\/\/youtube.com\/channel\/UC1FbsvyQNTQ-snpsmRC12Og?view_as=subscriber"],"url":"https:\/\/ifamnews.com\/es\/author\/mrespinti"}]}},"amp_enabled":true,"_links":{"self":[{"href":"https:\/\/ifamnews.com\/es\/wp-json\/wp\/v2\/posts\/105640","targetHints":{"allow":["GET"]}}],"collection":[{"href":"https:\/\/ifamnews.com\/es\/wp-json\/wp\/v2\/posts"}],"about":[{"href":"https:\/\/ifamnews.com\/es\/wp-json\/wp\/v2\/types\/post"}],"author":[{"embeddable":true,"href":"https:\/\/ifamnews.com\/es\/wp-json\/wp\/v2\/users\/7"}],"replies":[{"embeddable":true,"href":"https:\/\/ifamnews.com\/es\/wp-json\/wp\/v2\/comments?post=105640"}],"version-history":[{"count":5,"href":"https:\/\/ifamnews.com\/es\/wp-json\/wp\/v2\/posts\/105640\/revisions"}],"predecessor-version":[{"id":105647,"href":"https:\/\/ifamnews.com\/es\/wp-json\/wp\/v2\/posts\/105640\/revisions\/105647"}],"wp:featuredmedia":[{"embeddable":true,"href":"https:\/\/ifamnews.com\/es\/wp-json\/wp\/v2\/media\/104796"}],"wp:attachment":[{"href":"https:\/\/ifamnews.com\/es\/wp-json\/wp\/v2\/media?parent=105640"}],"wp:term":[{"taxonomy":"category","embeddable":true,"href":"https:\/\/ifamnews.com\/es\/wp-json\/wp\/v2\/categories?post=105640"},{"taxonomy":"post_tag","embeddable":true,"href":"https:\/\/ifamnews.com\/es\/wp-json\/wp\/v2\/tags?post=105640"}],"curies":[{"name":"wp","href":"https:\/\/api.w.org\/{rel}","templated":true}]}}