{"id":10247,"date":"2020-02-14T00:00:30","date_gmt":"2020-02-14T05:00:30","guid":{"rendered":"https:\/\/ifamnews.com\/?p=10247"},"modified":"2020-03-01T06:27:19","modified_gmt":"2020-03-01T11:27:19","slug":"espana-y-portugal-intentan-nuevamente-legalizar-la-eutanasia","status":"publish","type":"post","link":"https:\/\/ifamnews.com\/es\/espana-y-portugal-intentan-nuevamente-legalizar-la-eutanasia","title":{"rendered":"Espa\u00f1a y Portugal intentan nuevamente legalizar la eutanasia"},"content":{"rendered":"<p class=\"last-updated\">Last updated on marzo 1st, 2020 at 06:27 am<\/p>\n<p>Entre finales de 1400 y\nprincipios de 1500, los reinos de Portugal y Espa\u00f1a se desafiaron mutuamente en\nlos mares para descubrir nuevas rutas comerciales y nuevos pa\u00edses. Hoy, el\nviaje al Lejano Oeste que Espa\u00f1a y Portugal han emprendido ya no persigue una\nmayor riqueza y bienestar, sino la liberalizaci\u00f3n de la eutanasia, la\n\u00abnueva frontera\u00bb de los derechos del paciente y del cansado hombre\noccidental. Ya no es un mundo de vaqueros, o mejor, de gauchos, sino una\nsociedad donde el asesinato ser\u00e1 legalizado bajo el eufemismo de la \u00abbuena\nmuerte\u00bb. De hecho, un asesinato no cambia la naturaleza jur\u00eddica y moral\nsolo porque existe o no la solicitud del moribundo, que adem\u00e1s hay que\ncomprobar: un asesinato es siempre&nbsp; un\ndelito grave, una supresi\u00f3n de la vida humana, una p\u00e9rdida aterradora para toda\nla sociedad.<\/p>\n\n\n\n<p>Ahora, si el aborto y sus formas\nde liberalizaci\u00f3n fueron la \u00abfrontera de la incivilidad\u00bb&nbsp; de la posguerra del siglo XX, el comienzo del\nnuevo siglo est\u00e1 marcado por la pasi\u00f3n ilimitada del poder pol\u00edtico por la\nlegalizaci\u00f3n de la eutanasia. Al hacerlo, la eliminaci\u00f3n de los ni\u00f1os\nconcebidos, sujetos de perfecta dignidad humana, y de los ancianos y los\nenfermos, aparecen los dos \u00abcuernos\u00bb del terrible y monstruoso\n\u00abestado \u00e9tico\u00bb bajo cuyo yugo millones de ciudadanos est\u00e1n en\nOccidente.<\/p>\n\n\n\n<p>La Pen\u00ednsula Ib\u00e9rica, cuyos\nhabitantes espa\u00f1oles y portugueses se declaran en su gran&nbsp; mayor\u00eda cat\u00f3licos, en las \u00faltimas\nsemanas&nbsp; est\u00e1 aprobando una nueva\nlegislaci\u00f3n a favor de la eutanasia&nbsp; o,\ncomo requiere una educaci\u00f3n buena e hip\u00f3crita, de \u00abmuerte digna\u00bb.<\/p>\n\n\n\n<p><strong>\u00abLa vida es\ninviolable\u00bb<\/strong><\/p>\n\n\n\n<p>Aunque las estad\u00edsticas sobre\ntasas de natalidad y suicidios en los dos pa\u00edses son alarmantes, entre las\npeores de Europa, ambos gobiernos de izquierda de Espa\u00f1a y&nbsp; Portugal pretenden de hecho liberalizar la\neutanasia. Se podr\u00eda decir que odian a tal punto sus ciudadanos que quieren\nfacilitar (pronto) su muerte. Pues bien, justo en Portugal, despu\u00e9s del\nrechazo, en 2018, de cuatro proyectos de ley que apuntaban a la despenalizaci\u00f3n\nde la eutanasia, la mayor\u00eda de izquierda ahora pide una nueva votaci\u00f3n. El 29\nde mayo de 2018,&nbsp; la firme oposici\u00f3n de\nlos partidos de centro-derecha y la fuerte oposici\u00f3n del Partido Comunista\nhab\u00edan logrado suspender la iniciativa en el parlamento. Los comunistas,\nentonces en la oposici\u00f3n, hab\u00edan declarado que su voto contrario se basaba en\nel deseo de defender realmente a los pobres, los m\u00e1s d\u00e9biles y los m\u00e1s\nindefensos. Ahora, en cambio, tras la gran victoria lograda por los socialistas\nen las elecciones de octubre, los partidos de la coalici\u00f3n de&nbsp; gobierno, es decir, los socialistas y la\nizquierda, m\u00e1s el mismo partido comunista, que hoy cuenta con el apoyo del\ngobierno, solicitan que el 20 de febrero se voten algunas propuestas de&nbsp; ley destinadas a liberalizar la eutanasia.<\/p>\n\n\n\n<p>Pues bien, la Constituci\u00f3n\nportuguesa establece categ\u00f3ricamente que la vida es \u00abinviolable\u00bb. Por\ntanto, si llegasen a aprobar esos proyectos de ley sobre la eutanasia, el\npresidente de la rep\u00fablica, Marcelo Rebelo de Sousa, muy popular, sin duda\nproceder\u00e1 a rechazarlos, enviando todo de vuelta al parlamento. En ese momento\nse abrir\u00e1 una crisis institucional, as\u00ed como social.<\/p>\n\n\n\n<p>Los 133 votos a favor de los\nsocialistas (108), la izquierda (19), el partido Personas-Animales-Naturaleza\n(4) y los Verdes (2) podr\u00edan tener la mayor\u00eda, pero a\u00fan&nbsp; cualquier cosa puede pasar. La Iglesia\nCat\u00f3lica de Portugal ha anunciado una movilizaci\u00f3n contra la legalizaci\u00f3n de\ntodas las formas de eutanasia. En vista del debate parlamentario, el presidente\nde la Conferencia Episcopal portuguesa, el cardenal Manuel Clemente, asegur\u00f3\nque los obispos promover\u00e1n una nueva campa\u00f1a de sensibilizaci\u00f3n incluso m\u00e1s\nall\u00e1 del mundo cat\u00f3lico, ya que \u00abes un asunto humano y la humanidad nos\nconcierne a todos\u00bb. De hecho, \u00abel curso de acci\u00f3n correcto que debe\ntomarse es permanecer cerca de los que sufren, para que, gracias al uso\ngeneralizado de los cuidados paliativos, la fase final de la vida de estas\npersonas pueda ser positiva\u00bb.<\/p>\n\n\n\n<p><strong>\u00abLa gente no\nquiere sufrir\u00bb<\/strong><\/p>\n\n\n\n<p>Mientras tanto, el 11 de febrero, la mayor\u00eda formada por socialistas,\ncomunistas y Podemos aprob\u00f3 en el parlamento, en primera lectura, la ley sobre\neutanasia y \u00abmuerte digna\u00bb, que parad\u00f3jicamente se llamar\u00e1\n\u00abmuerte natural\u00bb. Una definici\u00f3n diab\u00f3lica, esta, que en los pr\u00f3ximos\na\u00f1os no permitir\u00e1 a ning\u00fan estudioso ninguna estad\u00edstica, por lo tanto, ninguna\ncontroversia, sobre la tr\u00e1gica&nbsp;\naplicaci\u00f3n de la ley. En estos mismos d\u00edas, se ha publicado una\ninvestigaci\u00f3n autorizada que muestra c\u00f3mo las personas \u00abgravemente\nenfermas\u00bb no desean en absoluto ser asesinadas por la eutanasia, pero\ns\u00ed&nbsp; tener cuidados paliativos. El\nestudio, realizado por el Centro de Humanizaci\u00f3n de la Salud y titulado La\ngente no quiere sufrir, \u00abLa gente non vuole soffrire\u00bb , dice que \u00abde una\nencuesta realizada por m\u00e9dicos que han trabajado en el sector de cuidados\npaliativos durante 25 a\u00f1os y que han tratado 57 mil pacientes solo el 0.5% de\nlos pacientes tratados (alrededor de 291) han pedido la eutanasia \u00ab.<\/p>\n\n\n\n<p>Hoy en el parlamento, la \u00fanica\noposici\u00f3n a esta deriva es la ejercida por el Partido Popular y por VOX, por lo\ntanto, es posible que desde junio tambi\u00e9n Espa\u00f1a se alinee con los pa\u00edses\neuropeos, Canad\u00e1 y varios Estados de la Uni\u00f3n de Am\u00e9rica del Norte y Australia\ndonde se permite el asesinato de los enfermos y los que est\u00e1n \u00abcansados de\nvivir\u00bb. La Pen\u00ednsula Ib\u00e9rica est\u00e1 a un paso de la \u00abbuena\nmuerte\u00bb: no solo la de una&nbsp;\ndenatalidad proclamada, sino tambi\u00e9n la de una eutanasia promovida por\nintereses pol\u00edticos por la mayor\u00eda socialista-comunista. \u00bfEl\n\u00abprogreso\u00bb y el \u00absol del futuro\u00bb? Una vez&nbsp; los partidos de izquierda quer\u00edan servir a\nlas personas aliviando las desigualdades y el sufrimiento, hoy quieren regresar\na la \u00abley de la selva\u00bb y servir al pueblo de la muerte.&nbsp; <\/p>\n","protected":false},"excerpt":{"rendered":"<p>La izquierda al poder quiere volver a la \u00abley de la jungla\u00bb y servir al pueblo de la muerte<\/p>\n","protected":false},"author":54,"featured_media":8318,"comment_status":"open","ping_status":"open","sticky":false,"template":"","format":"standard","meta":{"give_campaign_id":0,"om_disable_all_campaigns":false,"_monsterinsights_skip_tracking":false,"_monsterinsights_sitenote_active":false,"_monsterinsights_sitenote_note":"","_monsterinsights_sitenote_category":0,"mc4wp_mailchimp_campaign":[],"jnews-multi-image_gallery":[],"jnews_single_post":{"subtitle":"La izquierda al poder quiere volver a la \"ley de la jungla\" y servir al pueblo de la muerte","format":"standard","video":"","gallery":"","source_name":"","source_url":"","via_name":"","via_url":"","override":[{"single_blog_custom":"","sidebar":"","second_sidebar":"","share_position":"","share_float_style":"","post_date_format":"","post_date_format_custom":"","post_reading_time_wpm":"","zoom_button_out_step":"1","zoom_button_in_step":"1","number_popup_post":"1"}],"image_override":[{"single_post_thumbnail_size":"","single_post_gallery_size":""}],"trending_post_position":"","trending_post_label":""},"jnews_primary_category":{"id":""},"jnews_social_meta":{"fb_title":"","fb_description":"","fb_image":"","twitter_title":"","twitter_description":"","twitter_image":""},"jnews_override_counter":{"view_counter_number":"0","share_counter_number":"0","like_counter_number":"0","dislike_counter_number":"0"},"footnotes":""},"categories":[773],"tags":[1811,905,1810,1812,1809,1813],"class_list":["post-10247","post","type-post","status-publish","format-standard","has-post-thumbnail","hentry","category-politica","tag-centro-de-humanizacion-de-la-salud-2","tag-espana","tag-eutanasia-3","tag-fine-vita-2","tag-la-gente-no-quiere-sufrir-2","tag-portugal"],"yoast_head":"<!-- This site is optimized with the Yoast SEO Premium plugin v25.9 (Yoast SEO v27.3) - https:\/\/yoast.com\/product\/yoast-seo-premium-wordpress\/ -->\n<title>Espa\u00f1a y Portugal intentan nuevamente legalizar la eutanasia - IFN<\/title>\n<meta name=\"robots\" content=\"index, follow, max-snippet:-1, max-image-preview:large, max-video-preview:-1\" \/>\n<link rel=\"canonical\" href=\"https:\/\/ifamnews.com\/es\/espana-y-portugal-intentan-nuevamente-legalizar-la-eutanasia\" \/>\n<meta property=\"og:locale\" content=\"es_ES\" \/>\n<meta property=\"og:type\" content=\"article\" \/>\n<meta property=\"og:title\" content=\"Espa\u00f1a y Portugal intentan nuevamente legalizar la eutanasia\" \/>\n<meta property=\"og:description\" content=\"La izquierda al poder quiere volver a la &quot;ley de la jungla&quot; y servir al pueblo de la muerte\" \/>\n<meta property=\"og:url\" content=\"https:\/\/ifamnews.com\/es\/espana-y-portugal-intentan-nuevamente-legalizar-la-eutanasia\" \/>\n<meta property=\"og:site_name\" content=\"IFN\" \/>\n<meta property=\"article:publisher\" content=\"https:\/\/www.facebook.com\/iFamNews\" \/>\n<meta property=\"article:author\" content=\"https:\/\/facebook.com\/lvolonte1\" \/>\n<meta property=\"article:published_time\" content=\"2020-02-14T05:00:30+00:00\" \/>\n<meta property=\"article:modified_time\" content=\"2020-03-01T11:27:19+00:00\" \/>\n<meta property=\"og:image\" content=\"https:\/\/ifamnews.com\/wp-content\/uploads\/2020\/02\/Eutanasia-spagna.jpg\" \/>\n\t<meta property=\"og:image:width\" content=\"800\" \/>\n\t<meta property=\"og:image:height\" content=\"500\" \/>\n\t<meta property=\"og:image:type\" content=\"image\/jpeg\" \/>\n<meta name=\"author\" content=\"Luca Volont\u00e8\" \/>\n<meta name=\"twitter:card\" content=\"summary_large_image\" \/>\n<meta name=\"twitter:creator\" content=\"@https:\/\/twitter.com\/l_volonte\" \/>\n<meta name=\"twitter:site\" content=\"@iFamNewsEN\" \/>\n<meta name=\"twitter:label1\" content=\"Escrito por\" \/>\n\t<meta name=\"twitter:data1\" content=\"Luca Volont\u00e8\" \/>\n\t<meta name=\"twitter:label2\" content=\"Tiempo de lectura\" \/>\n\t<meta name=\"twitter:data2\" content=\"5 minutos\" \/>\n<!-- \/ Yoast SEO Premium plugin. -->","yoast_head_json":{"title":"Espa\u00f1a y Portugal intentan nuevamente legalizar la eutanasia - IFN","robots":{"index":"index","follow":"follow","max-snippet":"max-snippet:-1","max-image-preview":"max-image-preview:large","max-video-preview":"max-video-preview:-1"},"canonical":"https:\/\/ifamnews.com\/es\/espana-y-portugal-intentan-nuevamente-legalizar-la-eutanasia","og_locale":"es_ES","og_type":"article","og_title":"Espa\u00f1a y Portugal intentan nuevamente legalizar la eutanasia","og_description":"La izquierda al poder quiere volver a la \"ley de la jungla\" y servir al pueblo de la muerte","og_url":"https:\/\/ifamnews.com\/es\/espana-y-portugal-intentan-nuevamente-legalizar-la-eutanasia","og_site_name":"IFN","article_publisher":"https:\/\/www.facebook.com\/iFamNews","article_author":"https:\/\/facebook.com\/lvolonte1","article_published_time":"2020-02-14T05:00:30+00:00","article_modified_time":"2020-03-01T11:27:19+00:00","og_image":[{"width":800,"height":500,"url":"https:\/\/ifamnews.com\/wp-content\/uploads\/2020\/02\/Eutanasia-spagna.jpg","type":"image\/jpeg"}],"author":"Luca Volont\u00e8","twitter_card":"summary_large_image","twitter_creator":"@https:\/\/twitter.com\/l_volonte","twitter_site":"@iFamNewsEN","twitter_misc":{"Escrito por":"Luca Volont\u00e8","Tiempo de lectura":"5 minutos"},"schema":{"@context":"https:\/\/schema.org","@graph":[{"@type":"NewsArticle","@id":"https:\/\/ifamnews.com\/es\/espana-y-portugal-intentan-nuevamente-legalizar-la-eutanasia#article","isPartOf":{"@id":"https:\/\/ifamnews.com\/es\/espana-y-portugal-intentan-nuevamente-legalizar-la-eutanasia"},"author":{"name":"Luca Volont\u00e8","@id":"https:\/\/ifamnews.com\/en\/#\/schema\/person\/bed5b7c6161f317421caa94dc3be6a53"},"headline":"Espa\u00f1a y Portugal intentan nuevamente legalizar la eutanasia","datePublished":"2020-02-14T05:00:30+00:00","dateModified":"2020-03-01T11:27:19+00:00","mainEntityOfPage":{"@id":"https:\/\/ifamnews.com\/es\/espana-y-portugal-intentan-nuevamente-legalizar-la-eutanasia"},"wordCount":1044,"commentCount":0,"publisher":{"@id":"https:\/\/ifamnews.com\/en\/#organization"},"image":{"@id":"https:\/\/ifamnews.com\/es\/espana-y-portugal-intentan-nuevamente-legalizar-la-eutanasia#primaryimage"},"thumbnailUrl":"https:\/\/ifamnews.com\/wp-content\/uploads\/2020\/02\/Eutanasia-spagna.jpg","keywords":["Centro de Humanizaci\u00f3n de la Salud","Espa\u00f1a","eutanasia","fine vita","La gente no quiere sufrir","portugal"],"articleSection":["Pol\u00edtica"],"inLanguage":"es","potentialAction":[{"@type":"CommentAction","name":"Comment","target":["https:\/\/ifamnews.com\/es\/espana-y-portugal-intentan-nuevamente-legalizar-la-eutanasia#respond"]}]},{"@type":"WebPage","@id":"https:\/\/ifamnews.com\/es\/espana-y-portugal-intentan-nuevamente-legalizar-la-eutanasia","url":"https:\/\/ifamnews.com\/es\/espana-y-portugal-intentan-nuevamente-legalizar-la-eutanasia","name":"Espa\u00f1a y Portugal intentan nuevamente legalizar la eutanasia - IFN","isPartOf":{"@id":"https:\/\/ifamnews.com\/en\/#website"},"primaryImageOfPage":{"@id":"https:\/\/ifamnews.com\/es\/espana-y-portugal-intentan-nuevamente-legalizar-la-eutanasia#primaryimage"},"image":{"@id":"https:\/\/ifamnews.com\/es\/espana-y-portugal-intentan-nuevamente-legalizar-la-eutanasia#primaryimage"},"thumbnailUrl":"https:\/\/ifamnews.com\/wp-content\/uploads\/2020\/02\/Eutanasia-spagna.jpg","datePublished":"2020-02-14T05:00:30+00:00","dateModified":"2020-03-01T11:27:19+00:00","breadcrumb":{"@id":"https:\/\/ifamnews.com\/es\/espana-y-portugal-intentan-nuevamente-legalizar-la-eutanasia#breadcrumb"},"inLanguage":"es","potentialAction":[{"@type":"ReadAction","target":["https:\/\/ifamnews.com\/es\/espana-y-portugal-intentan-nuevamente-legalizar-la-eutanasia"]}]},{"@type":"ImageObject","inLanguage":"es","@id":"https:\/\/ifamnews.com\/es\/espana-y-portugal-intentan-nuevamente-legalizar-la-eutanasia#primaryimage","url":"https:\/\/ifamnews.com\/wp-content\/uploads\/2020\/02\/Eutanasia-spagna.jpg","contentUrl":"https:\/\/ifamnews.com\/wp-content\/uploads\/2020\/02\/Eutanasia-spagna.jpg","width":800,"height":500},{"@type":"BreadcrumbList","@id":"https:\/\/ifamnews.com\/es\/espana-y-portugal-intentan-nuevamente-legalizar-la-eutanasia#breadcrumb","itemListElement":[{"@type":"ListItem","position":1,"name":"Home","item":"https:\/\/ifamnews.com\/de"},{"@type":"ListItem","position":2,"name":"Politics","item":"https:\/\/ifamnews.com\/en\/category\/politics"},{"@type":"ListItem","position":3,"name":"Espa\u00f1a y Portugal intentan nuevamente legalizar la eutanasia"}]},{"@type":"WebSite","@id":"https:\/\/ifamnews.com\/en\/#website","url":"https:\/\/ifamnews.com\/en\/","name":"IFN","description":"International Family News Network","publisher":{"@id":"https:\/\/ifamnews.com\/en\/#organization"},"potentialAction":[{"@type":"SearchAction","target":{"@type":"EntryPoint","urlTemplate":"https:\/\/ifamnews.com\/en\/?s={search_term_string}"},"query-input":{"@type":"PropertyValueSpecification","valueRequired":true,"valueName":"search_term_string"}}],"inLanguage":"es"},{"@type":"Organization","@id":"https:\/\/ifamnews.com\/en\/#organization","name":"iFamNews","url":"https:\/\/ifamnews.com\/en\/","logo":{"@type":"ImageObject","inLanguage":"es","@id":"https:\/\/ifamnews.com\/en\/#\/schema\/logo\/image\/","url":"https:\/\/ifamnews.com\/wp-content\/uploads\/2020\/01\/Share-logo.png","contentUrl":"https:\/\/ifamnews.com\/wp-content\/uploads\/2020\/01\/Share-logo.png","width":200,"height":200,"caption":"iFamNews"},"image":{"@id":"https:\/\/ifamnews.com\/en\/#\/schema\/logo\/image\/"},"sameAs":["https:\/\/www.facebook.com\/iFamNews","https:\/\/x.com\/iFamNewsEN"]},{"@type":"Person","@id":"https:\/\/ifamnews.com\/en\/#\/schema\/person\/bed5b7c6161f317421caa94dc3be6a53","name":"Luca Volont\u00e8","image":{"@type":"ImageObject","inLanguage":"es","@id":"https:\/\/secure.gravatar.com\/avatar\/354ed6bca06f9968278e6eb25fa8a123306c69f5c50f711836cf12e6c8ecbbf6?s=96&d=mm&r=g","url":"https:\/\/secure.gravatar.com\/avatar\/354ed6bca06f9968278e6eb25fa8a123306c69f5c50f711836cf12e6c8ecbbf6?s=96&d=mm&r=g","contentUrl":"https:\/\/secure.gravatar.com\/avatar\/354ed6bca06f9968278e6eb25fa8a123306c69f5c50f711836cf12e6c8ecbbf6?s=96&d=mm&r=g","caption":"Luca Volont\u00e8"},"description":"Luca Volont\u00e8 was an Italian parliamentarian from 1996 to 2013, and served as president of the PPE-CD at the Assembly of the Council of Europe. Publicly engaged for decades in the promotion of life, family and religious and educational freedom, Luca\u00a0 has served as a board member for various international organizations promoting Christian values and human rights, including his current role as a board member of the International Organization for the Family. He has authored books and essays for the Novae Terrae series by the publisher Rubbettino; he has been a correspondent for several Italian newspapers, and currently collaborates with La nuova Bussola Quotidiana, an online newspaper. He is a also a great bicycle enthusiast.","sameAs":["https:\/\/facebook.com\/lvolonte1","https:\/\/x.com\/https:\/\/twitter.com\/l_volonte"],"url":"https:\/\/ifamnews.com\/es\/author\/lvolonte"}]}},"amp_enabled":true,"_links":{"self":[{"href":"https:\/\/ifamnews.com\/es\/wp-json\/wp\/v2\/posts\/10247","targetHints":{"allow":["GET"]}}],"collection":[{"href":"https:\/\/ifamnews.com\/es\/wp-json\/wp\/v2\/posts"}],"about":[{"href":"https:\/\/ifamnews.com\/es\/wp-json\/wp\/v2\/types\/post"}],"author":[{"embeddable":true,"href":"https:\/\/ifamnews.com\/es\/wp-json\/wp\/v2\/users\/54"}],"replies":[{"embeddable":true,"href":"https:\/\/ifamnews.com\/es\/wp-json\/wp\/v2\/comments?post=10247"}],"version-history":[{"count":2,"href":"https:\/\/ifamnews.com\/es\/wp-json\/wp\/v2\/posts\/10247\/revisions"}],"predecessor-version":[{"id":10249,"href":"https:\/\/ifamnews.com\/es\/wp-json\/wp\/v2\/posts\/10247\/revisions\/10249"}],"wp:featuredmedia":[{"embeddable":true,"href":"https:\/\/ifamnews.com\/es\/wp-json\/wp\/v2\/media\/8318"}],"wp:attachment":[{"href":"https:\/\/ifamnews.com\/es\/wp-json\/wp\/v2\/media?parent=10247"}],"wp:term":[{"taxonomy":"category","embeddable":true,"href":"https:\/\/ifamnews.com\/es\/wp-json\/wp\/v2\/categories?post=10247"},{"taxonomy":"post_tag","embeddable":true,"href":"https:\/\/ifamnews.com\/es\/wp-json\/wp\/v2\/tags?post=10247"}],"curies":[{"name":"wp","href":"https:\/\/api.w.org\/{rel}","templated":true}]}}