{"id":161634,"date":"2022-09-25T17:00:00","date_gmt":"2022-09-25T21:00:00","guid":{"rendered":"https:\/\/ifamnews.com\/?p=161634"},"modified":"2022-09-24T16:55:51","modified_gmt":"2022-09-24T20:55:51","slug":"spain-supreme-court-condemns-abortion-centers-for-misleading-advertisements-that-conceal-after-effects-of-abortion","status":"publish","type":"post","link":"https:\/\/ifamnews.com\/en\/spain-supreme-court-condemns-abortion-centers-for-misleading-advertisements-that-conceal-after-effects-of-abortion","title":{"rendered":"Spain: Supreme Court condemns abortion centers for misleading advertisements that conceal after-effects of abortion"},"content":{"rendered":"\n<p>The Supreme Court upheld the judgment of the Provincial Court of Oviedo that condemned ACAI, the abortion center employers&#8217; association, for misleading advertisements which assured the audience that abortion is a risk-free practice.<\/p>\n\n\n\n<p>The High Court thus agrees with the Spanish Foundation of Christian Lawyers, which denounced ACAI for hiding the consequences of abortion from women.<\/p>\n\n\n\n<p>Now the Supreme Court has confirmed the sentence of the Audiencia that condemned ACAI to pay the costs of the process and to publish the sentence on its web page.<\/p>\n\n\n\n<p>It should be remembered that ACAI brings together most of the centers accredited to perform abortions in Spain. In the Community of Madrid to Cl\u00ednica Dator, El Bosque, Pac\u00edfico, Isadora, Callao, Policl\u00ednica Retiro and Sergine M\u00e9dica; in Catalu\u00f1a to Cl\u00ednica Sants, Tutorm\u00e9dica, Casanova, and Centro M\u00e9dico Arag\u00f3n; in  Andaluc\u00eda to Cl\u00ednica Ginealmer\u00eda, Ginegranada, Ginesur, Ginecenter, Cl\u00ednicas El Sur, Gynetrisur, Poliplanning and Cl\u00ednica Triana; in Castilla y Le\u00f3n to Cl\u00ednica BuenaVista; in Comunidad Valenciana to Deia M\u00e9dica; in Arag\u00f3n to Cl\u00ednica Actur; in Asturias to Belladona and Buenavista; in Castilla La Mancha to Cl\u00ednica Cire and Iris Ginecol\u00f3gica; in Galicia to Cl\u00ednica Arce and in Murcia to Cl\u00ednica Ginemur and Deltam\u00e9dica.<\/p>\n\n\n\n<p>The president of Christian Lawyers, Polonia Castellanos, announces that &#8220;in view of the seriousness of the sentence, we will send the sentence to all the Spanish Health Departments so that they can rescind any contract with the abortion centers involved.&#8221;<\/p>\n\n\n\n<p>She urged the Minister of Equality, Irene Montero, to &#8220;to state her opinion regarding this sentence that condemns abortion centers for lying to women.&#8221;<\/p>\n\n\n\n<p>Castellanos insists that &#8220;subsidies and public money must be taken away from these companies that put women&#8217;s lives at risk in order to do business.&#8221;<\/p>\n\n\n\n<p>She celebrated the fact that &#8220;justice has <em>finally<\/em> been done against an organization that, for financial gain, has lied to many women by encouraging them to have abortions as if they were completely free from any serious consequences.&#8221;<\/p>\n\n\n\n<p>Supreme Court Ruling is available here: <a href=\"https:\/\/drive.google.com\/file\/d\/1dKs3mZnUHj4OMFK0Zn3qTJjkhdBOaCFg\/view?usp=sharing\" target=\"_blank\" rel=\"noreferrer noopener\">https:\/\/drive.google.com\/file\/d\/1dKs3mZnUHj4OMFK0Zn3qTJjkhdBOaCFg\/view?usp=sharing<\/a><\/p>\n\n\n\n<p>Provincial hearing can be accessed here: <a href=\"https:\/\/drive.google.com\/file\/d\/1u78WDXg9oZEuL-x6gsEtgJ5vqCe2RrGr\/view?usp=sharing\" target=\"_blank\" rel=\"noreferrer noopener\">https:\/\/drive.google.com\/file\/d\/1u78WDXg9oZEuL-x6gsEtgJ5vqCe2RrGr\/view?usp=sharing<\/a><\/p>\n","protected":false},"excerpt":{"rendered":"<p>The Supreme Court confirms the sentence of the Provincial Court of Oviedo that condemned ACAI, the employers&#8217; association that groups 32 Spanish abortion centers, for assuring the audience that abortion is a risk-free practice.<\/p>\n","protected":false},"author":593,"featured_media":161627,"comment_status":"open","ping_status":"open","sticky":false,"template":"","format":"standard","meta":{"give_campaign_id":0,"om_disable_all_campaigns":false,"_monsterinsights_skip_tracking":false,"_monsterinsights_sitenote_active":false,"_monsterinsights_sitenote_note":"","_monsterinsights_sitenote_category":0,"mc4wp_mailchimp_campaign":[],"jnews-multi-image_gallery":[],"jnews_single_post":{"subtitle":"The Supreme Court confirms the sentence of the Provincial Court of Oviedo that condemned ACAI, the employers' association that groups 32 Spanish abortion centers, for assuring the audience that abortion is a risk-free practice.","format":"standard","video":"","gallery":"","source_name":"","source_url":"","via_name":"","via_url":"","override_template":"0","override":[{"template":"2","single_blog_custom":"","parallax":"1","fullscreen":"1","layout":"right-sidebar-narrow","sidebar":"default-sidebar","second_sidebar":"default-sidebar","sticky_sidebar":"1","share_position":"float","share_float_style":"share-normal","show_share_counter":"1","show_view_counter":"1","show_featured":"1","show_post_meta":"1","show_post_author":"1","show_post_author_image":"1","show_post_date":"1","post_date_format":"default","post_date_format_custom":"Y\/m\/d","show_post_category":"1","show_post_reading_time":"1","post_reading_time_wpm":"300","show_zoom_button":"0","zoom_button_out_step":"2","zoom_button_in_step":"3","show_post_tag":"1","show_prev_next_post":"0","show_popup_post":"0","number_popup_post":"1","show_author_box":"1","show_post_related":"0","show_inline_post_related":"0"}],"override_image_size":"0","image_override":[{"single_post_thumbnail_size":"crop-715","single_post_gallery_size":"crop-715"}],"trending_post":"0","trending_post_position":"meta","trending_post_label":"Trending","sponsored_post":"0","sponsored_post_label":"Sponsored by","sponsored_post_name":"","sponsored_post_url":"","sponsored_post_logo_enable":"0","sponsored_post_logo":"","sponsored_post_desc":"","disable_ad":"0"},"jnews_primary_category":{"id":"808"},"jnews_social_meta":{"fb_title":"","fb_description":"","fb_image":"","twitter_title":"","twitter_description":"","twitter_image":""},"jnews_override_counter":{"override_view_counter":"0","view_counter_number":"0","override_share_counter":"0","share_counter_number":"0","override_like_counter":"0","like_counter_number":"0","override_dislike_counter":"0","dislike_counter_number":"0"},"footnotes":""},"categories":[804,805,808],"tags":[475,13602,20398,19829,9863,719,641],"class_list":["post-161634","post","type-post","status-publish","format-standard","has-post-thumbnail","hentry","category-breaking-news","category-foreground","category-life","tag-abortion","tag-abortion-clinic","tag-informed-consent","tag-protection-of-women","tag-right-to-life","tag-spain","tag-supreme-court"],"yoast_head":"<!-- This site is optimized with the Yoast SEO Premium plugin v25.9 (Yoast SEO v27.3) - https:\/\/yoast.com\/product\/yoast-seo-premium-wordpress\/ -->\n<title>Spain: Supreme Court condemns abortion centers for misleading advertisements that conceal after-effects of abortion - IFN<\/title>\n<meta name=\"description\" content=\"The Supreme Court confirms the sentence of the Provincial Court of Oviedo that condemned ACAI, the employers&#039; association that groups 32 Spanish abortion centers, for assuring the audience that abortion is a risk-free practice.\" \/>\n<meta name=\"robots\" content=\"index, follow, max-snippet:-1, max-image-preview:large, max-video-preview:-1\" \/>\n<link rel=\"canonical\" href=\"https:\/\/ifamnews.com\/en\/spain-supreme-court-condemns-abortion-centers-for-misleading-advertisements-that-conceal-after-effects-of-abortion\" \/>\n<meta property=\"og:locale\" content=\"en_US\" \/>\n<meta property=\"og:type\" content=\"article\" \/>\n<meta property=\"og:title\" content=\"Spain: Supreme Court condemns abortion centers for misleading advertisements that conceal after-effects of abortion\" \/>\n<meta property=\"og:description\" content=\"The Supreme Court confirms the sentence of the Provincial Court of Oviedo that condemned ACAI, the employers&#039; association that groups 32 Spanish abortion centers, for assuring the audience that abortion is a risk-free practice.\" \/>\n<meta property=\"og:url\" content=\"https:\/\/ifamnews.com\/en\/spain-supreme-court-condemns-abortion-centers-for-misleading-advertisements-that-conceal-after-effects-of-abortion\" \/>\n<meta property=\"og:site_name\" content=\"IFN\" \/>\n<meta property=\"article:publisher\" content=\"https:\/\/www.facebook.com\/iFamNews\" \/>\n<meta property=\"article:author\" content=\"https:\/\/www.facebook.com\/iFamNews\/\" \/>\n<meta property=\"article:published_time\" content=\"2022-09-25T21:00:00+00:00\" \/>\n<meta property=\"og:image\" content=\"https:\/\/ifamnews.com\/wp-content\/uploads\/2022\/09\/aborto-espontaneo.png\" \/>\n\t<meta property=\"og:image:width\" content=\"1200\" \/>\n\t<meta property=\"og:image:height\" content=\"675\" \/>\n\t<meta property=\"og:image:type\" content=\"image\/png\" \/>\n<meta name=\"author\" content=\"IFN English\" \/>\n<meta name=\"twitter:card\" content=\"summary_large_image\" \/>\n<meta name=\"twitter:creator\" content=\"@https:\/\/twitter.com\/iFamNewsEN\" \/>\n<meta name=\"twitter:site\" content=\"@iFamNewsEN\" \/>\n<meta name=\"twitter:label1\" content=\"Written by\" \/>\n\t<meta name=\"twitter:data1\" content=\"IFN English\" \/>\n\t<meta name=\"twitter:label2\" content=\"Est. reading time\" \/>\n\t<meta name=\"twitter:data2\" content=\"2 minutes\" \/>\n<!-- \/ Yoast SEO Premium plugin. -->","yoast_head_json":{"title":"Spain: Supreme Court condemns abortion centers for misleading advertisements that conceal after-effects of abortion - IFN","description":"The Supreme Court confirms the sentence of the Provincial Court of Oviedo that condemned ACAI, the employers' association that groups 32 Spanish abortion centers, for assuring the audience that abortion is a risk-free practice.","robots":{"index":"index","follow":"follow","max-snippet":"max-snippet:-1","max-image-preview":"max-image-preview:large","max-video-preview":"max-video-preview:-1"},"canonical":"https:\/\/ifamnews.com\/en\/spain-supreme-court-condemns-abortion-centers-for-misleading-advertisements-that-conceal-after-effects-of-abortion","og_locale":"en_US","og_type":"article","og_title":"Spain: Supreme Court condemns abortion centers for misleading advertisements that conceal after-effects of abortion","og_description":"The Supreme Court confirms the sentence of the Provincial Court of Oviedo that condemned ACAI, the employers' association that groups 32 Spanish abortion centers, for assuring the audience that abortion is a risk-free practice.","og_url":"https:\/\/ifamnews.com\/en\/spain-supreme-court-condemns-abortion-centers-for-misleading-advertisements-that-conceal-after-effects-of-abortion","og_site_name":"IFN","article_publisher":"https:\/\/www.facebook.com\/iFamNews","article_author":"https:\/\/www.facebook.com\/iFamNews\/","article_published_time":"2022-09-25T21:00:00+00:00","og_image":[{"width":1200,"height":675,"url":"https:\/\/ifamnews.com\/wp-content\/uploads\/2022\/09\/aborto-espontaneo.png","type":"image\/png"}],"author":"IFN English","twitter_card":"summary_large_image","twitter_creator":"@https:\/\/twitter.com\/iFamNewsEN","twitter_site":"@iFamNewsEN","twitter_misc":{"Written by":"IFN English","Est. reading time":"2 minutes"},"schema":{"@context":"https:\/\/schema.org","@graph":[{"@type":"NewsArticle","@id":"https:\/\/ifamnews.com\/en\/spain-supreme-court-condemns-abortion-centers-for-misleading-advertisements-that-conceal-after-effects-of-abortion#article","isPartOf":{"@id":"https:\/\/ifamnews.com\/en\/spain-supreme-court-condemns-abortion-centers-for-misleading-advertisements-that-conceal-after-effects-of-abortion"},"author":{"name":"IFN English","@id":"https:\/\/ifamnews.com\/en\/#\/schema\/person\/633bdb7ac2496c9b9304ce62d071cdfa"},"headline":"Spain: Supreme Court condemns abortion centers for misleading advertisements that conceal after-effects of abortion","datePublished":"2022-09-25T21:00:00+00:00","mainEntityOfPage":{"@id":"https:\/\/ifamnews.com\/en\/spain-supreme-court-condemns-abortion-centers-for-misleading-advertisements-that-conceal-after-effects-of-abortion"},"wordCount":403,"commentCount":0,"publisher":{"@id":"https:\/\/ifamnews.com\/en\/#organization"},"image":{"@id":"https:\/\/ifamnews.com\/en\/spain-supreme-court-condemns-abortion-centers-for-misleading-advertisements-that-conceal-after-effects-of-abortion#primaryimage"},"thumbnailUrl":"https:\/\/ifamnews.com\/wp-content\/uploads\/2022\/09\/aborto-espontaneo.png","keywords":["Abortion","abortion clinic","informed consent","protection of women","right to life","Spain","Supreme Court"],"articleSection":["Breaking News","Foreground","Life"],"inLanguage":"en-US","potentialAction":[{"@type":"CommentAction","name":"Comment","target":["https:\/\/ifamnews.com\/en\/spain-supreme-court-condemns-abortion-centers-for-misleading-advertisements-that-conceal-after-effects-of-abortion#respond"]}]},{"@type":"WebPage","@id":"https:\/\/ifamnews.com\/en\/spain-supreme-court-condemns-abortion-centers-for-misleading-advertisements-that-conceal-after-effects-of-abortion","url":"https:\/\/ifamnews.com\/en\/spain-supreme-court-condemns-abortion-centers-for-misleading-advertisements-that-conceal-after-effects-of-abortion","name":"Spain: Supreme Court condemns abortion centers for misleading advertisements that conceal after-effects of abortion - IFN","isPartOf":{"@id":"https:\/\/ifamnews.com\/en\/#website"},"primaryImageOfPage":{"@id":"https:\/\/ifamnews.com\/en\/spain-supreme-court-condemns-abortion-centers-for-misleading-advertisements-that-conceal-after-effects-of-abortion#primaryimage"},"image":{"@id":"https:\/\/ifamnews.com\/en\/spain-supreme-court-condemns-abortion-centers-for-misleading-advertisements-that-conceal-after-effects-of-abortion#primaryimage"},"thumbnailUrl":"https:\/\/ifamnews.com\/wp-content\/uploads\/2022\/09\/aborto-espontaneo.png","datePublished":"2022-09-25T21:00:00+00:00","description":"The Supreme Court confirms the sentence of the Provincial Court of Oviedo that condemned ACAI, the employers' association that groups 32 Spanish abortion centers, for assuring the audience that abortion is a risk-free practice.","breadcrumb":{"@id":"https:\/\/ifamnews.com\/en\/spain-supreme-court-condemns-abortion-centers-for-misleading-advertisements-that-conceal-after-effects-of-abortion#breadcrumb"},"inLanguage":"en-US","potentialAction":[{"@type":"ReadAction","target":["https:\/\/ifamnews.com\/en\/spain-supreme-court-condemns-abortion-centers-for-misleading-advertisements-that-conceal-after-effects-of-abortion"]}]},{"@type":"ImageObject","inLanguage":"en-US","@id":"https:\/\/ifamnews.com\/en\/spain-supreme-court-condemns-abortion-centers-for-misleading-advertisements-that-conceal-after-effects-of-abortion#primaryimage","url":"https:\/\/ifamnews.com\/wp-content\/uploads\/2022\/09\/aborto-espontaneo.png","contentUrl":"https:\/\/ifamnews.com\/wp-content\/uploads\/2022\/09\/aborto-espontaneo.png","width":1200,"height":675},{"@type":"BreadcrumbList","@id":"https:\/\/ifamnews.com\/en\/spain-supreme-court-condemns-abortion-centers-for-misleading-advertisements-that-conceal-after-effects-of-abortion#breadcrumb","itemListElement":[{"@type":"ListItem","position":1,"name":"Home","item":"https:\/\/ifamnews.com\/en"},{"@type":"ListItem","position":2,"name":"Vida","item":"https:\/\/ifamnews.com\/es\/categoria\/vida"},{"@type":"ListItem","position":3,"name":"Spain: Supreme Court condemns abortion centers for misleading advertisements that conceal after-effects of abortion"}]},{"@type":"WebSite","@id":"https:\/\/ifamnews.com\/en\/#website","url":"https:\/\/ifamnews.com\/en\/","name":"IFN","description":"International Family News Network","publisher":{"@id":"https:\/\/ifamnews.com\/en\/#organization"},"potentialAction":[{"@type":"SearchAction","target":{"@type":"EntryPoint","urlTemplate":"https:\/\/ifamnews.com\/en\/?s={search_term_string}"},"query-input":{"@type":"PropertyValueSpecification","valueRequired":true,"valueName":"search_term_string"}}],"inLanguage":"en-US"},{"@type":"Organization","@id":"https:\/\/ifamnews.com\/en\/#organization","name":"iFamNews","url":"https:\/\/ifamnews.com\/en\/","logo":{"@type":"ImageObject","inLanguage":"en-US","@id":"https:\/\/ifamnews.com\/en\/#\/schema\/logo\/image\/","url":"https:\/\/ifamnews.com\/wp-content\/uploads\/2020\/01\/Share-logo.png","contentUrl":"https:\/\/ifamnews.com\/wp-content\/uploads\/2020\/01\/Share-logo.png","width":200,"height":200,"caption":"iFamNews"},"image":{"@id":"https:\/\/ifamnews.com\/en\/#\/schema\/logo\/image\/"},"sameAs":["https:\/\/www.facebook.com\/iFamNews","https:\/\/x.com\/iFamNewsEN"]},{"@type":"Person","@id":"https:\/\/ifamnews.com\/en\/#\/schema\/person\/633bdb7ac2496c9b9304ce62d071cdfa","name":"IFN English","image":{"@type":"ImageObject","inLanguage":"en-US","@id":"https:\/\/secure.gravatar.com\/avatar\/6f16ce95b558ae6f6eb9ae2f68122482a2c61696af2a8fc343c2e10f981a959d?s=96&d=mm&r=g","url":"https:\/\/secure.gravatar.com\/avatar\/6f16ce95b558ae6f6eb9ae2f68122482a2c61696af2a8fc343c2e10f981a959d?s=96&d=mm&r=g","contentUrl":"https:\/\/secure.gravatar.com\/avatar\/6f16ce95b558ae6f6eb9ae2f68122482a2c61696af2a8fc343c2e10f981a959d?s=96&d=mm&r=g","caption":"IFN English"},"description":"Articles published by the English iFamNews editorial team.","sameAs":["https:\/\/ifamnews.com\/en","https:\/\/www.facebook.com\/iFamNews\/","https:\/\/x.com\/https:\/\/twitter.com\/iFamNewsEN","https:\/\/www.youtube.com\/channel\/UCMVyIt4z9BANW3d09kwfUpw"],"url":"https:\/\/ifamnews.com\/en\/author\/ifamnews-staff"}]}},"amp_enabled":true,"_links":{"self":[{"href":"https:\/\/ifamnews.com\/en\/wp-json\/wp\/v2\/posts\/161634","targetHints":{"allow":["GET"]}}],"collection":[{"href":"https:\/\/ifamnews.com\/en\/wp-json\/wp\/v2\/posts"}],"about":[{"href":"https:\/\/ifamnews.com\/en\/wp-json\/wp\/v2\/types\/post"}],"author":[{"embeddable":true,"href":"https:\/\/ifamnews.com\/en\/wp-json\/wp\/v2\/users\/593"}],"replies":[{"embeddable":true,"href":"https:\/\/ifamnews.com\/en\/wp-json\/wp\/v2\/comments?post=161634"}],"version-history":[{"count":2,"href":"https:\/\/ifamnews.com\/en\/wp-json\/wp\/v2\/posts\/161634\/revisions"}],"predecessor-version":[{"id":161949,"href":"https:\/\/ifamnews.com\/en\/wp-json\/wp\/v2\/posts\/161634\/revisions\/161949"}],"wp:featuredmedia":[{"embeddable":true,"href":"https:\/\/ifamnews.com\/en\/wp-json\/wp\/v2\/media\/161627"}],"wp:attachment":[{"href":"https:\/\/ifamnews.com\/en\/wp-json\/wp\/v2\/media?parent=161634"}],"wp:term":[{"taxonomy":"category","embeddable":true,"href":"https:\/\/ifamnews.com\/en\/wp-json\/wp\/v2\/categories?post=161634"},{"taxonomy":"post_tag","embeddable":true,"href":"https:\/\/ifamnews.com\/en\/wp-json\/wp\/v2\/tags?post=161634"}],"curies":[{"name":"wp","href":"https:\/\/api.w.org\/{rel}","templated":true}]}}