{"id":97317,"date":"2021-10-06T01:00:00","date_gmt":"2021-10-06T05:00:00","guid":{"rendered":"https:\/\/ifamnews.com\/?p=97317"},"modified":"2021-10-04T04:35:16","modified_gmt":"2021-10-04T08:35:16","slug":"zwei-transsexuelle-im-bundestag-sieht-so-fortschritt-aus","status":"publish","type":"post","link":"https:\/\/ifamnews.com\/de\/zwei-transsexuelle-im-bundestag-sieht-so-fortschritt-aus","title":{"rendered":"Zwei Transsexuelle im Bundestag: Sieht so Fortschritt aus?"},"content":{"rendered":"\n<p>W\u00e4hrend in <a href=\"https:\/\/ifamnews.com\/it\/abbiamo-perso-preludio-di-vittoria\">San Marino die Abtreibung und in der Schweiz die LGBT+-\u201eEhe\u201c<\/a> legalisiert wurden, hat Deutschland am vergangenen Sonntag ein neues Parlament mit einer sozialistischen Mehrheit und einem verst\u00e4rkt progressiven Fl\u00fcgel gew\u00e4hlt. Von nun an wird es im Bundestag erstmals zwei m\u00e4nnliche Abgeordnete geben, die sich als Frauen bezeichnen. Einer von ihnen war bereits Bundestagsabgeordneter. Es ist also nicht das erste Mal, dass ein transgender Mann im Bundestag sitzt: Zum ersten Mal sind es nun gleich zwei. Schlie\u00dflich ist es auf den <a href=\"https:\/\/www.thelocal.de\/20181214\/germany-approves-third-gender-option-law\/\">f\u00fcr die Bundesrepublik g\u00fcltigen Urkunden seit Dezember 2018 erlaubt, zwischen drei Geschlechtern zu w\u00e4hlen,<\/a> nachdem das Verfassungsgericht des Landes entschieden hat, dass die \u201eIntersexualit\u00e4t\u201c (?) offiziell anerkannt werden muss.<\/p>\n\n\n\n<p>Es handelt sich um den 44-j\u00e4hrigen, aus Bayern stammenden <a href=\"https:\/\/www.google.com\/search?q=tessa+ganserer\">Markus Ganserer, der sich selbst \u201eTessa\u201c nennt<\/a>, und den 27-j\u00e4hrigen \u201eNyke\u201c Slawik aus Nordrhein-Westfalen, dessen echter Name nirgendwo zu finden ist: Es war schon schwierig, den Vornamen von Ganserer herauszufinden, den anderen verschweigen bewusst sowohl die Presse als auch Wikipedia. Beide Abgeordnete geh\u00f6ren der Umweltpartei \u201eB\u00fcndnis 90\/Die Gr\u00fcnen\u201c an, die bei der Bildung der k\u00fcnftigen deutschen Regierungskoalition eine f\u00fchrende Rolle spielen wird.<\/p>\n\n\n\n<p>Ganserer ist mit <a href=\"https:\/\/www.google.com\/search?q=ines+eichm%C3%BCller\">Ines Eichm\u00fcller<\/a> verheiratet. Das Paar hat zwei Kinder. Seine Frau ist im <em>Europ\u00e4ischen Parlamentarischen&nbsp;Forum&nbsp;f\u00fcr&nbsp;Bev\u00f6lkerung&nbsp;und Entwicklung<\/em> zum Thema \u201ereproduktive Gesundheit\u201c (Verh\u00fctung, Abtreibung usw.) aktiv sowie im Bayerischen Landtag (dessen ehemalige Pr\u00e4sidentin Ilse Aigner von der CSU ein erkl\u00e4rter Fan von \u201eTessa\u201c ist) t\u00e4tig, wo sie f\u00fcr die gleichstellungspolitische Sprecherin der Gr\u00fcnen, Claudia Stamm, arbeitet. <a href=\"https:\/\/www.haz.de\/Nachrichten\/Politik\/Deutschland-Welt\/Gruenen-Politikerin-wird-vom-Mann-zur-Frau-so-geht-ihre-Ehe-Partnerin-damit-um\">Die Frage nach der Zukunft des ungleichen Paares beantwortete Frau Eichm\u00fcller mit folgenden klaren Worten<\/a>: \u201eAuch wenn manche ahnungslose Menschen spekuliert haben, dass wir uns trennen: Das Gegenteil ist wahr \u2013 weil wir uns lieben, gerade auch in schwierigen Zeiten.\u201c<\/p>\n\n\n\n<p>Was den Neuzugang Slawik betrifft, werden wir sicherlich bald mehr erfahren. Im Grunde <a href=\"https:\/\/www.vatican.va\/content\/francesco\/de\/speeches\/2015\/march\/documents\/papa-francesco_20150321_napoli-pompei-giovani.html\">ein weiterer Tag des ganz normalen Wahnsinns<\/a>, der vermutlich ohne gro\u00dfartige Beachtung verstrichen w\u00e4re, w\u00fcrde das Datum nicht mit zwei weiteren historischen Ereignissen \u00fcbereinstimmen, der Abtreibung in San Marino und der homosexuellen \u201eEhe\u201c in der Schweiz. Welch au\u00dfergew\u00f6hnlicher Zufall! Zur gleichen Zeit verk\u00fcndete <a href=\"https:\/\/press.vatican.va\/content\/salastampa\/it\/bollettino\/pubblico\/2021\/09\/26\/0601\/01285.html\">Kardinal Pietro Parolin, der Staatssekret\u00e4r des Vatikans,<\/a> mit weltlicher Strenge und katholischer Klarheit in seiner Botschaft an die UNO-Generalversammlung, die genau am 26. September zum 76. Mal zusammenkam: \u201eDie Familie, die in der Allgemeinen Erkl\u00e4rung der Menschenrechte als ,die nat\u00fcrliche Grundeinheit der Gesellschaft\u2018 anerkannt wird, wird v\u00f6llig verdreht. Dies zeigt sich auch in der Neuinterpretation bestehender Menschenrechte, die von den ihnen zugrunde liegenden universellen Werten losgel\u00f6st sind. In vielen F\u00e4llen stehen die ,neuen Rechte\u2018 nicht nur im Widerspruch zu den Werten, die sie eigentlich hochhalten sollen, sondern werden trotz mangelnder objektiver Grundlage und fehlenden internationalen Konsens durchgesetzt. Der Heilige Stuhl ist der Ansicht, dass diese neuen parteiischen Auslegungen, die die Menschenrechte ihrer urspr\u00fcnglichen universellen Dimension berauben, leider zum ideologischen Bezugspunkt f\u00fcr einen f\u00e4lschlichen ,Fortschritt\u2018 werden und umso mehr neuen Grund zur Polarisierung und Spaltung liefern. Bedauerlicherweise erleben wir genau dies angesichts der st\u00e4ndigen Versuche, &nbsp;neue kontroverse Ziele in die Vereinten Nationen einzubringen, die gegen das Mandat versto\u00dfen, das diesen Gremien eigentlich erteilt wurde.\u201c<\/p>\n","protected":false},"excerpt":{"rendered":"<p>In Deutschland gewinnen die Sozialdemokraten die Wahl und zusammen mit den Gr\u00fcnen macht die LGBT+-Ideologie sofort einen gro\u00dfen Sprung nach vorne.<\/p>\n","protected":false},"author":106,"featured_media":96773,"comment_status":"open","ping_status":"open","sticky":false,"template":"","format":"standard","meta":{"give_campaign_id":0,"om_disable_all_campaigns":false,"_monsterinsights_skip_tracking":false,"_monsterinsights_sitenote_active":false,"_monsterinsights_sitenote_note":"","_monsterinsights_sitenote_category":0,"mc4wp_mailchimp_campaign":[],"jnews-multi-image_gallery":[],"jnews_single_post":{"subtitle":"In Deutschland gewinnen die Sozialdemokraten die Wahl und zusammen mit den Gr\u00fcnen macht die LGBT+-Ideologie sofort einen gro\u00dfen Sprung nach vorne.","format":"standard","video":"","gallery":"","source_name":"","source_url":"","via_name":"","via_url":"","override":[{"template":"1","single_blog_custom":"","parallax":"1","fullscreen":"1","layout":"right-sidebar","sidebar":"default-sidebar","second_sidebar":"default-sidebar","sticky_sidebar":"1","share_position":"top","share_float_style":"share-monocrhome","show_share_counter":"1","show_view_counter":"1","show_featured":"1","show_post_meta":"1","show_post_author":"1","show_post_author_image":"1","show_post_date":"1","post_date_format":"default","post_date_format_custom":"Y\/m\/d","show_post_category":"1","post_reading_time_wpm":"300","zoom_button_out_step":"2","zoom_button_in_step":"3","show_post_tag":"1","show_prev_next_post":"1","show_popup_post":"1","number_popup_post":"1"}],"image_override":[{"single_post_thumbnail_size":"crop-500","single_post_gallery_size":"crop-500"}],"trending_post_position":"meta","trending_post_label":"Trending","sponsored_post_label":"Sponsored by","sponsored_post_name":"","sponsored_post_url":"","sponsored_post_logo":"","sponsored_post_desc":""},"jnews_primary_category":{"id":"768"},"jnews_social_meta":[],"jnews_override_counter":[],"footnotes":""},"categories":[816,768,811],"tags":[11711,4457,4142],"class_list":["post-97317","post","type-post","status-publish","format-standard","has-post-thumbnail","hentry","category-breaking-news-de","category-politik","category-foreground-de","tag-bundestagswahl-2021","tag-gender-ideologie-2","tag-transgender-4"],"yoast_head":"<!-- This site is optimized with the Yoast SEO Premium plugin v25.9 (Yoast SEO v27.3) - https:\/\/yoast.com\/product\/yoast-seo-premium-wordpress\/ -->\n<title>Zwei Transsexuelle im Bundestag: Sieht so Fortschritt aus? - IFN<\/title>\n<meta name=\"robots\" content=\"index, follow, max-snippet:-1, max-image-preview:large, max-video-preview:-1\" \/>\n<link rel=\"canonical\" href=\"https:\/\/ifamnews.com\/de\/zwei-transsexuelle-im-bundestag-sieht-so-fortschritt-aus\" \/>\n<meta property=\"og:locale\" content=\"de_DE\" \/>\n<meta property=\"og:type\" content=\"article\" \/>\n<meta property=\"og:title\" content=\"Zwei Transsexuelle im Bundestag: Sieht so Fortschritt aus?\" \/>\n<meta property=\"og:description\" content=\"In Deutschland gewinnen die Sozialdemokraten die Wahl und zusammen mit den Gr\u00fcnen macht die LGBT+-Ideologie sofort einen gro\u00dfen Sprung nach vorne.\" \/>\n<meta property=\"og:url\" content=\"https:\/\/ifamnews.com\/de\/zwei-transsexuelle-im-bundestag-sieht-so-fortschritt-aus\" \/>\n<meta property=\"og:site_name\" content=\"IFN\" \/>\n<meta property=\"article:publisher\" content=\"https:\/\/www.facebook.com\/iFamNews\" \/>\n<meta property=\"article:published_time\" content=\"2021-10-06T05:00:00+00:00\" \/>\n<meta property=\"og:image\" content=\"https:\/\/ifamnews.com\/wp-content\/uploads\/2021\/09\/WhatsApp-Image-2021-09-27-at-15.08.12.jpeg\" \/>\n\t<meta property=\"og:image:width\" content=\"1600\" \/>\n\t<meta property=\"og:image:height\" content=\"900\" \/>\n\t<meta property=\"og:image:type\" content=\"image\/jpeg\" \/>\n<meta name=\"author\" content=\"Rossello Gesa\" \/>\n<meta name=\"twitter:card\" content=\"summary_large_image\" \/>\n<meta name=\"twitter:creator\" content=\"@iFamNewsEN\" \/>\n<meta name=\"twitter:site\" content=\"@iFamNewsEN\" \/>\n<meta name=\"twitter:label1\" content=\"Verfasst von\" \/>\n\t<meta name=\"twitter:data1\" content=\"Rossello Gesa\" \/>\n\t<meta name=\"twitter:label2\" content=\"Gesch\u00e4tzte Lesezeit\" \/>\n\t<meta name=\"twitter:data2\" content=\"3\u00a0Minuten\" \/>\n<!-- \/ Yoast SEO Premium plugin. -->","yoast_head_json":{"title":"Zwei Transsexuelle im Bundestag: Sieht so Fortschritt aus? - IFN","robots":{"index":"index","follow":"follow","max-snippet":"max-snippet:-1","max-image-preview":"max-image-preview:large","max-video-preview":"max-video-preview:-1"},"canonical":"https:\/\/ifamnews.com\/de\/zwei-transsexuelle-im-bundestag-sieht-so-fortschritt-aus","og_locale":"de_DE","og_type":"article","og_title":"Zwei Transsexuelle im Bundestag: Sieht so Fortschritt aus?","og_description":"In Deutschland gewinnen die Sozialdemokraten die Wahl und zusammen mit den Gr\u00fcnen macht die LGBT+-Ideologie sofort einen gro\u00dfen Sprung nach vorne.","og_url":"https:\/\/ifamnews.com\/de\/zwei-transsexuelle-im-bundestag-sieht-so-fortschritt-aus","og_site_name":"IFN","article_publisher":"https:\/\/www.facebook.com\/iFamNews","article_published_time":"2021-10-06T05:00:00+00:00","og_image":[{"width":1600,"height":900,"url":"https:\/\/ifamnews.com\/wp-content\/uploads\/2021\/09\/WhatsApp-Image-2021-09-27-at-15.08.12.jpeg","type":"image\/jpeg"}],"author":"Rossello Gesa","twitter_card":"summary_large_image","twitter_creator":"@iFamNewsEN","twitter_site":"@iFamNewsEN","twitter_misc":{"Verfasst von":"Rossello Gesa","Gesch\u00e4tzte Lesezeit":"3\u00a0Minuten"},"schema":{"@context":"https:\/\/schema.org","@graph":[{"@type":"NewsArticle","@id":"https:\/\/ifamnews.com\/de\/zwei-transsexuelle-im-bundestag-sieht-so-fortschritt-aus#article","isPartOf":{"@id":"https:\/\/ifamnews.com\/de\/zwei-transsexuelle-im-bundestag-sieht-so-fortschritt-aus"},"author":{"name":"Rossello Gesa","@id":"https:\/\/ifamnews.com\/en\/#\/schema\/person\/b55db75ed10fca3d43da423be136c836"},"headline":"Zwei Transsexuelle im Bundestag: Sieht so Fortschritt aus?","datePublished":"2021-10-06T05:00:00+00:00","mainEntityOfPage":{"@id":"https:\/\/ifamnews.com\/de\/zwei-transsexuelle-im-bundestag-sieht-so-fortschritt-aus"},"wordCount":556,"commentCount":0,"publisher":{"@id":"https:\/\/ifamnews.com\/en\/#organization"},"image":{"@id":"https:\/\/ifamnews.com\/de\/zwei-transsexuelle-im-bundestag-sieht-so-fortschritt-aus#primaryimage"},"thumbnailUrl":"https:\/\/ifamnews.com\/wp-content\/uploads\/2021\/09\/WhatsApp-Image-2021-09-27-at-15.08.12.jpeg","keywords":["Bundestagswahl 2021","Gender-Ideologie","Transgender"],"articleSection":["Breaking News","Politik","Vordergrund"],"inLanguage":"de","potentialAction":[{"@type":"CommentAction","name":"Comment","target":["https:\/\/ifamnews.com\/de\/zwei-transsexuelle-im-bundestag-sieht-so-fortschritt-aus#respond"]}]},{"@type":"WebPage","@id":"https:\/\/ifamnews.com\/de\/zwei-transsexuelle-im-bundestag-sieht-so-fortschritt-aus","url":"https:\/\/ifamnews.com\/de\/zwei-transsexuelle-im-bundestag-sieht-so-fortschritt-aus","name":"Zwei Transsexuelle im Bundestag: Sieht so Fortschritt aus? - IFN","isPartOf":{"@id":"https:\/\/ifamnews.com\/en\/#website"},"primaryImageOfPage":{"@id":"https:\/\/ifamnews.com\/de\/zwei-transsexuelle-im-bundestag-sieht-so-fortschritt-aus#primaryimage"},"image":{"@id":"https:\/\/ifamnews.com\/de\/zwei-transsexuelle-im-bundestag-sieht-so-fortschritt-aus#primaryimage"},"thumbnailUrl":"https:\/\/ifamnews.com\/wp-content\/uploads\/2021\/09\/WhatsApp-Image-2021-09-27-at-15.08.12.jpeg","datePublished":"2021-10-06T05:00:00+00:00","breadcrumb":{"@id":"https:\/\/ifamnews.com\/de\/zwei-transsexuelle-im-bundestag-sieht-so-fortschritt-aus#breadcrumb"},"inLanguage":"de","potentialAction":[{"@type":"ReadAction","target":["https:\/\/ifamnews.com\/de\/zwei-transsexuelle-im-bundestag-sieht-so-fortschritt-aus"]}]},{"@type":"ImageObject","inLanguage":"de","@id":"https:\/\/ifamnews.com\/de\/zwei-transsexuelle-im-bundestag-sieht-so-fortschritt-aus#primaryimage","url":"https:\/\/ifamnews.com\/wp-content\/uploads\/2021\/09\/WhatsApp-Image-2021-09-27-at-15.08.12.jpeg","contentUrl":"https:\/\/ifamnews.com\/wp-content\/uploads\/2021\/09\/WhatsApp-Image-2021-09-27-at-15.08.12.jpeg","width":1600,"height":900,"caption":"\u00abNyke\u00bb Slawik (a sin.) e \u00abTessa\u00bb Ganserer"},{"@type":"BreadcrumbList","@id":"https:\/\/ifamnews.com\/de\/zwei-transsexuelle-im-bundestag-sieht-so-fortschritt-aus#breadcrumb","itemListElement":[{"@type":"ListItem","position":1,"name":"Home","item":"https:\/\/ifamnews.com\/de"},{"@type":"ListItem","position":2,"name":"Politics","item":"https:\/\/ifamnews.com\/en\/category\/politics"},{"@type":"ListItem","position":3,"name":"Zwei Transsexuelle im Bundestag: Sieht so Fortschritt aus?"}]},{"@type":"WebSite","@id":"https:\/\/ifamnews.com\/en\/#website","url":"https:\/\/ifamnews.com\/en\/","name":"IFN","description":"International Family News Network","publisher":{"@id":"https:\/\/ifamnews.com\/en\/#organization"},"potentialAction":[{"@type":"SearchAction","target":{"@type":"EntryPoint","urlTemplate":"https:\/\/ifamnews.com\/en\/?s={search_term_string}"},"query-input":{"@type":"PropertyValueSpecification","valueRequired":true,"valueName":"search_term_string"}}],"inLanguage":"de"},{"@type":"Organization","@id":"https:\/\/ifamnews.com\/en\/#organization","name":"iFamNews","url":"https:\/\/ifamnews.com\/en\/","logo":{"@type":"ImageObject","inLanguage":"de","@id":"https:\/\/ifamnews.com\/en\/#\/schema\/logo\/image\/","url":"https:\/\/ifamnews.com\/wp-content\/uploads\/2020\/01\/Share-logo.png","contentUrl":"https:\/\/ifamnews.com\/wp-content\/uploads\/2020\/01\/Share-logo.png","width":200,"height":200,"caption":"iFamNews"},"image":{"@id":"https:\/\/ifamnews.com\/en\/#\/schema\/logo\/image\/"},"sameAs":["https:\/\/www.facebook.com\/iFamNews","https:\/\/x.com\/iFamNewsEN"]},{"@type":"Person","@id":"https:\/\/ifamnews.com\/en\/#\/schema\/person\/b55db75ed10fca3d43da423be136c836","name":"Rossello Gesa","image":{"@type":"ImageObject","inLanguage":"de","@id":"https:\/\/secure.gravatar.com\/avatar\/852d41bcbe2250ac09e562a263d6d844239f76ef178e9aa304f01c1264627f7b?s=96&d=mm&r=g","url":"https:\/\/secure.gravatar.com\/avatar\/852d41bcbe2250ac09e562a263d6d844239f76ef178e9aa304f01c1264627f7b?s=96&d=mm&r=g","contentUrl":"https:\/\/secure.gravatar.com\/avatar\/852d41bcbe2250ac09e562a263d6d844239f76ef178e9aa304f01c1264627f7b?s=96&d=mm&r=g","caption":"Rossello Gesa"},"description":"With \"iFamNews\" he resumes writing after years of voluntary departure from journalism, years during which he accumulated professional experience in various fields, including abroad.","url":"https:\/\/ifamnews.com\/de\/author\/rgesa"}]}},"amp_enabled":true,"_links":{"self":[{"href":"https:\/\/ifamnews.com\/de\/wp-json\/wp\/v2\/posts\/97317","targetHints":{"allow":["GET"]}}],"collection":[{"href":"https:\/\/ifamnews.com\/de\/wp-json\/wp\/v2\/posts"}],"about":[{"href":"https:\/\/ifamnews.com\/de\/wp-json\/wp\/v2\/types\/post"}],"author":[{"embeddable":true,"href":"https:\/\/ifamnews.com\/de\/wp-json\/wp\/v2\/users\/106"}],"replies":[{"embeddable":true,"href":"https:\/\/ifamnews.com\/de\/wp-json\/wp\/v2\/comments?post=97317"}],"version-history":[{"count":4,"href":"https:\/\/ifamnews.com\/de\/wp-json\/wp\/v2\/posts\/97317\/revisions"}],"predecessor-version":[{"id":98145,"href":"https:\/\/ifamnews.com\/de\/wp-json\/wp\/v2\/posts\/97317\/revisions\/98145"}],"wp:featuredmedia":[{"embeddable":true,"href":"https:\/\/ifamnews.com\/de\/wp-json\/wp\/v2\/media\/96773"}],"wp:attachment":[{"href":"https:\/\/ifamnews.com\/de\/wp-json\/wp\/v2\/media?parent=97317"}],"wp:term":[{"taxonomy":"category","embeddable":true,"href":"https:\/\/ifamnews.com\/de\/wp-json\/wp\/v2\/categories?post=97317"},{"taxonomy":"post_tag","embeddable":true,"href":"https:\/\/ifamnews.com\/de\/wp-json\/wp\/v2\/tags?post=97317"}],"curies":[{"name":"wp","href":"https:\/\/api.w.org\/{rel}","templated":true}]}}