{"id":92390,"date":"2021-09-07T01:00:00","date_gmt":"2021-09-07T05:00:00","guid":{"rendered":"https:\/\/ifamnews.com\/?p=92390"},"modified":"2021-09-09T05:26:53","modified_gmt":"2021-09-09T09:26:53","slug":"kommentar-texanisches-gesetz-zum-abtreibungsverbot-nach-der-6-schwangerschaftswoche","status":"publish","type":"post","link":"https:\/\/ifamnews.com\/de\/kommentar-texanisches-gesetz-zum-abtreibungsverbot-nach-der-6-schwangerschaftswoche","title":{"rendered":"Kommentar: Texanisches Gesetz zum Abtreibungsverbot nach der 6. Schwangerschaftswoche"},"content":{"rendered":"<p class=\"last-updated\">Last updated on September 9th, 2021 at 05:26 a.m.<\/p>\n<p>Die Pr\u00e4ambel der US-Verfassung beginnt mit den Worten \u201eWir, das Volk&#8230;\u201c.<\/p>\n\n\n\n<p>Zu keinem anderen Zeitpunkt in der Geschichte der Abtreibungslegalisierung in den USA &#8211; die sich mittlerweile \u00fcber f\u00fcnf Jahrzehnte erstreckt &#8211; haben diese Worte so viel Hoffnung in der Pro-Life-Bewegung geweckt.<\/p>\n\n\n\n<p>Als am Mittwoch in Texas die Uhr Mitternacht schlug, griff der US Supreme Court nicht in das staatliche Verbot von Abtreibungen nach der sechsten Schwangerschaftswoche ein. Zweifellos war man der Abschaffung von Roe vs. Wade in den USA noch nie so nahe wie heute. Und vielleicht hat niemand diese Entwicklung besser auf den Punkt gebracht als der Anwalt Danny Cevallos, der gegen\u00fcber NBC <a href=\"https:\/\/www.nbcnews.com\/politics\/politics-news\/texas-abortion-clinics-turning-away-patients-ahead-draconian-new-law-n1278184\">erkl\u00e4rte<\/a>: \u201eDieses Gesetz ist entweder brillant oder teuflisch, je nachdem, auf welcher Seite der Debatte man steht.\u201c<\/p>\n\n\n\n<p>Und warum? Weil im Grunde \u201ewir, das Volk\u201c mit der Durchsetzung von SB 8 [Senate Bill 8: das Gesetz des Senats, das die Abtreibung in Texas nach der sechsten Woche verbietet] beauftragt wurden, nicht die Beh\u00f6rden des Staates Texas. Und die Nation horcht auf.<\/p>\n\n\n\n<p>Im Gegensatz zu den Pro-Life-Gesetzen anderer Bundesstaaten haben nun alle B\u00fcrger die M\u00f6glichkeit, Abtreibungsanbieter oder jeden, der bei der Durchf\u00fchrung einer Abtreibung nach der 6-Wochen-Frist geholfen hat, zu verklagen. Und die Strafen sind betr\u00e4chtlich: Einzelpersonen k\u00f6nnen einen finanziellen Schadenersatz von bis zu 10.000 Dollar pro Beklagtem einfordern.<\/p>\n\n\n\n<figure class=\"wp-block-embed is-type-rich is-provider-twitter wp-block-embed-twitter\"><div class=\"wp-block-embed__wrapper\">\n<blockquote class=\"twitter-tweet\" data-width=\"500\" data-dnt=\"true\"><p lang=\"en\" dir=\"ltr\">But until and unless a court blocks <a href=\"https:\/\/twitter.com\/hashtag\/SB8?src=hash&amp;ref_src=twsrc%5Etfw\">#SB8<\/a>, it will effectively end abortions after the sixth week across Texas; and the fact that <a href=\"https:\/\/twitter.com\/hashtag\/SCOTUS?src=hash&amp;ref_src=twsrc%5Etfw\">#SCOTUS<\/a> is *letting that happen* is a pretty ominous harbinger of what&#39;s likely to come down the road, whether in this case, Dobbs, or another.<br><br>\/end<\/p>&mdash; Steve Vladeck (@steve_vladeck) <a href=\"https:\/\/twitter.com\/steve_vladeck\/status\/1432931485577777153?ref_src=twsrc%5Etfw\">September 1, 2021<\/a><\/blockquote><script async src=\"https:\/\/platform.twitter.com\/widgets.js\" charset=\"utf-8\"><\/script>\n<\/div><figcaption>Abtreibungsbef\u00fcrworter wie der Anwalt Steve Vladeck sehen in SB 8 einen \u201eunheilvollen Vorboten\u201c zur Rettung vorgeburtlichen Lebens.<\/figcaption><\/figure>\n\n\n\n<p>Auch der Ausdruck \u201ewilder Westen\u201c bekommt eine ganz neue Bedeutung. Denn das ist er. So hat der Oberste Gerichtshof der USA in der Vergangenheit immer verhindert, dass Bundesstaaten Abtreibungen vor der Lebensf\u00e4higkeit (normalerweise zwischen der 22. und 24. Schwangerschaftswoche) verbieten. Wie Abtreibungsbef\u00fcrworter in einer Mitteilung an die Washington Post <a href=\"https:\/\/www.washingtonpost.com\/politics\/courts_law\/texas-six-week-abortion-ban\/2021\/09\/01\/e53cf372-0a6b-11ec-a6dd-296ba7fb2dce_story.html\">beklagten<\/a>, verst\u00f6\u00dft SB 8 \u201ezweifellos\u201c gegen den Pr\u00e4zedenzfall und ist \u201eetwas, das in den Jahrzehnten seit Roe in keinem anderen Bundesstaat erlaubt wurde.\u201c<\/p>\n\n\n\n<p>Doch Texas l\u00e4sst sich auf den Kampf ein. Seit Mitte August haben alle 11 in Texas ans\u00e4ssigen <em>Planned Parenthood<\/em>-Zentren keine Termine ab dem 1. September f\u00fcr Abtreibungen nach der 6. Schwangerschaftswoche mehr angenommen. \u201eDieses Gesetz richtet seit Wochen Schaden an\u201c, <a href=\"https:\/\/19thnews.org\/2021\/08\/texas-planned-parenthoods-abortion-law-turning-away-patients\/\">sagte<\/a> Ianthe Metzger, die Leiterin der Medienkampagne von <em>Planned Parenthood<\/em> im Bundesstaat Texas.<\/p>\n\n\n\n<p>F\u00fcr Abtreibungsgegner hingegen hat diese Entwicklung schon viel zu lange auf sich warten lassen. Nach Angaben von Marjorie Dannenfelser, Pr\u00e4sidentin der <em><a href=\"https:\/\/www.sba-list.org\/\">Susan B. Anthony List<\/a><\/em>, sei \u201edas amerikanische Volk darauf bestrebt, unsere extremen und \u00fcberholten Abtreibungsgesetze zu humanisieren&#8230; Wir stehen an der Seite von Texas und hoffen, dass der Oberste Gerichtshof bald endlich allen Staaten die Freiheit gew\u00e4hrt, die Schw\u00e4chsten unter uns zu sch\u00fctzen.\u201c<\/p>\n","protected":false},"excerpt":{"rendered":"<p>Eine \u201ehistorische Entscheidung\u201c, denn SB 8 k\u00f6nnte wesentlich zur Abschaffung von Roe vs. Wade beitragen. <\/p>\n","protected":false},"author":595,"featured_media":95520,"comment_status":"open","ping_status":"open","sticky":false,"template":"","format":"standard","meta":{"give_campaign_id":0,"om_disable_all_campaigns":false,"_monsterinsights_skip_tracking":false,"_monsterinsights_sitenote_active":false,"_monsterinsights_sitenote_note":"","_monsterinsights_sitenote_category":0,"mc4wp_mailchimp_campaign":[],"jnews-multi-image_gallery":[],"jnews_single_post":{"subtitle":"Eine \u201ehistorische Entscheidung\u201c, denn SB 8 k\u00f6nnte wesentlich zur Abschaffung von Roe vs. Wade beitragen. ","format":"standard","video":"","gallery":"","source_name":"","source_url":"","via_name":"","via_url":"","override":[{"single_blog_custom":"","sidebar":"","second_sidebar":"","share_position":"","share_float_style":"","post_date_format":"","post_date_format_custom":"","post_reading_time_wpm":"","zoom_button_out_step":"1","zoom_button_in_step":"1","number_popup_post":"1"}],"image_override":[{"single_post_thumbnail_size":"","single_post_gallery_size":""}],"trending_post_position":"","trending_post_label":"","sponsored_post_label":"","sponsored_post_name":"","sponsored_post_url":"","sponsored_post_logo":"","sponsored_post_desc":""},"jnews_primary_category":{"id":"767"},"jnews_social_meta":[],"jnews_override_counter":[],"footnotes":""},"categories":[816,820,767,811],"tags":[1906,6657,9755,12306],"class_list":["post-92390","post","type-post","status-publish","format-standard","has-post-thumbnail","hentry","category-breaking-news-de","category-leben","category-meinung","category-foreground-de","tag-abtreibung","tag-oberster-gerichtshof-usa","tag-roe-vs-wade-2","tag-texas-2"],"yoast_head":"<!-- This site is optimized with the Yoast SEO Premium plugin v25.9 (Yoast SEO v27.3) - https:\/\/yoast.com\/product\/yoast-seo-premium-wordpress\/ -->\n<title>Kommentar: Texanisches Gesetz zum Abtreibungsverbot nach der 6. Schwangerschaftswoche - IFN<\/title>\n<meta name=\"robots\" content=\"index, follow, max-snippet:-1, max-image-preview:large, max-video-preview:-1\" \/>\n<link rel=\"canonical\" href=\"https:\/\/ifamnews.com\/de\/kommentar-texanisches-gesetz-zum-abtreibungsverbot-nach-der-6-schwangerschaftswoche\" \/>\n<meta property=\"og:locale\" content=\"de_DE\" \/>\n<meta property=\"og:type\" content=\"article\" \/>\n<meta property=\"og:title\" content=\"Kommentar: Texanisches Gesetz zum Abtreibungsverbot nach der 6. Schwangerschaftswoche\" \/>\n<meta property=\"og:description\" content=\"Eine \u201ehistorische Entscheidung\u201c, denn SB 8 k\u00f6nnte wesentlich zur Abschaffung von Roe vs. Wade beitragen.\" \/>\n<meta property=\"og:url\" content=\"https:\/\/ifamnews.com\/de\/kommentar-texanisches-gesetz-zum-abtreibungsverbot-nach-der-6-schwangerschaftswoche\" \/>\n<meta property=\"og:site_name\" content=\"IFN\" \/>\n<meta property=\"article:publisher\" content=\"https:\/\/www.facebook.com\/iFamNews\" \/>\n<meta property=\"article:published_time\" content=\"2021-09-07T05:00:00+00:00\" \/>\n<meta property=\"article:modified_time\" content=\"2021-09-09T09:26:53+00:00\" \/>\n<meta property=\"og:image\" content=\"https:\/\/ifamnews.com\/wp-content\/uploads\/2021\/09\/abbott-1.jpg\" \/>\n\t<meta property=\"og:image:width\" content=\"1200\" \/>\n\t<meta property=\"og:image:height\" content=\"675\" \/>\n\t<meta property=\"og:image:type\" content=\"image\/jpeg\" \/>\n<meta name=\"author\" content=\"Damian Goddard\" \/>\n<meta name=\"twitter:card\" content=\"summary_large_image\" \/>\n<meta name=\"twitter:creator\" content=\"@iFamNewsEN\" \/>\n<meta name=\"twitter:site\" content=\"@iFamNewsEN\" \/>\n<meta name=\"twitter:label1\" content=\"Verfasst von\" \/>\n\t<meta name=\"twitter:data1\" content=\"Damian Goddard\" \/>\n\t<meta name=\"twitter:label2\" content=\"Gesch\u00e4tzte Lesezeit\" \/>\n\t<meta name=\"twitter:data2\" content=\"2\u00a0Minuten\" \/>\n<!-- \/ Yoast SEO Premium plugin. -->","yoast_head_json":{"title":"Kommentar: Texanisches Gesetz zum Abtreibungsverbot nach der 6. Schwangerschaftswoche - IFN","robots":{"index":"index","follow":"follow","max-snippet":"max-snippet:-1","max-image-preview":"max-image-preview:large","max-video-preview":"max-video-preview:-1"},"canonical":"https:\/\/ifamnews.com\/de\/kommentar-texanisches-gesetz-zum-abtreibungsverbot-nach-der-6-schwangerschaftswoche","og_locale":"de_DE","og_type":"article","og_title":"Kommentar: Texanisches Gesetz zum Abtreibungsverbot nach der 6. Schwangerschaftswoche","og_description":"Eine \u201ehistorische Entscheidung\u201c, denn SB 8 k\u00f6nnte wesentlich zur Abschaffung von Roe vs. Wade beitragen.","og_url":"https:\/\/ifamnews.com\/de\/kommentar-texanisches-gesetz-zum-abtreibungsverbot-nach-der-6-schwangerschaftswoche","og_site_name":"IFN","article_publisher":"https:\/\/www.facebook.com\/iFamNews","article_published_time":"2021-09-07T05:00:00+00:00","article_modified_time":"2021-09-09T09:26:53+00:00","og_image":[{"width":1200,"height":675,"url":"https:\/\/ifamnews.com\/wp-content\/uploads\/2021\/09\/abbott-1.jpg","type":"image\/jpeg"}],"author":"Damian Goddard","twitter_card":"summary_large_image","twitter_creator":"@iFamNewsEN","twitter_site":"@iFamNewsEN","twitter_misc":{"Verfasst von":"Damian Goddard","Gesch\u00e4tzte Lesezeit":"2\u00a0Minuten"},"schema":{"@context":"https:\/\/schema.org","@graph":[{"@type":"NewsArticle","@id":"https:\/\/ifamnews.com\/de\/kommentar-texanisches-gesetz-zum-abtreibungsverbot-nach-der-6-schwangerschaftswoche#article","isPartOf":{"@id":"https:\/\/ifamnews.com\/de\/kommentar-texanisches-gesetz-zum-abtreibungsverbot-nach-der-6-schwangerschaftswoche"},"author":{"name":"Damian Goddard","@id":"https:\/\/ifamnews.com\/en\/#\/schema\/person\/6d0f801dfdd942a95916e3671c906b70"},"headline":"Kommentar: Texanisches Gesetz zum Abtreibungsverbot nach der 6. Schwangerschaftswoche","datePublished":"2021-09-07T05:00:00+00:00","dateModified":"2021-09-09T09:26:53+00:00","mainEntityOfPage":{"@id":"https:\/\/ifamnews.com\/de\/kommentar-texanisches-gesetz-zum-abtreibungsverbot-nach-der-6-schwangerschaftswoche"},"wordCount":446,"commentCount":0,"publisher":{"@id":"https:\/\/ifamnews.com\/en\/#organization"},"image":{"@id":"https:\/\/ifamnews.com\/de\/kommentar-texanisches-gesetz-zum-abtreibungsverbot-nach-der-6-schwangerschaftswoche#primaryimage"},"thumbnailUrl":"https:\/\/ifamnews.com\/wp-content\/uploads\/2021\/09\/abbott-1.jpg","keywords":["Abtreibung","Oberster Gerichtshof USA","Roe vs. Wade","Texas"],"articleSection":["Breaking News","Leben","Meinung","Vordergrund"],"inLanguage":"de","potentialAction":[{"@type":"CommentAction","name":"Comment","target":["https:\/\/ifamnews.com\/de\/kommentar-texanisches-gesetz-zum-abtreibungsverbot-nach-der-6-schwangerschaftswoche#respond"]}]},{"@type":"WebPage","@id":"https:\/\/ifamnews.com\/de\/kommentar-texanisches-gesetz-zum-abtreibungsverbot-nach-der-6-schwangerschaftswoche","url":"https:\/\/ifamnews.com\/de\/kommentar-texanisches-gesetz-zum-abtreibungsverbot-nach-der-6-schwangerschaftswoche","name":"Kommentar: Texanisches Gesetz zum Abtreibungsverbot nach der 6. Schwangerschaftswoche - IFN","isPartOf":{"@id":"https:\/\/ifamnews.com\/en\/#website"},"primaryImageOfPage":{"@id":"https:\/\/ifamnews.com\/de\/kommentar-texanisches-gesetz-zum-abtreibungsverbot-nach-der-6-schwangerschaftswoche#primaryimage"},"image":{"@id":"https:\/\/ifamnews.com\/de\/kommentar-texanisches-gesetz-zum-abtreibungsverbot-nach-der-6-schwangerschaftswoche#primaryimage"},"thumbnailUrl":"https:\/\/ifamnews.com\/wp-content\/uploads\/2021\/09\/abbott-1.jpg","datePublished":"2021-09-07T05:00:00+00:00","dateModified":"2021-09-09T09:26:53+00:00","breadcrumb":{"@id":"https:\/\/ifamnews.com\/de\/kommentar-texanisches-gesetz-zum-abtreibungsverbot-nach-der-6-schwangerschaftswoche#breadcrumb"},"inLanguage":"de","potentialAction":[{"@type":"ReadAction","target":["https:\/\/ifamnews.com\/de\/kommentar-texanisches-gesetz-zum-abtreibungsverbot-nach-der-6-schwangerschaftswoche"]}]},{"@type":"ImageObject","inLanguage":"de","@id":"https:\/\/ifamnews.com\/de\/kommentar-texanisches-gesetz-zum-abtreibungsverbot-nach-der-6-schwangerschaftswoche#primaryimage","url":"https:\/\/ifamnews.com\/wp-content\/uploads\/2021\/09\/abbott-1.jpg","contentUrl":"https:\/\/ifamnews.com\/wp-content\/uploads\/2021\/09\/abbott-1.jpg","width":1200,"height":675},{"@type":"BreadcrumbList","@id":"https:\/\/ifamnews.com\/de\/kommentar-texanisches-gesetz-zum-abtreibungsverbot-nach-der-6-schwangerschaftswoche#breadcrumb","itemListElement":[{"@type":"ListItem","position":1,"name":"Home","item":"https:\/\/ifamnews.com\/de"},{"@type":"ListItem","position":2,"name":"\u0413\u043b\u0430\u0432\u043d\u0430 \u0432\u0435\u0441\u0442","item":"https:\/\/ifamnews.com\/sr\/kategorija\/glavna-vest"},{"@type":"ListItem","position":3,"name":"Kommentar: Texanisches Gesetz zum Abtreibungsverbot nach der 6. Schwangerschaftswoche"}]},{"@type":"WebSite","@id":"https:\/\/ifamnews.com\/en\/#website","url":"https:\/\/ifamnews.com\/en\/","name":"IFN","description":"International Family News Network","publisher":{"@id":"https:\/\/ifamnews.com\/en\/#organization"},"potentialAction":[{"@type":"SearchAction","target":{"@type":"EntryPoint","urlTemplate":"https:\/\/ifamnews.com\/en\/?s={search_term_string}"},"query-input":{"@type":"PropertyValueSpecification","valueRequired":true,"valueName":"search_term_string"}}],"inLanguage":"de"},{"@type":"Organization","@id":"https:\/\/ifamnews.com\/en\/#organization","name":"iFamNews","url":"https:\/\/ifamnews.com\/en\/","logo":{"@type":"ImageObject","inLanguage":"de","@id":"https:\/\/ifamnews.com\/en\/#\/schema\/logo\/image\/","url":"https:\/\/ifamnews.com\/wp-content\/uploads\/2020\/01\/Share-logo.png","contentUrl":"https:\/\/ifamnews.com\/wp-content\/uploads\/2020\/01\/Share-logo.png","width":200,"height":200,"caption":"iFamNews"},"image":{"@id":"https:\/\/ifamnews.com\/en\/#\/schema\/logo\/image\/"},"sameAs":["https:\/\/www.facebook.com\/iFamNews","https:\/\/x.com\/iFamNewsEN"]},{"@type":"Person","@id":"https:\/\/ifamnews.com\/en\/#\/schema\/person\/6d0f801dfdd942a95916e3671c906b70","name":"Damian Goddard","image":{"@type":"ImageObject","inLanguage":"de","@id":"https:\/\/secure.gravatar.com\/avatar\/027a86dd10a90ba99904514279b628a246ec46b6073860f473da680bca6ca9bb?s=96&d=mm&r=g","url":"https:\/\/secure.gravatar.com\/avatar\/027a86dd10a90ba99904514279b628a246ec46b6073860f473da680bca6ca9bb?s=96&d=mm&r=g","contentUrl":"https:\/\/secure.gravatar.com\/avatar\/027a86dd10a90ba99904514279b628a246ec46b6073860f473da680bca6ca9bb?s=96&d=mm&r=g","caption":"Damian Goddard"},"description":"Damian Goddard is a veteran television, radio, and internet broadcaster who garnered international headlines in May 2011 after taking to Twitter in defence of \"the traditional and TRUE meaning of marriage\". \u00a0Not twenty four hours after delivering the tweet, he was fired from his job as anchor for Rogers Sportsnet; one of Canada's two network sports broadcasters. \u00a0Damian's extensive broadcast experience also includes work as a news anchor at Sun News Network, a talkshow host at NewsTalk 1010 CFRB in Toronto, and ample experience in the sports realm working for the CBC, Maple Leaf Sports &amp; Entertainment (lead host at Raptors NBA TV and LeafsTV), and The Fan 590 in Toronto. \u00a0A history major with a Bachelor of Arts from the University of Western Ontario and a devout Roman Catholic, Damian is passionate about world and cultural affairs, the history and future of the Catholic Church, and the Toronto Maple Leafs.","url":"https:\/\/ifamnews.com\/de\/author\/dgoddard"}]}},"amp_enabled":true,"_links":{"self":[{"href":"https:\/\/ifamnews.com\/de\/wp-json\/wp\/v2\/posts\/92390","targetHints":{"allow":["GET"]}}],"collection":[{"href":"https:\/\/ifamnews.com\/de\/wp-json\/wp\/v2\/posts"}],"about":[{"href":"https:\/\/ifamnews.com\/de\/wp-json\/wp\/v2\/types\/post"}],"author":[{"embeddable":true,"href":"https:\/\/ifamnews.com\/de\/wp-json\/wp\/v2\/users\/595"}],"replies":[{"embeddable":true,"href":"https:\/\/ifamnews.com\/de\/wp-json\/wp\/v2\/comments?post=92390"}],"version-history":[{"count":3,"href":"https:\/\/ifamnews.com\/de\/wp-json\/wp\/v2\/posts\/92390\/revisions"}],"predecessor-version":[{"id":92867,"href":"https:\/\/ifamnews.com\/de\/wp-json\/wp\/v2\/posts\/92390\/revisions\/92867"}],"wp:featuredmedia":[{"embeddable":true,"href":"https:\/\/ifamnews.com\/de\/wp-json\/wp\/v2\/media\/95520"}],"wp:attachment":[{"href":"https:\/\/ifamnews.com\/de\/wp-json\/wp\/v2\/media?parent=92390"}],"wp:term":[{"taxonomy":"category","embeddable":true,"href":"https:\/\/ifamnews.com\/de\/wp-json\/wp\/v2\/categories?post=92390"},{"taxonomy":"post_tag","embeddable":true,"href":"https:\/\/ifamnews.com\/de\/wp-json\/wp\/v2\/tags?post=92390"}],"curies":[{"name":"wp","href":"https:\/\/api.w.org\/{rel}","templated":true}]}}