{"id":91651,"date":"2021-09-08T01:00:00","date_gmt":"2021-09-08T05:00:00","guid":{"rendered":"https:\/\/ifamnews.com\/?p=91651"},"modified":"2021-09-01T05:29:39","modified_gmt":"2021-09-01T09:29:39","slug":"schweiz-emanzipation-abtreibung","status":"publish","type":"post","link":"https:\/\/ifamnews.com\/de\/schweiz-emanzipation-abtreibung","title":{"rendered":"Schweiz + Emanzipation = Abtreibung"},"content":{"rendered":"\n<p>Die vom <a href=\"https:\/\/www.bfs.admin.ch\/bfs\/de\/home\/statistiken\/gesundheit\/gesundheitszustand\/reproduktive\/schwangerschaftsabbrueche.html\">Bundesamt f\u00fcr Statistik<\/a> erhobenen Zahlen zeigen eine Aufw\u00e4rtstrend im Vergleich zu 2020, d.h. die Abtreibungen haben in der Schweiz deutlich zugenommen.<\/p>\n\n\n\n<p>Die (aufgrund fehlender Daten aus den Kantonen Bern und Glarus unvollst\u00e4ndigen) Zahlen belegen, dass 10.906 Abtreibungen vorgenommen wurden. Der Anteil der freiwilligen Schwangerschaftsabbr\u00fcche pro tausend Frauen im Alter von 15 bis 44 Jahren ist von 6,5 auf 6,8 % angestiegen, was dem Rekordwert von 2010 entspricht.<\/p>\n\n\n\n<p>Die h\u00f6chsten Werte findet man im Kanton Genf mit 9%, die niedrigsten in den Kantonen Appenzell Innerrhoden und Uri, wo der Prozentsatz bei 2,5 % liegt. Zwar wurden nur 5 % der Abtreibungen nach der 12. Schwangerschaftswoche durchgef\u00fchrt, doch sticht ein Wert besonders ins Auge, und zwar der <em>Boom<\/em> der chemischen Abtreibungen mit 79 % aller F\u00e4lle. Die Zahl der pharmakologischen Abtreibungen stieg damit im Vergleich zu 2019 um 11 %.<\/p>\n\n\n\n<p><a href=\"https:\/\/ifamnews.com\/it\/alle-donne-interessa-diventare-madri-\">Die am st\u00e4rksten vertretene Altersgruppe ist die der 30- bis 34-J\u00e4hrigen<\/a> mit insgesamt 2.575 Schwangerschaftsabbr\u00fcchen. M\u00e4dchen im Teenageralter fallen wesentlich geringer ins Gewicht: 705 Frauen im Alter zwischen 15 und 19 Jahren lie\u00dfen eine Abtreibung vornehmen. Die Zahl der Frauen, die im Alter von \u00fcber 44 Jahren abgetrieben haben, liegt bei knapp 100.<\/p>\n\n\n\n<p>Der Schwangerschaftsabbruch bis zur 12. Woche wurde in der Schweiz sp\u00e4ter als im \u00fcbrigen Europa legalisiert, und zwar durch ein Referendum im Jahr 2002, das mit 72 % der Stimmen angenommen wurde. Im Vergleich zu L\u00e4ndern wie Frankreich, Gro\u00dfbritannien oder den USA ist die Zahl der Abtreibungen in der Schweiz noch relativ niedrig.<\/p>\n\n\n\n<p><a href=\"https:\/\/www.swissinfo.ch\/ger\/schwangerschaftsabbruch_das-rezept-der-niedrigen-abtreibungsrate\/33605720\">Vor knapp zehn Jahren<\/a>, als die Abtreibung in der Schweiz bereits seit einem Jahrzehnt legal war, f\u00fchrte die wissenschaftliche Forschung die geringe Abtreibungsrate vor allem auf drei Gr\u00fcnde zur\u00fcck: das hohe Bildungsniveau, die massive Verbreitung von Verh\u00fctungsmitteln und den allgemeinen Wohlstand. In der Schweiz ist der Sexualkundeunterricht an den Schulen eine g\u00e4ngige Praxis, was nach Ansicht der liberalen Front zu den Ergebnissen beigetragen hat.<\/p>\n\n\n\n<p>Warum also der aktuelle Boom? Laut <a href=\"https:\/\/evangelicalfocus.com\/europe\/12376\/record-number-of-abortions-in-switzerland-in-2020\">Ir\u00e8ne Dingeldein<\/a>, Vorsitzende der Schweizerischen Gesellschaft f\u00fcr Gyn\u00e4kologie und Geburtshilfe, \u201eist es durchaus plausibel, dass der Trend zur Anwendung nat\u00fcrlicher Verh\u00fctungsmethoden zu einem Anstieg der Abtreibungen f\u00fchrt\u201c. Die Schweizer Spezialistin spricht von \u201enat\u00fcrlichen Verh\u00fctungsmethoden\u201c \u2013 das kann man sich nicht anh\u00f6ren! <a href=\"https:\/\/ifamnews.com\/it\/primo-mettersi-a-fare-le-ostetriche-sul-serio\">Denn nat\u00fcrliche Methoden zur Regulierung der weiblichen Fruchtbarkeit sind keine Verh\u00fctungsmethoden<\/a>. Und au\u00dferdem gibt sie ein Urteil ab, das auf einer vorgefassten Meinung und Absurdit\u00e4t beruht: die Vorstellung, dass nat\u00fcrliche Methoden zur Regulierung der weiblichen Fruchtbarkeit (und zwar in betr\u00e4chtlicher Zahl) ungewollte Schwangerschaften und folglich unfreiwillige M\u00fctter hervorbringen, die dann zum Schwangerschaftsabbruch greifen.<\/p>\n\n\n\n<p>In Wirklichkeit erkl\u00e4rt sich die \u201eSchweizer Anomalie\u201c eher durch die Verz\u00f6gerung, mit der das Land die Gleichstellung der Geschlechter \u201eerobert\u201c hat. Das <a href=\"https:\/\/www.weforum.org\/agenda\/2021\/03\/switzerland-global-gender-gap-parity\/\">Weltwirtschaftsforum<\/a> (WEF) geh\u00f6rt zu denjenigen, die den \u201eFortschritt\u201c der Schweiz mit einem gewissen Nachdruck begr\u00fc\u00dfen: Gem\u00e4\u00df dem <a href=\"http:\/\/www3.weforum.org\/docs\/WEF_GGGR_2021.pdf\"><em>Global Gender Gap Report 2021<\/em><\/a> geh\u00f6rt die Schweiz nun zu den Top Ten der L\u00e4nder, wo die Gleichstellung der Geschlechter am ausgepr\u00e4gtesten ist.<\/p>\n\n\n\n<p>So sind Frauen in der Politik sehr stark vertreten. Beispielsweise waren bei den eidgen\u00f6ssischen Wahlen 2019 42 % der Abgeordneten im Nationalrat Frauen, mit einem besonders deutlichen Anstieg bei den Gr\u00fcnen aufgrund des starken Interesses der Schweizerinnen am Thema Klimawandel. Hinzu kommen Gesetzesvorschl\u00e4ge f\u00fcr \u201eFrauenquoten\u201c in b\u00f6rsennotierten Unternehmen und die ann\u00e4hernde Vervierfachung innerhalb der vergangenen 18 Jahre der Zahl der Frauen mit abgeschlossener Hochschul- oder Berufsausbildung: Im Jahr 2000 lag die Zahl der Frauen mit Hochschulabschluss im Alter zwischen 25 und 34 Jahren bei 17 %, w\u00e4hrend diese Zahl 2018 auf 54 % angestiegen war. Der WEF begr\u00fc\u00dft auch die Verabschiedung des Vaterschaftsurlaubsgesetzes, das im September 2020 verabschiedet wurde.<\/p>\n\n\n\n<p>Ja, es ist definitiv die langsame Welle dieser versp\u00e4teten Begeisterung f\u00fcr die Emanzipation der Frauen, die die Zahl der get\u00f6teten Babys in der Schweiz in die H\u00f6he treibt.<\/p>\n","protected":false},"excerpt":{"rendered":"<p>Die Abtreibungszahlen in der Schweiz steigen. Ein Beweis daf\u00fcr, dass nicht jeder Fortschritt zwingend gut ist, zum Beispiel Emanzipation.<\/p>\n","protected":false},"author":545,"featured_media":86315,"comment_status":"open","ping_status":"open","sticky":false,"template":"","format":"standard","meta":{"give_campaign_id":0,"om_disable_all_campaigns":false,"_monsterinsights_skip_tracking":false,"_monsterinsights_sitenote_active":false,"_monsterinsights_sitenote_note":"","_monsterinsights_sitenote_category":0,"mc4wp_mailchimp_campaign":[],"jnews-multi-image_gallery":[],"jnews_single_post":{"subtitle":"Die Abtreibungszahlen in der Schweiz steigen. Ein Beweis daf\u00fcr, dass nicht jeder Fortschritt zwingend gut ist, zum Beispiel Emanzipation.","format":"standard","video":"","gallery":"","source_name":"","source_url":"","via_name":"","via_url":"","override":[{"single_blog_custom":"","sidebar":"","second_sidebar":"","share_position":"","share_float_style":"","post_date_format":"","post_date_format_custom":"","post_reading_time_wpm":"","zoom_button_out_step":"1","zoom_button_in_step":"1","number_popup_post":"1"}],"image_override":[{"single_post_thumbnail_size":"","single_post_gallery_size":""}],"trending_post_position":"","trending_post_label":"","sponsored_post_label":"","sponsored_post_name":"","sponsored_post_url":"","sponsored_post_logo":"","sponsored_post_desc":""},"jnews_primary_category":{"id":"820"},"jnews_social_meta":[],"jnews_override_counter":[],"footnotes":""},"categories":[816,820,811],"tags":[1906,12220,2054,2952,6495],"class_list":["post-91651","post","type-post","status-publish","format-standard","has-post-thumbnail","hentry","category-breaking-news-de","category-leben","category-foreground-de","tag-abtreibung","tag-emanzipation","tag-feminismus","tag-schweiz","tag-weltwirtschaftsforum"],"yoast_head":"<!-- This site is optimized with the Yoast SEO Premium plugin v25.9 (Yoast SEO v27.3) - https:\/\/yoast.com\/product\/yoast-seo-premium-wordpress\/ -->\n<title>Schweiz + Emanzipation = Abtreibung - IFN<\/title>\n<meta name=\"robots\" content=\"index, follow, max-snippet:-1, max-image-preview:large, max-video-preview:-1\" \/>\n<link rel=\"canonical\" href=\"https:\/\/ifamnews.com\/de\/schweiz-emanzipation-abtreibung\" \/>\n<meta property=\"og:locale\" content=\"de_DE\" \/>\n<meta property=\"og:type\" content=\"article\" \/>\n<meta property=\"og:title\" content=\"Schweiz + Emanzipation = Abtreibung\" \/>\n<meta property=\"og:description\" content=\"Die Abtreibungszahlen in der Schweiz steigen. Ein Beweis daf\u00fcr, dass nicht jeder Fortschritt zwingend gut ist, zum Beispiel Emanzipation.\" \/>\n<meta property=\"og:url\" content=\"https:\/\/ifamnews.com\/de\/schweiz-emanzipation-abtreibung\" \/>\n<meta property=\"og:site_name\" content=\"IFN\" \/>\n<meta property=\"article:publisher\" content=\"https:\/\/www.facebook.com\/iFamNews\" \/>\n<meta property=\"article:published_time\" content=\"2021-09-08T05:00:00+00:00\" \/>\n<meta property=\"og:image\" content=\"https:\/\/ifamnews.com\/wp-content\/uploads\/2021\/07\/MaxPixel.net-Cross-Icon-Cancel-Abort-No-Access-Denied-Delete-146072.png\" \/>\n\t<meta property=\"og:image:width\" content=\"1200\" \/>\n\t<meta property=\"og:image:height\" content=\"675\" \/>\n\t<meta property=\"og:image:type\" content=\"image\/png\" \/>\n<meta name=\"author\" content=\"Luca Marcolivio\" \/>\n<meta name=\"twitter:card\" content=\"summary_large_image\" \/>\n<meta name=\"twitter:creator\" content=\"@https:\/\/twitter.com\/luketto2\" \/>\n<meta name=\"twitter:site\" content=\"@iFamNewsEN\" \/>\n<meta name=\"twitter:label1\" content=\"Verfasst von\" \/>\n\t<meta name=\"twitter:data1\" content=\"Luca Marcolivio\" \/>\n\t<meta name=\"twitter:label2\" content=\"Gesch\u00e4tzte Lesezeit\" \/>\n\t<meta name=\"twitter:data2\" content=\"3\u00a0Minuten\" \/>\n<!-- \/ Yoast SEO Premium plugin. -->","yoast_head_json":{"title":"Schweiz + Emanzipation = Abtreibung - IFN","robots":{"index":"index","follow":"follow","max-snippet":"max-snippet:-1","max-image-preview":"max-image-preview:large","max-video-preview":"max-video-preview:-1"},"canonical":"https:\/\/ifamnews.com\/de\/schweiz-emanzipation-abtreibung","og_locale":"de_DE","og_type":"article","og_title":"Schweiz + Emanzipation = Abtreibung","og_description":"Die Abtreibungszahlen in der Schweiz steigen. Ein Beweis daf\u00fcr, dass nicht jeder Fortschritt zwingend gut ist, zum Beispiel Emanzipation.","og_url":"https:\/\/ifamnews.com\/de\/schweiz-emanzipation-abtreibung","og_site_name":"IFN","article_publisher":"https:\/\/www.facebook.com\/iFamNews","article_published_time":"2021-09-08T05:00:00+00:00","og_image":[{"width":1200,"height":675,"url":"https:\/\/ifamnews.com\/wp-content\/uploads\/2021\/07\/MaxPixel.net-Cross-Icon-Cancel-Abort-No-Access-Denied-Delete-146072.png","type":"image\/png"}],"author":"Luca Marcolivio","twitter_card":"summary_large_image","twitter_creator":"@https:\/\/twitter.com\/luketto2","twitter_site":"@iFamNewsEN","twitter_misc":{"Verfasst von":"Luca Marcolivio","Gesch\u00e4tzte Lesezeit":"3\u00a0Minuten"},"schema":{"@context":"https:\/\/schema.org","@graph":[{"@type":"NewsArticle","@id":"https:\/\/ifamnews.com\/de\/schweiz-emanzipation-abtreibung#article","isPartOf":{"@id":"https:\/\/ifamnews.com\/de\/schweiz-emanzipation-abtreibung"},"author":{"name":"Luca Marcolivio","@id":"https:\/\/ifamnews.com\/en\/#\/schema\/person\/ce4f7fd8e66bf7ecb51fc4e1d97dbcfd"},"headline":"Schweiz + Emanzipation = Abtreibung","datePublished":"2021-09-08T05:00:00+00:00","mainEntityOfPage":{"@id":"https:\/\/ifamnews.com\/de\/schweiz-emanzipation-abtreibung"},"wordCount":624,"commentCount":0,"publisher":{"@id":"https:\/\/ifamnews.com\/en\/#organization"},"image":{"@id":"https:\/\/ifamnews.com\/de\/schweiz-emanzipation-abtreibung#primaryimage"},"thumbnailUrl":"https:\/\/ifamnews.com\/wp-content\/uploads\/2021\/07\/MaxPixel.net-Cross-Icon-Cancel-Abort-No-Access-Denied-Delete-146072.png","keywords":["Abtreibung","Emanzipation","Feminismus","Schweiz","Weltwirtschaftsforum"],"articleSection":["Breaking News","Leben","Vordergrund"],"inLanguage":"de","potentialAction":[{"@type":"CommentAction","name":"Comment","target":["https:\/\/ifamnews.com\/de\/schweiz-emanzipation-abtreibung#respond"]}]},{"@type":"WebPage","@id":"https:\/\/ifamnews.com\/de\/schweiz-emanzipation-abtreibung","url":"https:\/\/ifamnews.com\/de\/schweiz-emanzipation-abtreibung","name":"Schweiz + Emanzipation = Abtreibung - IFN","isPartOf":{"@id":"https:\/\/ifamnews.com\/en\/#website"},"primaryImageOfPage":{"@id":"https:\/\/ifamnews.com\/de\/schweiz-emanzipation-abtreibung#primaryimage"},"image":{"@id":"https:\/\/ifamnews.com\/de\/schweiz-emanzipation-abtreibung#primaryimage"},"thumbnailUrl":"https:\/\/ifamnews.com\/wp-content\/uploads\/2021\/07\/MaxPixel.net-Cross-Icon-Cancel-Abort-No-Access-Denied-Delete-146072.png","datePublished":"2021-09-08T05:00:00+00:00","breadcrumb":{"@id":"https:\/\/ifamnews.com\/de\/schweiz-emanzipation-abtreibung#breadcrumb"},"inLanguage":"de","potentialAction":[{"@type":"ReadAction","target":["https:\/\/ifamnews.com\/de\/schweiz-emanzipation-abtreibung"]}]},{"@type":"ImageObject","inLanguage":"de","@id":"https:\/\/ifamnews.com\/de\/schweiz-emanzipation-abtreibung#primaryimage","url":"https:\/\/ifamnews.com\/wp-content\/uploads\/2021\/07\/MaxPixel.net-Cross-Icon-Cancel-Abort-No-Access-Denied-Delete-146072.png","contentUrl":"https:\/\/ifamnews.com\/wp-content\/uploads\/2021\/07\/MaxPixel.net-Cross-Icon-Cancel-Abort-No-Access-Denied-Delete-146072.png","width":1200,"height":675,"caption":"Image by MaxPixel. net"},{"@type":"BreadcrumbList","@id":"https:\/\/ifamnews.com\/de\/schweiz-emanzipation-abtreibung#breadcrumb","itemListElement":[{"@type":"ListItem","position":1,"name":"Home","item":"https:\/\/ifamnews.com\/de"},{"@type":"ListItem","position":2,"name":"Life","item":"https:\/\/ifamnews.com\/en\/category\/life"},{"@type":"ListItem","position":3,"name":"Schweiz + Emanzipation = Abtreibung"}]},{"@type":"WebSite","@id":"https:\/\/ifamnews.com\/en\/#website","url":"https:\/\/ifamnews.com\/en\/","name":"IFN","description":"International Family News Network","publisher":{"@id":"https:\/\/ifamnews.com\/en\/#organization"},"potentialAction":[{"@type":"SearchAction","target":{"@type":"EntryPoint","urlTemplate":"https:\/\/ifamnews.com\/en\/?s={search_term_string}"},"query-input":{"@type":"PropertyValueSpecification","valueRequired":true,"valueName":"search_term_string"}}],"inLanguage":"de"},{"@type":"Organization","@id":"https:\/\/ifamnews.com\/en\/#organization","name":"iFamNews","url":"https:\/\/ifamnews.com\/en\/","logo":{"@type":"ImageObject","inLanguage":"de","@id":"https:\/\/ifamnews.com\/en\/#\/schema\/logo\/image\/","url":"https:\/\/ifamnews.com\/wp-content\/uploads\/2020\/01\/Share-logo.png","contentUrl":"https:\/\/ifamnews.com\/wp-content\/uploads\/2020\/01\/Share-logo.png","width":200,"height":200,"caption":"iFamNews"},"image":{"@id":"https:\/\/ifamnews.com\/en\/#\/schema\/logo\/image\/"},"sameAs":["https:\/\/www.facebook.com\/iFamNews","https:\/\/x.com\/iFamNewsEN"]},{"@type":"Person","@id":"https:\/\/ifamnews.com\/en\/#\/schema\/person\/ce4f7fd8e66bf7ecb51fc4e1d97dbcfd","name":"Luca Marcolivio","image":{"@type":"ImageObject","inLanguage":"de","@id":"https:\/\/secure.gravatar.com\/avatar\/4aa297a11beb7510b2301ae9c8bbe9e7eb035156e7c8f0d92c718bc695d102d7?s=96&d=mm&r=g","url":"https:\/\/secure.gravatar.com\/avatar\/4aa297a11beb7510b2301ae9c8bbe9e7eb035156e7c8f0d92c718bc695d102d7?s=96&d=mm&r=g","contentUrl":"https:\/\/secure.gravatar.com\/avatar\/4aa297a11beb7510b2301ae9c8bbe9e7eb035156e7c8f0d92c718bc695d102d7?s=96&d=mm&r=g","caption":"Luca Marcolivio"},"description":"A professional journalist, Luca Marcolivio has been accredited to the Holy See Press Office since 2011. Director of the webmagazine of religious information Cristiani Today, e collaborates with La nuova Bussola Quotidiana, Pro Vita &amp; Famiglia and the blog of the Centro Machiavelli. From 2011 to 2017 he was Editor-in-Chief of the Italian edition of Zenit. He is the author of Contro Garibaldi. Quello che a scuola non vi hanno raccontato and the editor of La societ\u00e0 dell\u2019allegria. Don Bosco raccontato dai salesiani del XXI Secolo","sameAs":["https:\/\/x.com\/https:\/\/twitter.com\/luketto2"],"url":"https:\/\/ifamnews.com\/de\/author\/luca-marcolivio"}]}},"amp_enabled":true,"_links":{"self":[{"href":"https:\/\/ifamnews.com\/de\/wp-json\/wp\/v2\/posts\/91651","targetHints":{"allow":["GET"]}}],"collection":[{"href":"https:\/\/ifamnews.com\/de\/wp-json\/wp\/v2\/posts"}],"about":[{"href":"https:\/\/ifamnews.com\/de\/wp-json\/wp\/v2\/types\/post"}],"author":[{"embeddable":true,"href":"https:\/\/ifamnews.com\/de\/wp-json\/wp\/v2\/users\/545"}],"replies":[{"embeddable":true,"href":"https:\/\/ifamnews.com\/de\/wp-json\/wp\/v2\/comments?post=91651"}],"version-history":[{"count":4,"href":"https:\/\/ifamnews.com\/de\/wp-json\/wp\/v2\/posts\/91651\/revisions"}],"predecessor-version":[{"id":91657,"href":"https:\/\/ifamnews.com\/de\/wp-json\/wp\/v2\/posts\/91651\/revisions\/91657"}],"wp:featuredmedia":[{"embeddable":true,"href":"https:\/\/ifamnews.com\/de\/wp-json\/wp\/v2\/media\/86315"}],"wp:attachment":[{"href":"https:\/\/ifamnews.com\/de\/wp-json\/wp\/v2\/media?parent=91651"}],"wp:term":[{"taxonomy":"category","embeddable":true,"href":"https:\/\/ifamnews.com\/de\/wp-json\/wp\/v2\/categories?post=91651"},{"taxonomy":"post_tag","embeddable":true,"href":"https:\/\/ifamnews.com\/de\/wp-json\/wp\/v2\/tags?post=91651"}],"curies":[{"name":"wp","href":"https:\/\/api.w.org\/{rel}","templated":true}]}}