{"id":90570,"date":"2021-08-26T01:00:00","date_gmt":"2021-08-26T05:00:00","guid":{"rendered":"https:\/\/ifamnews.com\/?p=90570"},"modified":"2021-08-24T05:21:06","modified_gmt":"2021-08-24T09:21:06","slug":"inklusion-beginnt-mit-der-empf-ngnis","status":"publish","type":"post","link":"https:\/\/ifamnews.com\/de\/inklusion-beginnt-mit-der-empf-ngnis","title":{"rendered":"Inklusion beginnt mit der Empf\u00e4ngnis"},"content":{"rendered":"\n<p>Diese Zahlen w\u00e4ren noch wesentlich h\u00f6her, wenn es sich nicht um Wahlabtreibungen handeln w\u00fcrde. Wenn der Trend zu immer mehr Schwangerschaftsabbr\u00fcchen anh\u00e4lt, k\u00f6nnte in den kommenden Generationen die gesamte Bev\u00f6lkerung mit Down-Syndrom in Europa ausgerottet werden.  <\/p>\n\n\n\n<p>Das bunte Panel zeigt die erschreckende Realit\u00e4t der t\u00f6dlichen Diskriminierung, die in medizinischen Einrichtungen stattfindet, unterst\u00fctzt von dem absoluten Anathema, die private Aus\u00fcbung des &#8222;Rechts zu w\u00e4hlen&#8220; in Frage zu stellen, was in diesem Fall fast immer die Eliminierung im vierten Schwangerschaftsmonat und oft sogar noch sp\u00e4ter bedeutet.  <\/p>\n\n\n\n<p>Die Abtreibungsgesetze in Serbien und der Region sowie in ganz Europa (mit Ausnahme von Polen und Malta) erlauben im Falle einer Down-Syndrom-Diagnose einen freiwilligen Schwangerschaftsabbruch bis zur Geburt. Nach den neuesten Statistiken werden in Island 100 % der Schwangerschaften mit einer best\u00e4tigten Diagnose des Down-Syndroms abgebrochen. In D\u00e4nemark liegt die Quote bei 98 %, in Gro\u00dfbritannien, Frankreich und Deutschland bei 90 % oder mehr.  <\/p>\n\n\n\n<p>Die \u00c4rztekammern und Ethikkommissionen der Gesundheitseinrichtungen in Serbien genehmigen routinem\u00e4\u00dfig und ausnahmslos die <a href=\"http:\/\/www.zcue.rs\/uploads\/files\/saveti%20lekara\/Informativni_pristanak_za_prekid_odmakle_trudnoce.pdf\" target=\"_blank\" rel=\"noreferrer noopener\"> Forderung nach einem Schwangerschaftsabbruch<\/a> in der Sp\u00e4tschwangerschaft aufgrund der Diagnose Down-Syndrom. Das Fehlen transparenter statistischer Daten ist auff\u00e4llig (und symptomatisch), aber es ist klar, dass der Prozentsatz der Abtreibungen nach der pr\u00e4natalen Diagnose des Down-Syndroms in ganz Serbien nahe bei 100 % liegt, w\u00e4hrend er in Kroatien je nach Gebiet zwischen 60 % und 100 % schwankt.<\/p>\n\n\n\n<p>Diese schockierende internationale Realit\u00e4t l\u00e4sst sich kaum dadurch \u00e4ndern, dass man das Bewusstsein daf\u00fcr sch\u00e4rft, wie liebenswert Kinder und Erwachsene mit Down-Syndrom sind, oder indem man die Integration f\u00f6rdert und staatliche Anreize schafft. Wir haben es hier mit einer stillschweigenden eugenischen \u00dcbereinkunft zwischen einem gro\u00dfen Teil der medizinischen Gemeinschaft und der Regierung zu tun, die die &#8222;Bereitstellung von Informationen&#8220; f\u00fcr schwangere Frauen auf der Grundlage pr\u00e4nataler Tests f\u00f6rdert. Sobald der Test positiv ausf\u00e4llt, wird die Abtreibung stillschweigend angedeutet und explizit vorgeschlagen, wobei h\u00e4ufig <a href=\"https:\/\/www.bbc.com\/news\/uk-england-beds-bucks-herts-51658631\" target=\"_blank\" rel=\"noreferrer noopener\"> Druck ausge\u00fcbt wird und<\/a> diejenigen, die den Wunsch \u00e4u\u00dfern, die Schwangerschaft fortzusetzen, in <a href=\"https:\/\/www.bbc.com\/news\/uk-england-beds-bucks-herts-51658631\" target=\"_blank\" rel=\"noreferrer noopener\"> unangemessener Weise bevormundet werden<\/a>. Das System verlagert die Verantwortung f\u00fcr die eugenische Praxis und die Ausrottung auf die Eltern, wodurch diese recht konsequente medizinische Praxis weiter verschleiert und auf zahllose &#8222;private Entscheidungen&#8220; verlagert wird, die zur globalen Ausrottung einer ganzen menschlichen Bev\u00f6lkerung f\u00fchren.  <\/p>\n\n\n\n<p>Der eugenische Konsens in der medizinischen Gemeinschaft ist jedoch nicht immer so stillschweigend, wie dieses Zitat aus einem der wenigen serbischen wissenschaftlichen Artikel \u00fcber pr\u00e4natale Diagnostik zeigt (versuchen Sie, die grammatikalische Unregelm\u00e4\u00dfigkeit des Satzes zu ignorieren, wir zitieren ihn hier so, wie er ver\u00f6ffentlicht wurde):  <\/p>\n\n\n\n<blockquote class=\"wp-block-quote is-layout-flow wp-block-quote-is-layout-flow\"><p>&#8222;Durch die Verbreitung der M\u00f6glichkeiten der invasiven Pr\u00e4nataldiagnostik ist es[Sic] notwendig, die \u00f6ffentliche Gesundheit zu f\u00f6rdern und die Geburt von Kindern mit Chromosomenanomalien zu verhindern.&#8220;  <\/p><cite>INZIDENZ VON PR\u00c4NATAL ERKANNTEN CHROMOSOMABERATIONEN (&#8230;), Medical Journal of the Special Hospital for Thyroid Diseases and Metabolic Disease &#8218;Zlatibor&#8216;, 2014, vol. 19, Nr. 55<\/cite><\/blockquote>\n\n\n\n<p>Diese Vorschriften und Praktiken stehen in krassem Gegensatz zum<a href=\"https:\/\/www.paragraf.rs\/propisi\/zakon_o_potvrdjivanju_konvencije_o_pravima_osoba_sa_invaliditetom.html\" target=\"_blank\" rel=\"noreferrer noopener\"> UN-\u00dcbereinkommen \u00fcber die Rechte von Menschen mit Behinderungen<\/a>, das auch vom serbischen Parlament ratifiziert wurde.  <\/p>\n\n\n\n<p><strong>Anti-eugenischer Kampf in Europa<\/strong><\/p>\n\n\n\n<p>Gl\u00fccklicherweise \u00e4ndern sich die Dinge langsam. Anfang 2021 trat die Entscheidung des polnischen Verfassungsgerichts in Kraft, mit der der Teil des Abtreibungsgesetzes, der eine Abtreibung aufgrund einer pr\u00e4natalen Diagnose einer Behinderung erlaubt, <a href=\"https:\/\/trybunal.gov.pl\/en\/hearings\/judgments\/art\/11300-planowanie-rodziny-ochrona-plodu-ludzkiego-i-warunki-dopuszczalnosci-przerywania-ciazy\" target=\"_blank\" rel=\"noreferrer noopener\">f\u00fcr verfassungswidrig erkl\u00e4rt<\/a> wurde.  <\/p>\n\n\n\n<p>Im Vereinigten K\u00f6nigreich laufen derzeit zwei Initiativen zur Aufhebung des Artikels \u00fcber die Pr\u00e4nataldiagnose aus dem Abtreibungsgesetz. In Nordirland werden derzeit <a href=\"http:\/\/www.niassembly.gov.uk\/assembly-business\/committees\/2017-2022\/health\/primary-legislation\/the-severe-fetal-impairment-abortion-amendment-bill\/\" target=\"_blank\" rel=\"noreferrer noopener\"> \u00c4nderungen am Abtreibungsgesetz<\/a> vorgenommen, die, falls sie angenommen werden, den freiwilligen Schwangerschaftsabbruch aufgrund von angeborenen fetalen Atypien milderer Art verhindern w\u00fcrden. Im Vereinigten K\u00f6nigreich haben zwei mutige Frauen &#8211; Moira Lee Wilson, die Mutter eines Jungen mit Down-Syndrom, und Heidi Crowter, eine junge Frau mit Down-Syndrom &#8211; ihre Arbeit aufgenommen, <a href=\"https:\/\/dontscreenusout.org\/heidi-high-court-tues\/\" target=\"_blank\" rel=\"noreferrer noopener\"> haben eine Klage gegen die Regierung<\/a> wegen des diskriminierenden Abtreibungsgesetzes<a href=\"https:\/\/dontscreenusout.org\/heidi-high-court-tues\/\" target=\"_blank\" rel=\"noreferrer noopener\"> eingereicht<\/a>, das die Abtreibung von Babys mit Down-Syndrom w\u00e4hrend der gesamten neun Monate der Schwangerschaft erlaubt.  <\/p>\n\n\n\n<p>Im Juli dieses Jahres wurde ihre Klage vor dem High Court of Justice in London verhandelt, und die Entscheidung wird f\u00fcr Oktober erwartet. Wenn Moira und Heidi gewinnen und die Abtreibungsklausel f\u00fcr Kinder mit Behinderungen tats\u00e4chlich gestrichen wird, wird das britische Abtreibungsgesetz das erste Gesetz in Europa sein, das zwar die Abtreibung erlaubt, aber keine pr\u00e4natale Diskriminierung aufgrund des Down-Syndroms zul\u00e4sst.  <\/p>\n\n\n\n<p><strong>Gesetze gegen pr\u00e4natale Diskriminierung in den USA<\/strong><\/p>\n\n\n\n<p>Mehrere \u00e4hnliche Initiativen sind derzeit im Gange oder wurden in diesem Jahr in einigen Bundesstaaten der USA in Kraft gesetzt. Zurzeit haben mehr als ein F\u00fcnftel der Bundesstaaten <a href=\"https:\/\/frc.org\/prenda\" target=\"_blank\" rel=\"noreferrer noopener\"> ein solches Gesetz<\/a> verabschiedet: Arizona, Arkansas, Indiana, Kentucky, Louisiana, Mississippi, Missouri, North Dakota, Ohio, Oklahoma, South Dakota, Tennessee und Pennsylvania.<\/p>\n\n\n\n<p>Das Bundesberufungsgericht wies die Berufung von <a href=\"https:\/\/ifamnews.com\/de\/planned-parenthood-mitarbeiterin-packt-aus-1-2-m-dchen-pro-tag-werden-geschlechtsumwandelnde-medikamente-verabreicht-ohne-richtige-diagnose\" target=\"_blank\" rel=\"noreferrer noopener\"> Planned Parenthood<\/a> und den angeschlossenen Abtreibern zur\u00fcck und hob ein Moratorium f\u00fcr ein Gesetz auf, das Abtreibungen im Bundesstaat Ohio aufgrund der Diagnose Down-Syndrom verbietet. Andererseits hat das Bundesberufungsgericht, in dessen Zust\u00e4ndigkeitsbereich Arkansas f\u00e4llt, im Januar dieses Jahres ein \u00e4hnliches Gesetz in diesem Bundesstaat als verfassungswidrig eingestuft. Der gro\u00dfe Anti-Eugenik-Sieg von Ohio und das Vorliegen sich gegenseitig widersprechender Entscheidungen zweiten Grades bedeuten h\u00f6chstwahrscheinlich die Einschaltung des Obersten Gerichtshofs, was angesichts des derzeitigen Kr\u00e4fteverh\u00e4ltnisses im SCOTUS die sehr wahrscheinliche M\u00f6glichkeit er\u00f6ffnet, dass diese Frage in den USA endg\u00fcltig gekl\u00e4rt wird &#8211; zugunsten der Pro-Life-Position.<\/p>\n\n\n\n<p>Wir hoffen, dass diese Entwicklungen ein deutliches Signal an alle Ethikaussch\u00fcsse von Krankenh\u00e4usern auf dem gesamten europ\u00e4ischen Kontinent senden werden, einschlie\u00dflich derjenigen in Serbien, die so leicht Antr\u00e4ge auf Sp\u00e4tabtreibung aufgrund der Diagnose des Down-Syndroms genehmigen. Wir hoffen auch, dass dank solcher Entwicklungen die Art und Weise, wie \u00fcber Menschen mit Down-Syndrom gesprochen wird und wie ihre Eltern von verschiedenen genetischen Beratungs- und gyn\u00e4kologischen Einrichtungen im Ausland und hier in Serbien behandelt werden, zumindest ein wenig weniger entmenschlichend wird, als es derzeit der Fall ist.  <\/p>\n","protected":false},"excerpt":{"rendered":"<p>\u00c4rztekammern und Ethikkommissionen genehmigen routinem\u00e4\u00dfig Antr\u00e4ge auf Sp\u00e4tabtreibungen auf der Grundlage der Diagnose Down-Syndrom. Das muss aufh\u00f6ren!<\/p>\n","protected":false},"author":869,"featured_media":88577,"comment_status":"open","ping_status":"open","sticky":false,"template":"","format":"standard","meta":{"give_campaign_id":0,"om_disable_all_campaigns":false,"_monsterinsights_skip_tracking":false,"_monsterinsights_sitenote_active":false,"_monsterinsights_sitenote_note":"","_monsterinsights_sitenote_category":0,"mc4wp_mailchimp_campaign":[],"jnews-multi-image_gallery":[],"jnews_single_post":{"subtitle":"\u00c4rztekammern und Ethikkommissionen genehmigen routinem\u00e4\u00dfig Antr\u00e4ge auf Sp\u00e4tabtreibungen auf der Grundlage der Diagnose Down-Syndrom. Das muss aufh\u00f6ren!","format":"standard","video":"","gallery":"","source_name":"","source_url":"","via_name":"","via_url":"","override":[{"single_blog_custom":"","sidebar":"","second_sidebar":"","share_position":"","share_float_style":"","post_date_format":"","post_date_format_custom":"","post_reading_time_wpm":"","zoom_button_out_step":"1","zoom_button_in_step":"1","number_popup_post":"1"}],"image_override":[{"single_post_thumbnail_size":"","single_post_gallery_size":""}],"trending_post_position":"","trending_post_label":"","sponsored_post_label":"","sponsored_post_name":"","sponsored_post_url":"","sponsored_post_logo":"","sponsored_post_desc":""},"jnews_primary_category":{"id":"820"},"jnews_social_meta":[],"jnews_override_counter":[],"footnotes":""},"categories":[816,820,811],"tags":[1906,12090,5554],"class_list":["post-90570","post","type-post","status-publish","format-standard","has-post-thumbnail","hentry","category-breaking-news-de","category-leben","category-foreground-de","tag-abtreibung","tag-down-syndrom-de","tag-spaetabtreibung"],"yoast_head":"<!-- This site is optimized with the Yoast SEO Premium plugin v25.9 (Yoast SEO v27.3) - https:\/\/yoast.com\/product\/yoast-seo-premium-wordpress\/ -->\n<title>Inklusion beginnt mit der Empf\u00e4ngnis - IFN<\/title>\n<meta name=\"description\" content=\"Die \u00c4rztekammern und Ethikkommissionen der Gesundheitseinrichtungen in Serbien genehmigen routinem\u00e4\u00dfig und ausnahmslos Antr\u00e4ge auf Schwangerschaftsabbruch in der Sp\u00e4tschwangerschaft aufgrund der Diagnose Down-Syndrom.\" \/>\n<meta name=\"robots\" content=\"index, follow, max-snippet:-1, max-image-preview:large, max-video-preview:-1\" \/>\n<link rel=\"canonical\" href=\"https:\/\/ifamnews.com\/de\/inklusion-beginnt-mit-der-empf-ngnis\" \/>\n<meta property=\"og:locale\" content=\"de_DE\" \/>\n<meta property=\"og:type\" content=\"article\" \/>\n<meta property=\"og:title\" content=\"Inklusion beginnt mit der Empf\u00e4ngnis\" \/>\n<meta property=\"og:description\" content=\"Die \u00c4rztekammern und Ethikkommissionen der Gesundheitseinrichtungen in Serbien genehmigen routinem\u00e4\u00dfig und ausnahmslos Antr\u00e4ge auf Schwangerschaftsabbruch in der Sp\u00e4tschwangerschaft aufgrund der Diagnose Down-Syndrom.\" \/>\n<meta property=\"og:url\" content=\"https:\/\/ifamnews.com\/de\/inklusion-beginnt-mit-der-empf-ngnis\" \/>\n<meta property=\"og:site_name\" content=\"IFN\" \/>\n<meta property=\"article:publisher\" content=\"https:\/\/www.facebook.com\/iFamNews\" \/>\n<meta property=\"article:author\" content=\"https:\/\/www.facebook.com\/kristina.artukovic\" \/>\n<meta property=\"article:published_time\" content=\"2021-08-26T05:00:00+00:00\" \/>\n<meta property=\"og:image\" content=\"https:\/\/ifamnews.com\/wp-content\/uploads\/2021\/08\/Inkuzija2.png\" \/>\n\t<meta property=\"og:image:width\" content=\"1200\" \/>\n\t<meta property=\"og:image:height\" content=\"675\" \/>\n\t<meta property=\"og:image:type\" content=\"image\/png\" \/>\n<meta name=\"author\" content=\"Kristina Artukovic\" \/>\n<meta name=\"twitter:card\" content=\"summary_large_image\" \/>\n<meta name=\"twitter:creator\" content=\"@iFamNewsEN\" \/>\n<meta name=\"twitter:site\" content=\"@iFamNewsEN\" \/>\n<meta name=\"twitter:label1\" content=\"Verfasst von\" \/>\n\t<meta name=\"twitter:data1\" content=\"Kristina Artukovic\" \/>\n\t<meta name=\"twitter:label2\" content=\"Gesch\u00e4tzte Lesezeit\" \/>\n\t<meta name=\"twitter:data2\" content=\"4\u00a0Minuten\" \/>\n<!-- \/ Yoast SEO Premium plugin. -->","yoast_head_json":{"title":"Inklusion beginnt mit der Empf\u00e4ngnis - IFN","description":"Die \u00c4rztekammern und Ethikkommissionen der Gesundheitseinrichtungen in Serbien genehmigen routinem\u00e4\u00dfig und ausnahmslos Antr\u00e4ge auf Schwangerschaftsabbruch in der Sp\u00e4tschwangerschaft aufgrund der Diagnose Down-Syndrom.","robots":{"index":"index","follow":"follow","max-snippet":"max-snippet:-1","max-image-preview":"max-image-preview:large","max-video-preview":"max-video-preview:-1"},"canonical":"https:\/\/ifamnews.com\/de\/inklusion-beginnt-mit-der-empf-ngnis","og_locale":"de_DE","og_type":"article","og_title":"Inklusion beginnt mit der Empf\u00e4ngnis","og_description":"Die \u00c4rztekammern und Ethikkommissionen der Gesundheitseinrichtungen in Serbien genehmigen routinem\u00e4\u00dfig und ausnahmslos Antr\u00e4ge auf Schwangerschaftsabbruch in der Sp\u00e4tschwangerschaft aufgrund der Diagnose Down-Syndrom.","og_url":"https:\/\/ifamnews.com\/de\/inklusion-beginnt-mit-der-empf-ngnis","og_site_name":"IFN","article_publisher":"https:\/\/www.facebook.com\/iFamNews","article_author":"https:\/\/www.facebook.com\/kristina.artukovic","article_published_time":"2021-08-26T05:00:00+00:00","og_image":[{"width":1200,"height":675,"url":"https:\/\/ifamnews.com\/wp-content\/uploads\/2021\/08\/Inkuzija2.png","type":"image\/png"}],"author":"Kristina Artukovic","twitter_card":"summary_large_image","twitter_creator":"@iFamNewsEN","twitter_site":"@iFamNewsEN","twitter_misc":{"Verfasst von":"Kristina Artukovic","Gesch\u00e4tzte Lesezeit":"4\u00a0Minuten"},"schema":{"@context":"https:\/\/schema.org","@graph":[{"@type":"NewsArticle","@id":"https:\/\/ifamnews.com\/de\/inklusion-beginnt-mit-der-empf-ngnis#article","isPartOf":{"@id":"https:\/\/ifamnews.com\/de\/inklusion-beginnt-mit-der-empf-ngnis"},"author":{"name":"Kristina Artukovic","@id":"https:\/\/ifamnews.com\/en\/#\/schema\/person\/c96e7f6253eacc63081ab414a8776598"},"headline":"Inklusion beginnt mit der Empf\u00e4ngnis","datePublished":"2021-08-26T05:00:00+00:00","mainEntityOfPage":{"@id":"https:\/\/ifamnews.com\/de\/inklusion-beginnt-mit-der-empf-ngnis"},"wordCount":982,"commentCount":0,"publisher":{"@id":"https:\/\/ifamnews.com\/en\/#organization"},"image":{"@id":"https:\/\/ifamnews.com\/de\/inklusion-beginnt-mit-der-empf-ngnis#primaryimage"},"thumbnailUrl":"https:\/\/ifamnews.com\/wp-content\/uploads\/2021\/08\/Inkuzija2.png","keywords":["Abtreibung","Down-Syndrom","Sp\u00e4tabtreibung"],"articleSection":["Breaking News","Leben","Vordergrund"],"inLanguage":"de","potentialAction":[{"@type":"CommentAction","name":"Comment","target":["https:\/\/ifamnews.com\/de\/inklusion-beginnt-mit-der-empf-ngnis#respond"]}]},{"@type":"WebPage","@id":"https:\/\/ifamnews.com\/de\/inklusion-beginnt-mit-der-empf-ngnis","url":"https:\/\/ifamnews.com\/de\/inklusion-beginnt-mit-der-empf-ngnis","name":"Inklusion beginnt mit der Empf\u00e4ngnis - IFN","isPartOf":{"@id":"https:\/\/ifamnews.com\/en\/#website"},"primaryImageOfPage":{"@id":"https:\/\/ifamnews.com\/de\/inklusion-beginnt-mit-der-empf-ngnis#primaryimage"},"image":{"@id":"https:\/\/ifamnews.com\/de\/inklusion-beginnt-mit-der-empf-ngnis#primaryimage"},"thumbnailUrl":"https:\/\/ifamnews.com\/wp-content\/uploads\/2021\/08\/Inkuzija2.png","datePublished":"2021-08-26T05:00:00+00:00","description":"Die \u00c4rztekammern und Ethikkommissionen der Gesundheitseinrichtungen in Serbien genehmigen routinem\u00e4\u00dfig und ausnahmslos Antr\u00e4ge auf Schwangerschaftsabbruch in der Sp\u00e4tschwangerschaft aufgrund der Diagnose Down-Syndrom.","breadcrumb":{"@id":"https:\/\/ifamnews.com\/de\/inklusion-beginnt-mit-der-empf-ngnis#breadcrumb"},"inLanguage":"de","potentialAction":[{"@type":"ReadAction","target":["https:\/\/ifamnews.com\/de\/inklusion-beginnt-mit-der-empf-ngnis"]}]},{"@type":"ImageObject","inLanguage":"de","@id":"https:\/\/ifamnews.com\/de\/inklusion-beginnt-mit-der-empf-ngnis#primaryimage","url":"https:\/\/ifamnews.com\/wp-content\/uploads\/2021\/08\/Inkuzija2.png","contentUrl":"https:\/\/ifamnews.com\/wp-content\/uploads\/2021\/08\/Inkuzija2.png","width":1200,"height":675},{"@type":"BreadcrumbList","@id":"https:\/\/ifamnews.com\/de\/inklusion-beginnt-mit-der-empf-ngnis#breadcrumb","itemListElement":[{"@type":"ListItem","position":1,"name":"Home","item":"https:\/\/ifamnews.com\/de"},{"@type":"ListItem","position":2,"name":"Life","item":"https:\/\/ifamnews.com\/en\/category\/life"},{"@type":"ListItem","position":3,"name":"Inklusion beginnt mit der Empf\u00e4ngnis"}]},{"@type":"WebSite","@id":"https:\/\/ifamnews.com\/en\/#website","url":"https:\/\/ifamnews.com\/en\/","name":"IFN","description":"International Family News Network","publisher":{"@id":"https:\/\/ifamnews.com\/en\/#organization"},"potentialAction":[{"@type":"SearchAction","target":{"@type":"EntryPoint","urlTemplate":"https:\/\/ifamnews.com\/en\/?s={search_term_string}"},"query-input":{"@type":"PropertyValueSpecification","valueRequired":true,"valueName":"search_term_string"}}],"inLanguage":"de"},{"@type":"Organization","@id":"https:\/\/ifamnews.com\/en\/#organization","name":"iFamNews","url":"https:\/\/ifamnews.com\/en\/","logo":{"@type":"ImageObject","inLanguage":"de","@id":"https:\/\/ifamnews.com\/en\/#\/schema\/logo\/image\/","url":"https:\/\/ifamnews.com\/wp-content\/uploads\/2020\/01\/Share-logo.png","contentUrl":"https:\/\/ifamnews.com\/wp-content\/uploads\/2020\/01\/Share-logo.png","width":200,"height":200,"caption":"iFamNews"},"image":{"@id":"https:\/\/ifamnews.com\/en\/#\/schema\/logo\/image\/"},"sameAs":["https:\/\/www.facebook.com\/iFamNews","https:\/\/x.com\/iFamNewsEN"]},{"@type":"Person","@id":"https:\/\/ifamnews.com\/en\/#\/schema\/person\/c96e7f6253eacc63081ab414a8776598","name":"Kristina Artukovic","image":{"@type":"ImageObject","inLanguage":"de","@id":"https:\/\/secure.gravatar.com\/avatar\/a3a7426f5c0f3677ab5b213032e3636aff4cd4f1ab5c83e98d2f10011058ed20?s=96&d=mm&r=g","url":"https:\/\/secure.gravatar.com\/avatar\/a3a7426f5c0f3677ab5b213032e3636aff4cd4f1ab5c83e98d2f10011058ed20?s=96&d=mm&r=g","contentUrl":"https:\/\/secure.gravatar.com\/avatar\/a3a7426f5c0f3677ab5b213032e3636aff4cd4f1ab5c83e98d2f10011058ed20?s=96&d=mm&r=g","caption":"Kristina Artukovic"},"description":"Kristina Artukovi\u0107 is an advocate with Saving Down syndrome,\u00a0an international social justice advocacy for people with Down syndrome with a special emphasis on prenatal justice and anti-eugenics. Founder of Eti\u010dki front (Ethical Front), Serbia-based organization that \u200b\u200bprovides a life-affirming stance on human bioethics issues and protects and promotes the dignity of human life from conception to natural death. Writes for Saving Down\u2019s and Rehumanize International. Has MA in Philosophy and Logic.\u00a0","sameAs":["https:\/\/www.facebook.com\/kristina.artukovic"],"url":"https:\/\/ifamnews.com\/de\/author\/kristina-artukovic"}]}},"amp_enabled":true,"_links":{"self":[{"href":"https:\/\/ifamnews.com\/de\/wp-json\/wp\/v2\/posts\/90570","targetHints":{"allow":["GET"]}}],"collection":[{"href":"https:\/\/ifamnews.com\/de\/wp-json\/wp\/v2\/posts"}],"about":[{"href":"https:\/\/ifamnews.com\/de\/wp-json\/wp\/v2\/types\/post"}],"author":[{"embeddable":true,"href":"https:\/\/ifamnews.com\/de\/wp-json\/wp\/v2\/users\/869"}],"replies":[{"embeddable":true,"href":"https:\/\/ifamnews.com\/de\/wp-json\/wp\/v2\/comments?post=90570"}],"version-history":[{"count":5,"href":"https:\/\/ifamnews.com\/de\/wp-json\/wp\/v2\/posts\/90570\/revisions"}],"predecessor-version":[{"id":90582,"href":"https:\/\/ifamnews.com\/de\/wp-json\/wp\/v2\/posts\/90570\/revisions\/90582"}],"wp:featuredmedia":[{"embeddable":true,"href":"https:\/\/ifamnews.com\/de\/wp-json\/wp\/v2\/media\/88577"}],"wp:attachment":[{"href":"https:\/\/ifamnews.com\/de\/wp-json\/wp\/v2\/media?parent=90570"}],"wp:term":[{"taxonomy":"category","embeddable":true,"href":"https:\/\/ifamnews.com\/de\/wp-json\/wp\/v2\/categories?post=90570"},{"taxonomy":"post_tag","embeddable":true,"href":"https:\/\/ifamnews.com\/de\/wp-json\/wp\/v2\/tags?post=90570"}],"curies":[{"name":"wp","href":"https:\/\/api.w.org\/{rel}","templated":true}]}}