{"id":88489,"date":"2021-08-13T01:00:00","date_gmt":"2021-08-13T05:00:00","guid":{"rendered":"https:\/\/ifamnews.com\/?p=88489"},"modified":"2021-08-11T04:00:04","modified_gmt":"2021-08-11T08:00:04","slug":"-american-medical-association-verf-llt-dem-politischen-extremismus","status":"publish","type":"post","link":"https:\/\/ifamnews.com\/de\/-american-medical-association-verf-llt-dem-politischen-extremismus","title":{"rendered":"\u201eAmerican Medical Association\u201c verf\u00e4llt dem politischen Extremismus"},"content":{"rendered":"\n<p>In den letzten Jahrzehnten war die <em>American Medical Association<\/em> \u2013 um Wladimir Lenin zu zitieren \u2013 ein zuverl\u00e4ssiger \u201en\u00fctzlicher Idiot\u201c der \u201ewoke\u201c Linken. So hat die AMA im Jahr 2010 gegen den Willen vieler, wenn nicht der meisten ihrer Mitglieder den ber\u00fcchtigten linken Krankenversicherungsplan <em>Obamacare<\/em> bef\u00fcrwortet. Im Jahr 2014 verabschiedete sie eine Resolution, in der sie sich gegen die in den meisten Bundesstaaten geltende Vorschrift wandte, dass sich eine Person erst einer geschlechtsangleichenden Operation unterziehen muss, bevor sie ihr Geschlecht in offiziellen Dokumenten eintragen lassen kann. Im Jahr 2019 verabschiedete sie einen Entschluss, demnach es Menschen erlaubt sein sollte, ihr Geschlecht in amtlichen Dokumenten ohne vorherige Untersuchung zu \u00e4ndern. Und auf ihrer <a href=\"https:\/\/www.ama-assn.org\/system\/files\/2021-05\/j21-handbook-addendum-ref-cmte-d.pdf\">Sitzung im Juni 2021<\/a> setzte die AMA ihren Abstieg auf dem Weg des politischen <em>Wokeism<\/em> fort; erstens mit einer Resolution, die die Streichung des biologischen Geschlechts aus dem \u00f6ffentlichen Teil von Geburtsurkunden unterst\u00fctzt, und zweitens durch die Unterst\u00fctzung der Kritischen Rassentheorie.<\/p>\n\n\n\n<p>Die gew\u00e4hlte AMA-Vorstandsvorsitzende Sandra Adamson Fryhofer, M.D., erkl\u00e4rte:<\/p>\n\n\n\n<p>\u201eDie Angabe des Geschlechts auf Geburtsurkunden als m\u00e4nnlich oder weiblich und die Ver\u00f6ffentlichung dieser Information im \u00f6ffentlichen Teil der Geburtsurkunde h\u00e4lt die Ansicht aufrecht, dass die Geschlechtszugeh\u00f6rigkeit dauerhaft ist, und verkennt das medizinische Spektrum der Geschlechtsidentit\u00e4t. Diese Art von Kategorisierungssystem birgt auch die Gefahr, dass die Selbstdarstellung und Selbstidentifikation eines Menschen unterdr\u00fcckt wird, und tr\u00e4gt zur Marginalisierung und Minderheitenbildung bei.\u201c<\/p>\n\n\n\n<p>Seit jeher sind Eltern, \u00c4rzte, Hebammen und Krankenschwestern bei der Geburt eines Kindes in der Lage, das Geschlecht des Kindes in fast 100% der F\u00e4lle anhand der \u00e4u\u00dferen Genitalien des Kindes zu bestimmen. (n.b.: Es gibt seltene F\u00e4lle \u2013&nbsp; etwa 0,02 % \u2013, in denen das Geschlecht eines Kindes bei der Geburt aus dem einen oder anderen Grund nicht bestimmt werden kann.) Es gab keine Vermutungen, sondern objektive Fakten und Vernunft bestimmten die Wahrheit. Jetzt erkl\u00e4rt die AMA, dass seit Zehntausenden von Jahren fast jeder, der je gelebt hat, das Geschlecht von Neugeborenen falsch bestimmt hat. Man k\u00f6nnte es verstehen, wenn ein linker Think Tank oder ein Politiker, f\u00fcr den Gef\u00fchle und Ideologie Fakten und Vernunft \u00fcbertrumpfen, f\u00fcr diese realit\u00e4tsfremde Position eintreten w\u00fcrde. Aber dass die AMA sie unterst\u00fctzt, ist unverst\u00e4ndlich. Man muss sich ernsthaft fragen, was an den amerikanischen medizinischen Fakult\u00e4ten gelehrt wird. Ich w\u00fcrde sicher nicht von einem Arzt behandelt werden wollen, der nicht versteht, was ein f\u00fcnfj\u00e4hriges Kind versteht.<\/p>\n\n\n\n<p>Die Unterst\u00fctzung der kritischen Rassentheorie ist der zweite linksradikale Standpunkt, den die AMA auf ihrer letzten Tagung eingenommen hat. Auf der Tagung verabschiedeten die Delegierten Leitlinien, die medizinischen Einrichtungen helfen sollen, \u201esystemischen Rassismus, explizite und implizite Voreingenommenheit und Mikroaggressionen zu verhindern und zu bek\u00e4mpfen\u201c. Wie AMA-Treuh\u00e4nder Willard Edwards, M.D., erkl\u00e4rte: \u201eSystemischer Rassismus in der Medizin ist das gr\u00f6\u00dfte Hindernis f\u00fcr die F\u00f6rderung von gesundheitlicher Chancengleichheit und angemessener medizinischer Versorgung.\u201c<\/p>\n\n\n\n<p>Die Resolution folgt auf die Ver\u00f6ffentlichung des strategischen Plans der AMA im <a href=\"https:\/\/www.ama-assn.org\/press-center\/press-releases\/ama-releases-plan-dedicated-embedding-racial-justice-and-advancing\">Mai<\/a> dieses Jahres, der darauf abzielt, \u201estrukturell verankerten Rassismus von innen heraus abzubauen\u201c. In der Pressemitteilung, in der der Plan angek\u00fcndigt wurde, hei\u00dft es:<\/p>\n\n\n\n<p>\u201eDer Rahmen des Plans \u2013 der im Mittelpunkt der Arbeit des AMA-Zentrums f\u00fcr gesundheitliche Chancengleichheit und der Verantwortung der AMA-F\u00fchrung, der Mitglieder und der externen Stakeholder steht \u2013 wird von dem immensen Bedarf an gleichstellungsorientierten L\u00f6sungen angetrieben, um den Sch\u00e4den entgegenzuwirken, die durch systemischen Rassismus und andere Formen der Unterdr\u00fcckung f\u00fcr Schwarze, Latinx, indigene, asiatische und andere farbige Menschen sowie f\u00fcr Menschen, die sich als LGBTQ+ und Menschen mit Behinderungen identifizieren, entstehen.\u201c<\/p>\n\n\n\n<p>Sowohl die Entschlie\u00dfung als auch der Plan gehen auf die \u201ekritische Rassentheorie\u201c zur\u00fcck. Die kritische Rassentheorie ist eine spaltende Ideologie, die besagt, dass Amerika ein rassistisches Land ist und dass alle wei\u00dfen, christlichen, heterosexuellen Menschen \u2013 vor allem M\u00e4nner \u2013 Unterdr\u00fccker waren und immer noch sind. Dar\u00fcber hinaus sieht sie fast alle Institutionen in Amerika als unrettbar rassistisch an, die demzufolge abgebaut werden m\u00fcssen. Individuelle Verantwortung wird als irrelevant angesehen; das Einzige, was z\u00e4hlt, ist die Gruppenidentit\u00e4t. Geschichte und Fakten werden absichtlich verzerrt, um nur das falsche Bild zu vermitteln, das von den kritischen Rassentheoretikern vertreten wird. \u00dcberall in den Vereinigten Staaten finden derzeit heftige K\u00e4mpfe um die kritische Rassentheorie statt, vor allem in den \u00f6ffentlichen und privaten Schulen der K-12, wo viele Schulbeh\u00f6rden und Lehrer versuchen, die Sch\u00fcler mit dieser spalterischen Ideologie zu indoktrinieren. Dass die <em>American Medical Association<\/em> diese hasserf\u00fcllte Ideologie unterst\u00fctzt, ist besch\u00e4mend.<\/p>\n\n\n\n<p>Auf der Tagung im letzten Monat setzte die <em>American Medical Association<\/em> ihren Ausflug auf den gelben Ziegelsteinweg des Linksextremismus fort, indem sie Entschlie\u00dfungen unterst\u00fctzte, die f\u00fcr die Streichung des biologischen Geschlechts von Neugeborenen aus dem \u00f6ffentlichen Teil ihrer Geburtsurkunden eintreten, und indem sie die spaltende Ideologie, die als kritische Rassentheorie bekannt ist, unterst\u00fctzte. Wenn die AMA nur die Realit\u00e4t statt der Fantasie anerkennen und eine Politik unterst\u00fctzen w\u00fcrde, die Amerika eint und nicht spaltet, w\u00e4ren wir alle besser dran &#8211; an Geist, K\u00f6rper und Seele.<\/p>\n","protected":false},"excerpt":{"rendered":"<p>US-\u00c4rzteverband setzt \u201ekritische Rassentheorie\u201c, Genderideologie und Identit\u00e4tspolitik um<\/p>\n","protected":false},"author":651,"featured_media":87344,"comment_status":"open","ping_status":"open","sticky":false,"template":"","format":"standard","meta":{"give_campaign_id":0,"om_disable_all_campaigns":false,"_monsterinsights_skip_tracking":false,"_monsterinsights_sitenote_active":false,"_monsterinsights_sitenote_note":"","_monsterinsights_sitenote_category":0,"mc4wp_mailchimp_campaign":[],"jnews-multi-image_gallery":[],"jnews_single_post":{"subtitle":"US-\u00c4rzteverband setzt \u201ekritische Rassentheorie\u201c, Genderideologie und Identit\u00e4tspolitik um","format":"standard","video":"","gallery":"","source_name":"","source_url":"","via_name":"","via_url":"","override":[{"single_blog_custom":"","sidebar":"","second_sidebar":"","share_position":"","share_float_style":"","post_date_format":"","post_date_format_custom":"","post_reading_time_wpm":"","zoom_button_out_step":"1","zoom_button_in_step":"1","number_popup_post":"1"}],"image_override":[{"single_post_thumbnail_size":"","single_post_gallery_size":""}],"trending_post_position":"","trending_post_label":"","sponsored_post_label":"","sponsored_post_name":"","sponsored_post_url":"","sponsored_post_logo":"","sponsored_post_desc":""},"jnews_primary_category":{"id":"771"},"jnews_social_meta":[],"jnews_override_counter":[],"footnotes":""},"categories":[816,811,771],"tags":[6941,10905,11894],"class_list":["post-88489","post","type-post","status-publish","format-standard","has-post-thumbnail","hentry","category-breaking-news-de","category-foreground-de","category-wissenschaft","tag-lgbt-ideologie","tag-marxismus","tag-woke-2"],"yoast_head":"<!-- This site is optimized with the Yoast SEO Premium plugin v25.9 (Yoast SEO v27.3) - https:\/\/yoast.com\/product\/yoast-seo-premium-wordpress\/ -->\n<title>\u201eAmerican Medical Association\u201c verf\u00e4llt dem politischen Extremismus - IFN<\/title>\n<meta name=\"robots\" content=\"index, follow, max-snippet:-1, max-image-preview:large, max-video-preview:-1\" \/>\n<link rel=\"canonical\" href=\"https:\/\/ifamnews.com\/de\/-american-medical-association-verf-llt-dem-politischen-extremismus\" \/>\n<meta property=\"og:locale\" content=\"de_DE\" \/>\n<meta property=\"og:type\" content=\"article\" \/>\n<meta property=\"og:title\" content=\"\u201eAmerican Medical Association\u201c verf\u00e4llt dem politischen Extremismus\" \/>\n<meta property=\"og:description\" content=\"US-\u00c4rzteverband setzt \u201ekritische Rassentheorie\u201c, Genderideologie und Identit\u00e4tspolitik um\" \/>\n<meta property=\"og:url\" content=\"https:\/\/ifamnews.com\/de\/-american-medical-association-verf-llt-dem-politischen-extremismus\" \/>\n<meta property=\"og:site_name\" content=\"IFN\" \/>\n<meta property=\"article:publisher\" content=\"https:\/\/www.facebook.com\/iFamNews\" \/>\n<meta property=\"article:published_time\" content=\"2021-08-13T05:00:00+00:00\" \/>\n<meta property=\"og:image\" content=\"https:\/\/ifamnews.com\/wp-content\/uploads\/2021\/08\/Untitled-design-7.png\" \/>\n\t<meta property=\"og:image:width\" content=\"1200\" \/>\n\t<meta property=\"og:image:height\" content=\"675\" \/>\n\t<meta property=\"og:image:type\" content=\"image\/png\" \/>\n<meta name=\"author\" content=\"Cato\" \/>\n<meta name=\"twitter:card\" content=\"summary_large_image\" \/>\n<meta name=\"twitter:creator\" content=\"@iFamNewsEN\" \/>\n<meta name=\"twitter:site\" content=\"@iFamNewsEN\" \/>\n<meta name=\"twitter:label1\" content=\"Verfasst von\" \/>\n\t<meta name=\"twitter:data1\" content=\"Cato\" \/>\n\t<meta name=\"twitter:label2\" content=\"Gesch\u00e4tzte Lesezeit\" \/>\n\t<meta name=\"twitter:data2\" content=\"4\u00a0Minuten\" \/>\n<!-- \/ Yoast SEO Premium plugin. -->","yoast_head_json":{"title":"\u201eAmerican Medical Association\u201c verf\u00e4llt dem politischen Extremismus - IFN","robots":{"index":"index","follow":"follow","max-snippet":"max-snippet:-1","max-image-preview":"max-image-preview:large","max-video-preview":"max-video-preview:-1"},"canonical":"https:\/\/ifamnews.com\/de\/-american-medical-association-verf-llt-dem-politischen-extremismus","og_locale":"de_DE","og_type":"article","og_title":"\u201eAmerican Medical Association\u201c verf\u00e4llt dem politischen Extremismus","og_description":"US-\u00c4rzteverband setzt \u201ekritische Rassentheorie\u201c, Genderideologie und Identit\u00e4tspolitik um","og_url":"https:\/\/ifamnews.com\/de\/-american-medical-association-verf-llt-dem-politischen-extremismus","og_site_name":"IFN","article_publisher":"https:\/\/www.facebook.com\/iFamNews","article_published_time":"2021-08-13T05:00:00+00:00","og_image":[{"width":1200,"height":675,"url":"https:\/\/ifamnews.com\/wp-content\/uploads\/2021\/08\/Untitled-design-7.png","type":"image\/png"}],"author":"Cato","twitter_card":"summary_large_image","twitter_creator":"@iFamNewsEN","twitter_site":"@iFamNewsEN","twitter_misc":{"Verfasst von":"Cato","Gesch\u00e4tzte Lesezeit":"4\u00a0Minuten"},"schema":{"@context":"https:\/\/schema.org","@graph":[{"@type":"NewsArticle","@id":"https:\/\/ifamnews.com\/de\/-american-medical-association-verf-llt-dem-politischen-extremismus#article","isPartOf":{"@id":"https:\/\/ifamnews.com\/de\/-american-medical-association-verf-llt-dem-politischen-extremismus"},"author":{"name":"Cato","@id":"https:\/\/ifamnews.com\/en\/#\/schema\/person\/d0e56511b7b7caedd2922a59482440ba"},"headline":"\u201eAmerican Medical Association\u201c verf\u00e4llt dem politischen Extremismus","datePublished":"2021-08-13T05:00:00+00:00","mainEntityOfPage":{"@id":"https:\/\/ifamnews.com\/de\/-american-medical-association-verf-llt-dem-politischen-extremismus"},"wordCount":860,"commentCount":0,"publisher":{"@id":"https:\/\/ifamnews.com\/en\/#organization"},"image":{"@id":"https:\/\/ifamnews.com\/de\/-american-medical-association-verf-llt-dem-politischen-extremismus#primaryimage"},"thumbnailUrl":"https:\/\/ifamnews.com\/wp-content\/uploads\/2021\/08\/Untitled-design-7.png","keywords":["LGBT-Ideologie","Marxismus","Woke"],"articleSection":["Breaking News","Vordergrund","Wissenschaft"],"inLanguage":"de","potentialAction":[{"@type":"CommentAction","name":"Comment","target":["https:\/\/ifamnews.com\/de\/-american-medical-association-verf-llt-dem-politischen-extremismus#respond"]}]},{"@type":"WebPage","@id":"https:\/\/ifamnews.com\/de\/-american-medical-association-verf-llt-dem-politischen-extremismus","url":"https:\/\/ifamnews.com\/de\/-american-medical-association-verf-llt-dem-politischen-extremismus","name":"\u201eAmerican Medical Association\u201c verf\u00e4llt dem politischen Extremismus - IFN","isPartOf":{"@id":"https:\/\/ifamnews.com\/en\/#website"},"primaryImageOfPage":{"@id":"https:\/\/ifamnews.com\/de\/-american-medical-association-verf-llt-dem-politischen-extremismus#primaryimage"},"image":{"@id":"https:\/\/ifamnews.com\/de\/-american-medical-association-verf-llt-dem-politischen-extremismus#primaryimage"},"thumbnailUrl":"https:\/\/ifamnews.com\/wp-content\/uploads\/2021\/08\/Untitled-design-7.png","datePublished":"2021-08-13T05:00:00+00:00","breadcrumb":{"@id":"https:\/\/ifamnews.com\/de\/-american-medical-association-verf-llt-dem-politischen-extremismus#breadcrumb"},"inLanguage":"de","potentialAction":[{"@type":"ReadAction","target":["https:\/\/ifamnews.com\/de\/-american-medical-association-verf-llt-dem-politischen-extremismus"]}]},{"@type":"ImageObject","inLanguage":"de","@id":"https:\/\/ifamnews.com\/de\/-american-medical-association-verf-llt-dem-politischen-extremismus#primaryimage","url":"https:\/\/ifamnews.com\/wp-content\/uploads\/2021\/08\/Untitled-design-7.png","contentUrl":"https:\/\/ifamnews.com\/wp-content\/uploads\/2021\/08\/Untitled-design-7.png","width":1200,"height":675},{"@type":"BreadcrumbList","@id":"https:\/\/ifamnews.com\/de\/-american-medical-association-verf-llt-dem-politischen-extremismus#breadcrumb","itemListElement":[{"@type":"ListItem","position":1,"name":"Home","item":"https:\/\/ifamnews.com\/de"},{"@type":"ListItem","position":2,"name":"Wissenschaft","item":"https:\/\/ifamnews.com\/de\/kategorie\/wissenschaft"},{"@type":"ListItem","position":3,"name":"\u201eAmerican Medical Association\u201c verf\u00e4llt dem politischen Extremismus"}]},{"@type":"WebSite","@id":"https:\/\/ifamnews.com\/en\/#website","url":"https:\/\/ifamnews.com\/en\/","name":"IFN","description":"International Family News Network","publisher":{"@id":"https:\/\/ifamnews.com\/en\/#organization"},"potentialAction":[{"@type":"SearchAction","target":{"@type":"EntryPoint","urlTemplate":"https:\/\/ifamnews.com\/en\/?s={search_term_string}"},"query-input":{"@type":"PropertyValueSpecification","valueRequired":true,"valueName":"search_term_string"}}],"inLanguage":"de"},{"@type":"Organization","@id":"https:\/\/ifamnews.com\/en\/#organization","name":"iFamNews","url":"https:\/\/ifamnews.com\/en\/","logo":{"@type":"ImageObject","inLanguage":"de","@id":"https:\/\/ifamnews.com\/en\/#\/schema\/logo\/image\/","url":"https:\/\/ifamnews.com\/wp-content\/uploads\/2020\/01\/Share-logo.png","contentUrl":"https:\/\/ifamnews.com\/wp-content\/uploads\/2020\/01\/Share-logo.png","width":200,"height":200,"caption":"iFamNews"},"image":{"@id":"https:\/\/ifamnews.com\/en\/#\/schema\/logo\/image\/"},"sameAs":["https:\/\/www.facebook.com\/iFamNews","https:\/\/x.com\/iFamNewsEN"]},{"@type":"Person","@id":"https:\/\/ifamnews.com\/en\/#\/schema\/person\/d0e56511b7b7caedd2922a59482440ba","name":"Cato","image":{"@type":"ImageObject","inLanguage":"de","@id":"https:\/\/secure.gravatar.com\/avatar\/69b258be912b2a9b1ef3917af1a950d6279239e325672d64c73a2c0dfe012d11?s=96&d=mm&r=g","url":"https:\/\/secure.gravatar.com\/avatar\/69b258be912b2a9b1ef3917af1a950d6279239e325672d64c73a2c0dfe012d11?s=96&d=mm&r=g","contentUrl":"https:\/\/secure.gravatar.com\/avatar\/69b258be912b2a9b1ef3917af1a950d6279239e325672d64c73a2c0dfe012d11?s=96&d=mm&r=g","caption":"Cato"},"description":"Cato is a staunch defender of Western Civilization and the Judeo-Christian worldview. He will end all of his articles: \"And the radical LGBT agenda must be defeated\" as this is the pre-eminent battle of our day.","url":"https:\/\/ifamnews.com\/de\/author\/rsiedlecki"}]}},"amp_enabled":true,"_links":{"self":[{"href":"https:\/\/ifamnews.com\/de\/wp-json\/wp\/v2\/posts\/88489","targetHints":{"allow":["GET"]}}],"collection":[{"href":"https:\/\/ifamnews.com\/de\/wp-json\/wp\/v2\/posts"}],"about":[{"href":"https:\/\/ifamnews.com\/de\/wp-json\/wp\/v2\/types\/post"}],"author":[{"embeddable":true,"href":"https:\/\/ifamnews.com\/de\/wp-json\/wp\/v2\/users\/651"}],"replies":[{"embeddable":true,"href":"https:\/\/ifamnews.com\/de\/wp-json\/wp\/v2\/comments?post=88489"}],"version-history":[{"count":2,"href":"https:\/\/ifamnews.com\/de\/wp-json\/wp\/v2\/posts\/88489\/revisions"}],"predecessor-version":[{"id":88637,"href":"https:\/\/ifamnews.com\/de\/wp-json\/wp\/v2\/posts\/88489\/revisions\/88637"}],"wp:featuredmedia":[{"embeddable":true,"href":"https:\/\/ifamnews.com\/de\/wp-json\/wp\/v2\/media\/87344"}],"wp:attachment":[{"href":"https:\/\/ifamnews.com\/de\/wp-json\/wp\/v2\/media?parent=88489"}],"wp:term":[{"taxonomy":"category","embeddable":true,"href":"https:\/\/ifamnews.com\/de\/wp-json\/wp\/v2\/categories?post=88489"},{"taxonomy":"post_tag","embeddable":true,"href":"https:\/\/ifamnews.com\/de\/wp-json\/wp\/v2\/tags?post=88489"}],"curies":[{"name":"wp","href":"https:\/\/api.w.org\/{rel}","templated":true}]}}