{"id":88175,"date":"2021-08-09T10:11:45","date_gmt":"2021-08-09T14:11:45","guid":{"rendered":"https:\/\/ifamnews.com\/?p=88175"},"modified":"2021-08-09T12:01:04","modified_gmt":"2021-08-09T16:01:04","slug":"italienische-filmproduktionsfirma-setzt-aus-um-gegen-gr-nen-impfpass-zu-demonstrieren","status":"publish","type":"post","link":"https:\/\/ifamnews.com\/de\/italienische-filmproduktionsfirma-setzt-aus-um-gegen-gr-nen-impfpass-zu-demonstrieren","title":{"rendered":"Italienische Filmproduktionsfirma setzt aus \u2013 um gegen \u201eGr\u00fcnen Impfpass\u201c zu demonstrieren"},"content":{"rendered":"\n<p>\u201eAls Filmverleiher habe ich mit der Einf\u00fchrung des <a href=\"https:\/\/www.bbc.com\/news\/world-europe-58115213\">Gr\u00fcnen Passes<\/a> [<em>Der \u201eGr\u00fcne Pass\u201c ist der Name des Impfpasses gegen Covid-19 in Italien, Anm. d. Red<\/em>.] beschlossen, alle \u00f6ffentlichen Vorf\u00fchrungen auszusetzen, weil ich nicht einmal indirekt zu einem Mechanismus der Diskriminierung der Bev\u00f6lkerung beitragen m\u00f6chte.\u201c<\/p>\n\n\n\n<p>Mit dieser starken und mutigen Aussage hat Federica Picchi, Gr\u00fcnderin von <em><a href=\"https:\/\/www.dominusproduction.com\/\">Dominus Production<\/a><\/em>, Aufmerksamkeit auf sich gezogen. Die Filmproduktions- und Vertriebsgesellschaft hat den Pro-Life Film <em><a href=\"https:\/\/ifamnews.com\/it\/-unplanned-in-italia\">Unplanned<\/a><\/em> &nbsp;in die italienischen Kinos gebracht. <em>iFamNews<\/em> hat exklusiv mit ihr gesprochen.<\/p>\n\n\n\n<p>\u201eEs ist eine Entscheidung, die mich bares Geld kostet\u201c, erkl\u00e4rt Picchi gegen\u00fcber <em>iFamNews<\/em>. \u201e<em>Unplanned<\/em> ist ausverkauft, und am Montagabend mussten in Verona aufgrund der vielen Anfragen zwei weitere Vorf\u00fchrungen organisiert werden.\u201c Aber ab Freitag, dem 6. August, wenn der <em>Gr\u00fcne Pass<\/em> als Bedingung f\u00fcr den Zugang zu einigen Orten, einschlie\u00dflich Kinos, in Kraft tritt, wird <em>Dominus Production<\/em> den Vertrieb einstellen. Ihre Entscheidung ist unternehmerisch nicht nachvollziehbar. Aber ein Kampf um Werte ist kein Kampf, wenn er nicht mit Opfern verbunden ist. \u201eIch glaube, dass in dieser Phase jeder von uns ein Zeichen setzen muss, auch um den Preis eines Opfers, denn der Wert der Freiheit ist zu wichtig, als dass man von ihm abweichen d\u00fcrfte\u201c, f\u00fcgte sie hinzu.<\/p>\n\n\n\n<p><em>iFamNews: Viele sind der Meinung, dass der Gr\u00fcne Pass eine notwendige Ma\u00dfnahme sei, um die Infektionskurve zu senken. Die Gesundheit ist ein hohes Gut und es ist richtig, dass der Staat Ma\u00dfnahmen zu ihrem Schutz ergreift. Die Frage ist jedoch, ob der Gr\u00fcne Pass eine sinnvolle Ma\u00dfnahme zu diesem Zweck ist.<\/em><\/p>\n\n\n\n<p><em>W\u00fcrden Sie dem zustimmen?<\/em><\/p>\n\n\n\n<p><strong>Federica Picchi:<\/strong> Auf keinen Fall. Ich m\u00f6chte Ihnen einige Beispiele nennen, die die Paradoxien dieser Gesetzgebung verdeutlichen: Um ein Kino oder sogar ein Open-Air-Kino zu betreten, m\u00fcssen Sie den Gr\u00fcnen Pass vorlegen, w\u00e4hrend Sie f\u00fcr den Zutritt zu einigen anderen Innenr\u00e4umen, wie z. B. Gerichten, keinen Pass ben\u00f6tigen. Und dann braucht man die gr\u00fcne Bescheinigung, um an einem Tisch in einer Bar zu sitzen, aber nicht, um direkt an der Theke im selben Raum zu konsumieren. Ganz zu schweigen davon, dass die \u00f6ffentlichen Verkehrsmittel weiterhin \u00fcberf\u00fcllt sein werden. Der Gr\u00fcne Pass scheint mir eher eine politische als eine gesundheitliche Entscheidung zu sein.<\/p>\n\n\n\n<p><em>iFamNews: Und was ist Ihrer Meinung nach das politische Ziel?<\/em><\/p>\n\n\n\n<p><strong>Federica Picchi: <\/strong>Am st\u00e4rksten betroffen sind die Bereiche, die sich auf das soziale und kulturelle Leben und die Gemeinschaft auswirken: das, was den jungen Menschen am meisten am Herzen liegt. Es geht also darum, die Jugendlichen zur Impfung zu bewegen, da sie sonst sozial ausgegrenzt werden.<\/p>\n\n\n\n<p>iFamNews: Ist das ein Grund, warum Sie diese Ma\u00dfnahme ablehnen?<\/p>\n\n\n\n<p><strong>Federica Picchi: <\/strong>Im Lichte einer Kosten-Nutzen-Analyse habe ich gro\u00dfe Bedenken gegen die Impfung junger Menschen. Ich bin daher der Meinung, dass jede Entscheidung respektiert werden muss. Aber ich will mich nicht auf den Gegensatz zwischen \u201eno vax\u201c und \u201eyes vax\u201c einlassen, das ist nicht der Punkt. Was ich nicht akzeptiere, ist, dass Kinos, Museen, Bars, Restaurants und andere Bereiche f\u00fcr einen Zweck genutzt werden sollen, der nichts mit dem zu tun hat, was wir tun. Das ist eine Politik, die uns einmal mehr benachteiligt.<\/p>\n\n\n\n<p><em>iFamNews:Die Filmindustrie ist eine Branche, die in den letzten Monaten gelitten hat.<\/em><\/p>\n\n\n\n<p><strong>Federica Picchi: <\/strong>Unsere Branche war eine der am st\u00e4rksten von der Anti-COVID-19-Politik betroffenen. Wir waren anderthalb Jahre lang geschlossen, wir durften nicht \u00f6ffnen, selbst nachdem sie uns sehr strenge Gesundheitsprotokolle auferlegt hatten. Und jetzt verlangen sie sogar von den H\u00e4ndlern, dass sie als Kontrolleure des Gr\u00fcnen Passes fungieren, als w\u00e4ren sie Beamte. Doch mehr noch als \u00fcber den wirtschaftlichen Schaden mache ich mir Sorgen \u00fcber die sozialen Auswirkungen.<\/p>\n\n\n\n<p><em>iFamNews: Bitte f\u00fchren Sie das weiter aus.<\/em><\/p>\n\n\n\n<p><strong>Federica Picchi: <\/strong>Wenn wir die Idee akzeptieren, dass der Staat einen Teil der Bev\u00f6lkerung diskriminieren kann, und zwar nicht nur auf wissenschaftlicher Grundlage, sind die Szenarien d\u00fcster. Der Gr\u00fcne Pass oder ein \u00e4hnliches Instrument k\u00f6nnte die Notstandsphase \u00fcberstehen. Ich halte eine solche totalit\u00e4re Zukunft nicht f\u00fcr w\u00fcnschenswert.<\/p>\n\n\n\n<p><em>iFamNews: F\u00fchlen Sie sich mit Ihrer Entscheidung einsam?<\/em><\/p>\n\n\n\n<p><strong>Federica Picchi: <\/strong>Ich habe von dem sch\u00f6nen Zeugnis von Fabrizio Masucci gelesen, der von seinem Amt als Pr\u00e4sident und Direktor des Museums der Sansevero-Kapelle in Neapel zur\u00fcckgetreten ist, weil er mit der Verpflichtung, den Gr\u00fcnen Pass f\u00fcr den Zugang zum Museum zu verlangen, nicht einverstanden war. Ich denke, wir sind gar nicht so wenige. Sobald ich meine Entscheidung bekannt gab, wurde ich mit Solidarit\u00e4tsbekundungen \u00fcberh\u00e4uft. Und dann dient die Aussage von Einzelpersonen gerade dazu, die Dinge aufzur\u00fctteln: Vielleicht werden andere Unternehmer beschlie\u00dfen, meinem Beispiel zu folgen.<\/p>\n","protected":false},"excerpt":{"rendered":"<p>Federica Picchi, Gr\u00fcnderin von \u201eDominus Production\u201c, hat beschlossen, den Vertrieb ihrer Filme auszusetzen: \u201eIch glaube, dass in dieser Phase jeder von uns ein Zeichen setzen und Opfer bringen muss, denn der Wert der Freiheit ist zu wichtig, als dass man davon abweichen d\u00fcrfte.\u201c<\/p>\n","protected":false},"author":15,"featured_media":87519,"comment_status":"open","ping_status":"open","sticky":false,"template":"","format":"standard","meta":{"give_campaign_id":0,"om_disable_all_campaigns":false,"_monsterinsights_skip_tracking":false,"_monsterinsights_sitenote_active":false,"_monsterinsights_sitenote_note":"","_monsterinsights_sitenote_category":0,"mc4wp_mailchimp_campaign":[],"jnews-multi-image_gallery":[],"jnews_single_post":{"subtitle":"Federica Picchi, Gr\u00fcnderin von \u201eDominus Production\u201c, hat beschlossen, den Vertrieb ihrer Filme auszusetzen: \u201eIch glaube, dass in dieser Phase jeder von uns ein Zeichen setzen und Opfer bringen muss, denn der Wert der Freiheit ist zu wichtig, als dass man davon abweichen d\u00fcrfte.\u201c","format":"standard","video":"","gallery":"","source_name":"","source_url":"","via_name":"","via_url":"","override":[{"single_blog_custom":"","sidebar":"","second_sidebar":"","share_position":"","share_float_style":"","post_date_format":"","post_date_format_custom":"","post_reading_time_wpm":"","zoom_button_out_step":"1","zoom_button_in_step":"1","number_popup_post":"1"}],"image_override":[{"single_post_thumbnail_size":"","single_post_gallery_size":""}],"trending_post_position":"","trending_post_label":"","sponsored_post_label":"","sponsored_post_name":"","sponsored_post_url":"","sponsored_post_logo":"","sponsored_post_desc":""},"jnews_primary_category":{"id":"763"},"jnews_social_meta":[],"jnews_override_counter":[],"footnotes":""},"categories":[816,763,811],"tags":[10546,11862],"class_list":["post-88175","post","type-post","status-publish","format-standard","has-post-thumbnail","hentry","category-breaking-news-de","category-kultur","category-foreground-de","tag-covid-19-de-2","tag-dominus-produktion"],"yoast_head":"<!-- This site is optimized with the Yoast SEO Premium plugin v25.9 (Yoast SEO v27.3) - https:\/\/yoast.com\/product\/yoast-seo-premium-wordpress\/ -->\n<title>Italienische Filmproduktionsfirma setzt aus \u2013 um gegen \u201eGr\u00fcnen Impfpass\u201c zu demonstrieren - &quot;iFamNews&quot;<\/title>\n<meta name=\"description\" content=\"Federica Picchi, Gr\u00fcnderin von Dominus Production, beschloss, den Vertrieb ihrer Filme auszusetzen, um den Gr\u00fcnen Pass anzufechten: &quot;Ich glaube, dass in dieser Phase jeder von uns ein Zeichen setzen muss, auch um den Preis eines Opfers, denn der Wert der Freiheit ist zu wichtig, als dass man davon abweichen d\u00fcrfte.&quot;\" \/>\n<meta name=\"robots\" content=\"index, follow, max-snippet:-1, max-image-preview:large, max-video-preview:-1\" \/>\n<link rel=\"canonical\" href=\"https:\/\/ifamnews.com\/de\/italienische-filmproduktionsfirma-setzt-aus-um-gegen-gr-nen-impfpass-zu-demonstrieren\" \/>\n<meta property=\"og:locale\" content=\"de_DE\" \/>\n<meta property=\"og:type\" content=\"article\" \/>\n<meta property=\"og:title\" content=\"Italienische Filmproduktionsfirma setzt aus \u2013 um gegen \u201eGr\u00fcnen Impfpass\u201c zu demonstrieren\" \/>\n<meta property=\"og:description\" content=\"Federica Picchi, Gr\u00fcnderin von Dominus Production, beschloss, den Vertrieb ihrer Filme auszusetzen, um den Gr\u00fcnen Pass anzufechten: &quot;Ich glaube, dass in dieser Phase jeder von uns ein Zeichen setzen muss, auch um den Preis eines Opfers, denn der Wert der Freiheit ist zu wichtig, als dass man davon abweichen d\u00fcrfte.&quot;\" \/>\n<meta property=\"og:url\" content=\"https:\/\/ifamnews.com\/de\/italienische-filmproduktionsfirma-setzt-aus-um-gegen-gr-nen-impfpass-zu-demonstrieren\" \/>\n<meta property=\"og:site_name\" content=\"IFN\" \/>\n<meta property=\"article:publisher\" content=\"https:\/\/www.facebook.com\/iFamNews\" \/>\n<meta property=\"article:published_time\" content=\"2021-08-09T14:11:45+00:00\" \/>\n<meta property=\"article:modified_time\" content=\"2021-08-09T16:01:04+00:00\" \/>\n<meta property=\"og:image\" content=\"https:\/\/ifamnews.com\/wp-content\/uploads\/2021\/08\/Image-from-Pixabay.jpg\" \/>\n\t<meta property=\"og:image:width\" content=\"1200\" \/>\n\t<meta property=\"og:image:height\" content=\"675\" \/>\n\t<meta property=\"og:image:type\" content=\"image\/jpeg\" \/>\n<meta name=\"author\" content=\"Federico Cenci\" \/>\n<meta name=\"twitter:card\" content=\"summary_large_image\" \/>\n<meta name=\"twitter:creator\" content=\"@https:\/\/twitter.com\/fedecenci\" \/>\n<meta name=\"twitter:site\" content=\"@iFamNewsEN\" \/>\n<meta name=\"twitter:label1\" content=\"Verfasst von\" \/>\n\t<meta name=\"twitter:data1\" content=\"Federico Cenci\" \/>\n\t<meta name=\"twitter:label2\" content=\"Gesch\u00e4tzte Lesezeit\" \/>\n\t<meta name=\"twitter:data2\" content=\"4\u00a0Minuten\" \/>\n<!-- \/ Yoast SEO Premium plugin. -->","yoast_head_json":{"title":"Italienische Filmproduktionsfirma setzt aus \u2013 um gegen \u201eGr\u00fcnen Impfpass\u201c zu demonstrieren - \"iFamNews\"","description":"Federica Picchi, Gr\u00fcnderin von Dominus Production, beschloss, den Vertrieb ihrer Filme auszusetzen, um den Gr\u00fcnen Pass anzufechten: \"Ich glaube, dass in dieser Phase jeder von uns ein Zeichen setzen muss, auch um den Preis eines Opfers, denn der Wert der Freiheit ist zu wichtig, als dass man davon abweichen d\u00fcrfte.\"","robots":{"index":"index","follow":"follow","max-snippet":"max-snippet:-1","max-image-preview":"max-image-preview:large","max-video-preview":"max-video-preview:-1"},"canonical":"https:\/\/ifamnews.com\/de\/italienische-filmproduktionsfirma-setzt-aus-um-gegen-gr-nen-impfpass-zu-demonstrieren","og_locale":"de_DE","og_type":"article","og_title":"Italienische Filmproduktionsfirma setzt aus \u2013 um gegen \u201eGr\u00fcnen Impfpass\u201c zu demonstrieren","og_description":"Federica Picchi, Gr\u00fcnderin von Dominus Production, beschloss, den Vertrieb ihrer Filme auszusetzen, um den Gr\u00fcnen Pass anzufechten: \"Ich glaube, dass in dieser Phase jeder von uns ein Zeichen setzen muss, auch um den Preis eines Opfers, denn der Wert der Freiheit ist zu wichtig, als dass man davon abweichen d\u00fcrfte.\"","og_url":"https:\/\/ifamnews.com\/de\/italienische-filmproduktionsfirma-setzt-aus-um-gegen-gr-nen-impfpass-zu-demonstrieren","og_site_name":"IFN","article_publisher":"https:\/\/www.facebook.com\/iFamNews","article_published_time":"2021-08-09T14:11:45+00:00","article_modified_time":"2021-08-09T16:01:04+00:00","og_image":[{"width":1200,"height":675,"url":"https:\/\/ifamnews.com\/wp-content\/uploads\/2021\/08\/Image-from-Pixabay.jpg","type":"image\/jpeg"}],"author":"Federico Cenci","twitter_card":"summary_large_image","twitter_creator":"@https:\/\/twitter.com\/fedecenci","twitter_site":"@iFamNewsEN","twitter_misc":{"Verfasst von":"Federico Cenci","Gesch\u00e4tzte Lesezeit":"4\u00a0Minuten"},"schema":{"@context":"https:\/\/schema.org","@graph":[{"@type":"NewsArticle","@id":"https:\/\/ifamnews.com\/de\/italienische-filmproduktionsfirma-setzt-aus-um-gegen-gr-nen-impfpass-zu-demonstrieren#article","isPartOf":{"@id":"https:\/\/ifamnews.com\/de\/italienische-filmproduktionsfirma-setzt-aus-um-gegen-gr-nen-impfpass-zu-demonstrieren"},"author":{"name":"Federico Cenci","@id":"https:\/\/ifamnews.com\/en\/#\/schema\/person\/555378c4ec9e01d40ab9f2b5cee0c318"},"headline":"Italienische Filmproduktionsfirma setzt aus \u2013 um gegen \u201eGr\u00fcnen Impfpass\u201c zu demonstrieren","datePublished":"2021-08-09T14:11:45+00:00","dateModified":"2021-08-09T16:01:04+00:00","mainEntityOfPage":{"@id":"https:\/\/ifamnews.com\/de\/italienische-filmproduktionsfirma-setzt-aus-um-gegen-gr-nen-impfpass-zu-demonstrieren"},"wordCount":804,"commentCount":0,"publisher":{"@id":"https:\/\/ifamnews.com\/en\/#organization"},"image":{"@id":"https:\/\/ifamnews.com\/de\/italienische-filmproduktionsfirma-setzt-aus-um-gegen-gr-nen-impfpass-zu-demonstrieren#primaryimage"},"thumbnailUrl":"https:\/\/ifamnews.com\/wp-content\/uploads\/2021\/08\/Image-from-Pixabay.jpg","keywords":["COVID-19","Dominus Produktion"],"articleSection":["Breaking News","Kultur","Vordergrund"],"inLanguage":"de","potentialAction":[{"@type":"CommentAction","name":"Comment","target":["https:\/\/ifamnews.com\/de\/italienische-filmproduktionsfirma-setzt-aus-um-gegen-gr-nen-impfpass-zu-demonstrieren#respond"]}]},{"@type":"WebPage","@id":"https:\/\/ifamnews.com\/de\/italienische-filmproduktionsfirma-setzt-aus-um-gegen-gr-nen-impfpass-zu-demonstrieren","url":"https:\/\/ifamnews.com\/de\/italienische-filmproduktionsfirma-setzt-aus-um-gegen-gr-nen-impfpass-zu-demonstrieren","name":"Italienische Filmproduktionsfirma setzt aus \u2013 um gegen \u201eGr\u00fcnen Impfpass\u201c zu demonstrieren - \"iFamNews\"","isPartOf":{"@id":"https:\/\/ifamnews.com\/en\/#website"},"primaryImageOfPage":{"@id":"https:\/\/ifamnews.com\/de\/italienische-filmproduktionsfirma-setzt-aus-um-gegen-gr-nen-impfpass-zu-demonstrieren#primaryimage"},"image":{"@id":"https:\/\/ifamnews.com\/de\/italienische-filmproduktionsfirma-setzt-aus-um-gegen-gr-nen-impfpass-zu-demonstrieren#primaryimage"},"thumbnailUrl":"https:\/\/ifamnews.com\/wp-content\/uploads\/2021\/08\/Image-from-Pixabay.jpg","datePublished":"2021-08-09T14:11:45+00:00","dateModified":"2021-08-09T16:01:04+00:00","description":"Federica Picchi, Gr\u00fcnderin von Dominus Production, beschloss, den Vertrieb ihrer Filme auszusetzen, um den Gr\u00fcnen Pass anzufechten: \"Ich glaube, dass in dieser Phase jeder von uns ein Zeichen setzen muss, auch um den Preis eines Opfers, denn der Wert der Freiheit ist zu wichtig, als dass man davon abweichen d\u00fcrfte.\"","breadcrumb":{"@id":"https:\/\/ifamnews.com\/de\/italienische-filmproduktionsfirma-setzt-aus-um-gegen-gr-nen-impfpass-zu-demonstrieren#breadcrumb"},"inLanguage":"de","potentialAction":[{"@type":"ReadAction","target":["https:\/\/ifamnews.com\/de\/italienische-filmproduktionsfirma-setzt-aus-um-gegen-gr-nen-impfpass-zu-demonstrieren"]}]},{"@type":"ImageObject","inLanguage":"de","@id":"https:\/\/ifamnews.com\/de\/italienische-filmproduktionsfirma-setzt-aus-um-gegen-gr-nen-impfpass-zu-demonstrieren#primaryimage","url":"https:\/\/ifamnews.com\/wp-content\/uploads\/2021\/08\/Image-from-Pixabay.jpg","contentUrl":"https:\/\/ifamnews.com\/wp-content\/uploads\/2021\/08\/Image-from-Pixabay.jpg","width":1200,"height":675,"caption":"Bild von Pixabay"},{"@type":"BreadcrumbList","@id":"https:\/\/ifamnews.com\/de\/italienische-filmproduktionsfirma-setzt-aus-um-gegen-gr-nen-impfpass-zu-demonstrieren#breadcrumb","itemListElement":[{"@type":"ListItem","position":1,"name":"Home","item":"https:\/\/ifamnews.com\/de"},{"@type":"ListItem","position":2,"name":"Cultura","item":"https:\/\/ifamnews.com\/it\/categoria\/cultura"},{"@type":"ListItem","position":3,"name":"Italienische Filmproduktionsfirma setzt aus \u2013 um gegen \u201eGr\u00fcnen Impfpass\u201c zu demonstrieren"}]},{"@type":"WebSite","@id":"https:\/\/ifamnews.com\/en\/#website","url":"https:\/\/ifamnews.com\/en\/","name":"IFN","description":"International Family News Network","publisher":{"@id":"https:\/\/ifamnews.com\/en\/#organization"},"potentialAction":[{"@type":"SearchAction","target":{"@type":"EntryPoint","urlTemplate":"https:\/\/ifamnews.com\/en\/?s={search_term_string}"},"query-input":{"@type":"PropertyValueSpecification","valueRequired":true,"valueName":"search_term_string"}}],"inLanguage":"de"},{"@type":"Organization","@id":"https:\/\/ifamnews.com\/en\/#organization","name":"iFamNews","url":"https:\/\/ifamnews.com\/en\/","logo":{"@type":"ImageObject","inLanguage":"de","@id":"https:\/\/ifamnews.com\/en\/#\/schema\/logo\/image\/","url":"https:\/\/ifamnews.com\/wp-content\/uploads\/2020\/01\/Share-logo.png","contentUrl":"https:\/\/ifamnews.com\/wp-content\/uploads\/2020\/01\/Share-logo.png","width":200,"height":200,"caption":"iFamNews"},"image":{"@id":"https:\/\/ifamnews.com\/en\/#\/schema\/logo\/image\/"},"sameAs":["https:\/\/www.facebook.com\/iFamNews","https:\/\/x.com\/iFamNewsEN"]},{"@type":"Person","@id":"https:\/\/ifamnews.com\/en\/#\/schema\/person\/555378c4ec9e01d40ab9f2b5cee0c318","name":"Federico Cenci","image":{"@type":"ImageObject","inLanguage":"de","@id":"https:\/\/secure.gravatar.com\/avatar\/535f77b8447d05f39d4ca941654f7a7b7d712f3d72f0b4b185747785f5a8e745?s=96&d=mm&r=g","url":"https:\/\/secure.gravatar.com\/avatar\/535f77b8447d05f39d4ca941654f7a7b7d712f3d72f0b4b185747785f5a8e745?s=96&d=mm&r=g","contentUrl":"https:\/\/secure.gravatar.com\/avatar\/535f77b8447d05f39d4ca941654f7a7b7d712f3d72f0b4b185747785f5a8e745?s=96&d=mm&r=g","caption":"Federico Cenci"},"description":"Federico Cenci worked from 2013 to 2017 at the Catholic Zenit press agency dealing with social and religious issues, bioethics, family policies, as well as domestic and international politics. He then continued his business with In Terris, and currently with various newspapers and periodicals. In 2020 he wrote the novel \"East Berlin 2.0 - Notes between dystopia and reality\"","sameAs":["https:\/\/x.com\/https:\/\/twitter.com\/fedecenci"],"url":"https:\/\/ifamnews.com\/de\/author\/fcenci"}]}},"amp_enabled":true,"_links":{"self":[{"href":"https:\/\/ifamnews.com\/de\/wp-json\/wp\/v2\/posts\/88175","targetHints":{"allow":["GET"]}}],"collection":[{"href":"https:\/\/ifamnews.com\/de\/wp-json\/wp\/v2\/posts"}],"about":[{"href":"https:\/\/ifamnews.com\/de\/wp-json\/wp\/v2\/types\/post"}],"author":[{"embeddable":true,"href":"https:\/\/ifamnews.com\/de\/wp-json\/wp\/v2\/users\/15"}],"replies":[{"embeddable":true,"href":"https:\/\/ifamnews.com\/de\/wp-json\/wp\/v2\/comments?post=88175"}],"version-history":[{"count":5,"href":"https:\/\/ifamnews.com\/de\/wp-json\/wp\/v2\/posts\/88175\/revisions"}],"predecessor-version":[{"id":88189,"href":"https:\/\/ifamnews.com\/de\/wp-json\/wp\/v2\/posts\/88175\/revisions\/88189"}],"wp:featuredmedia":[{"embeddable":true,"href":"https:\/\/ifamnews.com\/de\/wp-json\/wp\/v2\/media\/87519"}],"wp:attachment":[{"href":"https:\/\/ifamnews.com\/de\/wp-json\/wp\/v2\/media?parent=88175"}],"wp:term":[{"taxonomy":"category","embeddable":true,"href":"https:\/\/ifamnews.com\/de\/wp-json\/wp\/v2\/categories?post=88175"},{"taxonomy":"post_tag","embeddable":true,"href":"https:\/\/ifamnews.com\/de\/wp-json\/wp\/v2\/tags?post=88175"}],"curies":[{"name":"wp","href":"https:\/\/api.w.org\/{rel}","templated":true}]}}