{"id":86201,"date":"2021-08-04T01:00:00","date_gmt":"2021-08-04T05:00:00","guid":{"rendered":"https:\/\/ifamnews.com\/?p=86201"},"modified":"2021-08-04T05:15:53","modified_gmt":"2021-08-04T09:15:53","slug":"rev-graham-erh-lt-entsch-digung","status":"publish","type":"post","link":"https:\/\/ifamnews.com\/de\/rev-graham-erh-lt-entsch-digung","title":{"rendered":"Evangelikaler Prediger Graham erh\u00e4lt Entsch\u00e4digung nachdem er wegen LGBT-Haltung ausgeschlossen wurde"},"content":{"rendered":"\n<h2 class=\"wp-block-heading\" id=\"h-leben\"><strong>Leben<\/strong><\/h2>\n\n\n\n<ul class=\"wp-block-list\"><li>USA: Die Aussagen des \u00d6konomen Paul Krugman \u00fcber <a href=\"https:\/\/fee.org\/articles\/the-malthusian-fallacy-paul-krugman-just-fell-for\/\">die Richtigkeit der malthusianischen Theorie werden durch eine Analyse der <em>Foundation for Economic Education<\/em> widerlegt<\/a><br><\/li><li>Der argentinische Richter Alfredo L\u00f3pez vom Bundesgerichtshof in La Plata, der letzte Woche das Abtreibungsgesetz bis zu einer Entscheidung \u00fcber seine Verfassungsm\u00e4\u00dfigkeit ausgesetzt hat, fordert <a href=\"https:\/\/paraula.org\/entrevistas\/ante-el-derecho-a-la-vida-hay-que-pasar-de-la-defensiva-a-la-ofensiva-el-juez-que-paralizo-la-ley-del-aborto-en-argentina-en-valencia\/\">die Pro-Life-Bef\u00fcrworter auf, \u201ein die Offensive zu gehen\u201c.<\/a><br><\/li><li>Der Pr\u00e4sident der Republik Guatemala, Alejandro Giammattei, bekr\u00e4ftigte, er werde das Gesetz zur Religionsfreiheit, das auch den <a href=\"https:\/\/www.eltiempo.com\/politica\/gobierno\/duque-invito-a-rechazar-a-los-promotores-del-odio-604618\">verfassungsm\u00e4\u00dfigen Schutz ungeborenen Lebens und der nat\u00fcrlichen Familie vorsieht,<\/a> unterzeichnen.<br><\/li><li>Der italienische Operns\u00e4nger Andrea Bocelli nimmt eine neue Version des ber\u00fchmten Liedes <em>Mamma<\/em> auf zu Ehren seiner <a href=\"https:\/\/www.youtube.com\/watch?v=ElAG0xB9t8s\">Mutter, die sich weigerte, ihn abzutreiben<\/a>.<br><\/li><li>In Gro\u00dfbritannien w\u00e4chst die Anzahl \u00f6ffentlicher <em>Testimonials<\/em> mit Down-Syndrom, <a href=\"https:\/\/righttolife.org.uk\/news\/people-with-disabilities-speak-out-against-baroness-meachers-assisted-suicide-bill\">die gegen die im Unterhaus debattierten Euthanasie-Gesetze Stellung nehmen.<\/a><\/li><\/ul>\n\n\n\n<h3 class=\"wp-block-heading\" id=\"h-familie\"><strong>Familie<\/strong><\/h3>\n\n\n\n<ul class=\"wp-block-list\"><li>Die katholische Bischofskonferenz in Spanien stellt ihr erneuertes <a href=\"https:\/\/www.religionenlibertad.com\/espana\/235487719\/mazuelos-familia-cristiana-esperanza-mundo-moda.html\">Engagement f\u00fcr die nat\u00fcrliche Familie<\/a> als Modell f\u00fcr junge Menschen in den Mittelpunkt.<br><\/li><li>Eine Konferenz der <em>International Federation for Family Development<\/em> beleuchtet <a href=\"https:\/\/www.youtube.com\/watch?v=9QXLvS8lEds\">die positiven und negativen Trends<\/a>, denen europ\u00e4ische Familien in der nahen Zukunft gegen\u00fcberstehen.<br><\/li><li><em>American Principles Project<\/em> nennt <a href=\"https:\/\/www.dailysignal.com\/2021\/07\/19\/why-families-are-key-to-saving-america\/\">die nat\u00fcrliche Familie<\/a> den Schl\u00fcssel zur Wiederbelebung des amerikanischen Traums.<br><\/li><li>In Australien w\u00e4chst der Protest gegen die <em>Australian Breastfeeding Association<\/em>, nachdem dessen Leitung bekannt gab, auch <a href=\"https:\/\/www.binary.org.au\/men_cannot_breastfeed\">\u201eTransgender-M\u00fctter\u201c zu unterst\u00fctzen<\/a>.<\/li><\/ul>\n\n\n\n<h3 class=\"wp-block-heading\" id=\"h-lgbt\"><strong>LGBT+<\/strong><\/h3>\n\n\n\n<ul class=\"wp-block-list\"><li>Die britische Schriftstellerin J.K. Rowling <a href=\"https:\/\/www.breitbart.com\/entertainment\/2021\/07\/19\/j-k-rowling-fires-back-after-hundreds-of-transgender-activists-threatened-to-beat-rape-assassinate-and-bomb-her\/\">beweist Standhaftigkeit und Entschlossenheit<\/a> angesichts der erneuten Drohungen von Verfechtern der LGBT+-Ideologie in den sozialen Medien.<br><\/li><li>Als Reaktion auf die Kritik und die Drohungen der Europ\u00e4ischen Union k\u00fcndigt Ungarns Ministerpr\u00e4sident <a href=\"https:\/\/www.euractiv.com\/section\/non-discrimination\/news\/orban-announces-referendum-on-controversial-lgbtqi-law-provisions\/\">Viktor Orb\u00e1n eine Volksbefragung an, um \u00fcber das Gesetz zum Schutz von Minderj\u00e4hrigen vor jeglicher hetero- und homosexueller Beeinflussung abzustimmen<\/a>.<br><\/li><li>Nach dem Veto des Gouverneurs wird der US-Staat Louisiana nun erneut und diesmal endg\u00fcltig \u00fcber das <a href=\"https:\/\/www.theblaze.com\/news\/la-state-senate-votes-to-override-veto-of-bill-to-block-biological-males-from-girls-school-sports\">Gesetz zum Schutz von Frauensportwettk\u00e4mpfen<\/a>, das die Teilnahme von Transgender-Athleten verbietet, abstimmen.<br><\/li><li>Bereits 17 Justizminister verschiedener Bundesstaaten unterst\u00fctzen das <a href=\"https:\/\/www.christianpost.com\/news\/17-ags-defend-arkansas-law-banning-puberty-blockers-for-kids.html?clickType=link-most-popular\">Gesetz aus Arkansas, das pubert\u00e4tshemmende Medikamente<\/a> und Operationen zur Geschlechtsumwandlung verbieten soll.<\/li><\/ul>\n\n\n\n<h3 class=\"wp-block-heading\" id=\"h-religionsfreiheit\"><strong>Religionsfreiheit <\/strong><\/h3>\n\n\n\n<ul class=\"wp-block-list\"><li>Der serbische Wimbledon-Sieger Novak Djokovic ist stolz darauf, sich <a href=\"https:\/\/aleteia.org\/2018\/01\/20\/novak-djokovic-before-i-am-an-athlete-i-am-an-orthodox-christian\/\">zuallererst als orthodoxer Christ<\/a> und erst dann als Sportler zu bezeichnen.<br><\/li><li>Pr\u00e4sident, Iv\u00e1n Duque M\u00e1rquez, ruft Kolumbiens B\u00fcrger dazu auf, <a href=\"https:\/\/www.eltiempo.com\/politica\/gobierno\/duque-invito-a-rechazar-a-los-promotores-del-odio-604618\">f\u00fcr die Aufst\u00e4ndischen und Terroristen zu beten<\/a>, die das Land mit Blut besudeln.<br><\/li><li>In Gro\u00dfbritannien wird der evangelikale Pastor Franklin Graham, der letztes Jahr aufgrund seiner Anti-LGBT+-Einstellung von einer \u00f6ffentlichen Versammlung ausgeschlossen wurde, <a href=\"https:\/\/www.christian.org.uk\/news\/blackpool-council-ordered-to-pay-out-over-100k-for-discriminating-against-christians\/\">eine Entsch\u00e4digung<\/a> in H\u00f6he von 100.000 Pfund erhalten.<br><\/li><li><a href=\"https:\/\/es.aleteia.org\/2021\/07\/15\/7-atletas-que-van-a-los-juegos-olimpicos-armados-con-su-fe\/\">Mindestens sieben Leichtathleten<\/a> des US-amerikanischen Olympiateams bekennen, stolz auf ihren christlichen Glauben zu sein.<\/li><\/ul>\n","protected":false},"excerpt":{"rendered":"<p>Spotlight auf die guten Dinge, die in der Welt passieren \u2013 Eine Zusammenfassung<\/p>\n","protected":false},"author":54,"featured_media":85576,"comment_status":"open","ping_status":"open","sticky":false,"template":"","format":"standard","meta":{"give_campaign_id":0,"om_disable_all_campaigns":false,"_monsterinsights_skip_tracking":false,"_monsterinsights_sitenote_active":false,"_monsterinsights_sitenote_note":"","_monsterinsights_sitenote_category":0,"mc4wp_mailchimp_campaign":[],"jnews-multi-image_gallery":[],"jnews_single_post":{"subtitle":"Spotlight auf die guten Dinge, die in der Welt passieren \u2013 Eine Zusammenfassung","format":"standard","video":"","gallery":"","source_name":"","source_url":"","via_name":"","via_url":"","override":[{"single_blog_custom":"","sidebar":"","second_sidebar":"","share_position":"","share_float_style":"","post_date_format":"","post_date_format_custom":"","post_reading_time_wpm":"","zoom_button_out_step":"1","zoom_button_in_step":"1","number_popup_post":"1"}],"image_override":[{"single_post_thumbnail_size":"","single_post_gallery_size":""}],"trending_post_position":"","trending_post_label":"","sponsored_post_label":"","sponsored_post_name":"","sponsored_post_url":"","sponsored_post_logo":"","sponsored_post_desc":""},"jnews_primary_category":{"id":"770"},"jnews_social_meta":[],"jnews_override_counter":[],"footnotes":""},"categories":[816,770,811],"tags":[2739,1876,6941,3055],"class_list":["post-86201","post","type-post","status-publish","format-standard","has-post-thumbnail","hentry","category-breaking-news-de","category-familie","category-foreground-de","tag-christentum","tag-familie","tag-lgbt-ideologie","tag-religionsfreiheit"],"yoast_head":"<!-- This site is optimized with the Yoast SEO Premium plugin v25.9 (Yoast SEO v27.3) - https:\/\/yoast.com\/product\/yoast-seo-premium-wordpress\/ -->\n<title>Evangelikaler Prediger Graham erh\u00e4lt Entsch\u00e4digung nachdem er wegen LGBT-Haltung ausgeschlossen wurde - IFN<\/title>\n<meta name=\"robots\" content=\"index, follow, max-snippet:-1, max-image-preview:large, max-video-preview:-1\" \/>\n<link rel=\"canonical\" href=\"https:\/\/ifamnews.com\/de\/rev-graham-erh-lt-entsch-digung\" \/>\n<meta property=\"og:locale\" content=\"de_DE\" \/>\n<meta property=\"og:type\" content=\"article\" \/>\n<meta property=\"og:title\" content=\"Evangelikaler Prediger Graham erh\u00e4lt Entsch\u00e4digung nachdem er wegen LGBT-Haltung ausgeschlossen wurde\" \/>\n<meta property=\"og:description\" content=\"Spotlight auf die guten Dinge, die in der Welt passieren \u2013 Eine Zusammenfassung\" \/>\n<meta property=\"og:url\" content=\"https:\/\/ifamnews.com\/de\/rev-graham-erh-lt-entsch-digung\" \/>\n<meta property=\"og:site_name\" content=\"IFN\" \/>\n<meta property=\"article:publisher\" content=\"https:\/\/www.facebook.com\/iFamNews\" \/>\n<meta property=\"article:author\" content=\"https:\/\/facebook.com\/lvolonte1\" \/>\n<meta property=\"article:published_time\" content=\"2021-08-04T05:00:00+00:00\" \/>\n<meta property=\"article:modified_time\" content=\"2021-08-04T09:15:53+00:00\" \/>\n<meta property=\"og:image\" content=\"https:\/\/ifamnews.com\/wp-content\/uploads\/2021\/07\/graham1-1-750x536-1.jpeg\" \/>\n\t<meta property=\"og:image:width\" content=\"1200\" \/>\n\t<meta property=\"og:image:height\" content=\"675\" \/>\n\t<meta property=\"og:image:type\" content=\"image\/jpeg\" \/>\n<meta name=\"author\" content=\"Luca Volont\u00e8\" \/>\n<meta name=\"twitter:card\" content=\"summary_large_image\" \/>\n<meta name=\"twitter:creator\" content=\"@https:\/\/twitter.com\/l_volonte\" \/>\n<meta name=\"twitter:site\" content=\"@iFamNewsEN\" \/>\n<meta name=\"twitter:label1\" content=\"Verfasst von\" \/>\n\t<meta name=\"twitter:data1\" content=\"Luca Volont\u00e8\" \/>\n\t<meta name=\"twitter:label2\" content=\"Gesch\u00e4tzte Lesezeit\" \/>\n\t<meta name=\"twitter:data2\" content=\"2\u00a0Minuten\" \/>\n<!-- \/ Yoast SEO Premium plugin. -->","yoast_head_json":{"title":"Evangelikaler Prediger Graham erh\u00e4lt Entsch\u00e4digung nachdem er wegen LGBT-Haltung ausgeschlossen wurde - IFN","robots":{"index":"index","follow":"follow","max-snippet":"max-snippet:-1","max-image-preview":"max-image-preview:large","max-video-preview":"max-video-preview:-1"},"canonical":"https:\/\/ifamnews.com\/de\/rev-graham-erh-lt-entsch-digung","og_locale":"de_DE","og_type":"article","og_title":"Evangelikaler Prediger Graham erh\u00e4lt Entsch\u00e4digung nachdem er wegen LGBT-Haltung ausgeschlossen wurde","og_description":"Spotlight auf die guten Dinge, die in der Welt passieren \u2013 Eine Zusammenfassung","og_url":"https:\/\/ifamnews.com\/de\/rev-graham-erh-lt-entsch-digung","og_site_name":"IFN","article_publisher":"https:\/\/www.facebook.com\/iFamNews","article_author":"https:\/\/facebook.com\/lvolonte1","article_published_time":"2021-08-04T05:00:00+00:00","article_modified_time":"2021-08-04T09:15:53+00:00","og_image":[{"width":1200,"height":675,"url":"https:\/\/ifamnews.com\/wp-content\/uploads\/2021\/07\/graham1-1-750x536-1.jpeg","type":"image\/jpeg"}],"author":"Luca Volont\u00e8","twitter_card":"summary_large_image","twitter_creator":"@https:\/\/twitter.com\/l_volonte","twitter_site":"@iFamNewsEN","twitter_misc":{"Verfasst von":"Luca Volont\u00e8","Gesch\u00e4tzte Lesezeit":"2\u00a0Minuten"},"schema":{"@context":"https:\/\/schema.org","@graph":[{"@type":"NewsArticle","@id":"https:\/\/ifamnews.com\/de\/rev-graham-erh-lt-entsch-digung#article","isPartOf":{"@id":"https:\/\/ifamnews.com\/de\/rev-graham-erh-lt-entsch-digung"},"author":{"name":"Luca Volont\u00e8","@id":"https:\/\/ifamnews.com\/en\/#\/schema\/person\/bed5b7c6161f317421caa94dc3be6a53"},"headline":"Evangelikaler Prediger Graham erh\u00e4lt Entsch\u00e4digung nachdem er wegen LGBT-Haltung ausgeschlossen wurde","datePublished":"2021-08-04T05:00:00+00:00","dateModified":"2021-08-04T09:15:53+00:00","mainEntityOfPage":{"@id":"https:\/\/ifamnews.com\/de\/rev-graham-erh-lt-entsch-digung"},"wordCount":443,"commentCount":0,"publisher":{"@id":"https:\/\/ifamnews.com\/en\/#organization"},"image":{"@id":"https:\/\/ifamnews.com\/de\/rev-graham-erh-lt-entsch-digung#primaryimage"},"thumbnailUrl":"https:\/\/ifamnews.com\/wp-content\/uploads\/2021\/07\/graham1-1-750x536-1.jpeg","keywords":["Christentum","Familie","LGBT-Ideologie","Religionsfreiheit"],"articleSection":["Breaking News","Familie","Vordergrund"],"inLanguage":"de","potentialAction":[{"@type":"CommentAction","name":"Comment","target":["https:\/\/ifamnews.com\/de\/rev-graham-erh-lt-entsch-digung#respond"]}]},{"@type":"WebPage","@id":"https:\/\/ifamnews.com\/de\/rev-graham-erh-lt-entsch-digung","url":"https:\/\/ifamnews.com\/de\/rev-graham-erh-lt-entsch-digung","name":"Evangelikaler Prediger Graham erh\u00e4lt Entsch\u00e4digung nachdem er wegen LGBT-Haltung ausgeschlossen wurde - IFN","isPartOf":{"@id":"https:\/\/ifamnews.com\/en\/#website"},"primaryImageOfPage":{"@id":"https:\/\/ifamnews.com\/de\/rev-graham-erh-lt-entsch-digung#primaryimage"},"image":{"@id":"https:\/\/ifamnews.com\/de\/rev-graham-erh-lt-entsch-digung#primaryimage"},"thumbnailUrl":"https:\/\/ifamnews.com\/wp-content\/uploads\/2021\/07\/graham1-1-750x536-1.jpeg","datePublished":"2021-08-04T05:00:00+00:00","dateModified":"2021-08-04T09:15:53+00:00","breadcrumb":{"@id":"https:\/\/ifamnews.com\/de\/rev-graham-erh-lt-entsch-digung#breadcrumb"},"inLanguage":"de","potentialAction":[{"@type":"ReadAction","target":["https:\/\/ifamnews.com\/de\/rev-graham-erh-lt-entsch-digung"]}]},{"@type":"ImageObject","inLanguage":"de","@id":"https:\/\/ifamnews.com\/de\/rev-graham-erh-lt-entsch-digung#primaryimage","url":"https:\/\/ifamnews.com\/wp-content\/uploads\/2021\/07\/graham1-1-750x536-1.jpeg","contentUrl":"https:\/\/ifamnews.com\/wp-content\/uploads\/2021\/07\/graham1-1-750x536-1.jpeg","width":1200,"height":675,"caption":"Il rev. Franklin Graham"},{"@type":"BreadcrumbList","@id":"https:\/\/ifamnews.com\/de\/rev-graham-erh-lt-entsch-digung#breadcrumb","itemListElement":[{"@type":"ListItem","position":1,"name":"Home","item":"https:\/\/ifamnews.com\/de"},{"@type":"ListItem","position":2,"name":"Famiglia","item":"https:\/\/ifamnews.com\/it\/categoria\/famiglia"},{"@type":"ListItem","position":3,"name":"Evangelikaler Prediger Graham erh\u00e4lt Entsch\u00e4digung nachdem er wegen LGBT-Haltung ausgeschlossen wurde"}]},{"@type":"WebSite","@id":"https:\/\/ifamnews.com\/en\/#website","url":"https:\/\/ifamnews.com\/en\/","name":"IFN","description":"International Family News Network","publisher":{"@id":"https:\/\/ifamnews.com\/en\/#organization"},"potentialAction":[{"@type":"SearchAction","target":{"@type":"EntryPoint","urlTemplate":"https:\/\/ifamnews.com\/en\/?s={search_term_string}"},"query-input":{"@type":"PropertyValueSpecification","valueRequired":true,"valueName":"search_term_string"}}],"inLanguage":"de"},{"@type":"Organization","@id":"https:\/\/ifamnews.com\/en\/#organization","name":"iFamNews","url":"https:\/\/ifamnews.com\/en\/","logo":{"@type":"ImageObject","inLanguage":"de","@id":"https:\/\/ifamnews.com\/en\/#\/schema\/logo\/image\/","url":"https:\/\/ifamnews.com\/wp-content\/uploads\/2020\/01\/Share-logo.png","contentUrl":"https:\/\/ifamnews.com\/wp-content\/uploads\/2020\/01\/Share-logo.png","width":200,"height":200,"caption":"iFamNews"},"image":{"@id":"https:\/\/ifamnews.com\/en\/#\/schema\/logo\/image\/"},"sameAs":["https:\/\/www.facebook.com\/iFamNews","https:\/\/x.com\/iFamNewsEN"]},{"@type":"Person","@id":"https:\/\/ifamnews.com\/en\/#\/schema\/person\/bed5b7c6161f317421caa94dc3be6a53","name":"Luca Volont\u00e8","image":{"@type":"ImageObject","inLanguage":"de","@id":"https:\/\/secure.gravatar.com\/avatar\/354ed6bca06f9968278e6eb25fa8a123306c69f5c50f711836cf12e6c8ecbbf6?s=96&d=mm&r=g","url":"https:\/\/secure.gravatar.com\/avatar\/354ed6bca06f9968278e6eb25fa8a123306c69f5c50f711836cf12e6c8ecbbf6?s=96&d=mm&r=g","contentUrl":"https:\/\/secure.gravatar.com\/avatar\/354ed6bca06f9968278e6eb25fa8a123306c69f5c50f711836cf12e6c8ecbbf6?s=96&d=mm&r=g","caption":"Luca Volont\u00e8"},"description":"Luca Volont\u00e8 was an Italian parliamentarian from 1996 to 2013, and served as president of the PPE-CD at the Assembly of the Council of Europe. Publicly engaged for decades in the promotion of life, family and religious and educational freedom, Luca\u00a0 has served as a board member for various international organizations promoting Christian values and human rights, including his current role as a board member of the International Organization for the Family. He has authored books and essays for the Novae Terrae series by the publisher Rubbettino; he has been a correspondent for several Italian newspapers, and currently collaborates with La nuova Bussola Quotidiana, an online newspaper. He is a also a great bicycle enthusiast.","sameAs":["https:\/\/facebook.com\/lvolonte1","https:\/\/x.com\/https:\/\/twitter.com\/l_volonte"],"url":"https:\/\/ifamnews.com\/de\/author\/lvolonte"}]}},"amp_enabled":true,"_links":{"self":[{"href":"https:\/\/ifamnews.com\/de\/wp-json\/wp\/v2\/posts\/86201","targetHints":{"allow":["GET"]}}],"collection":[{"href":"https:\/\/ifamnews.com\/de\/wp-json\/wp\/v2\/posts"}],"about":[{"href":"https:\/\/ifamnews.com\/de\/wp-json\/wp\/v2\/types\/post"}],"author":[{"embeddable":true,"href":"https:\/\/ifamnews.com\/de\/wp-json\/wp\/v2\/users\/54"}],"replies":[{"embeddable":true,"href":"https:\/\/ifamnews.com\/de\/wp-json\/wp\/v2\/comments?post=86201"}],"version-history":[{"count":4,"href":"https:\/\/ifamnews.com\/de\/wp-json\/wp\/v2\/posts\/86201\/revisions"}],"predecessor-version":[{"id":87513,"href":"https:\/\/ifamnews.com\/de\/wp-json\/wp\/v2\/posts\/86201\/revisions\/87513"}],"wp:featuredmedia":[{"embeddable":true,"href":"https:\/\/ifamnews.com\/de\/wp-json\/wp\/v2\/media\/85576"}],"wp:attachment":[{"href":"https:\/\/ifamnews.com\/de\/wp-json\/wp\/v2\/media?parent=86201"}],"wp:term":[{"taxonomy":"category","embeddable":true,"href":"https:\/\/ifamnews.com\/de\/wp-json\/wp\/v2\/categories?post=86201"},{"taxonomy":"post_tag","embeddable":true,"href":"https:\/\/ifamnews.com\/de\/wp-json\/wp\/v2\/tags?post=86201"}],"curies":[{"name":"wp","href":"https:\/\/api.w.org\/{rel}","templated":true}]}}