{"id":86149,"date":"2021-07-30T01:00:00","date_gmt":"2021-07-30T05:00:00","guid":{"rendered":"https:\/\/ifamnews.com\/?p=86149"},"modified":"2021-07-25T07:08:10","modified_gmt":"2021-07-25T11:08:10","slug":"irland-stoppt-euthanasie","status":"publish","type":"post","link":"https:\/\/ifamnews.com\/de\/irland-stoppt-euthanasie","title":{"rendered":"Irland stoppt Euthanasie"},"content":{"rendered":"\n<p>Gute Nachrichten aus Irland, wenigstens dieses eine Mal. <a href=\"https:\/\/data.oireachtas.ie\/ie\/oireachtas\/committee\/dail\/33\/joint_committee_on_justice\/reports\/2021\/2021-07-21_report-on-scrutiny-of-the-dying-with-dignity-bill-2020-pmb_en.pdf\">Am Mittwoch, den 21. Juli, lehnte der Justizausschuss des Dubliner Parlaments einen Gesetzesentwurf ab, der Beihilfe zum Suizid und Euthanasie eingef\u00fchrt h\u00e4tten.<\/a> Das Ergebnis war keineswegs eine ausgemachte Sache, wurde jedoch dank der unerm\u00fcdlichen Arbeit von Pro-Life-Gruppen und dem deutlichen und geschlossenen Widerstand der \u00c4rzteschaft erzielt.<\/p>\n\n\n\n<p>Der Gesetzesentwurf war von einem Mitglied der kleinen linksradikalen Partei <em>People Before Profit<\/em> eingereicht worden und hatte im vergangenen Jahr \u00fcberraschenderweise die anf\u00e4ngliche Unterst\u00fctzung einiger Vertreter der Regierungskoalition erhalten, z.B. des ehemaligen Premierministers Leo Varadkar sowie des Gesundheits- und des Justizministers. Ein \u00e4hnlicher Vorschlag war im Jahr 2015 bereits abgelehnt worden.<\/p>\n\n\n\n<p>Nach einer \u00f6ffentlichen Anh\u00f6rung hat die Justizkommission nun beschlossen, nicht mit der Beurteilung des Entwurfs fortzufahren, sondern empfahl dem Parlament, eine Sonderkommission zum Thema Sterbehilfe und assistiertem Suizid zu bilden.<\/p>\n\n\n\n<p>Nat\u00fcrlich ist dies kein absolutes Veto, aber angesichts des langwierigen parlamentarischen Zeitrahmens aufgrund des CoViD-19-Notstands ist es unwahrscheinlich, dass die k\u00fcnftige Sonderkommission ihre Arbeit vor dem Ende der Legislaturperiode abschlie\u00dfen wird. Noch schwieriger wird es, falls die Parlamentswahlen vorgezogen werden, was nicht auszuschlie\u00dfen ist.<\/p>\n\n\n\n<p>Zwei Faktoren haben zu dieser wichtigen Entscheidung gef\u00fchrt: Zum einen der gro\u00dfe Widerstand, der in den Beitr\u00e4gen im Rahmen der \u00f6ffentlichen Anh\u00f6rung zum Ausdruck kam, allen voran seitens der \u00c4rzte und des medizinischen Personals; zum anderen die kritische Stellungnahme der Justizkommission des Parlaments, das im Gesetzesentwurfstext gravierende L\u00fccken und eine m\u00f6gliche Unvereinbarkeit mit der Verfassung festgestellt hat.<\/p>\n\n\n\n<div class=\"wp-block-image\"><figure class=\"alignleft size-large is-resized\"><a href=\"https:\/\/data.oireachtas.ie\/ie\/oireachtas\/committee\/dail\/33\/joint_committee_on_justice\/reports\/2021\/2021-07-21_report-on-scrutiny-of-the-dying-with-dignity-bill-2020-pmb_en.pdf\" target=\"_blank\" rel=\"noopener\"><img decoding=\"async\" src=\"https:\/\/ifamnews.com\/wp-content\/uploads\/2021\/07\/Irlanda-1024x766.png\" alt=\"Irlanda eutanasia\" class=\"wp-image-85674\" width=\"720\" height=\"539\" srcset=\"https:\/\/ifamnews.com\/wp-content\/uploads\/2021\/07\/Irlanda-1024x766.png 1024w, https:\/\/ifamnews.com\/wp-content\/uploads\/2021\/07\/Irlanda-768x575.png 768w, https:\/\/ifamnews.com\/wp-content\/uploads\/2021\/07\/Irlanda-750x561.png 750w, https:\/\/ifamnews.com\/wp-content\/uploads\/2021\/07\/Irlanda.png 1065w\" sizes=\"(max-width: 720px) 100vw, 720px\" \/><\/a><figcaption><br>Die Ablehnung des Gesetzentwurfs in der Justizkommission<\/figcaption><\/figure><\/div>\n\n\n\n<p>Bei der \u00f6ffentlichen Anh\u00f6rung gingen 1.400 Beitr\u00e4ge von B\u00fcrgern und Vereinigungen ein. Die Pro-Life-Bewegung, in all ihren verschiedenen Formen, hat in den medizinischen Berufsverb\u00e4nden und in Organisationen, die sich f\u00fcr die Rechte von Behinderten einsetzen, Unterst\u00fctzung gefunden.<\/p>\n\n\n\n<p>Alle medizinischen Berufsverb\u00e4nde sprachen sich gegen den Gesetzentwurf aus, da er das Arzt-Patienten-Verh\u00e4ltnis und den eigentlichen Zweck der Medizin &#8211; der nicht im T\u00f6ten, sondern in der Betreuung der Kranken liegt \u2013 verzerren w\u00fcrde. Einen wesentlichen Beitrag steuerten die Palliativmediziner bei, die t\u00e4glich mit \u201eGrenzf\u00e4llen\u201c zu tun haben.<\/p>\n\n\n\n<p>Die Pro-Euthanasie-Front br\u00fcstet sich nun mit der vermeintlichen R\u00fcckendeckung von Seiten der \u00d6ffentlichkeit, die sich jedoch nicht in den Antworten w\u00e4hrend der Anh\u00f6rung niederschlug. Ein Zeichen daf\u00fcr, dass die Pro-Life-Bewegung trotz der schweren Niederlage, die sie beim Abtreibungsreferendum 2018 erlitten hat, immer noch in der Lage ist, sich erfolgreich zu organisieren und die Dinge zu beeinflussen.<\/p>\n\n\n\n<p>In der Tat hatte sich Irland in den letzten Jahren in die entgegengesetzte Richtung bewegt. Es gab zwei Volksabstimmungen: eine hatte das Konzept der Familie neu definiert und die \u201eEhe\u201c auf gleichgeschlechtliche Paare ausgedehnt; die andere hatte den Paragraphen zum Schutz pr\u00e4natalen Lebens aus der Verfassung gestrichen und somit die Abtreibung legalisiert. Dar\u00fcber hinaus haben irische Politiker aller Fraktionen in letzter Zeit bei entscheidenden Fragen, wie k\u00fcnstliche Befruchtung, Leihmutterschaft oder das Thema Gender, durchweg sehr liberale Positionen vertreten.<\/p>\n\n\n\n<p>Der heutige kleine, aber dennoch feine Sieg der Pro-Life-Front markiert daher einen Richtungswechsel, der Hoffnung macht. Es bleibt abzuwarten, ob es sich nur um eine vor\u00fcbergehende Entwicklung handelt oder um etwas mehr. Manch einer wird nun sicher behaupten, die Regierungsparteien haben eine neue Spaltung vermeiden wollen, seien aber bereit, wom\u00f6glich schon in der n\u00e4chsten Legislaturperiode eine abgeschw\u00e4chte Version des Gesetzesentwurfs vorzulegen. Kann sein. Man wird sehen. Aber, im Moment jedenfalls, gibt es Grund zu feiern.<\/p>\n","protected":false},"excerpt":{"rendered":"<p>Grund zur Freude: Ein Gesetzentwurf zur Einf\u00fchrung von Euthanasie wurde von der Justizkommission des Parlaments erst Mal auf Eis gelegt.<\/p>\n","protected":false},"author":643,"featured_media":85702,"comment_status":"open","ping_status":"open","sticky":false,"template":"","format":"standard","meta":{"give_campaign_id":0,"om_disable_all_campaigns":false,"_monsterinsights_skip_tracking":false,"_monsterinsights_sitenote_active":false,"_monsterinsights_sitenote_note":"","_monsterinsights_sitenote_category":0,"mc4wp_mailchimp_campaign":[],"jnews-multi-image_gallery":[],"jnews_single_post":{"subtitle":"Grund zur Freude: Ein Gesetzentwurf zur Einf\u00fchrung von Euthanasie wurde von der Justizkommission des Parlaments erst Mal auf Eis gelegt.","format":"standard","video":"","gallery":"","source_name":"","source_url":"","via_name":"","via_url":"","override":[{"single_blog_custom":"","sidebar":"","second_sidebar":"","share_position":"","share_float_style":"","post_date_format":"","post_date_format_custom":"","post_reading_time_wpm":"","zoom_button_out_step":"1","zoom_button_in_step":"1","number_popup_post":"1"}],"image_override":[{"single_post_thumbnail_size":"","single_post_gallery_size":""}],"trending_post_position":"","trending_post_label":"","sponsored_post_label":"","sponsored_post_name":"","sponsored_post_url":"","sponsored_post_logo":"","sponsored_post_desc":""},"jnews_primary_category":{"id":"820"},"jnews_social_meta":[],"jnews_override_counter":[],"footnotes":""},"categories":[816,820,811],"tags":[9065,7003,1666,2953,4877,1665,8000],"class_list":["post-86149","post","type-post","status-publish","format-standard","has-post-thumbnail","hentry","category-breaking-news-de","category-leben","category-foreground-de","tag-assistierter-suizid","tag-eutanasia-de","tag-euthanasie-2","tag-gesetz","tag-irland","tag-sterbehilfe-2","tag-vetrina-de"],"yoast_head":"<!-- This site is optimized with the Yoast SEO Premium plugin v25.9 (Yoast SEO v27.3) - https:\/\/yoast.com\/product\/yoast-seo-premium-wordpress\/ -->\n<title>Irland stoppt Euthanasie - IFN<\/title>\n<meta name=\"robots\" content=\"index, follow, max-snippet:-1, max-image-preview:large, max-video-preview:-1\" \/>\n<link rel=\"canonical\" href=\"https:\/\/ifamnews.com\/de\/irland-stoppt-euthanasie\" \/>\n<meta property=\"og:locale\" content=\"de_DE\" \/>\n<meta property=\"og:type\" content=\"article\" \/>\n<meta property=\"og:title\" content=\"Irland stoppt Euthanasie\" \/>\n<meta property=\"og:description\" content=\"Grund zur Freude: Ein Gesetzentwurf zur Einf\u00fchrung von Euthanasie wurde von der Justizkommission des Parlaments erst Mal auf Eis gelegt.\" \/>\n<meta property=\"og:url\" content=\"https:\/\/ifamnews.com\/de\/irland-stoppt-euthanasie\" \/>\n<meta property=\"og:site_name\" content=\"IFN\" \/>\n<meta property=\"article:publisher\" content=\"https:\/\/www.facebook.com\/iFamNews\" \/>\n<meta property=\"article:published_time\" content=\"2021-07-30T05:00:00+00:00\" \/>\n<meta property=\"og:image\" content=\"https:\/\/ifamnews.com\/wp-content\/uploads\/2021\/07\/7408095812_ac1d1950ec_o.jpg\" \/>\n\t<meta property=\"og:image:width\" content=\"1200\" \/>\n\t<meta property=\"og:image:height\" content=\"675\" \/>\n\t<meta property=\"og:image:type\" content=\"image\/jpeg\" \/>\n<meta name=\"author\" content=\"Angelo Bottone\" \/>\n<meta name=\"twitter:card\" content=\"summary_large_image\" \/>\n<meta name=\"twitter:creator\" content=\"@iFamNewsEN\" \/>\n<meta name=\"twitter:site\" content=\"@iFamNewsEN\" \/>\n<meta name=\"twitter:label1\" content=\"Verfasst von\" \/>\n\t<meta name=\"twitter:data1\" content=\"Angelo Bottone\" \/>\n\t<meta name=\"twitter:label2\" content=\"Gesch\u00e4tzte Lesezeit\" \/>\n\t<meta name=\"twitter:data2\" content=\"3\u00a0Minuten\" \/>\n<!-- \/ Yoast SEO Premium plugin. -->","yoast_head_json":{"title":"Irland stoppt Euthanasie - IFN","robots":{"index":"index","follow":"follow","max-snippet":"max-snippet:-1","max-image-preview":"max-image-preview:large","max-video-preview":"max-video-preview:-1"},"canonical":"https:\/\/ifamnews.com\/de\/irland-stoppt-euthanasie","og_locale":"de_DE","og_type":"article","og_title":"Irland stoppt Euthanasie","og_description":"Grund zur Freude: Ein Gesetzentwurf zur Einf\u00fchrung von Euthanasie wurde von der Justizkommission des Parlaments erst Mal auf Eis gelegt.","og_url":"https:\/\/ifamnews.com\/de\/irland-stoppt-euthanasie","og_site_name":"IFN","article_publisher":"https:\/\/www.facebook.com\/iFamNews","article_published_time":"2021-07-30T05:00:00+00:00","og_image":[{"width":1200,"height":675,"url":"https:\/\/ifamnews.com\/wp-content\/uploads\/2021\/07\/7408095812_ac1d1950ec_o.jpg","type":"image\/jpeg"}],"author":"Angelo Bottone","twitter_card":"summary_large_image","twitter_creator":"@iFamNewsEN","twitter_site":"@iFamNewsEN","twitter_misc":{"Verfasst von":"Angelo Bottone","Gesch\u00e4tzte Lesezeit":"3\u00a0Minuten"},"schema":{"@context":"https:\/\/schema.org","@graph":[{"@type":"NewsArticle","@id":"https:\/\/ifamnews.com\/de\/irland-stoppt-euthanasie#article","isPartOf":{"@id":"https:\/\/ifamnews.com\/de\/irland-stoppt-euthanasie"},"author":{"name":"Angelo Bottone","@id":"https:\/\/ifamnews.com\/en\/#\/schema\/person\/86c5cbfe63e85edc1340e0113777cfa1"},"headline":"Irland stoppt Euthanasie","datePublished":"2021-07-30T05:00:00+00:00","mainEntityOfPage":{"@id":"https:\/\/ifamnews.com\/de\/irland-stoppt-euthanasie"},"wordCount":577,"commentCount":0,"publisher":{"@id":"https:\/\/ifamnews.com\/en\/#organization"},"image":{"@id":"https:\/\/ifamnews.com\/de\/irland-stoppt-euthanasie#primaryimage"},"thumbnailUrl":"https:\/\/ifamnews.com\/wp-content\/uploads\/2021\/07\/7408095812_ac1d1950ec_o.jpg","keywords":["Assistierter Suizid","Eutanasia","Euthanasie","Gesetz","Irland","Sterbehilfe","Vetrina"],"articleSection":["Breaking News","Leben","Vordergrund"],"inLanguage":"de","potentialAction":[{"@type":"CommentAction","name":"Comment","target":["https:\/\/ifamnews.com\/de\/irland-stoppt-euthanasie#respond"]}]},{"@type":"WebPage","@id":"https:\/\/ifamnews.com\/de\/irland-stoppt-euthanasie","url":"https:\/\/ifamnews.com\/de\/irland-stoppt-euthanasie","name":"Irland stoppt Euthanasie - IFN","isPartOf":{"@id":"https:\/\/ifamnews.com\/en\/#website"},"primaryImageOfPage":{"@id":"https:\/\/ifamnews.com\/de\/irland-stoppt-euthanasie#primaryimage"},"image":{"@id":"https:\/\/ifamnews.com\/de\/irland-stoppt-euthanasie#primaryimage"},"thumbnailUrl":"https:\/\/ifamnews.com\/wp-content\/uploads\/2021\/07\/7408095812_ac1d1950ec_o.jpg","datePublished":"2021-07-30T05:00:00+00:00","breadcrumb":{"@id":"https:\/\/ifamnews.com\/de\/irland-stoppt-euthanasie#breadcrumb"},"inLanguage":"de","potentialAction":[{"@type":"ReadAction","target":["https:\/\/ifamnews.com\/de\/irland-stoppt-euthanasie"]}]},{"@type":"ImageObject","inLanguage":"de","@id":"https:\/\/ifamnews.com\/de\/irland-stoppt-euthanasie#primaryimage","url":"https:\/\/ifamnews.com\/wp-content\/uploads\/2021\/07\/7408095812_ac1d1950ec_o.jpg","contentUrl":"https:\/\/ifamnews.com\/wp-content\/uploads\/2021\/07\/7408095812_ac1d1950ec_o.jpg","width":1200,"height":675,"caption":"Image from Flickr"},{"@type":"BreadcrumbList","@id":"https:\/\/ifamnews.com\/de\/irland-stoppt-euthanasie#breadcrumb","itemListElement":[{"@type":"ListItem","position":1,"name":"Home","item":"https:\/\/ifamnews.com\/de"},{"@type":"ListItem","position":2,"name":"Life","item":"https:\/\/ifamnews.com\/en\/category\/life"},{"@type":"ListItem","position":3,"name":"Irland stoppt Euthanasie"}]},{"@type":"WebSite","@id":"https:\/\/ifamnews.com\/en\/#website","url":"https:\/\/ifamnews.com\/en\/","name":"IFN","description":"International Family News Network","publisher":{"@id":"https:\/\/ifamnews.com\/en\/#organization"},"potentialAction":[{"@type":"SearchAction","target":{"@type":"EntryPoint","urlTemplate":"https:\/\/ifamnews.com\/en\/?s={search_term_string}"},"query-input":{"@type":"PropertyValueSpecification","valueRequired":true,"valueName":"search_term_string"}}],"inLanguage":"de"},{"@type":"Organization","@id":"https:\/\/ifamnews.com\/en\/#organization","name":"iFamNews","url":"https:\/\/ifamnews.com\/en\/","logo":{"@type":"ImageObject","inLanguage":"de","@id":"https:\/\/ifamnews.com\/en\/#\/schema\/logo\/image\/","url":"https:\/\/ifamnews.com\/wp-content\/uploads\/2020\/01\/Share-logo.png","contentUrl":"https:\/\/ifamnews.com\/wp-content\/uploads\/2020\/01\/Share-logo.png","width":200,"height":200,"caption":"iFamNews"},"image":{"@id":"https:\/\/ifamnews.com\/en\/#\/schema\/logo\/image\/"},"sameAs":["https:\/\/www.facebook.com\/iFamNews","https:\/\/x.com\/iFamNewsEN"]},{"@type":"Person","@id":"https:\/\/ifamnews.com\/en\/#\/schema\/person\/86c5cbfe63e85edc1340e0113777cfa1","name":"Angelo Bottone","image":{"@type":"ImageObject","inLanguage":"de","@id":"https:\/\/secure.gravatar.com\/avatar\/a136a43ef3ca3374e3d4d728082cf3204667ff4a6d07929f7cbd9a3f7a4a8617?s=96&d=mm&r=g","url":"https:\/\/secure.gravatar.com\/avatar\/a136a43ef3ca3374e3d4d728082cf3204667ff4a6d07929f7cbd9a3f7a4a8617?s=96&d=mm&r=g","contentUrl":"https:\/\/secure.gravatar.com\/avatar\/a136a43ef3ca3374e3d4d728082cf3204667ff4a6d07929f7cbd9a3f7a4a8617?s=96&d=mm&r=g","caption":"Angelo Bottone"},"description":"Angelo Bottone is a researcher at the Iona Institute in Dublin, Ireland, where he also teaches Philosophy at University College and Dublin Business School. He is the author of several books and articles on St. John Henry Newman, Paul Ricoeur and Ludwig Wittgenstein.","url":"https:\/\/ifamnews.com\/de\/author\/angelo-bottone"}]}},"amp_enabled":true,"_links":{"self":[{"href":"https:\/\/ifamnews.com\/de\/wp-json\/wp\/v2\/posts\/86149","targetHints":{"allow":["GET"]}}],"collection":[{"href":"https:\/\/ifamnews.com\/de\/wp-json\/wp\/v2\/posts"}],"about":[{"href":"https:\/\/ifamnews.com\/de\/wp-json\/wp\/v2\/types\/post"}],"author":[{"embeddable":true,"href":"https:\/\/ifamnews.com\/de\/wp-json\/wp\/v2\/users\/643"}],"replies":[{"embeddable":true,"href":"https:\/\/ifamnews.com\/de\/wp-json\/wp\/v2\/comments?post=86149"}],"version-history":[{"count":5,"href":"https:\/\/ifamnews.com\/de\/wp-json\/wp\/v2\/posts\/86149\/revisions"}],"predecessor-version":[{"id":86170,"href":"https:\/\/ifamnews.com\/de\/wp-json\/wp\/v2\/posts\/86149\/revisions\/86170"}],"wp:featuredmedia":[{"embeddable":true,"href":"https:\/\/ifamnews.com\/de\/wp-json\/wp\/v2\/media\/85702"}],"wp:attachment":[{"href":"https:\/\/ifamnews.com\/de\/wp-json\/wp\/v2\/media?parent=86149"}],"wp:term":[{"taxonomy":"category","embeddable":true,"href":"https:\/\/ifamnews.com\/de\/wp-json\/wp\/v2\/categories?post=86149"},{"taxonomy":"post_tag","embeddable":true,"href":"https:\/\/ifamnews.com\/de\/wp-json\/wp\/v2\/tags?post=86149"}],"curies":[{"name":"wp","href":"https:\/\/api.w.org\/{rel}","templated":true}]}}