{"id":86138,"date":"2021-07-29T01:00:00","date_gmt":"2021-07-29T05:00:00","guid":{"rendered":"https:\/\/ifamnews.com\/?p=86138"},"modified":"2021-07-25T06:04:09","modified_gmt":"2021-07-25T10:04:09","slug":"gemeinsame-erkl-rung-der-iof-an-die-un-botschafter-zum-nachhaltigkeitsgipfel-2021","status":"publish","type":"post","link":"https:\/\/ifamnews.com\/de\/gemeinsame-erkl-rung-der-iof-an-die-un-botschafter-zum-nachhaltigkeitsgipfel-2021","title":{"rendered":"Gemeinsame Erkl\u00e4rung der IOF an die UN-Botschafter zum Nachhaltigkeitsgipfel 2021"},"content":{"rendered":"\n<h2 class=\"has-text-align-center wp-block-heading\" id=\"h-das-jahrzehnt-der-familie-f-r-die-nachhaltigkeitsziele\"><strong>\u201eDas Jahrzehnt der Familie\u201c f\u00fcr die Nachhaltigkeitsziele<\/strong><\/h2>\n\n\n\n<p>\u201eWenn wir jetzt handeln, sind die globalen Ziele noch erreichbar\u201c, hei\u00dft es in einer aktuellen Mitteilung der UN-Abteilung f\u00fcr wirtschaftliche und soziale Angelegenheiten zu den 17 Zielen f\u00fcr nachhaltige Entwicklung. \u201eJetzt geht es darum, diese Ziele in die Realit\u00e4t umzusetzen, f\u00fcr die Menschen und f\u00fcr den Planeten. Das Hochrangige Politische Forum (HLPF) f\u00fcr nachhaltige Entwicklung, das vom 6. bis 15. Juli stattfindet, ist genau der richtige Ort, um dies zu verwirklichen.\u201c<\/p>\n\n\n\n<p>K\u00f6nnen die SDGs angesichts der durch die weltweite Pandemie verursachten Entwicklungsr\u00fcckschl\u00e4ge tats\u00e4chlich bis zum angestrebten Jahr 2030 erreicht werden? \u201eWir m\u00fcssen besser, gr\u00fcner und gerechter wiederaufbauen und den Menschen in den Mittelpunkt unserer Bem\u00fchungen stellen\u201c, sagt Liu Zhenmin, Untergeneralsekret\u00e4r der DESA [<em>Department of Economic and Social Affairs<\/em>: Hauptabteilung f\u00fcr Wirtschaftliche und Soziale Angelegenheiten der Vereinten Nationen].<\/p>\n\n\n\n<p>Seine Formulierung ist an sich richtig, aber sie greift zu kurz, denn sie \u00fcbersieht die entscheidende Komponente f\u00fcr den Erfolg. \u201eDie Familie ist die treibende Kraft hinter sozialem Fortschritt und Entwicklung\u201c, erkl\u00e4rte Ihre Hoheit Sheikha Moza bint Nasser von Katar. Dieselbe Wahrheit bekam die Generalversammlung schon einmal zu h\u00f6ren, denn die Aussage des Botschafters von Bangladesch, Iftekhar Chowdhury, anl\u00e4sslich des 10. Jahrestages des Internationalen Jahres der Familie in Bezug auf die MDGs [Millenniums-Entwicklungsziele] gilt auch f\u00fcr die SDGs [Nachhaltigkeitsziele]: \u201eDie Erreichung jedes Millenniums-Entwicklungsziels muss bei der Familie beginnen. Die Familie ist das Schl\u00fcsselelement gesellschaftlichen Wandels.\u201c<\/p>\n\n\n\n<p>Und als Reaktion auf die Erkl\u00e4rung von Generalsekret\u00e4r Kofi Annan, dass \u201edie Familie ein entscheidender Faktor in den Bem\u00fchungen zur Erreichung der Millenniums-Entwicklungsziele ist,\u201c verk\u00fcndeten die 25 Nationen, die die <em><a href=\"https:\/\/sdgs.un.org\/statements\/group-friends-family-13013\">Group of Friends of the Family<\/a><\/em> bilden: \u201eWir erkennen die entscheidende Rolle der Familie bei der Erreichung der international vereinbarten Entwicklungsziele an und bekr\u00e4ftigen unsere Verpflichtung, den Beitrag der Familien bei der Umsetzung der nachhaltigen Entwicklungsziele zu st\u00e4rken, indem wir familienorientierte Ma\u00dfnahmen f\u00f6rdern sowie die Bed\u00fcrfnisse und die Interessen der Familie auf nationaler und internationaler Ebene an erste Stelle setzen.\u201c<\/p>\n\n\n\n<p>Die tragende Rolle der Familie in der Entwicklung beginnt beim ersten Nachhaltigkeitsziel (eines von neun, auf die sich das diesj\u00e4hrige HLPF konzentriert), dessen Ziel es ist, \u201eArmut in all ihren Formen weltweit zu beseitigen.\u201c Dr. Timothy Rarick hat dazu geschrieben:<\/p>\n\n\n\n<blockquote class=\"wp-block-quote is-layout-flow wp-block-quote-is-layout-flow\"><p>Der ber\u00fchmte russische Entwicklungspsychologe Urie Bronfenbrenner stellte seine Forschungen zusammenfassend fest: \u201eDie Familie ist das m\u00e4chtigste, menschlichste und bei weitem wirtschaftlichste System, das zur Entwicklung von Kompetenz und Charakter beitr\u00e4gt.\u201c Betrachten Sie diese kraftvolle, wissenschaftlich fundierte Aussage! Betrachten Sie nun, wie die aktuellen Trends zu au\u00dferehelichen Kindern, Scheidung und Lebensgemeinschaften die Macht der Familieneinheit bedrohen. Dar\u00fcber hinaus ergibt sich aus jeder der genannten Bedrohungen ein gemeinsames Resultat: die Vaterlosigkeit. Diese und viele \u00e4hnliche Einfl\u00fcsse haben stabile Heime und Familien f\u00fcr Millionen von Kindern weltweit zerst\u00f6rt. Solange wir uns nicht mit dem Zusammenbruch der Familie befassen &#8211; insbesondere mit dem Problem der fehlenden V\u00e4ter &#8211; wird es nie eine nachhaltige Alternative zur Beseitigung von Armut geben.<\/p><\/blockquote>\n\n\n\n<p>Dr. Raricks Worte stammen aus seinem Artikel, der in unserem viel gelobten Buch <em>Family Capital and the SDGs<\/em> (herausgegeben von Susan Roylance) erschienen ist. Es kann kostenlos unter <a href=\"http:\/\/familycapital17sdgs.org\">http:\/\/familycapital17sdgs.org<\/a> und in der digitalen UN-Bibliothek unter <a href=\"https:\/\/digitallibrary.un.org\/record\/3813111?ln=en\">https:\/\/digitallibrary.un.org\/record\/3813111?ln=en<\/a> heruntergeladen werden.<\/p>\n\n\n\n<p>Wir bieten auch unsere Weltfamilienerkl\u00e4rung an, online unter <a href=\"http:\/\/www.worldfamilydeclaration.org\">http:\/\/www.worldfamilydeclaration.org<\/a>. Zudem bef\u00fcrworten wir, was der moldawische Pr\u00e4sident Igor Dodon 2018 in Chi\u0219in\u0103u auf dem 12. Weltkongress der Familien erkl\u00e4rte:<\/p>\n\n\n\n<blockquote class=\"wp-block-quote is-layout-flow wp-block-quote-is-layout-flow\"><p>F\u00fcr uns alle ist die Familie die wichtigste gesellschaftliche Institution. Es ist die Familie, die die menschliche Pers\u00f6nlichkeit formt. In der Familie wird die spirituelle, kulturelle und soziale Erfahrung der vorangegangenen Generationen weitergegeben&#8230;.. [Aber] die Institution der Familie ist ernsthaften Bedrohungen ausgesetzt&#8230; [Dazu z\u00e4hlt] die Anti-Familien-Ideologie, die auf der ganzen Welt, auch unter Beteiligung vieler internationaler Organisationen, k\u00fcnstlich propagiert wird. Sie basiert darauf, M\u00fcttern und V\u00e4tern ihre nat\u00fcrliche Rolle in der Familie zu entziehen und den Eltern das Recht abzusprechen, die Priorit\u00e4ten bei der Erziehung ihrer Kinder zu setzen&#8230;. Zur St\u00e4rkung der Gesellschaft im Rahmen eines umfassenden Programms zur Unterst\u00fctzung der Familie, der Mutterschaft und der Kindheit als Grundlage f\u00fcr die Zukunft unseres Staates, der Republik Moldau, erkl\u00e4re ich offiziell das Jahr 2019 zum Jahr der Familie in unserem Land. Wir werden alles tun, auch durch die \u00f6ffentliche Politik in diesem Bereich, um die guten Initiativen, Organisationen und Gemeinschaften zu vereinen zur gemeinsamen Erreichung des entscheidenden Ziels, der St\u00e4rkung der Institution Familie. M\u00f6ge Gott uns beistehen!\u00a0<\/p><\/blockquote>\n\n\n\n<p>Was Moldawien mit dem Jahr 2019 getan, n\u00e4mlich es zum Jahr der Familie erkl\u00e4rt hat, k\u00f6nnten die Vereinten Nationen mit dem Rest dieser Dekade tun und es zum Jahrzehnt der Familie erkl\u00e4ren. Es w\u00fcrde dadurch zu einem Jahrzehnt beispiellosen Fortschritts bei der Verwirklichung der 17 Ziele f\u00fcr nachhaltige Entwicklung werden, die f\u00fcr das Wohlergehen der Menschheit so wichtig sind.<\/p>\n\n\n\n<p><strong><em>Internationale Organisation f\u00fcr die Familie (IOF)<br>United Families International<\/em><\/strong><\/p>\n","protected":false},"excerpt":{"rendered":"<p>Die Internationale Organisation f\u00fcr die Familie und United Families International (Mitherausgeber des unten erw\u00e4hnten Buches) haben allen Botschaftern der Vereinten Nationen und ihren Vertretungen in New York anl\u00e4sslich des Hochrangigen Politischen Forums f\u00fcr Nachhaltige Entwicklung vom 6. bis 15. Juli 2021 folgende Erkl\u00e4rung zukommen lassen.<\/p>\n","protected":false},"author":30,"featured_media":32471,"comment_status":"open","ping_status":"open","sticky":false,"template":"","format":"standard","meta":{"give_campaign_id":0,"om_disable_all_campaigns":false,"_monsterinsights_skip_tracking":false,"_monsterinsights_sitenote_active":false,"_monsterinsights_sitenote_note":"","_monsterinsights_sitenote_category":0,"mc4wp_mailchimp_campaign":[],"jnews-multi-image_gallery":[],"jnews_single_post":{"subtitle":"Die Internationale Organisation f\u00fcr die Familie und United Families International (Mitherausgeber des unten erw\u00e4hnten Buches) haben allen Botschaftern der Vereinten Nationen und ihren Vertretungen in New York anl\u00e4sslich des Hochrangigen Politischen Forums f\u00fcr Nachhaltige Entwicklung vom 6. bis 15. Juli 2021 folgende Erkl\u00e4rung zukommen lassen.","format":"standard","video":"","gallery":"","source_name":"","source_url":"","via_name":"","via_url":"","override":[{"single_blog_custom":"","sidebar":"","second_sidebar":"","share_position":"","share_float_style":"","post_date_format":"","post_date_format_custom":"","post_reading_time_wpm":"","zoom_button_out_step":"1","zoom_button_in_step":"1","number_popup_post":"1"}],"image_override":[{"single_post_thumbnail_size":"","single_post_gallery_size":""}],"trending_post_position":"","trending_post_label":"","sponsored_post_label":"","sponsored_post_name":"","sponsored_post_url":"","sponsored_post_logo":"","sponsored_post_desc":""},"jnews_primary_category":{"id":"770"},"jnews_social_meta":[],"jnews_override_counter":[],"footnotes":""},"categories":[816,770,811],"tags":[3802,2135,4104],"class_list":["post-86138","post","type-post","status-publish","format-standard","has-post-thumbnail","hentry","category-breaking-news-de","category-familie","category-foreground-de","tag-familienpolitik","tag-nachhaltige-entwicklung","tag-uno"],"yoast_head":"<!-- This site is optimized with the Yoast SEO Premium plugin v25.9 (Yoast SEO v27.3) - https:\/\/yoast.com\/product\/yoast-seo-premium-wordpress\/ -->\n<title>Gemeinsame Erkl\u00e4rung der IOF an die UN-Botschafter zum Nachhaltigkeitsgipfel 2021 - IFN<\/title>\n<meta name=\"robots\" content=\"index, follow, max-snippet:-1, max-image-preview:large, max-video-preview:-1\" \/>\n<link rel=\"canonical\" href=\"https:\/\/ifamnews.com\/de\/gemeinsame-erkl-rung-der-iof-an-die-un-botschafter-zum-nachhaltigkeitsgipfel-2021\" \/>\n<meta property=\"og:locale\" content=\"de_DE\" \/>\n<meta property=\"og:type\" content=\"article\" \/>\n<meta property=\"og:title\" content=\"Gemeinsame Erkl\u00e4rung der IOF an die UN-Botschafter zum Nachhaltigkeitsgipfel 2021\" \/>\n<meta property=\"og:description\" content=\"Die Internationale Organisation f\u00fcr die Familie und United Families International (Mitherausgeber des unten erw\u00e4hnten Buches) haben allen Botschaftern der Vereinten Nationen und ihren Vertretungen in New York anl\u00e4sslich des Hochrangigen Politischen Forums f\u00fcr Nachhaltige Entwicklung vom 6. bis 15. Juli 2021 folgende Erkl\u00e4rung zukommen lassen.\" \/>\n<meta property=\"og:url\" content=\"https:\/\/ifamnews.com\/de\/gemeinsame-erkl-rung-der-iof-an-die-un-botschafter-zum-nachhaltigkeitsgipfel-2021\" \/>\n<meta property=\"og:site_name\" content=\"IFN\" \/>\n<meta property=\"article:publisher\" content=\"https:\/\/www.facebook.com\/iFamNews\" \/>\n<meta property=\"article:published_time\" content=\"2021-07-29T05:00:00+00:00\" \/>\n<meta property=\"og:image\" content=\"https:\/\/ifamnews.com\/wp-content\/uploads\/2020\/10\/UN-SDGs.png\" \/>\n\t<meta property=\"og:image:width\" content=\"1200\" \/>\n\t<meta property=\"og:image:height\" content=\"675\" \/>\n\t<meta property=\"og:image:type\" content=\"image\/png\" \/>\n<meta name=\"author\" content=\"E. Douglas Clark\" \/>\n<meta name=\"twitter:card\" content=\"summary_large_image\" \/>\n<meta name=\"twitter:creator\" content=\"@iFamNewsEN\" \/>\n<meta name=\"twitter:site\" content=\"@iFamNewsEN\" \/>\n<meta name=\"twitter:label1\" content=\"Verfasst von\" \/>\n\t<meta name=\"twitter:data1\" content=\"E. Douglas Clark\" \/>\n\t<meta name=\"twitter:label2\" content=\"Gesch\u00e4tzte Lesezeit\" \/>\n\t<meta name=\"twitter:data2\" content=\"4\u00a0Minuten\" \/>\n<!-- \/ Yoast SEO Premium plugin. -->","yoast_head_json":{"title":"Gemeinsame Erkl\u00e4rung der IOF an die UN-Botschafter zum Nachhaltigkeitsgipfel 2021 - IFN","robots":{"index":"index","follow":"follow","max-snippet":"max-snippet:-1","max-image-preview":"max-image-preview:large","max-video-preview":"max-video-preview:-1"},"canonical":"https:\/\/ifamnews.com\/de\/gemeinsame-erkl-rung-der-iof-an-die-un-botschafter-zum-nachhaltigkeitsgipfel-2021","og_locale":"de_DE","og_type":"article","og_title":"Gemeinsame Erkl\u00e4rung der IOF an die UN-Botschafter zum Nachhaltigkeitsgipfel 2021","og_description":"Die Internationale Organisation f\u00fcr die Familie und United Families International (Mitherausgeber des unten erw\u00e4hnten Buches) haben allen Botschaftern der Vereinten Nationen und ihren Vertretungen in New York anl\u00e4sslich des Hochrangigen Politischen Forums f\u00fcr Nachhaltige Entwicklung vom 6. bis 15. Juli 2021 folgende Erkl\u00e4rung zukommen lassen.","og_url":"https:\/\/ifamnews.com\/de\/gemeinsame-erkl-rung-der-iof-an-die-un-botschafter-zum-nachhaltigkeitsgipfel-2021","og_site_name":"IFN","article_publisher":"https:\/\/www.facebook.com\/iFamNews","article_published_time":"2021-07-29T05:00:00+00:00","og_image":[{"width":1200,"height":675,"url":"https:\/\/ifamnews.com\/wp-content\/uploads\/2020\/10\/UN-SDGs.png","type":"image\/png"}],"author":"E. Douglas Clark","twitter_card":"summary_large_image","twitter_creator":"@iFamNewsEN","twitter_site":"@iFamNewsEN","twitter_misc":{"Verfasst von":"E. Douglas Clark","Gesch\u00e4tzte Lesezeit":"4\u00a0Minuten"},"schema":{"@context":"https:\/\/schema.org","@graph":[{"@type":"NewsArticle","@id":"https:\/\/ifamnews.com\/de\/gemeinsame-erkl-rung-der-iof-an-die-un-botschafter-zum-nachhaltigkeitsgipfel-2021#article","isPartOf":{"@id":"https:\/\/ifamnews.com\/de\/gemeinsame-erkl-rung-der-iof-an-die-un-botschafter-zum-nachhaltigkeitsgipfel-2021"},"author":{"name":"E. Douglas Clark","@id":"https:\/\/ifamnews.com\/en\/#\/schema\/person\/004a3a3e14cfb4420066c3d177785019"},"headline":"Gemeinsame Erkl\u00e4rung der IOF an die UN-Botschafter zum Nachhaltigkeitsgipfel 2021","datePublished":"2021-07-29T05:00:00+00:00","mainEntityOfPage":{"@id":"https:\/\/ifamnews.com\/de\/gemeinsame-erkl-rung-der-iof-an-die-un-botschafter-zum-nachhaltigkeitsgipfel-2021"},"wordCount":855,"commentCount":0,"publisher":{"@id":"https:\/\/ifamnews.com\/en\/#organization"},"image":{"@id":"https:\/\/ifamnews.com\/de\/gemeinsame-erkl-rung-der-iof-an-die-un-botschafter-zum-nachhaltigkeitsgipfel-2021#primaryimage"},"thumbnailUrl":"https:\/\/ifamnews.com\/wp-content\/uploads\/2020\/10\/UN-SDGs.png","keywords":["Familienpolitik","Nachhaltige Entwicklung","UNO"],"articleSection":["Breaking News","Familie","Vordergrund"],"inLanguage":"de","potentialAction":[{"@type":"CommentAction","name":"Comment","target":["https:\/\/ifamnews.com\/de\/gemeinsame-erkl-rung-der-iof-an-die-un-botschafter-zum-nachhaltigkeitsgipfel-2021#respond"]}]},{"@type":"WebPage","@id":"https:\/\/ifamnews.com\/de\/gemeinsame-erkl-rung-der-iof-an-die-un-botschafter-zum-nachhaltigkeitsgipfel-2021","url":"https:\/\/ifamnews.com\/de\/gemeinsame-erkl-rung-der-iof-an-die-un-botschafter-zum-nachhaltigkeitsgipfel-2021","name":"Gemeinsame Erkl\u00e4rung der IOF an die UN-Botschafter zum Nachhaltigkeitsgipfel 2021 - IFN","isPartOf":{"@id":"https:\/\/ifamnews.com\/en\/#website"},"primaryImageOfPage":{"@id":"https:\/\/ifamnews.com\/de\/gemeinsame-erkl-rung-der-iof-an-die-un-botschafter-zum-nachhaltigkeitsgipfel-2021#primaryimage"},"image":{"@id":"https:\/\/ifamnews.com\/de\/gemeinsame-erkl-rung-der-iof-an-die-un-botschafter-zum-nachhaltigkeitsgipfel-2021#primaryimage"},"thumbnailUrl":"https:\/\/ifamnews.com\/wp-content\/uploads\/2020\/10\/UN-SDGs.png","datePublished":"2021-07-29T05:00:00+00:00","breadcrumb":{"@id":"https:\/\/ifamnews.com\/de\/gemeinsame-erkl-rung-der-iof-an-die-un-botschafter-zum-nachhaltigkeitsgipfel-2021#breadcrumb"},"inLanguage":"de","potentialAction":[{"@type":"ReadAction","target":["https:\/\/ifamnews.com\/de\/gemeinsame-erkl-rung-der-iof-an-die-un-botschafter-zum-nachhaltigkeitsgipfel-2021"]}]},{"@type":"ImageObject","inLanguage":"de","@id":"https:\/\/ifamnews.com\/de\/gemeinsame-erkl-rung-der-iof-an-die-un-botschafter-zum-nachhaltigkeitsgipfel-2021#primaryimage","url":"https:\/\/ifamnews.com\/wp-content\/uploads\/2020\/10\/UN-SDGs.png","contentUrl":"https:\/\/ifamnews.com\/wp-content\/uploads\/2020\/10\/UN-SDGs.png","width":1200,"height":675},{"@type":"BreadcrumbList","@id":"https:\/\/ifamnews.com\/de\/gemeinsame-erkl-rung-der-iof-an-die-un-botschafter-zum-nachhaltigkeitsgipfel-2021#breadcrumb","itemListElement":[{"@type":"ListItem","position":1,"name":"Home","item":"https:\/\/ifamnews.com\/de"},{"@type":"ListItem","position":2,"name":"Familia","item":"https:\/\/ifamnews.com\/es\/categoria\/familia"},{"@type":"ListItem","position":3,"name":"Gemeinsame Erkl\u00e4rung der IOF an die UN-Botschafter zum Nachhaltigkeitsgipfel 2021"}]},{"@type":"WebSite","@id":"https:\/\/ifamnews.com\/en\/#website","url":"https:\/\/ifamnews.com\/en\/","name":"IFN","description":"International Family News Network","publisher":{"@id":"https:\/\/ifamnews.com\/en\/#organization"},"potentialAction":[{"@type":"SearchAction","target":{"@type":"EntryPoint","urlTemplate":"https:\/\/ifamnews.com\/en\/?s={search_term_string}"},"query-input":{"@type":"PropertyValueSpecification","valueRequired":true,"valueName":"search_term_string"}}],"inLanguage":"de"},{"@type":"Organization","@id":"https:\/\/ifamnews.com\/en\/#organization","name":"iFamNews","url":"https:\/\/ifamnews.com\/en\/","logo":{"@type":"ImageObject","inLanguage":"de","@id":"https:\/\/ifamnews.com\/en\/#\/schema\/logo\/image\/","url":"https:\/\/ifamnews.com\/wp-content\/uploads\/2020\/01\/Share-logo.png","contentUrl":"https:\/\/ifamnews.com\/wp-content\/uploads\/2020\/01\/Share-logo.png","width":200,"height":200,"caption":"iFamNews"},"image":{"@id":"https:\/\/ifamnews.com\/en\/#\/schema\/logo\/image\/"},"sameAs":["https:\/\/www.facebook.com\/iFamNews","https:\/\/x.com\/iFamNewsEN"]},{"@type":"Person","@id":"https:\/\/ifamnews.com\/en\/#\/schema\/person\/004a3a3e14cfb4420066c3d177785019","name":"E. Douglas Clark","image":{"@type":"ImageObject","inLanguage":"de","@id":"https:\/\/secure.gravatar.com\/avatar\/4f01991614cc9086457280e0279d7da9c1c6dd2774eca1bf16e9e24005c6feb0?s=96&d=mm&r=g","url":"https:\/\/secure.gravatar.com\/avatar\/4f01991614cc9086457280e0279d7da9c1c6dd2774eca1bf16e9e24005c6feb0?s=96&d=mm&r=g","contentUrl":"https:\/\/secure.gravatar.com\/avatar\/4f01991614cc9086457280e0279d7da9c1c6dd2774eca1bf16e9e24005c6feb0?s=96&d=mm&r=g","caption":"E. Douglas Clark"},"description":"E. Douglas Clark is an attorney and Director of UN and International Policy at the International Organization for the Family. For two decades Doug has been on the forefront of defending the family at the United Nations as a lobbyist and strategist, leading teams and consulting with policymakers in New York and around the world. His writings include the World Family Declaration and articles in The Natural Family: An International Journal of Research and Policy and Ave Maria International Law Journal. After earning MBA and JD degrees from Brigham Young University, he practiced banking law and served as director of content of the original Law.com.","url":"https:\/\/ifamnews.com\/de\/author\/dclarkifamnews-com"}]}},"amp_enabled":true,"_links":{"self":[{"href":"https:\/\/ifamnews.com\/de\/wp-json\/wp\/v2\/posts\/86138","targetHints":{"allow":["GET"]}}],"collection":[{"href":"https:\/\/ifamnews.com\/de\/wp-json\/wp\/v2\/posts"}],"about":[{"href":"https:\/\/ifamnews.com\/de\/wp-json\/wp\/v2\/types\/post"}],"author":[{"embeddable":true,"href":"https:\/\/ifamnews.com\/de\/wp-json\/wp\/v2\/users\/30"}],"replies":[{"embeddable":true,"href":"https:\/\/ifamnews.com\/de\/wp-json\/wp\/v2\/comments?post=86138"}],"version-history":[{"count":5,"href":"https:\/\/ifamnews.com\/de\/wp-json\/wp\/v2\/posts\/86138\/revisions"}],"predecessor-version":[{"id":86148,"href":"https:\/\/ifamnews.com\/de\/wp-json\/wp\/v2\/posts\/86138\/revisions\/86148"}],"wp:featuredmedia":[{"embeddable":true,"href":"https:\/\/ifamnews.com\/de\/wp-json\/wp\/v2\/media\/32471"}],"wp:attachment":[{"href":"https:\/\/ifamnews.com\/de\/wp-json\/wp\/v2\/media?parent=86138"}],"wp:term":[{"taxonomy":"category","embeddable":true,"href":"https:\/\/ifamnews.com\/de\/wp-json\/wp\/v2\/categories?post=86138"},{"taxonomy":"post_tag","embeddable":true,"href":"https:\/\/ifamnews.com\/de\/wp-json\/wp\/v2\/tags?post=86138"}],"curies":[{"name":"wp","href":"https:\/\/api.w.org\/{rel}","templated":true}]}}