{"id":83597,"date":"2021-08-02T01:00:00","date_gmt":"2021-08-02T05:00:00","guid":{"rendered":"https:\/\/ifamnews.com\/?p=83597"},"modified":"2021-07-13T05:37:51","modified_gmt":"2021-07-13T09:37:51","slug":"thomas-molnar-die-zersetzung-von-autorit-t-beginnt-mit-der-zersetzung-der-familie","status":"publish","type":"post","link":"https:\/\/ifamnews.com\/de\/thomas-molnar-die-zersetzung-von-autorit-t-beginnt-mit-der-zersetzung-der-familie","title":{"rendered":"Thomas Molnar: Die Zersetzung von Autorit\u00e4t beginnt mit der Zersetzung der Familie"},"content":{"rendered":"\n<p>Die erste Assoziation, die man heutzutage mit \u201eAutorit\u00e4t\u201c hat ist negativ. Aber \u2013 ob man es will oder nicht \u2013, Autorit\u00e4t ist allgegenw\u00e4rtig: in der Familie, Schule, im Gericht, in der Kirche und in der Nation \u00fcberhaupt. Keine dieser Strukturen k\u00f6nnte ohne Autorit\u00e4t funktionieren; ja, ohne Autorit\u00e4t w\u00e4ren diese Gruppen <em>keine <\/em>Strukturen, sondern nur Konglomerate von Personen. Jemand hat \u201edas Sagen\u201c und \u201etrifft Entscheidungen\u201c \u2013 also hat jemand \u201eAutorit\u00e4t\u201c.<\/p>\n\n\n\n<p>Laut dem ungarischen Philosophen, Historiker und politischem Theoretiker Thomas Molnar (1921-2010 &#8211; gestorben mit 89 Jahren) ist Autorit\u00e4t etwas, das urspr\u00fcnglich Teil der menschlichen Natur ist. Wir folgen der Autorit\u00e4t, weil sie eine \u201evorbestehende Zustimmung des Herzens\u201c ber\u00fchrt.<\/p>\n\n\n\n<p>In seinem Werk <em>Autorit\u00e4t und seine Feinde<\/em> (<a href=\"https:\/\/www.routledge.com\/Authority-and-Its-Enemies\/Molnar\/p\/book\/9781560007777\">Authority and its enemies, 1976<\/a>) unternimmt Molnar eine eingehende Analyse der Autorit\u00e4t und jener Ideologien, die die Autorit\u00e4t abschaffen bzw. zerst\u00f6ren wollen.<\/p>\n\n\n\n<p>Das ganze gr\u00fcndet auf dem Gedanken, dass keine Gruppe von Menschen ohne Autorit\u00e4t existieren kann. Aristoteles, Cicero, Thomas von Aquin und andere: alle sind sich einer Meinung, dass sich Menschen nicht nur aus Notdurft zusammenschlie\u00dfen, sondern, dass in der sozialen Natur des Menschen das Streben nach etwas \u201eh\u00f6herem\u201c geborgen und grundgelegt ist \u2013 und dass dieses h\u00f6here \u201eGemeinwohl\u201c nur durch eine soziale Struktur mit einer Entfaltung der Autorit\u00e4t erreicht werden kann.<\/p>\n\n\n\n<p>Faszinierend dabei ist, dass die Feinde der Autorit\u00e4t, derer es viele gibt, mit politischen Werkzeugen arbeiten, um Strukturen zu zerst\u00f6ren, in denen sich der Mensch sozial entfaltet.<\/p>\n\n\n\n<p>An erster Stelle steht dabei die Familie.<\/p>\n\n\n\n<p>\u201eIn der Tat konzentriert sich die Hauptlast des Angriffs auf die Autorit\u00e4t auf die Familie, wo der zuk\u00fcnftige Erwachsene und B\u00fcrger zur rationalen Verwirklichung einer kleinen Replik des Gemeinwohls gebracht wird, eines Modells der Institutionen, die B\u00fchnen all seiner sp\u00e4teren Handlungen der B\u00fcrgerschaft sein werden\u201c, schreibt Molnar. Die Familie ist die Schule der Autorit\u00e4t, in der die Eltern Kinder in das Erwachsenenalter begleiten. (Vgl. S. 96)<\/p>\n\n\n\n<p>Die grundlegende Annahme der Familien- und Autorit\u00e4tsfeinde ist, dass das Kind, ungehindert von Strafe und Grenzen, sich zu etwas <em>gutem<\/em> entfaltet und nur die <em>beste<\/em> Seite seines Charakters entwickelt.<\/p>\n\n\n\n<p>\u201eDer Mensch wurde frei geboren, und doch liegt er \u00fcberall in Ketten, formulierte Rousseau und kennzeichnete damit ein f\u00fcr alle Mal die antiautorit\u00e4re Haltung. Die einzige Chance, diese Zivilisation in eine Utopie zu verwandeln, best\u00fcnde darin, <em>vor allem<\/em> das Kind, das noch formbare Wesen, frei zu machen, von Zw\u00e4ngen zu befreien,\u201c schreibt er weiter. (Vgl. S. 97)<\/p>\n\n\n\n<p>\u201eIdeal w\u00e4re in dieser Sichtweise die Beschr\u00e4nkung der Familie auf zwei Paarungspartner und auf die Rolle der Mutter als Versorgerin in der Anfangszeit, nach der das Kind in die kommunale (staatliche) Kinderkrippe und Schule geht.\u201c (Vgl. S. 97)<\/p>\n\n\n\n<p>Durch diese Verstaatlichung des Kindes w\u00fcrde seinen Gehorsam gegen\u00fcber den Eltern auf den Staat \u00fcbertragen, was letzteren mit Macht und Kontrolle \u00fcber den Menschen auch in seinen sp\u00e4teren Entwicklungsphasen ausstatten w\u00fcrde.<\/p>\n\n\n\n<p>Diese Verstaatlichung des Kindes kann nur in der Familie entgegengewirkt werden, wo die Kinder auf selbstverst\u00e4ndliche Weise die Verbindung von Autorit\u00e4t und <em>Liebe<\/em>, Gehorsam und Streben nach dem Guten, erleben k\u00f6nnen und wo \u2013 um das Wortspiel von Gustav Siewerth zu entlehnen \u2013 Wagnis und Bewahrung gelebt werden.<\/p>\n\n\n\n<p>Dennoch brauch die Familie den Staat, gibt auch Molnar zu.<\/p>\n\n\n\n<p>\u201e[Diese antiautorit\u00e4re Entwicklung ist] weder die Schuld der Familie noch die des Staates (wir k\u00f6nnen nat\u00fcrlich die Schuld des Staates nicht \u00fcbersehen, der sich zumindest dem Willen des Gesetzgebers beugt, wenn er familienfeindliche Gesetze, wie z.B. die Abtreibung, erl\u00e4sst), wir k\u00f6nnen eher von der fehlenden Kooperation aller wichtigen Glieder im Netz der Autorit\u00e4ten sprechen, einer Nicht-Kooperation von solchem Ausma\u00df, dass man sagen k\u00f6nnte, dass eine Gegenauthentizit\u00e4t an Stellen entstanden ist, an denen die Kontinuit\u00e4t des Autors legitimer Weise erwartet wurde.\u201c (Vgl. S. 98-99)<\/p>\n\n\n\n<p>Die Familie kann ohne die Strukturen der Gesellschaft \u2013 und des Staates \u2013 nicht \u00fcberleben und sich entfalten. Aber diese Verbindung bietet vor allem eine Chance: die Familie kann in die Strukturen einwirken und so den Staat <em>verwandeln<\/em>, zu einer pro-Familien-Struktur, wie es in einigen L\u00e4ndern in Europa, wie Ungarn, bereits erfolgreich umgesetzt wurde. Wenn der Staat im Gegenzug eine f\u00f6rdernde Familienpolitik betreibt, entsteht eine Synergie von der Keimzelle der Gesellschaft zu den gro\u00dfen \u00fcbergreifenden Strukturen, die eine wirkliche <em>Nation<\/em> ausmacht.<\/p>\n\n\n\n<p>Molnar war es daran gelegen, dieses Model anzustreben und ganz ohne utopische Selbstgen\u00fcgsamkeit als L\u00f6sung f\u00fcr die moderne Autorit\u00e4tsabwesenheit vorzuschlagen.<\/p>\n","protected":false},"excerpt":{"rendered":"<p>Wie die Linke versucht, erst die Familie und dann den ganzen Staat von innen heraus auseinanderzunehmen.<\/p>\n","protected":false},"author":94,"featured_media":83600,"comment_status":"open","ping_status":"open","sticky":false,"template":"","format":"standard","meta":{"give_campaign_id":0,"om_disable_all_campaigns":false,"_monsterinsights_skip_tracking":false,"_monsterinsights_sitenote_active":false,"_monsterinsights_sitenote_note":"","_monsterinsights_sitenote_category":0,"mc4wp_mailchimp_campaign":[],"jnews-multi-image_gallery":[],"jnews_single_post":{"subtitle":"Wie die Linke versucht, erst die Familie und dann den ganzen Staat von innen heraus auseinanderzunehmen.","format":"standard","video":"","gallery":"","source_name":"","source_url":"","via_name":"","via_url":"","override":[{"single_blog_custom":"","sidebar":"","second_sidebar":"","share_position":"","share_float_style":"","post_date_format":"","post_date_format_custom":"","post_reading_time_wpm":"","zoom_button_out_step":"1","zoom_button_in_step":"1","number_popup_post":"1"}],"image_override":[{"single_post_thumbnail_size":"","single_post_gallery_size":""}],"trending_post_position":"","trending_post_label":"","sponsored_post_label":"","sponsored_post_name":"","sponsored_post_url":"","sponsored_post_logo":"","sponsored_post_desc":""},"jnews_primary_category":{"id":"770"},"jnews_social_meta":[],"jnews_override_counter":[],"footnotes":""},"categories":[816,770,811],"tags":[8836,11518],"class_list":["post-83597","post","type-post","status-publish","format-standard","has-post-thumbnail","hentry","category-breaking-news-de","category-familie","category-foreground-de","tag-autoritaet","tag-thomas-molnar"],"yoast_head":"<!-- This site is optimized with the Yoast SEO Premium plugin v25.9 (Yoast SEO v27.3) - https:\/\/yoast.com\/product\/yoast-seo-premium-wordpress\/ -->\n<title>Thomas Molnar: Die Zersetzung von Autorit\u00e4t beginnt mit der Zersetzung der Familie - IFN<\/title>\n<meta name=\"robots\" content=\"index, follow, max-snippet:-1, max-image-preview:large, max-video-preview:-1\" \/>\n<link rel=\"canonical\" href=\"https:\/\/ifamnews.com\/de\/thomas-molnar-die-zersetzung-von-autorit-t-beginnt-mit-der-zersetzung-der-familie\" \/>\n<meta property=\"og:locale\" content=\"de_DE\" \/>\n<meta property=\"og:type\" content=\"article\" \/>\n<meta property=\"og:title\" content=\"Thomas Molnar: Die Zersetzung von Autorit\u00e4t beginnt mit der Zersetzung der Familie\" \/>\n<meta property=\"og:description\" content=\"Wie die Linke versucht, erst die Familie und dann den ganzen Staat von innen heraus auseinanderzunehmen.\" \/>\n<meta property=\"og:url\" content=\"https:\/\/ifamnews.com\/de\/thomas-molnar-die-zersetzung-von-autorit-t-beginnt-mit-der-zersetzung-der-familie\" \/>\n<meta property=\"og:site_name\" content=\"IFN\" \/>\n<meta property=\"article:publisher\" content=\"https:\/\/www.facebook.com\/iFamNews\" \/>\n<meta property=\"article:published_time\" content=\"2021-08-02T05:00:00+00:00\" \/>\n<meta property=\"og:image\" content=\"https:\/\/ifamnews.com\/wp-content\/uploads\/2021\/07\/1280px-Family_Portrait.jpg\" \/>\n\t<meta property=\"og:image:width\" content=\"1280\" \/>\n\t<meta property=\"og:image:height\" content=\"851\" \/>\n\t<meta property=\"og:image:type\" content=\"image\/jpeg\" \/>\n<meta name=\"author\" content=\"Jan Bentz\" \/>\n<meta name=\"twitter:card\" content=\"summary_large_image\" \/>\n<meta name=\"twitter:creator\" content=\"@iFamNewsEN\" \/>\n<meta name=\"twitter:site\" content=\"@iFamNewsEN\" \/>\n<meta name=\"twitter:label1\" content=\"Verfasst von\" \/>\n\t<meta name=\"twitter:data1\" content=\"Jan Bentz\" \/>\n\t<meta name=\"twitter:label2\" content=\"Gesch\u00e4tzte Lesezeit\" \/>\n\t<meta name=\"twitter:data2\" content=\"4\u00a0Minuten\" \/>\n<!-- \/ Yoast SEO Premium plugin. -->","yoast_head_json":{"title":"Thomas Molnar: Die Zersetzung von Autorit\u00e4t beginnt mit der Zersetzung der Familie - IFN","robots":{"index":"index","follow":"follow","max-snippet":"max-snippet:-1","max-image-preview":"max-image-preview:large","max-video-preview":"max-video-preview:-1"},"canonical":"https:\/\/ifamnews.com\/de\/thomas-molnar-die-zersetzung-von-autorit-t-beginnt-mit-der-zersetzung-der-familie","og_locale":"de_DE","og_type":"article","og_title":"Thomas Molnar: Die Zersetzung von Autorit\u00e4t beginnt mit der Zersetzung der Familie","og_description":"Wie die Linke versucht, erst die Familie und dann den ganzen Staat von innen heraus auseinanderzunehmen.","og_url":"https:\/\/ifamnews.com\/de\/thomas-molnar-die-zersetzung-von-autorit-t-beginnt-mit-der-zersetzung-der-familie","og_site_name":"IFN","article_publisher":"https:\/\/www.facebook.com\/iFamNews","article_published_time":"2021-08-02T05:00:00+00:00","og_image":[{"width":1280,"height":851,"url":"https:\/\/ifamnews.com\/wp-content\/uploads\/2021\/07\/1280px-Family_Portrait.jpg","type":"image\/jpeg"}],"author":"Jan Bentz","twitter_card":"summary_large_image","twitter_creator":"@iFamNewsEN","twitter_site":"@iFamNewsEN","twitter_misc":{"Verfasst von":"Jan Bentz","Gesch\u00e4tzte Lesezeit":"4\u00a0Minuten"},"schema":{"@context":"https:\/\/schema.org","@graph":[{"@type":"NewsArticle","@id":"https:\/\/ifamnews.com\/de\/thomas-molnar-die-zersetzung-von-autorit-t-beginnt-mit-der-zersetzung-der-familie#article","isPartOf":{"@id":"https:\/\/ifamnews.com\/de\/thomas-molnar-die-zersetzung-von-autorit-t-beginnt-mit-der-zersetzung-der-familie"},"author":{"name":"Jan Bentz","@id":"https:\/\/ifamnews.com\/en\/#\/schema\/person\/ab41b70fafcdfd12a7774eb96573cc72"},"headline":"Thomas Molnar: Die Zersetzung von Autorit\u00e4t beginnt mit der Zersetzung der Familie","datePublished":"2021-08-02T05:00:00+00:00","mainEntityOfPage":{"@id":"https:\/\/ifamnews.com\/de\/thomas-molnar-die-zersetzung-von-autorit-t-beginnt-mit-der-zersetzung-der-familie"},"wordCount":766,"commentCount":0,"publisher":{"@id":"https:\/\/ifamnews.com\/en\/#organization"},"image":{"@id":"https:\/\/ifamnews.com\/de\/thomas-molnar-die-zersetzung-von-autorit-t-beginnt-mit-der-zersetzung-der-familie#primaryimage"},"thumbnailUrl":"https:\/\/ifamnews.com\/wp-content\/uploads\/2021\/07\/1280px-Family_Portrait.jpg","keywords":["Autorit\u00e4t","Thomas Molnar"],"articleSection":["Breaking News","Familie","Vordergrund"],"inLanguage":"de","potentialAction":[{"@type":"CommentAction","name":"Comment","target":["https:\/\/ifamnews.com\/de\/thomas-molnar-die-zersetzung-von-autorit-t-beginnt-mit-der-zersetzung-der-familie#respond"]}]},{"@type":"WebPage","@id":"https:\/\/ifamnews.com\/de\/thomas-molnar-die-zersetzung-von-autorit-t-beginnt-mit-der-zersetzung-der-familie","url":"https:\/\/ifamnews.com\/de\/thomas-molnar-die-zersetzung-von-autorit-t-beginnt-mit-der-zersetzung-der-familie","name":"Thomas Molnar: Die Zersetzung von Autorit\u00e4t beginnt mit der Zersetzung der Familie - IFN","isPartOf":{"@id":"https:\/\/ifamnews.com\/en\/#website"},"primaryImageOfPage":{"@id":"https:\/\/ifamnews.com\/de\/thomas-molnar-die-zersetzung-von-autorit-t-beginnt-mit-der-zersetzung-der-familie#primaryimage"},"image":{"@id":"https:\/\/ifamnews.com\/de\/thomas-molnar-die-zersetzung-von-autorit-t-beginnt-mit-der-zersetzung-der-familie#primaryimage"},"thumbnailUrl":"https:\/\/ifamnews.com\/wp-content\/uploads\/2021\/07\/1280px-Family_Portrait.jpg","datePublished":"2021-08-02T05:00:00+00:00","breadcrumb":{"@id":"https:\/\/ifamnews.com\/de\/thomas-molnar-die-zersetzung-von-autorit-t-beginnt-mit-der-zersetzung-der-familie#breadcrumb"},"inLanguage":"de","potentialAction":[{"@type":"ReadAction","target":["https:\/\/ifamnews.com\/de\/thomas-molnar-die-zersetzung-von-autorit-t-beginnt-mit-der-zersetzung-der-familie"]}]},{"@type":"ImageObject","inLanguage":"de","@id":"https:\/\/ifamnews.com\/de\/thomas-molnar-die-zersetzung-von-autorit-t-beginnt-mit-der-zersetzung-der-familie#primaryimage","url":"https:\/\/ifamnews.com\/wp-content\/uploads\/2021\/07\/1280px-Family_Portrait.jpg","contentUrl":"https:\/\/ifamnews.com\/wp-content\/uploads\/2021\/07\/1280px-Family_Portrait.jpg","width":1280,"height":851,"caption":"Familienportrait\/Bild: Wikicommons"},{"@type":"BreadcrumbList","@id":"https:\/\/ifamnews.com\/de\/thomas-molnar-die-zersetzung-von-autorit-t-beginnt-mit-der-zersetzung-der-familie#breadcrumb","itemListElement":[{"@type":"ListItem","position":1,"name":"Home","item":"https:\/\/ifamnews.com\/de"},{"@type":"ListItem","position":2,"name":"Familie","item":"https:\/\/ifamnews.com\/de\/kategorie\/familie"},{"@type":"ListItem","position":3,"name":"Thomas Molnar: Die Zersetzung von Autorit\u00e4t beginnt mit der Zersetzung der Familie"}]},{"@type":"WebSite","@id":"https:\/\/ifamnews.com\/en\/#website","url":"https:\/\/ifamnews.com\/en\/","name":"IFN","description":"International Family News Network","publisher":{"@id":"https:\/\/ifamnews.com\/en\/#organization"},"potentialAction":[{"@type":"SearchAction","target":{"@type":"EntryPoint","urlTemplate":"https:\/\/ifamnews.com\/en\/?s={search_term_string}"},"query-input":{"@type":"PropertyValueSpecification","valueRequired":true,"valueName":"search_term_string"}}],"inLanguage":"de"},{"@type":"Organization","@id":"https:\/\/ifamnews.com\/en\/#organization","name":"iFamNews","url":"https:\/\/ifamnews.com\/en\/","logo":{"@type":"ImageObject","inLanguage":"de","@id":"https:\/\/ifamnews.com\/en\/#\/schema\/logo\/image\/","url":"https:\/\/ifamnews.com\/wp-content\/uploads\/2020\/01\/Share-logo.png","contentUrl":"https:\/\/ifamnews.com\/wp-content\/uploads\/2020\/01\/Share-logo.png","width":200,"height":200,"caption":"iFamNews"},"image":{"@id":"https:\/\/ifamnews.com\/en\/#\/schema\/logo\/image\/"},"sameAs":["https:\/\/www.facebook.com\/iFamNews","https:\/\/x.com\/iFamNewsEN"]},{"@type":"Person","@id":"https:\/\/ifamnews.com\/en\/#\/schema\/person\/ab41b70fafcdfd12a7774eb96573cc72","name":"Jan Bentz","image":{"@type":"ImageObject","inLanguage":"de","@id":"https:\/\/secure.gravatar.com\/avatar\/bb3fc3e4fb197942a1cfea0d80ee06db641796022af0fb8bf02c8651eac05980?s=96&d=mm&r=g","url":"https:\/\/secure.gravatar.com\/avatar\/bb3fc3e4fb197942a1cfea0d80ee06db641796022af0fb8bf02c8651eac05980?s=96&d=mm&r=g","contentUrl":"https:\/\/secure.gravatar.com\/avatar\/bb3fc3e4fb197942a1cfea0d80ee06db641796022af0fb8bf02c8651eac05980?s=96&d=mm&r=g","caption":"Jan Bentz"},"description":"Dr. phil. Jan C. Bentz was born and raised in Germany, and graduated from High School in St. Louis (MI) as a foreign exchange student. Professor Bentz holds a doctorate in Philosophy (Dr. phil.) from the Pontifical Athenaeum Regina Apostolorum in Rome, a Master\u2019s in Sacred Art, Architecture, and Liturgy and a Master\u2019s in Church and Religious Studies. During his career as a journalist he has contributed to EWTN in English and German,\u00a0Inside the Vatican,\u00a0The Catholic Herald,\u00a0Catholic News Agency,\u00a0J\u00fcdische Rundschau,\u00a0and\u00a0Nasze Slowo. He worked as a producer for EWTN focusing on the Vatican, the Pope, and Rome in general. His fields of expertise in Philosophy include the history of philosophy and the history of philosophy of art. Prof. Bentz teaches Philosophy for\u00a0The Catholic University of America,\u00a0Christendom College, and\u00a0IES Study Abroad\u00a0in Rome.","url":"https:\/\/ifamnews.com\/de\/author\/jbentzifamnews-com"}]}},"amp_enabled":true,"_links":{"self":[{"href":"https:\/\/ifamnews.com\/de\/wp-json\/wp\/v2\/posts\/83597","targetHints":{"allow":["GET"]}}],"collection":[{"href":"https:\/\/ifamnews.com\/de\/wp-json\/wp\/v2\/posts"}],"about":[{"href":"https:\/\/ifamnews.com\/de\/wp-json\/wp\/v2\/types\/post"}],"author":[{"embeddable":true,"href":"https:\/\/ifamnews.com\/de\/wp-json\/wp\/v2\/users\/94"}],"replies":[{"embeddable":true,"href":"https:\/\/ifamnews.com\/de\/wp-json\/wp\/v2\/comments?post=83597"}],"version-history":[{"count":1,"href":"https:\/\/ifamnews.com\/de\/wp-json\/wp\/v2\/posts\/83597\/revisions"}],"predecessor-version":[{"id":83616,"href":"https:\/\/ifamnews.com\/de\/wp-json\/wp\/v2\/posts\/83597\/revisions\/83616"}],"wp:featuredmedia":[{"embeddable":true,"href":"https:\/\/ifamnews.com\/de\/wp-json\/wp\/v2\/media\/83600"}],"wp:attachment":[{"href":"https:\/\/ifamnews.com\/de\/wp-json\/wp\/v2\/media?parent=83597"}],"wp:term":[{"taxonomy":"category","embeddable":true,"href":"https:\/\/ifamnews.com\/de\/wp-json\/wp\/v2\/categories?post=83597"},{"taxonomy":"post_tag","embeddable":true,"href":"https:\/\/ifamnews.com\/de\/wp-json\/wp\/v2\/tags?post=83597"}],"curies":[{"name":"wp","href":"https:\/\/api.w.org\/{rel}","templated":true}]}}