{"id":82282,"date":"2021-07-14T01:00:00","date_gmt":"2021-07-14T05:00:00","guid":{"rendered":"https:\/\/ifamnews.com\/?p=82282"},"modified":"2021-07-09T01:52:24","modified_gmt":"2021-07-09T05:52:24","slug":"die-geschichte-eines-trans-missbrauchs","status":"publish","type":"post","link":"https:\/\/ifamnews.com\/de\/die-geschichte-eines-trans-missbrauchs","title":{"rendered":"Die Geschichte eines Trans-Missbrauchs"},"content":{"rendered":"\n<p>In Costa Rica lebt ein Mann unter dem weiblichen Namen <a href=\"https:\/\/www.diarioextra.com\/Noticia\/detalle\/379119\/transgenero-garrotea-re-clusa-para-violarla\">\u201eNataly Monge Brenes\u201c, weil er transgender ist.<\/a> Im Alter von 22 Jahren wurde er zu einer sechsj\u00e4hrigen Haftstrafe verurteilt und landete im Gef\u00e4ngnis, doch nicht etwa wegen Diebstahls sondern wegen sexuellen Missbrauchs von Kindern. Zun\u00e4chst sa\u00df er im M\u00e4nnergef\u00e4ngnis <em>La Reforma<\/em> ein. Dort klagte er \u00fcber wiederholte Vergewaltigungen durch m\u00e4nnliche H\u00e4ftlinge. Daher stellte er den Antrag auf <a href=\"https:\/\/www.womenarehuman.com\/transgender-child-sex-abuser-savagely-beat-female-inmate-who-thwarted-his-rape-attempt-says-complaint-nataly-monge-brenes\/\">Verlegung in ein anderes Gef\u00e4ngnis, ein Frauengef\u00e4ngnis<\/a>, da er sich ja als Frau f\u00fchlte. Nach zahlreichen Berufungen wurde dem Antrag stattgegeben und er wurde in die Frauenvollzugsanstalt <em>El Buen Pastor<\/em> in die Provinz San Jos\u00e9 gebracht. Dort ist er am 4. Januar 2019 angekommen. Im Februar 2020 hat er die weibliche Insassin Quesada Hern\u00e1ndez mit einem Kn\u00fcppel geschlagen und versucht, sie zu vergewaltigen. Schon vor dem \u00dcberfall hatte er sich den weiblichen Mitgefangenen im Bad nackt gezeigt und vor ihnen sogar autoerotische Handlungen vollzogen.<\/p>\n\n\n\n<p>Wirklich seltsam diese M\u00e4nner, die sich als Frauen f\u00fchlen und doch im richtigen Moment ihre M\u00e4nnlichkeit als Waffe einsetzen. Seltsam, weil niemand sich aufregt; seltsam, weil niemand Skandal schreit; seltsam, weil sich niemand auszusprechen traut, dass das alles nur eine hirnrissige Spinnerei ist. Am Ende ist \u201eNataly\u201c in Einzelhaft gelandet.<\/p>\n\n\n\n<p>Solche Dinge kommen vor und zwar allzu oft. In Kalifornien sind es etwa 300 M\u00e4nner, die sich als Frauen f\u00fchlen und deshalb eine Verlegung in Frauengef\u00e4ngnisse beantragen. Sind sie allesamt verurteilte Vergewaltiger? Nein, nat\u00fcrlich nicht. Aber wie kann man <a href=\"https:\/\/feministpost.it\/magazine\/primo-piano\/uomini-nelle-carceri-femminili-le-lettere-delle-detenute-californiane\/\">die \u00c4ngste der Frauen nicht nachvollziehen, die im Gef\u00e4ngnis inhaftiert von einem Tag auf den anderen diese Bu\u00dfzellen<\/a>, die an sich schon schwer zu ertragen sind, mit H\u00e4ftlingen teilen m\u00fcssen, die potentielle Vergewaltiger sein k\u00f6nnten?<\/p>\n\n\n\n<p>Weshalb ist es in Mode, den Mann immer als Chauvinisten hinzustellen, der Frauen missbraucht, sobald sich die Gelegenheit bietet &#8211; au\u00dfer wenn der Mann sich auf wundersame Weise als Frau deklariert? Woran liegt es, dass in unserer Welt heutzutage alles m\u00f6gliche unter Schutz steht, nur nicht das, was wirklich Schutz verdient?<\/p>\n\n\n\n<p>Es ist nicht das erste und nicht das letzte Mal, das so etwas passiert. Man muss \u00fcber solche Vorf\u00e4lle berichten und sie immer wieder erz\u00e4hlen. Das ist genau das, was wir tun. Ideologie macht zwangsl\u00e4ufig blind. Daher sollten wir so schnell wie m\u00f6glich die Augen \u00f6ffnen und den Tatsachen auf den Grund gehen.<\/p>\n","protected":false},"excerpt":{"rendered":"<p>Ideologie macht zwangsl\u00e4ufig blind. Wir sollten so schnell wie m\u00f6glich der Wahrheit und den Tatsachen ins Auge blicken.<\/p>\n","protected":false},"author":7,"featured_media":81048,"comment_status":"open","ping_status":"open","sticky":false,"template":"","format":"standard","meta":{"give_campaign_id":0,"om_disable_all_campaigns":false,"_monsterinsights_skip_tracking":false,"_monsterinsights_sitenote_active":false,"_monsterinsights_sitenote_note":"","_monsterinsights_sitenote_category":0,"mc4wp_mailchimp_campaign":[],"jnews-multi-image_gallery":[],"jnews_single_post":{"subtitle":"Ideologie macht zwangsl\u00e4ufig blind. Wir sollten so schnell wie m\u00f6glich der Wahrheit und den Tatsachen ins Auge blicken.","format":"standard","video":"","gallery":"","source_name":"","source_url":"","via_name":"","via_url":"","override":[{"single_blog_custom":"","sidebar":"","second_sidebar":"","share_position":"","share_float_style":"","post_date_format":"","post_date_format_custom":"","post_reading_time_wpm":"","zoom_button_out_step":"1","zoom_button_in_step":"1","number_popup_post":"1"}],"image_override":[{"single_post_thumbnail_size":"","single_post_gallery_size":""}],"trending_post_position":"","trending_post_label":"","sponsored_post_label":"","sponsored_post_name":"","sponsored_post_url":"","sponsored_post_logo":"","sponsored_post_desc":""},"jnews_primary_category":{"id":"767"},"jnews_social_meta":[],"jnews_override_counter":[],"footnotes":""},"categories":[816,770,767,811],"tags":[4457,4142,8000],"class_list":["post-82282","post","type-post","status-publish","format-standard","has-post-thumbnail","hentry","category-breaking-news-de","category-familie","category-meinung","category-foreground-de","tag-gender-ideologie-2","tag-transgender-4","tag-vetrina-de"],"yoast_head":"<!-- This site is optimized with the Yoast SEO Premium plugin v25.9 (Yoast SEO v27.3) - https:\/\/yoast.com\/product\/yoast-seo-premium-wordpress\/ -->\n<title>Die Geschichte eines Trans-Missbrauchs - IFN<\/title>\n<meta name=\"robots\" content=\"index, follow, max-snippet:-1, max-image-preview:large, max-video-preview:-1\" \/>\n<link rel=\"canonical\" href=\"https:\/\/ifamnews.com\/de\/die-geschichte-eines-trans-missbrauchs\" \/>\n<meta property=\"og:locale\" content=\"de_DE\" \/>\n<meta property=\"og:type\" content=\"article\" \/>\n<meta property=\"og:title\" content=\"Die Geschichte eines Trans-Missbrauchs\" \/>\n<meta property=\"og:description\" content=\"Ideologie macht zwangsl\u00e4ufig blind. Wir sollten so schnell wie m\u00f6glich der Wahrheit und den Tatsachen ins Auge blicken.\" \/>\n<meta property=\"og:url\" content=\"https:\/\/ifamnews.com\/de\/die-geschichte-eines-trans-missbrauchs\" \/>\n<meta property=\"og:site_name\" content=\"IFN\" \/>\n<meta property=\"article:publisher\" content=\"https:\/\/www.facebook.com\/iFamNews\" \/>\n<meta property=\"article:author\" content=\"https:\/\/facebook.com\/MarcoRespinti\" \/>\n<meta property=\"article:published_time\" content=\"2021-07-14T05:00:00+00:00\" \/>\n<meta property=\"og:image\" content=\"https:\/\/ifamnews.com\/wp-content\/uploads\/2021\/06\/Violenza.jpg\" \/>\n\t<meta property=\"og:image:width\" content=\"1280\" \/>\n\t<meta property=\"og:image:height\" content=\"704\" \/>\n\t<meta property=\"og:image:type\" content=\"image\/jpeg\" \/>\n<meta name=\"author\" content=\"Marco Respinti\" \/>\n<meta name=\"twitter:card\" content=\"summary_large_image\" \/>\n<meta name=\"twitter:creator\" content=\"@https:\/\/twitter.com\/MarcoRespinti\" \/>\n<meta name=\"twitter:site\" content=\"@iFamNewsEN\" \/>\n<meta name=\"twitter:label1\" content=\"Verfasst von\" \/>\n\t<meta name=\"twitter:data1\" content=\"Marco Respinti\" \/>\n\t<meta name=\"twitter:label2\" content=\"Gesch\u00e4tzte Lesezeit\" \/>\n\t<meta name=\"twitter:data2\" content=\"2\u00a0Minuten\" \/>\n<!-- \/ Yoast SEO Premium plugin. -->","yoast_head_json":{"title":"Die Geschichte eines Trans-Missbrauchs - IFN","robots":{"index":"index","follow":"follow","max-snippet":"max-snippet:-1","max-image-preview":"max-image-preview:large","max-video-preview":"max-video-preview:-1"},"canonical":"https:\/\/ifamnews.com\/de\/die-geschichte-eines-trans-missbrauchs","og_locale":"de_DE","og_type":"article","og_title":"Die Geschichte eines Trans-Missbrauchs","og_description":"Ideologie macht zwangsl\u00e4ufig blind. Wir sollten so schnell wie m\u00f6glich der Wahrheit und den Tatsachen ins Auge blicken.","og_url":"https:\/\/ifamnews.com\/de\/die-geschichte-eines-trans-missbrauchs","og_site_name":"IFN","article_publisher":"https:\/\/www.facebook.com\/iFamNews","article_author":"https:\/\/facebook.com\/MarcoRespinti","article_published_time":"2021-07-14T05:00:00+00:00","og_image":[{"width":1280,"height":704,"url":"https:\/\/ifamnews.com\/wp-content\/uploads\/2021\/06\/Violenza.jpg","type":"image\/jpeg"}],"author":"Marco Respinti","twitter_card":"summary_large_image","twitter_creator":"@https:\/\/twitter.com\/MarcoRespinti","twitter_site":"@iFamNewsEN","twitter_misc":{"Verfasst von":"Marco Respinti","Gesch\u00e4tzte Lesezeit":"2\u00a0Minuten"},"schema":{"@context":"https:\/\/schema.org","@graph":[{"@type":"NewsArticle","@id":"https:\/\/ifamnews.com\/de\/die-geschichte-eines-trans-missbrauchs#article","isPartOf":{"@id":"https:\/\/ifamnews.com\/de\/die-geschichte-eines-trans-missbrauchs"},"author":{"name":"Marco Respinti","@id":"https:\/\/ifamnews.com\/en\/#\/schema\/person\/f0579ab02623e80d44006c1a5d949ea9"},"headline":"Die Geschichte eines Trans-Missbrauchs","datePublished":"2021-07-14T05:00:00+00:00","mainEntityOfPage":{"@id":"https:\/\/ifamnews.com\/de\/die-geschichte-eines-trans-missbrauchs"},"wordCount":408,"commentCount":0,"publisher":{"@id":"https:\/\/ifamnews.com\/en\/#organization"},"image":{"@id":"https:\/\/ifamnews.com\/de\/die-geschichte-eines-trans-missbrauchs#primaryimage"},"thumbnailUrl":"https:\/\/ifamnews.com\/wp-content\/uploads\/2021\/06\/Violenza.jpg","keywords":["Gender-Ideologie","Transgender","Vetrina"],"articleSection":["Breaking News","Familie","Meinung","Vordergrund"],"inLanguage":"de","potentialAction":[{"@type":"CommentAction","name":"Comment","target":["https:\/\/ifamnews.com\/de\/die-geschichte-eines-trans-missbrauchs#respond"]}]},{"@type":"WebPage","@id":"https:\/\/ifamnews.com\/de\/die-geschichte-eines-trans-missbrauchs","url":"https:\/\/ifamnews.com\/de\/die-geschichte-eines-trans-missbrauchs","name":"Die Geschichte eines Trans-Missbrauchs - IFN","isPartOf":{"@id":"https:\/\/ifamnews.com\/en\/#website"},"primaryImageOfPage":{"@id":"https:\/\/ifamnews.com\/de\/die-geschichte-eines-trans-missbrauchs#primaryimage"},"image":{"@id":"https:\/\/ifamnews.com\/de\/die-geschichte-eines-trans-missbrauchs#primaryimage"},"thumbnailUrl":"https:\/\/ifamnews.com\/wp-content\/uploads\/2021\/06\/Violenza.jpg","datePublished":"2021-07-14T05:00:00+00:00","breadcrumb":{"@id":"https:\/\/ifamnews.com\/de\/die-geschichte-eines-trans-missbrauchs#breadcrumb"},"inLanguage":"de","potentialAction":[{"@type":"ReadAction","target":["https:\/\/ifamnews.com\/de\/die-geschichte-eines-trans-missbrauchs"]}]},{"@type":"ImageObject","inLanguage":"de","@id":"https:\/\/ifamnews.com\/de\/die-geschichte-eines-trans-missbrauchs#primaryimage","url":"https:\/\/ifamnews.com\/wp-content\/uploads\/2021\/06\/Violenza.jpg","contentUrl":"https:\/\/ifamnews.com\/wp-content\/uploads\/2021\/06\/Violenza.jpg","width":1280,"height":704,"caption":"Image from Pixabay"},{"@type":"BreadcrumbList","@id":"https:\/\/ifamnews.com\/de\/die-geschichte-eines-trans-missbrauchs#breadcrumb","itemListElement":[{"@type":"ListItem","position":1,"name":"Home","item":"https:\/\/ifamnews.com\/de"},{"@type":"ListItem","position":2,"name":"Famiglia","item":"https:\/\/ifamnews.com\/it\/categoria\/famiglia"},{"@type":"ListItem","position":3,"name":"Die Geschichte eines Trans-Missbrauchs"}]},{"@type":"WebSite","@id":"https:\/\/ifamnews.com\/en\/#website","url":"https:\/\/ifamnews.com\/en\/","name":"IFN","description":"International Family News Network","publisher":{"@id":"https:\/\/ifamnews.com\/en\/#organization"},"potentialAction":[{"@type":"SearchAction","target":{"@type":"EntryPoint","urlTemplate":"https:\/\/ifamnews.com\/en\/?s={search_term_string}"},"query-input":{"@type":"PropertyValueSpecification","valueRequired":true,"valueName":"search_term_string"}}],"inLanguage":"de"},{"@type":"Organization","@id":"https:\/\/ifamnews.com\/en\/#organization","name":"iFamNews","url":"https:\/\/ifamnews.com\/en\/","logo":{"@type":"ImageObject","inLanguage":"de","@id":"https:\/\/ifamnews.com\/en\/#\/schema\/logo\/image\/","url":"https:\/\/ifamnews.com\/wp-content\/uploads\/2020\/01\/Share-logo.png","contentUrl":"https:\/\/ifamnews.com\/wp-content\/uploads\/2020\/01\/Share-logo.png","width":200,"height":200,"caption":"iFamNews"},"image":{"@id":"https:\/\/ifamnews.com\/en\/#\/schema\/logo\/image\/"},"sameAs":["https:\/\/www.facebook.com\/iFamNews","https:\/\/x.com\/iFamNewsEN"]},{"@type":"Person","@id":"https:\/\/ifamnews.com\/en\/#\/schema\/person\/f0579ab02623e80d44006c1a5d949ea9","name":"Marco Respinti","image":{"@type":"ImageObject","inLanguage":"de","@id":"https:\/\/secure.gravatar.com\/avatar\/4ab04a5127131015e13010f222e38621144dc33a5df5d977b35ceeab15ee958f?s=96&d=mm&r=g","url":"https:\/\/secure.gravatar.com\/avatar\/4ab04a5127131015e13010f222e38621144dc33a5df5d977b35ceeab15ee958f?s=96&d=mm&r=g","contentUrl":"https:\/\/secure.gravatar.com\/avatar\/4ab04a5127131015e13010f222e38621144dc33a5df5d977b35ceeab15ee958f?s=96&d=mm&r=g","caption":"Marco Respinti"},"description":"Marco Respinti was the Editor-in-Chief of International Family News until the end of 2022. He is an Italian professional journalist, member of the International Federation of Journalists (IFJ), essayist, translator, and lecturer. He has contributed and contributes to several journals and magazines both in print and online, both in Italy and abroad. Author of books, he has translated and\/or edited works by, among others, Edmund Burke, Charles Dickens, T.S. Eliot, Russell Kirk, J.R.R. Tolkien, R\u00e9gine Pernoud and Gustave Thibon. A Senior fellow at the\u00a0Russell Kirk Center for Cultural Renewal (Mecosta, Michigan) he is also a founding member as well as Board member of the Center for European Renewal (The Hague, The Netherlands). A member of the Editorial Board of The European Conservative magazine, as well as a member of the Advisory Council of the European Federation for Freedom of Belief, he serves as Director-in-Charge of the academic publication The Journal of CESNUR and the online Bitter Winter: A Magazine on Religious Liberty and Human Rights.","sameAs":["https:\/\/facebook.com\/MarcoRespinti","https:\/\/it.linkedin.com\/in\/marcorespinti","https:\/\/pinterest.it\/MarcoRespinti\/_created\/","https:\/\/x.com\/https:\/\/twitter.com\/MarcoRespinti","https:\/\/youtube.com\/channel\/UC1FbsvyQNTQ-snpsmRC12Og?view_as=subscriber"],"url":"https:\/\/ifamnews.com\/de\/author\/mrespinti"}]}},"amp_enabled":true,"_links":{"self":[{"href":"https:\/\/ifamnews.com\/de\/wp-json\/wp\/v2\/posts\/82282","targetHints":{"allow":["GET"]}}],"collection":[{"href":"https:\/\/ifamnews.com\/de\/wp-json\/wp\/v2\/posts"}],"about":[{"href":"https:\/\/ifamnews.com\/de\/wp-json\/wp\/v2\/types\/post"}],"author":[{"embeddable":true,"href":"https:\/\/ifamnews.com\/de\/wp-json\/wp\/v2\/users\/7"}],"replies":[{"embeddable":true,"href":"https:\/\/ifamnews.com\/de\/wp-json\/wp\/v2\/comments?post=82282"}],"version-history":[{"count":5,"href":"https:\/\/ifamnews.com\/de\/wp-json\/wp\/v2\/posts\/82282\/revisions"}],"predecessor-version":[{"id":82353,"href":"https:\/\/ifamnews.com\/de\/wp-json\/wp\/v2\/posts\/82282\/revisions\/82353"}],"wp:featuredmedia":[{"embeddable":true,"href":"https:\/\/ifamnews.com\/de\/wp-json\/wp\/v2\/media\/81048"}],"wp:attachment":[{"href":"https:\/\/ifamnews.com\/de\/wp-json\/wp\/v2\/media?parent=82282"}],"wp:term":[{"taxonomy":"category","embeddable":true,"href":"https:\/\/ifamnews.com\/de\/wp-json\/wp\/v2\/categories?post=82282"},{"taxonomy":"post_tag","embeddable":true,"href":"https:\/\/ifamnews.com\/de\/wp-json\/wp\/v2\/tags?post=82282"}],"curies":[{"name":"wp","href":"https:\/\/api.w.org\/{rel}","templated":true}]}}