{"id":79161,"date":"2021-06-29T01:00:00","date_gmt":"2021-06-29T05:00:00","guid":{"rendered":"https:\/\/ifamnews.com\/?p=79161"},"modified":"2021-06-28T03:54:44","modified_gmt":"2021-06-28T07:54:44","slug":"ungarn-zusammenarbeit-mit-kirche-f-hrt-zu-r-ckl-ufigen-scheidungs-und-abtreibungszahlen","status":"publish","type":"post","link":"https:\/\/ifamnews.com\/de\/ungarn-zusammenarbeit-mit-kirche-f-hrt-zu-r-ckl-ufigen-scheidungs-und-abtreibungszahlen","title":{"rendered":"Ungarn: Zusammenarbeit mit Kirche f\u00fchrt zu r\u00fcckl\u00e4ufigen Scheidungs- und Abtreibungszahlen"},"content":{"rendered":"\n<p>Die Zusammenarbeit der ungarischen Regierung mit der Kirche hat zu einem deutlichen R\u00fcckgang der Scheidungen und Abtreibungen im Land gef\u00fchrt. Die ungarische Ministerin f\u00fcr Familie, Jugend und internationale Beziehungen und stellevertretende Vorsitzende der <em>Fidesz<\/em>-Partei, Katalin Novak, gab dies am Montag auf einer christlichen Konferenz bekannt, meldet <em><a href=\"https:\/\/rmx.news\/article\/article\/christianity-is-not-an-option-but-a-destiny-says-hungarian-minister\">Remix News<\/a><\/em>.<\/p>\n\n\n\n<p>Ministerin Novak betonte, das Christentum sei f\u00fcr Europ\u00e4er keine Frage der Wahl, sondern der Vorherbestimmung. In Ungarn \u201ewird eine Art christliche Erneuerung nicht einfach nur ausgesprochen und gepredigt, sondern es werden im Namen der Regierung entscheidende Ma\u00dfnahmen beschlossen.\u201c<\/p>\n\n\n\n<p>So ist Ungarn, nach Angaben von Eurostat, von allen L\u00e4ndern der Europ\u00e4ischen Union Spitzenreiter, was die Ausgaben zur Unterst\u00fctzung von Kirchen und kirchlichen Bildungseinrichtungen angeht. In den letzten zehn Jahren ist die Zahl der ungarischen B\u00fcrger, die 1% ihrer Einkommenssteuer an die Kirche abgeben, um 400.000 gestiegen. Nach zuvor r\u00fcckl\u00e4ufigem Trend nehmen nun auch Taufen und kirchliche Eheschlie\u00dfungen wieder zu. Eine halbe Million Kinder wurden f\u00fcr den Religionsunterricht angemeldet. Au\u00dferdem, so Novak weiter, verdoppelte der Staat die Anzahl kirchlicher Bildungseinrichtungen, in denen Kinderkrippen, Kinderg\u00e4rten und Schulen betrieben werden, und dementsprechend auch die Anzahl der Kinder, die dort aufgenommen wurden.<\/p>\n\n\n\n<p>Die Ministerin berichtet, dass die Anzahl der ehelich geborenen Kinder seit 2010 stetig gestiegen ist, die Schwangerschaftsabbr\u00fcche in der Ehe sich nahezu halbiert haben und die Zahl au\u00dferehelicher Geburten um zwei Drittel gesunken ist. Gleichzeitig ist <strong>die Scheidungsrate die niedrigste seit 60 Jahren<\/strong>. Katalin Novak sprach auch \u00fcber die Einf\u00fchrung von religi\u00f6ser Ethik im \u00f6ffentlichen Bildungssystem und k\u00fcndigte die Restaurierung von 3.000 Kirchen sowie 130 Kirchenneubauten an. Sie wies darauf hin, dass keine Kirche geschlossen oder in ein Einkaufszentrum verwandelt werde.<\/p>\n","protected":false},"excerpt":{"rendered":"<p>Ungarn &#8211;  von allen EU-Staaten das Land, das kirchlichen Einrichtungen das h\u00f6chste Budget zur Verf\u00fcgung stellt &#8211; pr\u00e4sentiert nun stolz seine positiven Statistiken zu Eheschlie\u00dfungen und Geburten.<\/p>\n","protected":false},"author":147,"featured_media":78825,"comment_status":"open","ping_status":"open","sticky":false,"template":"","format":"standard","meta":{"give_campaign_id":0,"om_disable_all_campaigns":false,"_monsterinsights_skip_tracking":false,"_monsterinsights_sitenote_active":false,"_monsterinsights_sitenote_note":"","_monsterinsights_sitenote_category":0,"mc4wp_mailchimp_campaign":[],"jnews-multi-image_gallery":[],"jnews_single_post":{"subtitle":"Ungarn -  von allen EU-Staaten das Land, das kirchlichen Einrichtungen das h\u00f6chste Budget zur Verf\u00fcgung stellt - pr\u00e4sentiert nun stolz seine positiven Statistiken zu Eheschlie\u00dfungen und Geburten.","format":"standard","video":"","gallery":"","source_name":"","source_url":"","via_name":"","via_url":"","override":[{"single_blog_custom":"","sidebar":"","second_sidebar":"","share_position":"","share_float_style":"","post_date_format":"","post_date_format_custom":"","post_reading_time_wpm":"","zoom_button_out_step":"1","zoom_button_in_step":"1","number_popup_post":"1"}],"image_override":[{"single_post_thumbnail_size":"","single_post_gallery_size":""}],"trending_post_position":"","trending_post_label":"","sponsored_post_label":"","sponsored_post_name":"","sponsored_post_url":"","sponsored_post_logo":"","sponsored_post_desc":""},"jnews_primary_category":{"id":"768"},"jnews_social_meta":[],"jnews_override_counter":[],"footnotes":""},"categories":[816,768,811],"tags":[1906,11178,11181,6717,11182,11183,11180,11179],"class_list":["post-79161","post","type-post","status-publish","format-standard","has-post-thumbnail","hentry","category-breaking-news-de","category-politik","category-foreground-de","tag-abtreibung","tag-familienpolitik-de","tag-katalin-novak-de","tag-scheidung","tag-scheidungsrate","tag-staatliche-beihilfe","tag-staatliche-masnahmen","tag-ungarn-de"],"yoast_head":"<!-- This site is optimized with the Yoast SEO Premium plugin v25.9 (Yoast SEO v27.3) - https:\/\/yoast.com\/product\/yoast-seo-premium-wordpress\/ -->\n<title>Ungarn: Zusammenarbeit mit Kirche f\u00fchrt zu r\u00fcckl\u00e4ufigen Scheidungs- und Abtreibungszahlen - IFN<\/title>\n<meta name=\"description\" content=\"Ungarn, das mehr Mittel f\u00fcr die Unterst\u00fctzung kirchlicher Einrichtungen bereitstellt als andere EU-Staaten, betonte die positiven Statistiken in Bezug auf Heirat und Geburten.\" \/>\n<meta name=\"robots\" content=\"index, follow, max-snippet:-1, max-image-preview:large, max-video-preview:-1\" \/>\n<link rel=\"canonical\" href=\"https:\/\/ifamnews.com\/de\/ungarn-zusammenarbeit-mit-kirche-f-hrt-zu-r-ckl-ufigen-scheidungs-und-abtreibungszahlen\" \/>\n<meta property=\"og:locale\" content=\"de_DE\" \/>\n<meta property=\"og:type\" content=\"article\" \/>\n<meta property=\"og:title\" content=\"Ungarn: Zusammenarbeit mit Kirche f\u00fchrt zu r\u00fcckl\u00e4ufigen Scheidungs- und Abtreibungszahlen\" \/>\n<meta property=\"og:description\" content=\"Ungarn, das mehr Mittel f\u00fcr die Unterst\u00fctzung kirchlicher Einrichtungen bereitstellt als andere EU-Staaten, betonte die positiven Statistiken in Bezug auf Heirat und Geburten.\" \/>\n<meta property=\"og:url\" content=\"https:\/\/ifamnews.com\/de\/ungarn-zusammenarbeit-mit-kirche-f-hrt-zu-r-ckl-ufigen-scheidungs-und-abtreibungszahlen\" \/>\n<meta property=\"og:site_name\" content=\"IFN\" \/>\n<meta property=\"article:publisher\" content=\"https:\/\/www.facebook.com\/iFamNews\" \/>\n<meta property=\"article:author\" content=\"https:\/\/www.facebook.com\/iFamNews\/\" \/>\n<meta property=\"article:published_time\" content=\"2021-06-29T05:00:00+00:00\" \/>\n<meta property=\"og:image\" content=\"https:\/\/ifamnews.com\/wp-content\/uploads\/2021\/06\/katalin-novak-1.jpg\" \/>\n\t<meta property=\"og:image:width\" content=\"1200\" \/>\n\t<meta property=\"og:image:height\" content=\"675\" \/>\n\t<meta property=\"og:image:type\" content=\"image\/jpeg\" \/>\n<meta name=\"author\" content=\"iFamNews Serbia\" \/>\n<meta name=\"twitter:card\" content=\"summary_large_image\" \/>\n<meta name=\"twitter:creator\" content=\"@https:\/\/twitter.com\/ifamnewsrs\/\" \/>\n<meta name=\"twitter:site\" content=\"@iFamNewsEN\" \/>\n<meta name=\"twitter:label1\" content=\"Verfasst von\" \/>\n\t<meta name=\"twitter:data1\" content=\"IFN Serbien\" \/>\n\t<meta name=\"twitter:label2\" content=\"Gesch\u00e4tzte Lesezeit\" \/>\n\t<meta name=\"twitter:data2\" content=\"2\u00a0Minuten\" \/>\n<!-- \/ Yoast SEO Premium plugin. -->","yoast_head_json":{"title":"Ungarn: Zusammenarbeit mit Kirche f\u00fchrt zu r\u00fcckl\u00e4ufigen Scheidungs- und Abtreibungszahlen - IFN","description":"Ungarn, das mehr Mittel f\u00fcr die Unterst\u00fctzung kirchlicher Einrichtungen bereitstellt als andere EU-Staaten, betonte die positiven Statistiken in Bezug auf Heirat und Geburten.","robots":{"index":"index","follow":"follow","max-snippet":"max-snippet:-1","max-image-preview":"max-image-preview:large","max-video-preview":"max-video-preview:-1"},"canonical":"https:\/\/ifamnews.com\/de\/ungarn-zusammenarbeit-mit-kirche-f-hrt-zu-r-ckl-ufigen-scheidungs-und-abtreibungszahlen","og_locale":"de_DE","og_type":"article","og_title":"Ungarn: Zusammenarbeit mit Kirche f\u00fchrt zu r\u00fcckl\u00e4ufigen Scheidungs- und Abtreibungszahlen","og_description":"Ungarn, das mehr Mittel f\u00fcr die Unterst\u00fctzung kirchlicher Einrichtungen bereitstellt als andere EU-Staaten, betonte die positiven Statistiken in Bezug auf Heirat und Geburten.","og_url":"https:\/\/ifamnews.com\/de\/ungarn-zusammenarbeit-mit-kirche-f-hrt-zu-r-ckl-ufigen-scheidungs-und-abtreibungszahlen","og_site_name":"IFN","article_publisher":"https:\/\/www.facebook.com\/iFamNews","article_author":"https:\/\/www.facebook.com\/iFamNews\/","article_published_time":"2021-06-29T05:00:00+00:00","og_image":[{"width":1200,"height":675,"url":"https:\/\/ifamnews.com\/wp-content\/uploads\/2021\/06\/katalin-novak-1.jpg","type":"image\/jpeg"}],"author":"iFamNews Serbia","twitter_card":"summary_large_image","twitter_creator":"@https:\/\/twitter.com\/ifamnewsrs\/","twitter_site":"@iFamNewsEN","twitter_misc":{"Verfasst von":"IFN Serbien","Gesch\u00e4tzte Lesezeit":"2\u00a0Minuten"},"schema":{"@context":"https:\/\/schema.org","@graph":[{"@type":"NewsArticle","@id":"https:\/\/ifamnews.com\/de\/ungarn-zusammenarbeit-mit-kirche-f-hrt-zu-r-ckl-ufigen-scheidungs-und-abtreibungszahlen#article","isPartOf":{"@id":"https:\/\/ifamnews.com\/de\/ungarn-zusammenarbeit-mit-kirche-f-hrt-zu-r-ckl-ufigen-scheidungs-und-abtreibungszahlen"},"author":{"name":"iFamNews Serbia","@id":"https:\/\/ifamnews.com\/en\/#\/schema\/person\/38b9f44fbc0a98257b4be4a648a4c6c7"},"headline":"Ungarn: Zusammenarbeit mit Kirche f\u00fchrt zu r\u00fcckl\u00e4ufigen Scheidungs- und Abtreibungszahlen","datePublished":"2021-06-29T05:00:00+00:00","mainEntityOfPage":{"@id":"https:\/\/ifamnews.com\/de\/ungarn-zusammenarbeit-mit-kirche-f-hrt-zu-r-ckl-ufigen-scheidungs-und-abtreibungszahlen"},"wordCount":294,"commentCount":0,"publisher":{"@id":"https:\/\/ifamnews.com\/en\/#organization"},"image":{"@id":"https:\/\/ifamnews.com\/de\/ungarn-zusammenarbeit-mit-kirche-f-hrt-zu-r-ckl-ufigen-scheidungs-und-abtreibungszahlen#primaryimage"},"thumbnailUrl":"https:\/\/ifamnews.com\/wp-content\/uploads\/2021\/06\/katalin-novak-1.jpg","keywords":["Abtreibung","Familienpolitik","Katalin Novak","Scheidung","Scheidungsrate","staatliche Beihilfe","staatliche Ma\u00dfnahmen","Ungarn"],"articleSection":["Breaking News","Politik","Vordergrund"],"inLanguage":"de","potentialAction":[{"@type":"CommentAction","name":"Comment","target":["https:\/\/ifamnews.com\/de\/ungarn-zusammenarbeit-mit-kirche-f-hrt-zu-r-ckl-ufigen-scheidungs-und-abtreibungszahlen#respond"]}]},{"@type":"WebPage","@id":"https:\/\/ifamnews.com\/de\/ungarn-zusammenarbeit-mit-kirche-f-hrt-zu-r-ckl-ufigen-scheidungs-und-abtreibungszahlen","url":"https:\/\/ifamnews.com\/de\/ungarn-zusammenarbeit-mit-kirche-f-hrt-zu-r-ckl-ufigen-scheidungs-und-abtreibungszahlen","name":"Ungarn: Zusammenarbeit mit Kirche f\u00fchrt zu r\u00fcckl\u00e4ufigen Scheidungs- und Abtreibungszahlen - IFN","isPartOf":{"@id":"https:\/\/ifamnews.com\/en\/#website"},"primaryImageOfPage":{"@id":"https:\/\/ifamnews.com\/de\/ungarn-zusammenarbeit-mit-kirche-f-hrt-zu-r-ckl-ufigen-scheidungs-und-abtreibungszahlen#primaryimage"},"image":{"@id":"https:\/\/ifamnews.com\/de\/ungarn-zusammenarbeit-mit-kirche-f-hrt-zu-r-ckl-ufigen-scheidungs-und-abtreibungszahlen#primaryimage"},"thumbnailUrl":"https:\/\/ifamnews.com\/wp-content\/uploads\/2021\/06\/katalin-novak-1.jpg","datePublished":"2021-06-29T05:00:00+00:00","description":"Ungarn, das mehr Mittel f\u00fcr die Unterst\u00fctzung kirchlicher Einrichtungen bereitstellt als andere EU-Staaten, betonte die positiven Statistiken in Bezug auf Heirat und Geburten.","breadcrumb":{"@id":"https:\/\/ifamnews.com\/de\/ungarn-zusammenarbeit-mit-kirche-f-hrt-zu-r-ckl-ufigen-scheidungs-und-abtreibungszahlen#breadcrumb"},"inLanguage":"de","potentialAction":[{"@type":"ReadAction","target":["https:\/\/ifamnews.com\/de\/ungarn-zusammenarbeit-mit-kirche-f-hrt-zu-r-ckl-ufigen-scheidungs-und-abtreibungszahlen"]}]},{"@type":"ImageObject","inLanguage":"de","@id":"https:\/\/ifamnews.com\/de\/ungarn-zusammenarbeit-mit-kirche-f-hrt-zu-r-ckl-ufigen-scheidungs-und-abtreibungszahlen#primaryimage","url":"https:\/\/ifamnews.com\/wp-content\/uploads\/2021\/06\/katalin-novak-1.jpg","contentUrl":"https:\/\/ifamnews.com\/wp-content\/uploads\/2021\/06\/katalin-novak-1.jpg","width":1200,"height":675,"caption":"Bild: Facebook \/ Katalin Nov\u00e1k"},{"@type":"BreadcrumbList","@id":"https:\/\/ifamnews.com\/de\/ungarn-zusammenarbeit-mit-kirche-f-hrt-zu-r-ckl-ufigen-scheidungs-und-abtreibungszahlen#breadcrumb","itemListElement":[{"@type":"ListItem","position":1,"name":"Home","item":"https:\/\/ifamnews.com\/de"},{"@type":"ListItem","position":2,"name":"Politik","item":"https:\/\/ifamnews.com\/de\/kategorie\/politik"},{"@type":"ListItem","position":3,"name":"Ungarn: Zusammenarbeit mit Kirche f\u00fchrt zu r\u00fcckl\u00e4ufigen Scheidungs- und Abtreibungszahlen"}]},{"@type":"WebSite","@id":"https:\/\/ifamnews.com\/en\/#website","url":"https:\/\/ifamnews.com\/en\/","name":"IFN","description":"International Family News Network","publisher":{"@id":"https:\/\/ifamnews.com\/en\/#organization"},"potentialAction":[{"@type":"SearchAction","target":{"@type":"EntryPoint","urlTemplate":"https:\/\/ifamnews.com\/en\/?s={search_term_string}"},"query-input":{"@type":"PropertyValueSpecification","valueRequired":true,"valueName":"search_term_string"}}],"inLanguage":"de"},{"@type":"Organization","@id":"https:\/\/ifamnews.com\/en\/#organization","name":"iFamNews","url":"https:\/\/ifamnews.com\/en\/","logo":{"@type":"ImageObject","inLanguage":"de","@id":"https:\/\/ifamnews.com\/en\/#\/schema\/logo\/image\/","url":"https:\/\/ifamnews.com\/wp-content\/uploads\/2020\/01\/Share-logo.png","contentUrl":"https:\/\/ifamnews.com\/wp-content\/uploads\/2020\/01\/Share-logo.png","width":200,"height":200,"caption":"iFamNews"},"image":{"@id":"https:\/\/ifamnews.com\/en\/#\/schema\/logo\/image\/"},"sameAs":["https:\/\/www.facebook.com\/iFamNews","https:\/\/x.com\/iFamNewsEN"]},{"@type":"Person","@id":"https:\/\/ifamnews.com\/en\/#\/schema\/person\/38b9f44fbc0a98257b4be4a648a4c6c7","name":"iFamNews Serbia","image":{"@type":"ImageObject","inLanguage":"de","@id":"https:\/\/secure.gravatar.com\/avatar\/99ffa49a21d431d6aeee0715754531add434e23f2be9343a3a657079223070ee?s=96&d=mm&r=g","url":"https:\/\/secure.gravatar.com\/avatar\/99ffa49a21d431d6aeee0715754531add434e23f2be9343a3a657079223070ee?s=96&d=mm&r=g","contentUrl":"https:\/\/secure.gravatar.com\/avatar\/99ffa49a21d431d6aeee0715754531add434e23f2be9343a3a657079223070ee?s=96&d=mm&r=g","caption":"iFamNews Serbia"},"description":"Articles published by the Serbian iFamNews editorial team.","sameAs":["https:\/\/ifamnews.com\/sr","https:\/\/www.facebook.com\/iFamNews\/","https:\/\/x.com\/https:\/\/twitter.com\/ifamnewsrs\/","https:\/\/www.youtube.com\/channel\/UCsaU2Y6NFHzMOlJNpDK62dw"],"url":"https:\/\/ifamnews.com\/de\/author\/redakcija"}]}},"amp_enabled":true,"_links":{"self":[{"href":"https:\/\/ifamnews.com\/de\/wp-json\/wp\/v2\/posts\/79161","targetHints":{"allow":["GET"]}}],"collection":[{"href":"https:\/\/ifamnews.com\/de\/wp-json\/wp\/v2\/posts"}],"about":[{"href":"https:\/\/ifamnews.com\/de\/wp-json\/wp\/v2\/types\/post"}],"author":[{"embeddable":true,"href":"https:\/\/ifamnews.com\/de\/wp-json\/wp\/v2\/users\/147"}],"replies":[{"embeddable":true,"href":"https:\/\/ifamnews.com\/de\/wp-json\/wp\/v2\/comments?post=79161"}],"version-history":[{"count":5,"href":"https:\/\/ifamnews.com\/de\/wp-json\/wp\/v2\/posts\/79161\/revisions"}],"predecessor-version":[{"id":79179,"href":"https:\/\/ifamnews.com\/de\/wp-json\/wp\/v2\/posts\/79161\/revisions\/79179"}],"wp:featuredmedia":[{"embeddable":true,"href":"https:\/\/ifamnews.com\/de\/wp-json\/wp\/v2\/media\/78825"}],"wp:attachment":[{"href":"https:\/\/ifamnews.com\/de\/wp-json\/wp\/v2\/media?parent=79161"}],"wp:term":[{"taxonomy":"category","embeddable":true,"href":"https:\/\/ifamnews.com\/de\/wp-json\/wp\/v2\/categories?post=79161"},{"taxonomy":"post_tag","embeddable":true,"href":"https:\/\/ifamnews.com\/de\/wp-json\/wp\/v2\/tags?post=79161"}],"curies":[{"name":"wp","href":"https:\/\/api.w.org\/{rel}","templated":true}]}}