{"id":76426,"date":"2021-06-10T01:00:00","date_gmt":"2021-06-10T05:00:00","guid":{"rendered":"https:\/\/ifamnews.com\/?p=76426"},"modified":"2021-06-08T08:09:43","modified_gmt":"2021-06-08T12:09:43","slug":"geschlechtsidentit-t-verf-lscht-die-realit-t","status":"publish","type":"post","link":"https:\/\/ifamnews.com\/de\/geschlechtsidentit-t-verf-lscht-die-realit-t","title":{"rendered":"Geschlechtsidentit\u00e4t verf\u00e4lscht die Realit\u00e4t"},"content":{"rendered":"\n<p>Jedes Mal, wenn man die Bef\u00fcrworter des <a href=\"https:\/\/ifamnews.com\/de\/tag\/testo-unico-zan-de\">\u201eZan-Gesetzes\u201c<\/a> [Anti-Homophobie-Gesetz in Italien] auf die gravierende Beeintr\u00e4chtigung der Meinungsfreiheit hinweist, die dieser Gesetzentwurf verursacht \u2013 auch wenn er vorgibt, Homosexuelle vor Missbrauch und Gewalt sch\u00fctzen zu wollen (was in Wirklichkeit bereits durch geltendes Gesetz gew\u00e4hrleistet ist) \u2013 antworten die Bef\u00fcrworter h\u00f6hnisch, dass die Gegner des Gesetzes immer nur Grenzf\u00e4lle und Ausnahmen anf\u00fchren.<\/p>\n\n\n\n<p>Doch das ganze Leben ist eine Reihe von Ausnahmen, die Geschichte ist eine Abfolge von Grenzf\u00e4llen. Das ist die Regel.<\/p>\n\n\n\n<p>In den heutigen Schlagzeilen ist der Fall des Frauenm\u00f6rders von den Kanarischen Inseln zu lesen. Dabei handelt es sich nicht um einen abenteuerlichen Schundroman aus den 70er Jahren, sondern um eine aktuelle Begebenheit auf der spanischen Inselgruppe der Kanaren. Am 26. Mai verabschiedete das \u00f6rtliche Parlament ein \u201eAntidiskriminierungs\u201c-Gesetz, welches unter anderem die Selbstbestimmung der \u201eGeschlechtsidentit\u00e4t\u201d erm\u00f6glicht. Nach ein paar Tagen, am 31. Mai, beginnt der Prozess gegen <a href=\"https:\/\/feministpost.it\/magazine\/primo-piano\/un-femminicida-di-nome-lorena\/\">Jonathan de Jes\u00fas Robaina Santana, den gest\u00e4ndigen T\u00e4ter des 2018 ver\u00fcbten Mordes an seiner 21-j\u00e4hrigen Cousine Vanessa Santana<\/a>. Und was macht Jonathan? Er erkl\u00e4rt sich selbst zur Frau und nennt sich jetzt Lorena. Denn auf einmal f\u00fchlt er sich weiblich und das Gesetz gibt ihm sogar Recht. Das hei\u00dft?<\/p>\n\n\n\n<p>Wenn Jonathan, Vanessas M\u00f6rder, im Knast landet (ihn erwartet eine m\u00f6gliche Haftstrafe von 27 Jahren), wird er als Lorena inhaftiert und kommt in ein Frauengef\u00e4ngnis, d.h. ein m\u00e4nnlicher Frauenm\u00f6rder, der behauptet, sich als Frau zu f\u00fchlen, wird sich in einer Frauen vorbehaltenen Vollzugsanstalt befinden. Was hier vor sich geht, ist eine Verzerrung der Realit\u00e4t: das Andenken an das Opfer wird beschmutzt, die Angeh\u00f6rigen des Opfers beleidigt und sogar die Statistik verf\u00e4lscht, denn der Mord wird als ein von einer Frau begangenes Verbrechen verzeichnet und nicht etwa als Femizid, gegen den Demonstrationen und Filmfestivals organisiert&nbsp; werden und \u00fcber den so viel gesprochen wird.<\/p>\n\n\n\n<p>Ausnahmen, die zur Regel werden.<\/p>\n","protected":false},"excerpt":{"rendered":"<p>Ein m\u00e4nnlicher Frauenm\u00f6rder erkl\u00e4rt sich zur Frau. M\u00f6glicherweise landet er in einem Frauengef\u00e4ngnis. Es gibt Menschen, die das normal finden.<\/p>\n","protected":false},"author":7,"featured_media":75999,"comment_status":"open","ping_status":"open","sticky":false,"template":"","format":"standard","meta":{"give_campaign_id":0,"om_disable_all_campaigns":false,"_monsterinsights_skip_tracking":false,"_monsterinsights_sitenote_active":false,"_monsterinsights_sitenote_note":"","_monsterinsights_sitenote_category":0,"mc4wp_mailchimp_campaign":[],"jnews-multi-image_gallery":[],"jnews_single_post":{"subtitle":"Ein m\u00e4nnlicher Frauenm\u00f6rder erkl\u00e4rt sich zur Frau. M\u00f6glicherweise landet er in einem Frauengef\u00e4ngnis. Es gibt Menschen, die das normal finden.","format":"standard","video":"","gallery":"","source_name":"","source_url":"","via_name":"","via_url":"","override":[{"single_blog_custom":"","sidebar":"","second_sidebar":"","share_position":"","share_float_style":"","post_date_format":"","post_date_format_custom":"","post_reading_time_wpm":"","zoom_button_out_step":"1","zoom_button_in_step":"1","number_popup_post":"1"}],"image_override":[{"single_post_thumbnail_size":"","single_post_gallery_size":""}],"trending_post_position":"","trending_post_label":"","sponsored_post_label":"","sponsored_post_name":"","sponsored_post_url":"","sponsored_post_logo":"","sponsored_post_desc":""},"jnews_primary_category":{"id":"768"},"jnews_social_meta":[],"jnews_override_counter":[],"footnotes":""},"categories":[816,770,767,768,811],"tags":[9844,9846,4457,8000],"class_list":["post-76426","post","type-post","status-publish","format-standard","has-post-thumbnail","hentry","category-breaking-news-de","category-familie","category-meinung","category-politik","category-foreground-de","tag-testo-unico-zan-de","tag-anti-homophobie-gesetz","tag-gender-ideologie-2","tag-vetrina-de"],"yoast_head":"<!-- This site is optimized with the Yoast SEO Premium plugin v25.9 (Yoast SEO v27.3) - https:\/\/yoast.com\/product\/yoast-seo-premium-wordpress\/ -->\n<title>Geschlechtsidentit\u00e4t verf\u00e4lscht die Realit\u00e4t - &quot;iFamNews&quot;<\/title>\n<meta name=\"description\" content=\"Ein feministischer Mann ist selbstbestimmt weiblich. Er k\u00f6nnte in einem Frauengef\u00e4ngnis landen. F\u00fcr manche Menschen ist es normal\" \/>\n<meta name=\"robots\" content=\"index, follow, max-snippet:-1, max-image-preview:large, max-video-preview:-1\" \/>\n<link rel=\"canonical\" href=\"https:\/\/ifamnews.com\/de\/geschlechtsidentit-t-verf-lscht-die-realit-t\" \/>\n<meta property=\"og:locale\" content=\"de_DE\" \/>\n<meta property=\"og:type\" content=\"article\" \/>\n<meta property=\"og:title\" content=\"Geschlechtsidentit\u00e4t verf\u00e4lscht die Realit\u00e4t\" \/>\n<meta property=\"og:description\" content=\"Ein feministischer Mann ist selbstbestimmt weiblich. Er k\u00f6nnte in einem Frauengef\u00e4ngnis landen. F\u00fcr manche Menschen ist es normal\" \/>\n<meta property=\"og:url\" content=\"https:\/\/ifamnews.com\/de\/geschlechtsidentit-t-verf-lscht-die-realit-t\" \/>\n<meta property=\"og:site_name\" content=\"IFN\" \/>\n<meta property=\"article:publisher\" content=\"https:\/\/www.facebook.com\/iFamNews\" \/>\n<meta property=\"article:author\" content=\"https:\/\/facebook.com\/MarcoRespinti\" \/>\n<meta property=\"article:published_time\" content=\"2021-06-10T05:00:00+00:00\" \/>\n<meta property=\"og:image\" content=\"https:\/\/ifamnews.com\/wp-content\/uploads\/2021\/06\/31371946121_73043cc2b1_o.jpg\" \/>\n\t<meta property=\"og:image:width\" content=\"1200\" \/>\n\t<meta property=\"og:image:height\" content=\"675\" \/>\n\t<meta property=\"og:image:type\" content=\"image\/jpeg\" \/>\n<meta name=\"author\" content=\"Marco Respinti\" \/>\n<meta name=\"twitter:card\" content=\"summary_large_image\" \/>\n<meta name=\"twitter:creator\" content=\"@https:\/\/twitter.com\/MarcoRespinti\" \/>\n<meta name=\"twitter:site\" content=\"@iFamNewsEN\" \/>\n<meta name=\"twitter:label1\" content=\"Verfasst von\" \/>\n\t<meta name=\"twitter:data1\" content=\"Marco Respinti\" \/>\n\t<meta name=\"twitter:label2\" content=\"Gesch\u00e4tzte Lesezeit\" \/>\n\t<meta name=\"twitter:data2\" content=\"2\u00a0Minuten\" \/>\n<!-- \/ Yoast SEO Premium plugin. -->","yoast_head_json":{"title":"Geschlechtsidentit\u00e4t verf\u00e4lscht die Realit\u00e4t - \"iFamNews\"","description":"Ein feministischer Mann ist selbstbestimmt weiblich. Er k\u00f6nnte in einem Frauengef\u00e4ngnis landen. F\u00fcr manche Menschen ist es normal","robots":{"index":"index","follow":"follow","max-snippet":"max-snippet:-1","max-image-preview":"max-image-preview:large","max-video-preview":"max-video-preview:-1"},"canonical":"https:\/\/ifamnews.com\/de\/geschlechtsidentit-t-verf-lscht-die-realit-t","og_locale":"de_DE","og_type":"article","og_title":"Geschlechtsidentit\u00e4t verf\u00e4lscht die Realit\u00e4t","og_description":"Ein feministischer Mann ist selbstbestimmt weiblich. Er k\u00f6nnte in einem Frauengef\u00e4ngnis landen. F\u00fcr manche Menschen ist es normal","og_url":"https:\/\/ifamnews.com\/de\/geschlechtsidentit-t-verf-lscht-die-realit-t","og_site_name":"IFN","article_publisher":"https:\/\/www.facebook.com\/iFamNews","article_author":"https:\/\/facebook.com\/MarcoRespinti","article_published_time":"2021-06-10T05:00:00+00:00","og_image":[{"width":1200,"height":675,"url":"https:\/\/ifamnews.com\/wp-content\/uploads\/2021\/06\/31371946121_73043cc2b1_o.jpg","type":"image\/jpeg"}],"author":"Marco Respinti","twitter_card":"summary_large_image","twitter_creator":"@https:\/\/twitter.com\/MarcoRespinti","twitter_site":"@iFamNewsEN","twitter_misc":{"Verfasst von":"Marco Respinti","Gesch\u00e4tzte Lesezeit":"2\u00a0Minuten"},"schema":{"@context":"https:\/\/schema.org","@graph":[{"@type":"NewsArticle","@id":"https:\/\/ifamnews.com\/de\/geschlechtsidentit-t-verf-lscht-die-realit-t#article","isPartOf":{"@id":"https:\/\/ifamnews.com\/de\/geschlechtsidentit-t-verf-lscht-die-realit-t"},"author":{"name":"Marco Respinti","@id":"https:\/\/ifamnews.com\/en\/#\/schema\/person\/f0579ab02623e80d44006c1a5d949ea9"},"headline":"Geschlechtsidentit\u00e4t verf\u00e4lscht die Realit\u00e4t","datePublished":"2021-06-10T05:00:00+00:00","mainEntityOfPage":{"@id":"https:\/\/ifamnews.com\/de\/geschlechtsidentit-t-verf-lscht-die-realit-t"},"wordCount":336,"commentCount":0,"publisher":{"@id":"https:\/\/ifamnews.com\/en\/#organization"},"image":{"@id":"https:\/\/ifamnews.com\/de\/geschlechtsidentit-t-verf-lscht-die-realit-t#primaryimage"},"thumbnailUrl":"https:\/\/ifamnews.com\/wp-content\/uploads\/2021\/06\/31371946121_73043cc2b1_o.jpg","keywords":["\u00abTesto unico Zan\u00bb","Anti-Homophobie-Gesetz","Gender-Ideologie","Vetrina"],"articleSection":["Breaking News","Familie","Meinung","Politik","Vordergrund"],"inLanguage":"de","potentialAction":[{"@type":"CommentAction","name":"Comment","target":["https:\/\/ifamnews.com\/de\/geschlechtsidentit-t-verf-lscht-die-realit-t#respond"]}]},{"@type":"WebPage","@id":"https:\/\/ifamnews.com\/de\/geschlechtsidentit-t-verf-lscht-die-realit-t","url":"https:\/\/ifamnews.com\/de\/geschlechtsidentit-t-verf-lscht-die-realit-t","name":"Geschlechtsidentit\u00e4t verf\u00e4lscht die Realit\u00e4t - \"iFamNews\"","isPartOf":{"@id":"https:\/\/ifamnews.com\/en\/#website"},"primaryImageOfPage":{"@id":"https:\/\/ifamnews.com\/de\/geschlechtsidentit-t-verf-lscht-die-realit-t#primaryimage"},"image":{"@id":"https:\/\/ifamnews.com\/de\/geschlechtsidentit-t-verf-lscht-die-realit-t#primaryimage"},"thumbnailUrl":"https:\/\/ifamnews.com\/wp-content\/uploads\/2021\/06\/31371946121_73043cc2b1_o.jpg","datePublished":"2021-06-10T05:00:00+00:00","description":"Ein feministischer Mann ist selbstbestimmt weiblich. Er k\u00f6nnte in einem Frauengef\u00e4ngnis landen. F\u00fcr manche Menschen ist es normal","breadcrumb":{"@id":"https:\/\/ifamnews.com\/de\/geschlechtsidentit-t-verf-lscht-die-realit-t#breadcrumb"},"inLanguage":"de","potentialAction":[{"@type":"ReadAction","target":["https:\/\/ifamnews.com\/de\/geschlechtsidentit-t-verf-lscht-die-realit-t"]}]},{"@type":"ImageObject","inLanguage":"de","@id":"https:\/\/ifamnews.com\/de\/geschlechtsidentit-t-verf-lscht-die-realit-t#primaryimage","url":"https:\/\/ifamnews.com\/wp-content\/uploads\/2021\/06\/31371946121_73043cc2b1_o.jpg","contentUrl":"https:\/\/ifamnews.com\/wp-content\/uploads\/2021\/06\/31371946121_73043cc2b1_o.jpg","width":1200,"height":675,"caption":"Bild von Flickr"},{"@type":"BreadcrumbList","@id":"https:\/\/ifamnews.com\/de\/geschlechtsidentit-t-verf-lscht-die-realit-t#breadcrumb","itemListElement":[{"@type":"ListItem","position":1,"name":"Home","item":"https:\/\/ifamnews.com\/de"},{"@type":"ListItem","position":2,"name":"Famiglia","item":"https:\/\/ifamnews.com\/it\/categoria\/famiglia"},{"@type":"ListItem","position":3,"name":"Geschlechtsidentit\u00e4t verf\u00e4lscht die Realit\u00e4t"}]},{"@type":"WebSite","@id":"https:\/\/ifamnews.com\/en\/#website","url":"https:\/\/ifamnews.com\/en\/","name":"IFN","description":"International Family News Network","publisher":{"@id":"https:\/\/ifamnews.com\/en\/#organization"},"potentialAction":[{"@type":"SearchAction","target":{"@type":"EntryPoint","urlTemplate":"https:\/\/ifamnews.com\/en\/?s={search_term_string}"},"query-input":{"@type":"PropertyValueSpecification","valueRequired":true,"valueName":"search_term_string"}}],"inLanguage":"de"},{"@type":"Organization","@id":"https:\/\/ifamnews.com\/en\/#organization","name":"iFamNews","url":"https:\/\/ifamnews.com\/en\/","logo":{"@type":"ImageObject","inLanguage":"de","@id":"https:\/\/ifamnews.com\/en\/#\/schema\/logo\/image\/","url":"https:\/\/ifamnews.com\/wp-content\/uploads\/2020\/01\/Share-logo.png","contentUrl":"https:\/\/ifamnews.com\/wp-content\/uploads\/2020\/01\/Share-logo.png","width":200,"height":200,"caption":"iFamNews"},"image":{"@id":"https:\/\/ifamnews.com\/en\/#\/schema\/logo\/image\/"},"sameAs":["https:\/\/www.facebook.com\/iFamNews","https:\/\/x.com\/iFamNewsEN"]},{"@type":"Person","@id":"https:\/\/ifamnews.com\/en\/#\/schema\/person\/f0579ab02623e80d44006c1a5d949ea9","name":"Marco Respinti","image":{"@type":"ImageObject","inLanguage":"de","@id":"https:\/\/secure.gravatar.com\/avatar\/4ab04a5127131015e13010f222e38621144dc33a5df5d977b35ceeab15ee958f?s=96&d=mm&r=g","url":"https:\/\/secure.gravatar.com\/avatar\/4ab04a5127131015e13010f222e38621144dc33a5df5d977b35ceeab15ee958f?s=96&d=mm&r=g","contentUrl":"https:\/\/secure.gravatar.com\/avatar\/4ab04a5127131015e13010f222e38621144dc33a5df5d977b35ceeab15ee958f?s=96&d=mm&r=g","caption":"Marco Respinti"},"description":"Marco Respinti was the Editor-in-Chief of International Family News until the end of 2022. He is an Italian professional journalist, member of the International Federation of Journalists (IFJ), essayist, translator, and lecturer. He has contributed and contributes to several journals and magazines both in print and online, both in Italy and abroad. Author of books, he has translated and\/or edited works by, among others, Edmund Burke, Charles Dickens, T.S. Eliot, Russell Kirk, J.R.R. Tolkien, R\u00e9gine Pernoud and Gustave Thibon. A Senior fellow at the\u00a0Russell Kirk Center for Cultural Renewal (Mecosta, Michigan) he is also a founding member as well as Board member of the Center for European Renewal (The Hague, The Netherlands). A member of the Editorial Board of The European Conservative magazine, as well as a member of the Advisory Council of the European Federation for Freedom of Belief, he serves as Director-in-Charge of the academic publication The Journal of CESNUR and the online Bitter Winter: A Magazine on Religious Liberty and Human Rights.","sameAs":["https:\/\/facebook.com\/MarcoRespinti","https:\/\/it.linkedin.com\/in\/marcorespinti","https:\/\/pinterest.it\/MarcoRespinti\/_created\/","https:\/\/x.com\/https:\/\/twitter.com\/MarcoRespinti","https:\/\/youtube.com\/channel\/UC1FbsvyQNTQ-snpsmRC12Og?view_as=subscriber"],"url":"https:\/\/ifamnews.com\/de\/author\/mrespinti"}]}},"amp_enabled":true,"_links":{"self":[{"href":"https:\/\/ifamnews.com\/de\/wp-json\/wp\/v2\/posts\/76426","targetHints":{"allow":["GET"]}}],"collection":[{"href":"https:\/\/ifamnews.com\/de\/wp-json\/wp\/v2\/posts"}],"about":[{"href":"https:\/\/ifamnews.com\/de\/wp-json\/wp\/v2\/types\/post"}],"author":[{"embeddable":true,"href":"https:\/\/ifamnews.com\/de\/wp-json\/wp\/v2\/users\/7"}],"replies":[{"embeddable":true,"href":"https:\/\/ifamnews.com\/de\/wp-json\/wp\/v2\/comments?post=76426"}],"version-history":[{"count":5,"href":"https:\/\/ifamnews.com\/de\/wp-json\/wp\/v2\/posts\/76426\/revisions"}],"predecessor-version":[{"id":76683,"href":"https:\/\/ifamnews.com\/de\/wp-json\/wp\/v2\/posts\/76426\/revisions\/76683"}],"wp:featuredmedia":[{"embeddable":true,"href":"https:\/\/ifamnews.com\/de\/wp-json\/wp\/v2\/media\/75999"}],"wp:attachment":[{"href":"https:\/\/ifamnews.com\/de\/wp-json\/wp\/v2\/media?parent=76426"}],"wp:term":[{"taxonomy":"category","embeddable":true,"href":"https:\/\/ifamnews.com\/de\/wp-json\/wp\/v2\/categories?post=76426"},{"taxonomy":"post_tag","embeddable":true,"href":"https:\/\/ifamnews.com\/de\/wp-json\/wp\/v2\/tags?post=76426"}],"curies":[{"name":"wp","href":"https:\/\/api.w.org\/{rel}","templated":true}]}}