{"id":72726,"date":"2021-05-27T01:00:00","date_gmt":"2021-05-27T05:00:00","guid":{"rendered":"https:\/\/ifamnews.com\/iofs-joint-statement-to-un-ambassadors-for-the-2021-international-day-of-families"},"modified":"2021-05-24T09:41:12","modified_gmt":"2021-05-24T13:41:12","slug":"erkl-rung-der-iof-an-die-un-botschafter-anl-sslich-des-internationalen-tages-der-familie-2021","status":"publish","type":"post","link":"https:\/\/ifamnews.com\/de\/erkl-rung-der-iof-an-die-un-botschafter-anl-sslich-des-internationalen-tages-der-familie-2021","title":{"rendered":"Erkl\u00e4rung der IOF an die UN-Botschafter anl\u00e4sslich des Internationalen Tages der Familie 2021"},"content":{"rendered":"\n<h2 class=\"has-text-align-center wp-block-heading\" id=\"h-s-ule-eckpfeiler-fundament\"><strong><strong>S\u00e4ule, Eckpfeiler, Fundament<\/strong><\/strong><\/h2>\n\n\n\n<h2 class=\"has-text-align-center has-text-color wp-block-heading\" id=\"h-wie-man-den-internationalen-tag-der-familien-2021-feiern-sollte\" style=\"color:#5e5e5e;font-size:26px\"><strong>Wie man den Internationalen Tag der Familien 2021 feiern sollte<\/strong><\/h2>\n\n\n\n<p>Die diesj\u00e4hrige Begehung des Internationalen Tages der Familie vor dem Hintergrund einer weltweiten Pandemie und der sich daraus ergebenden anhaltenden Zerst\u00f6rung erinnert an die Warnung, die Botschafter Michael Novak angesichts einer potenziell noch bedrohlicheren Gefahr aussprach: \u201eIm Laufe der Geschichte vermochten Nationen, eine Reihe von Katastrophen \u2013 Invasionen, Hungersn\u00f6te, Erdbeben, Epidemien, Wirtschaftskrisen \u2013 zu \u00fcberleben, doch niemals waren sie in der Lage, den Zerfall der Familie zu \u00fcberleben.\u201c<\/p>\n\n\n\n<p>Botschafter Novak erkl\u00e4rte, dass der Zerfall der Familie verheerende Auswirkungen haben werde, weil \u201edie Rolle von Vater und Mutter sowie die Rolle der Kinder ihren Eltern gegen\u00fcber ohne Zweifel im Mittelpunkt gesellschaftlicher St\u00e4rke stehen.\u201c Oder, wie es in der Charta der Familienrechte des Vatikans hei\u00dft: \u201eDie Familie hat ihre Grundlage in der Ehe, dieser innigen Lebensgemeinschaft in gegenseitiger Erg\u00e4nzung von Mann und Frau\u201c, und sie existiert als \u201eeine nat\u00fcrliche Gemeinschaft, vor dem Staat und jeder anderen Gemeinschaft und besitzt aus sich heraus Rechte, die unver\u00e4u\u00dferlich sind.\u201c<\/p>\n\n\n\n<p>Diese zeitlose Wahrheit \u00fcber die Familie ist so alt wie die Menschheit, und findet sich im ersten Kapitel der Genesis wieder: \u201eGott erschuf den Menschen als sein Bild, als Bild Gottes erschuf er ihn. M\u00e4nnlich und weiblich erschuf er sie. Gott segnete sie und Gott sprach zu ihnen: Seid fruchtbar und mehrt euch, f\u00fcllt die Erde.\u201c Gottes Segen der ehelichen Verbindung von Mann und Frau reicht dar\u00fcber hinaus, denn die Familie, so Papst Franziskus, bildet die optimale Grundlage \u201ef\u00fcr das Heranwachsen und die emotionale Entwicklung des Kindes\u201c und erzeugt \u201eein f\u00fcr die Menschen, die Familien, die Gemeinschaften und die Gesellschaft einzigartiges, nat\u00fcrliches, grundlegendes und sch\u00f6nes Gut.\u201c<\/p>\n\n\n\n<p>Kein Wunder, dass der Historiker Will Durant Konfuzius als den gr\u00f6\u00dften Denker der Geschichte feierte, weil dieser erkannte, dass man die Welt nicht \u201ein Ordnung\u201c bringen k\u00f6nne, ohne zuerst die Familie in Ordnung zu bringen. Kein Wunder, dass die weisen Verfasser der Allgemeinen Menschenrechtserkl\u00e4rung bei ihrem Versuch, die Welt nach dem schlimmsten Krieg aller Zeiten in Ordnung zu bringen, die fundamentale und unverzichtbare Rolle der Familie erkannten, der einzigen Grundeinheit, die Menschenrechte besitzt: \u201eDie Familie ist die nat\u00fcrliche Grundeinheit der Gesellschaft und hat Anspruch auf Schutz durch Gesellschaft und Staat.\u201c Und ebenso wenig wundert es, dass die Familie auch in \u00fcber hundert Landesverfassungen als grundlegend anerkannt wird. Einige \u00fcbernehmen die Worte der Allgemeinen Menschenrechtserkl\u00e4rung, w\u00e4hrend andere die Familie folgenderma\u00dfen umschreiben:<\/p>\n\n\n\n<ul class=\"wp-block-list\"><li>\u201edie Grundlage der Gesellschaft\u201c (Bahrain)<\/li><li>\u201edie grundlegende Basis der Gesellschaft\u201c (El Salvador)<\/li><li>\u201edas grundlegende Element und die Basis der gesamten Gesellschaft\u201c (Kap Verde)<\/li><li>\u201edie Keimzelle der Gesellschaft\u201c (Katar)<\/li><li>\u201edie grundlegende Keimzelle der Gesellschaft\u201c (Chile, Bolivien, Nicaragua)<\/li><li>\u201edie grundlegende Keimzelle der gesellschaftlichen Ordnung\u201c (Angola)<\/li><li>\u201edie grundlegende Institution der Gesellschaft\u201c (Kolumbien)<\/li><li>\u201edie Grundstruktur der Gesellschaft\u201c (Tunesien)<\/li><li>\u201edie prim\u00e4re Einheit der Gesellschaft\u201c (Usbekistan)<\/li><li>\u201edie prim\u00e4re und grundlegende Genese der geistigen und moralischen Werte der Gesellschaft und des Staates\u201c (Guatemala)<\/li><li>\u201edie grundlegende Einheit der Gesellschaft und der wichtigste Kern f\u00fcr das Wachstum und die Entwicklung [des] Menschen\u201c (Iran)<\/li><li>\u201edas nat\u00fcrliche und fundamentale Element der Gesellschaft\u201c (Seychellen)<\/li><li>\u201eder nat\u00fcrliche und grundlegende Bestandteil der Gesellschaft\u201c (Moldawien)<\/li><li>\u201edie nat\u00fcrliche prim\u00e4re und fundamentale Gruppeneinheit der Gesellschaft sowie moralische Institution, die unver\u00e4u\u00dferliche und unumst\u00f6\u00dfliche Rechte besitzt, und die allem positiven Recht vorausgeht und \u00fcbergeordnet ist\u201c (Irland)<\/li><li>\u201eder Grundpfeiler der Gesellschaft\u201c (Afghanistan)<\/li><li>\u201eder Eckpfeiler zum Erhalt und zum Fortschritt der Nation\u201c (Griechenland)<\/li><li>\u201edie nat\u00fcrliche Grundlage der menschlichen Gesellschaft\u201c (Kamerun)<\/li><li>\u201edas nat\u00fcrliche und moralische Fundament der menschlichen Gemeinschaft\u201c (Niger)<\/li><li>\u201edas Fundament der Gesellschaft\u201c, das auf \u201eder festen Verbindung von Mann und Frau\u201c gr\u00fcndet (Paraguay)<\/li><li>\u201edas Fundament der Gesellschaft\u201c, das auf \u201eder Institution der Ehe zwischen Mann und Frau\u201c gr\u00fcndet (Dominikanische Republik)<\/li><li>\u201edie Grundlage f\u00fcr das \u00dcberleben der Nation\u201c, die auf \u201eder Institution der Ehe als Vereinigung von Mann und Frau\u201c gr\u00fcndet (Ungarn)<\/li><\/ul>\n\n\n\n<p>So ist kaum verwunderlich, dass der Zerfall der Familie, vor dem Botschafter Novak vor fast f\u00fcnfzig Jahren mahnte, eine Katastrophe bedeutet. Seine mahnenden Worte waren noch nie so aktuell wie heute, sind wir doch unmittelbar mit einer solchen Katastrophe konfrontiert. \u201eEhe und Familie sind in der Krise\u201c, erkl\u00e4rte Papst Franziskus. \u201eDiese Revolution der Sitten und Moralvorstellungen schwenkt oftmals die Flagge der Freiheit, doch in Wirklichkeit bringt sie spirituelle und materielle Verw\u00fcstung \u00fcber unz\u00e4hlige Menschen.\u201c<\/p>\n\n\n\n<p>Mit den Worten der Soziologin Gabriele Kuby ist die \u201eZerst\u00f6rung der Freiheit im Namen der Freiheit\u201c, wo \u201edas Gute als b\u00f6se und das B\u00f6se als gut bezeichnet wird\u201c, alles Teil einer \u201eglobalen sexuellen Revolution\u201c, die \u201ealle betrifft &#8211; Mann und Frau, Jung und Alt, unsere pers\u00f6nliche Existenz sowie die Zukunft der Gesellschaft\u201c und \u201edie in jedes Zuhause und in jedes Herz vordringt. Es gibt kein neutrales Territorium, wohin wir uns fl\u00fcchten k\u00f6nnen\u201c, denn \u201eihr Tempo und ihre Angriffslust auf demokratische Freiheiten w\u00e4chst von Tag zu Tag\u201c. Die sexuelle Revolution beherrscht und verwendet die \u201eKunst der t\u00e4uschenden Sprache\u201c und schreitet so unter dem Banner der \u201eRechte\u201c voran. Sie behauptet, \u201eDiskriminierung\u201c zu bek\u00e4mpfen, doch in Wirklichkeit f\u00fchrt sie einen Blitzkrieg der Diskriminierung gegen die Rechte der Familie, der nat\u00fcrlichen Grundeinheit der Gesellschaft.<\/p>\n\n\n\n<p>Es ist der ultimative Verrat an den Gr\u00fcndungsprinzipien der Vereinten Nationen, die ihrerseits \u201eeinflussreichen Individuen und NGOs, die die globale Umsetzung [der Revolution] vorantreiben\u201c, zum Opfer gefallen sind. Kuby erkl\u00e4rt: \u201eInnerhalb weniger Jahrzehnte wurde die UNO zu einer Institution, die ihre Macht und ihre Ressourcen dazu genutzt hat, das Bild der Menschheit, wie es in der Erkl\u00e4rung der Menschenrechte deklariert wurde, zu ver\u00e4ndern und universelle moralische Werte durch relativistische postmoderne \u2018Werte\u2019 als Grundlage der Kultur zu ersetzen&#8230; Heute k\u00e4mpfen die UN und ihre m\u00e4chtigen Unterorganisationen f\u00fcr die Aufl\u00f6sung der sexuellen Identit\u00e4t von Mann und Frau&nbsp;[und] f\u00fcr die Abschaffung von Ehe und Familie.\u201c<\/p>\n\n\n\n<p>Ganz gleich, wie ansprechend und verlockend die Bezeichnungen auch sein m\u00f6gen \u2013 zum Beispiel \u201esexuelle und reproduktive Gesundheit\u201c und damit verbundene \u201eRechte\u201c oder \u201esexuelle Orientierung und Geschlechtsidentit\u00e4t\u201c oder \u201eganzheitliche Sexualerziehung\u201c &#8211; jegliche Politik oder jegliches Konzept, das die Familie und die sie st\u00fctzenden Werte untergr\u00e4bt, muss entlarvt und bek\u00e4mpft werden. Gerade jetzt, wo sich die Nationen um die Impfung gegen ein gef\u00e4hrliches und oft t\u00f6dliches Virus bem\u00fchen, rufen wir alle auf, sich gegen einen potenziell viel gef\u00e4hrlicheren Feind zu sch\u00fctzen, der die Grundlagen der Gesellschaft zerst\u00f6ren will. Die Einhaltung der vertraglichen Verpflichtung gem\u00e4\u00df des <em>Internationalen Pakts \u00fcber wirtschaftliche, soziale und kulturelle Rechte<\/em>, n\u00e4mlich der Familie \u201eden gr\u00f6\u00dftm\u00f6glichen Schutz und Beistand\u201c zu garantieren, ist vielleicht das Wertvollste, was eine Nation f\u00fcr sich und den Rest der Menschheit tun kann.<\/p>\n\n\n\n<p>In diesen kritischen Zeiten nie dagewesener Gefahren m\u00f6chten wir an die Worte zweier religi\u00f6ser F\u00fchrer erinnern: \u201eDie Familie wird von allen Seiten angegriffen. Viele fragen sich, ob die Institution nicht mehr gebraucht wird. Unsere Antwort ist klar. Wenn es \u00fcberhaupt Hoffnung f\u00fcr die Zukunft der Nationen gibt, dann liegt diese Hoffnung in der Familie\u201c (Pr\u00e4sident Russell M. Nelson). \u201eJede Gef\u00e4hrdung der Familie ist eine Gef\u00e4hrdung der Gesellschaft selbst&#8230;. Die Zukunft der Menschheit geht \u00fcber die Familie. Sch\u00fctzt also eure Familien! Seht in ihnen den gr\u00f6\u00dften Schatz eures Landes, und n\u00e4hrt sie stets\u201d (Papst Franziskus).<\/p>\n\n\n\n<p><em>International Organization for the Family (IOF)<br>Center for Family and Human Rights<br>United Families International<br>Latin American Alliance for the Family<br>American Family Association, New York<\/em><br><em><em>Instituto&nbsp;de Pol\u00edtica&nbsp;Familiar<\/em>, Spanien <br>FamilyPolicy.RU <em>Interessengruppe<\/em>, Russland <br>Family Policy Institute, S\u00fcdafrika<br>Family First, Neuseeland<br>Ruth Institute<br>CitizenGo, Spanien<br>Provive, Venezuela<br>Novae Terrae Stiftung, Italien<br>Universal Peace Federation<\/em><\/p>\n","protected":false},"excerpt":{"rendered":"<p>Die Internationale Organisation f\u00fcr die Familie (IOF) hat den UN-Botschaftern in New York und Genf zum Gedenken an den Internationalen Tag der Familie am 15. Mai 2021 folgende Erkl\u00e4rung, die von Organisationen aus der ganzen Welt mitunterzeichnet wurde, vorgelegt.<\/p>\n","protected":false},"author":30,"featured_media":71951,"comment_status":"open","ping_status":"open","sticky":false,"template":"","format":"standard","meta":{"give_campaign_id":0,"om_disable_all_campaigns":false,"_monsterinsights_skip_tracking":false,"_monsterinsights_sitenote_active":false,"_monsterinsights_sitenote_note":"","_monsterinsights_sitenote_category":0,"mc4wp_mailchimp_campaign":[],"jnews-multi-image_gallery":[],"jnews_single_post":{"subtitle":"Die Internationale Organisation f\u00fcr die Familie (IOF) hat den UN-Botschaftern in New York und Genf zum Gedenken an den Internationalen Tag der Familie am 15. Mai 2021 folgende Erkl\u00e4rung, die von Organisationen aus der ganzen Welt mitunterzeichnet wurde, vorgelegt.","format":"standard","video":"","gallery":"","source_name":"","source_url":"","via_name":"","via_url":"","override":[{"single_blog_custom":"","sidebar":"","second_sidebar":"","share_position":"","share_float_style":"","post_date_format":"","post_date_format_custom":"","post_reading_time_wpm":"","zoom_button_out_step":"1","zoom_button_in_step":"1","number_popup_post":"1"}],"image_override":[{"single_post_thumbnail_size":"","single_post_gallery_size":""}],"trending_post_position":"","trending_post_label":"","sponsored_post_label":"","sponsored_post_name":"","sponsored_post_url":"","sponsored_post_logo":"","sponsored_post_desc":""},"jnews_primary_category":{"id":"770"},"jnews_social_meta":{"fb_title":"","fb_description":"","fb_image":"","twitter_title":"","twitter_description":"","twitter_image":""},"jnews_override_counter":{"view_counter_number":"0","share_counter_number":"0","like_counter_number":"0","dislike_counter_number":"0"},"footnotes":""},"categories":[816,770,811],"tags":[10448,4104,4105],"class_list":["post-72726","post","type-post","status-publish","format-standard","has-post-thumbnail","hentry","category-breaking-news-de","category-familie","category-foreground-de","tag-internationaler-tag-der-familie","tag-uno","tag-vereinte-nationen"],"yoast_head":"<!-- This site is optimized with the Yoast SEO Premium plugin v25.9 (Yoast SEO v27.3) - https:\/\/yoast.com\/product\/yoast-seo-premium-wordpress\/ -->\n<title>Erkl\u00e4rung der IOF an die UN-Botschafter anl\u00e4sslich des Internationalen Tages der Familie 2021 - IFN<\/title>\n<meta name=\"robots\" content=\"index, follow, max-snippet:-1, max-image-preview:large, max-video-preview:-1\" \/>\n<link rel=\"canonical\" href=\"https:\/\/ifamnews.com\/de\/erkl-rung-der-iof-an-die-un-botschafter-anl-sslich-des-internationalen-tages-der-familie-2021\" \/>\n<meta property=\"og:locale\" content=\"de_DE\" \/>\n<meta property=\"og:type\" content=\"article\" \/>\n<meta property=\"og:title\" content=\"Erkl\u00e4rung der IOF an die UN-Botschafter anl\u00e4sslich des Internationalen Tages der Familie 2021\" \/>\n<meta property=\"og:description\" content=\"Die Internationale Organisation f\u00fcr die Familie (IOF) hat den UN-Botschaftern in New York und Genf zum Gedenken an den Internationalen Tag der Familie am 15. Mai 2021 folgende Erkl\u00e4rung, die von Organisationen aus der ganzen Welt mitunterzeichnet wurde, vorgelegt.\" \/>\n<meta property=\"og:url\" content=\"https:\/\/ifamnews.com\/de\/erkl-rung-der-iof-an-die-un-botschafter-anl-sslich-des-internationalen-tages-der-familie-2021\" \/>\n<meta property=\"og:site_name\" content=\"IFN\" \/>\n<meta property=\"article:publisher\" content=\"https:\/\/www.facebook.com\/iFamNews\" \/>\n<meta property=\"article:published_time\" content=\"2021-05-27T05:00:00+00:00\" \/>\n<meta property=\"og:image\" content=\"https:\/\/ifamnews.com\/wp-content\/uploads\/2021\/05\/3IkPdt0qNH8e9blvj26MZJINA-r-fc0BzoCcKg9FJu8-1.jpg\" \/>\n\t<meta property=\"og:image:width\" content=\"1200\" \/>\n\t<meta property=\"og:image:height\" content=\"675\" \/>\n\t<meta property=\"og:image:type\" content=\"image\/jpeg\" \/>\n<meta name=\"author\" content=\"E. Douglas Clark\" \/>\n<meta name=\"twitter:card\" content=\"summary_large_image\" \/>\n<meta name=\"twitter:creator\" content=\"@iFamNewsEN\" \/>\n<meta name=\"twitter:site\" content=\"@iFamNewsEN\" \/>\n<meta name=\"twitter:label1\" content=\"Verfasst von\" \/>\n\t<meta name=\"twitter:data1\" content=\"E. Douglas Clark\" \/>\n\t<meta name=\"twitter:label2\" content=\"Gesch\u00e4tzte Lesezeit\" \/>\n\t<meta name=\"twitter:data2\" content=\"6\u00a0Minuten\" \/>\n<!-- \/ Yoast SEO Premium plugin. -->","yoast_head_json":{"title":"Erkl\u00e4rung der IOF an die UN-Botschafter anl\u00e4sslich des Internationalen Tages der Familie 2021 - IFN","robots":{"index":"index","follow":"follow","max-snippet":"max-snippet:-1","max-image-preview":"max-image-preview:large","max-video-preview":"max-video-preview:-1"},"canonical":"https:\/\/ifamnews.com\/de\/erkl-rung-der-iof-an-die-un-botschafter-anl-sslich-des-internationalen-tages-der-familie-2021","og_locale":"de_DE","og_type":"article","og_title":"Erkl\u00e4rung der IOF an die UN-Botschafter anl\u00e4sslich des Internationalen Tages der Familie 2021","og_description":"Die Internationale Organisation f\u00fcr die Familie (IOF) hat den UN-Botschaftern in New York und Genf zum Gedenken an den Internationalen Tag der Familie am 15. Mai 2021 folgende Erkl\u00e4rung, die von Organisationen aus der ganzen Welt mitunterzeichnet wurde, vorgelegt.","og_url":"https:\/\/ifamnews.com\/de\/erkl-rung-der-iof-an-die-un-botschafter-anl-sslich-des-internationalen-tages-der-familie-2021","og_site_name":"IFN","article_publisher":"https:\/\/www.facebook.com\/iFamNews","article_published_time":"2021-05-27T05:00:00+00:00","og_image":[{"width":1200,"height":675,"url":"https:\/\/ifamnews.com\/wp-content\/uploads\/2021\/05\/3IkPdt0qNH8e9blvj26MZJINA-r-fc0BzoCcKg9FJu8-1.jpg","type":"image\/jpeg"}],"author":"E. Douglas Clark","twitter_card":"summary_large_image","twitter_creator":"@iFamNewsEN","twitter_site":"@iFamNewsEN","twitter_misc":{"Verfasst von":"E. Douglas Clark","Gesch\u00e4tzte Lesezeit":"6\u00a0Minuten"},"schema":{"@context":"https:\/\/schema.org","@graph":[{"@type":"NewsArticle","@id":"https:\/\/ifamnews.com\/de\/erkl-rung-der-iof-an-die-un-botschafter-anl-sslich-des-internationalen-tages-der-familie-2021#article","isPartOf":{"@id":"https:\/\/ifamnews.com\/de\/erkl-rung-der-iof-an-die-un-botschafter-anl-sslich-des-internationalen-tages-der-familie-2021"},"author":{"name":"E. Douglas Clark","@id":"https:\/\/ifamnews.com\/en\/#\/schema\/person\/004a3a3e14cfb4420066c3d177785019"},"headline":"Erkl\u00e4rung der IOF an die UN-Botschafter anl\u00e4sslich des Internationalen Tages der Familie 2021","datePublished":"2021-05-27T05:00:00+00:00","mainEntityOfPage":{"@id":"https:\/\/ifamnews.com\/de\/erkl-rung-der-iof-an-die-un-botschafter-anl-sslich-des-internationalen-tages-der-familie-2021"},"wordCount":1296,"commentCount":0,"publisher":{"@id":"https:\/\/ifamnews.com\/en\/#organization"},"image":{"@id":"https:\/\/ifamnews.com\/de\/erkl-rung-der-iof-an-die-un-botschafter-anl-sslich-des-internationalen-tages-der-familie-2021#primaryimage"},"thumbnailUrl":"https:\/\/ifamnews.com\/wp-content\/uploads\/2021\/05\/3IkPdt0qNH8e9blvj26MZJINA-r-fc0BzoCcKg9FJu8-1.jpg","keywords":["Internationaler Tag der Familie","UNO","Vereinte Nationen"],"articleSection":["Breaking News","Familie","Vordergrund"],"inLanguage":"de","potentialAction":[{"@type":"CommentAction","name":"Comment","target":["https:\/\/ifamnews.com\/de\/erkl-rung-der-iof-an-die-un-botschafter-anl-sslich-des-internationalen-tages-der-familie-2021#respond"]}]},{"@type":"WebPage","@id":"https:\/\/ifamnews.com\/de\/erkl-rung-der-iof-an-die-un-botschafter-anl-sslich-des-internationalen-tages-der-familie-2021","url":"https:\/\/ifamnews.com\/de\/erkl-rung-der-iof-an-die-un-botschafter-anl-sslich-des-internationalen-tages-der-familie-2021","name":"Erkl\u00e4rung der IOF an die UN-Botschafter anl\u00e4sslich des Internationalen Tages der Familie 2021 - IFN","isPartOf":{"@id":"https:\/\/ifamnews.com\/en\/#website"},"primaryImageOfPage":{"@id":"https:\/\/ifamnews.com\/de\/erkl-rung-der-iof-an-die-un-botschafter-anl-sslich-des-internationalen-tages-der-familie-2021#primaryimage"},"image":{"@id":"https:\/\/ifamnews.com\/de\/erkl-rung-der-iof-an-die-un-botschafter-anl-sslich-des-internationalen-tages-der-familie-2021#primaryimage"},"thumbnailUrl":"https:\/\/ifamnews.com\/wp-content\/uploads\/2021\/05\/3IkPdt0qNH8e9blvj26MZJINA-r-fc0BzoCcKg9FJu8-1.jpg","datePublished":"2021-05-27T05:00:00+00:00","breadcrumb":{"@id":"https:\/\/ifamnews.com\/de\/erkl-rung-der-iof-an-die-un-botschafter-anl-sslich-des-internationalen-tages-der-familie-2021#breadcrumb"},"inLanguage":"de","potentialAction":[{"@type":"ReadAction","target":["https:\/\/ifamnews.com\/de\/erkl-rung-der-iof-an-die-un-botschafter-anl-sslich-des-internationalen-tages-der-familie-2021"]}]},{"@type":"ImageObject","inLanguage":"de","@id":"https:\/\/ifamnews.com\/de\/erkl-rung-der-iof-an-die-un-botschafter-anl-sslich-des-internationalen-tages-der-familie-2021#primaryimage","url":"https:\/\/ifamnews.com\/wp-content\/uploads\/2021\/05\/3IkPdt0qNH8e9blvj26MZJINA-r-fc0BzoCcKg9FJu8-1.jpg","contentUrl":"https:\/\/ifamnews.com\/wp-content\/uploads\/2021\/05\/3IkPdt0qNH8e9blvj26MZJINA-r-fc0BzoCcKg9FJu8-1.jpg","width":1200,"height":675},{"@type":"BreadcrumbList","@id":"https:\/\/ifamnews.com\/de\/erkl-rung-der-iof-an-die-un-botschafter-anl-sslich-des-internationalen-tages-der-familie-2021#breadcrumb","itemListElement":[{"@type":"ListItem","position":1,"name":"Home","item":"https:\/\/ifamnews.com\/de"},{"@type":"ListItem","position":2,"name":"\u0413\u043b\u0430\u0432\u043d\u0430 \u0432\u0435\u0441\u0442","item":"https:\/\/ifamnews.com\/sr\/kategorija\/glavna-vest"},{"@type":"ListItem","position":3,"name":"Erkl\u00e4rung der IOF an die UN-Botschafter anl\u00e4sslich des Internationalen Tages der Familie 2021"}]},{"@type":"WebSite","@id":"https:\/\/ifamnews.com\/en\/#website","url":"https:\/\/ifamnews.com\/en\/","name":"IFN","description":"International Family News Network","publisher":{"@id":"https:\/\/ifamnews.com\/en\/#organization"},"potentialAction":[{"@type":"SearchAction","target":{"@type":"EntryPoint","urlTemplate":"https:\/\/ifamnews.com\/en\/?s={search_term_string}"},"query-input":{"@type":"PropertyValueSpecification","valueRequired":true,"valueName":"search_term_string"}}],"inLanguage":"de"},{"@type":"Organization","@id":"https:\/\/ifamnews.com\/en\/#organization","name":"iFamNews","url":"https:\/\/ifamnews.com\/en\/","logo":{"@type":"ImageObject","inLanguage":"de","@id":"https:\/\/ifamnews.com\/en\/#\/schema\/logo\/image\/","url":"https:\/\/ifamnews.com\/wp-content\/uploads\/2020\/01\/Share-logo.png","contentUrl":"https:\/\/ifamnews.com\/wp-content\/uploads\/2020\/01\/Share-logo.png","width":200,"height":200,"caption":"iFamNews"},"image":{"@id":"https:\/\/ifamnews.com\/en\/#\/schema\/logo\/image\/"},"sameAs":["https:\/\/www.facebook.com\/iFamNews","https:\/\/x.com\/iFamNewsEN"]},{"@type":"Person","@id":"https:\/\/ifamnews.com\/en\/#\/schema\/person\/004a3a3e14cfb4420066c3d177785019","name":"E. Douglas Clark","image":{"@type":"ImageObject","inLanguage":"de","@id":"https:\/\/secure.gravatar.com\/avatar\/4f01991614cc9086457280e0279d7da9c1c6dd2774eca1bf16e9e24005c6feb0?s=96&d=mm&r=g","url":"https:\/\/secure.gravatar.com\/avatar\/4f01991614cc9086457280e0279d7da9c1c6dd2774eca1bf16e9e24005c6feb0?s=96&d=mm&r=g","contentUrl":"https:\/\/secure.gravatar.com\/avatar\/4f01991614cc9086457280e0279d7da9c1c6dd2774eca1bf16e9e24005c6feb0?s=96&d=mm&r=g","caption":"E. Douglas Clark"},"description":"E. Douglas Clark is an attorney and Director of UN and International Policy at the International Organization for the Family. For two decades Doug has been on the forefront of defending the family at the United Nations as a lobbyist and strategist, leading teams and consulting with policymakers in New York and around the world. His writings include the World Family Declaration and articles in The Natural Family: An International Journal of Research and Policy and Ave Maria International Law Journal. After earning MBA and JD degrees from Brigham Young University, he practiced banking law and served as director of content of the original Law.com.","url":"https:\/\/ifamnews.com\/de\/author\/dclarkifamnews-com"}]}},"amp_enabled":true,"_links":{"self":[{"href":"https:\/\/ifamnews.com\/de\/wp-json\/wp\/v2\/posts\/72726","targetHints":{"allow":["GET"]}}],"collection":[{"href":"https:\/\/ifamnews.com\/de\/wp-json\/wp\/v2\/posts"}],"about":[{"href":"https:\/\/ifamnews.com\/de\/wp-json\/wp\/v2\/types\/post"}],"author":[{"embeddable":true,"href":"https:\/\/ifamnews.com\/de\/wp-json\/wp\/v2\/users\/30"}],"replies":[{"embeddable":true,"href":"https:\/\/ifamnews.com\/de\/wp-json\/wp\/v2\/comments?post=72726"}],"version-history":[{"count":4,"href":"https:\/\/ifamnews.com\/de\/wp-json\/wp\/v2\/posts\/72726\/revisions"}],"predecessor-version":[{"id":73846,"href":"https:\/\/ifamnews.com\/de\/wp-json\/wp\/v2\/posts\/72726\/revisions\/73846"}],"wp:featuredmedia":[{"embeddable":true,"href":"https:\/\/ifamnews.com\/de\/wp-json\/wp\/v2\/media\/71951"}],"wp:attachment":[{"href":"https:\/\/ifamnews.com\/de\/wp-json\/wp\/v2\/media?parent=72726"}],"wp:term":[{"taxonomy":"category","embeddable":true,"href":"https:\/\/ifamnews.com\/de\/wp-json\/wp\/v2\/categories?post=72726"},{"taxonomy":"post_tag","embeddable":true,"href":"https:\/\/ifamnews.com\/de\/wp-json\/wp\/v2\/tags?post=72726"}],"curies":[{"name":"wp","href":"https:\/\/api.w.org\/{rel}","templated":true}]}}