{"id":71384,"date":"2021-05-19T01:00:00","date_gmt":"2021-05-19T05:00:00","guid":{"rendered":"https:\/\/ifamnews.com\/l-irlanda-del-nord-sospende-il-ru486"},"modified":"2021-05-13T04:56:32","modified_gmt":"2021-05-13T08:56:32","slug":"l-irlanda-del-nord-sospende-il-ru486","status":"publish","type":"post","link":"https:\/\/ifamnews.com\/de\/l-irlanda-del-nord-sospende-il-ru486","title":{"rendered":"Nordirland stoppt Abtreibungspille RU486"},"content":{"rendered":"\n<h3 class=\"wp-block-heading\" id=\"h-leben\"><strong>Leben<\/strong><\/h3>\n\n\n\n<ul class=\"wp-block-list\"><li>Das Europ\u00e4ische Parlament hat eine <a href=\"https:\/\/www.euractiv.com\/section\/digital\/news\/eu-countries-lawmakers-reach-deal-to-tackle-online-child-sexual-abuse\/\">Resolution zur Bek\u00e4mpfung des sexuellen Missbrauchs<\/a> im Internet verabschiedet.<\/li><li>Die deutsche Polizei hat als leitende Kraft im Rahmen einer internationalen polizeilichen Ermittlung erste Erfolge erzielt und die <a href=\"https:\/\/www.dw.com\/de\/schlag-gegen-kinderpornografie-plattform-boystown-im-darknet\/a-57408355\">Betreiber des weltgr\u00f6\u00dften P\u00e4dophilennetzwerks<\/a> verhaftet.<\/li><li>Die slowenische EU-Ratspr\u00e4sidentschaft hat eine Konferenz der Arbeits- und Sozialminister anberaumt, um \u00fcber <a href=\"https:\/\/sloveniatimes.com\/slovenia-to-host-conference-on-population-ageing-during-eu-presidency\/\">generationen\u00fcbergreifende Solidarit\u00e4t<\/a> und Bev\u00f6lkerungsalterung in Europa zu diskutieren.<\/li><li>Infolge des Drucks aus London, eine vollst\u00e4ndige Liberalisierung der Abtreibung durchzusetzen, <a href=\"https:\/\/www.liveaction.org\/news\/lack-staff-suspension-abortion-pill-northern-ireland\/\">wurde in Nordirland der Vertrieb von Abtreibungspillen ausgesetzt<\/a>. Anglikanische und evangelikale Christen, die der Mehrheitspartei der Region, der <em>Democratic Unionist Party<\/em>, angeh\u00f6ren, haben der Parteivorsitzenden und Premierministerin <a href=\"https:\/\/gript.ie\/breaking-arlene-foster-resigns-dup-leader\/\">Arlene Foster<\/a> das Misstrauen ausgesprochen, da sie nicht in der Lage sei, die Werte und Forderungen der Partei zu vertreten.<\/li><\/ul>\n\n\n\n<h3 class=\"wp-block-heading\" id=\"h-lgbt\"><strong>LGBT+<\/strong><\/h3>\n\n\n\n<ul class=\"wp-block-list\"><li>Die britische Polizei hat beschlossen, gegen die angesehene <em><a href=\"https:\/\/christianconcern.com\/comment\/british-psychological-society-investigated-over-puberty-blockers\/\">British Psychological Society<\/a><\/em> zu ermitteln, da sie weiterhin pubert\u00e4tshemmende Medikamente im Rahmen der Geschlechtsumwandlungsma\u00dfnahmen bewirbt.<\/li><li>Kirchen und Schulen haben sich zusammengetan und beschlossen, <a href=\"https:\/\/www.christianpost.com\/news\/churches-schools-sue-virginia-over-new-lgbt-rights-law.html\">den Bundesstaat Virginia wegen eines Gesetzes zu verklagen, das LGBT+-Mitarbeiter in Kirchen- und Bildungseinrichtungen<\/a> vorschreibt.<\/li><\/ul>\n\n\n\n<h3 class=\"wp-block-heading\" id=\"h-familie\"><strong>Familie<\/strong><\/h3>\n\n\n\n<ul class=\"wp-block-list\"><li>In den USA hat der <a href=\"https:\/\/dailycaller.com\/2021\/04\/26\/josh-hawley-missouri-united-states-senate\/\">republikanische Senator Josh Hawley<\/a> die Einf\u00fchrung eines \u201eEhebonus\u201c f\u00fcr Ehepaare mit kleinen Kindern angeregt.<\/li><li>In diesen Tagen finden in den Vereinigten Staaten mehrere Konferenzen und <a href=\"https:\/\/www.catholicnewsagency.com\/news\/247505\/catholic-sister-pro-lifers-must-be-battle-ready-to-defend-the-family\">Gipfeltreffen<\/a> statt, an denen Politiker und verschiedene Organisationen der Pro-Family- und Pro-Life-Bewegung teilnehmen.<\/li><li>Der <a href=\"https:\/\/www.avvenire.it\/papa\/pagine\/papa-francesco-aprira-stati-generali-natalita-14-maggio\">Papst<\/a> wird mit einer Ansprache die sogenannte <a href=\"https:\/\/www.agensir.it\/italia\/2021\/05\/03\/stati-generali-della-natalita-de-palo-il-rilancio-delle-nascite-determinante-per-il-futuro-dellitalia\/\">Generalversammlung zur Geburtenrate<em> (Stati Generali della Natalit\u00e0<\/em><\/a>)&nbsp;am 14. Mai in Rom er\u00f6ffnen.<\/li><\/ul>\n\n\n\n<p><\/p>\n","protected":false},"excerpt":{"rendered":"<p>Spotlight auf gute Dinge, die in der Welt passieren \u2013 Ein Zusammenfassung<\/p>\n","protected":false},"author":54,"featured_media":39787,"comment_status":"open","ping_status":"open","sticky":false,"template":"","format":"standard","meta":{"give_campaign_id":0,"om_disable_all_campaigns":false,"_monsterinsights_skip_tracking":false,"_monsterinsights_sitenote_active":false,"_monsterinsights_sitenote_note":"","_monsterinsights_sitenote_category":0,"mc4wp_mailchimp_campaign":[],"jnews-multi-image_gallery":[],"jnews_single_post":{"subtitle":"Spotlight auf gute Dinge, die in der Welt passieren \u2013 Ein Zusammenfassung","format":"standard","video":"","gallery":"","source_name":"","source_url":"","via_name":"","via_url":"","override":[{"single_blog_custom":"","sidebar":"","second_sidebar":"","share_position":"","share_float_style":"","post_date_format":"","post_date_format_custom":"","post_reading_time_wpm":"","zoom_button_out_step":"1","zoom_button_in_step":"1","number_popup_post":"1"}],"image_override":[{"single_post_thumbnail_size":"","single_post_gallery_size":""}],"trending_post_position":"","trending_post_label":"","sponsored_post_label":"","sponsored_post_name":"","sponsored_post_url":"","sponsored_post_logo":"","sponsored_post_desc":""},"jnews_primary_category":{"id":"763"},"jnews_social_meta":{"fb_title":"","fb_description":"","fb_image":"","twitter_title":"","twitter_description":"","twitter_image":""},"jnews_override_counter":{"view_counter_number":"0","share_counter_number":"0","like_counter_number":"0","dislike_counter_number":"0"},"footnotes":""},"categories":[816,770,811],"tags":[10342],"class_list":["post-71384","post","type-post","status-publish","format-standard","has-post-thumbnail","hentry","category-breaking-news-de","category-familie","category-foreground-de","tag-gute-neuigkeiten"],"yoast_head":"<!-- This site is optimized with the Yoast SEO Premium plugin v25.9 (Yoast SEO v27.3) - https:\/\/yoast.com\/product\/yoast-seo-premium-wordpress\/ -->\n<title>Nordirland stoppt Abtreibungspille RU486 - &quot;iFamNews&quot;<\/title>\n<meta name=\"description\" content=\"Riflettore sulle cose belle che accadono nel mondo\" \/>\n<meta name=\"robots\" content=\"index, follow, max-snippet:-1, max-image-preview:large, max-video-preview:-1\" \/>\n<link rel=\"canonical\" href=\"https:\/\/ifamnews.com\/de\/l-irlanda-del-nord-sospende-il-ru486\" \/>\n<meta property=\"og:locale\" content=\"de_DE\" \/>\n<meta property=\"og:type\" content=\"article\" \/>\n<meta property=\"og:title\" content=\"Nordirland stoppt Abtreibungspille RU486\" \/>\n<meta property=\"og:description\" content=\"Riflettore sulle cose belle che accadono nel mondo\" \/>\n<meta property=\"og:url\" content=\"https:\/\/ifamnews.com\/de\/l-irlanda-del-nord-sospende-il-ru486\" \/>\n<meta property=\"og:site_name\" content=\"IFN\" \/>\n<meta property=\"article:publisher\" content=\"https:\/\/www.facebook.com\/iFamNews\" \/>\n<meta property=\"article:author\" content=\"https:\/\/facebook.com\/lvolonte1\" \/>\n<meta property=\"article:published_time\" content=\"2021-05-19T05:00:00+00:00\" \/>\n<meta property=\"og:image\" content=\"https:\/\/ifamnews.com\/wp-content\/uploads\/2020\/12\/Pills_2.jpg\" \/>\n\t<meta property=\"og:image:width\" content=\"1200\" \/>\n\t<meta property=\"og:image:height\" content=\"675\" \/>\n\t<meta property=\"og:image:type\" content=\"image\/jpeg\" \/>\n<meta name=\"author\" content=\"Luca Volont\u00e8\" \/>\n<meta name=\"twitter:card\" content=\"summary_large_image\" \/>\n<meta name=\"twitter:creator\" content=\"@https:\/\/twitter.com\/l_volonte\" \/>\n<meta name=\"twitter:site\" content=\"@iFamNewsEN\" \/>\n<meta name=\"twitter:label1\" content=\"Verfasst von\" \/>\n\t<meta name=\"twitter:data1\" content=\"Luca Volont\u00e8\" \/>\n\t<meta name=\"twitter:label2\" content=\"Gesch\u00e4tzte Lesezeit\" \/>\n\t<meta name=\"twitter:data2\" content=\"1\u00a0Minute\" \/>\n<!-- \/ Yoast SEO Premium plugin. -->","yoast_head_json":{"title":"Nordirland stoppt Abtreibungspille RU486 - \"iFamNews\"","description":"Riflettore sulle cose belle che accadono nel mondo","robots":{"index":"index","follow":"follow","max-snippet":"max-snippet:-1","max-image-preview":"max-image-preview:large","max-video-preview":"max-video-preview:-1"},"canonical":"https:\/\/ifamnews.com\/de\/l-irlanda-del-nord-sospende-il-ru486","og_locale":"de_DE","og_type":"article","og_title":"Nordirland stoppt Abtreibungspille RU486","og_description":"Riflettore sulle cose belle che accadono nel mondo","og_url":"https:\/\/ifamnews.com\/de\/l-irlanda-del-nord-sospende-il-ru486","og_site_name":"IFN","article_publisher":"https:\/\/www.facebook.com\/iFamNews","article_author":"https:\/\/facebook.com\/lvolonte1","article_published_time":"2021-05-19T05:00:00+00:00","og_image":[{"width":1200,"height":675,"url":"https:\/\/ifamnews.com\/wp-content\/uploads\/2020\/12\/Pills_2.jpg","type":"image\/jpeg"}],"author":"Luca Volont\u00e8","twitter_card":"summary_large_image","twitter_creator":"@https:\/\/twitter.com\/l_volonte","twitter_site":"@iFamNewsEN","twitter_misc":{"Verfasst von":"Luca Volont\u00e8","Gesch\u00e4tzte Lesezeit":"1\u00a0Minute"},"schema":{"@context":"https:\/\/schema.org","@graph":[{"@type":"NewsArticle","@id":"https:\/\/ifamnews.com\/de\/l-irlanda-del-nord-sospende-il-ru486#article","isPartOf":{"@id":"https:\/\/ifamnews.com\/de\/l-irlanda-del-nord-sospende-il-ru486"},"author":{"name":"Luca Volont\u00e8","@id":"https:\/\/ifamnews.com\/en\/#\/schema\/person\/bed5b7c6161f317421caa94dc3be6a53"},"headline":"Nordirland stoppt Abtreibungspille RU486","datePublished":"2021-05-19T05:00:00+00:00","mainEntityOfPage":{"@id":"https:\/\/ifamnews.com\/de\/l-irlanda-del-nord-sospende-il-ru486"},"wordCount":249,"commentCount":0,"publisher":{"@id":"https:\/\/ifamnews.com\/en\/#organization"},"image":{"@id":"https:\/\/ifamnews.com\/de\/l-irlanda-del-nord-sospende-il-ru486#primaryimage"},"thumbnailUrl":"https:\/\/ifamnews.com\/wp-content\/uploads\/2020\/12\/Pills_2.jpg","keywords":["Gute Neuigkeiten"],"articleSection":["Breaking News","Familie","Vordergrund"],"inLanguage":"de","potentialAction":[{"@type":"CommentAction","name":"Comment","target":["https:\/\/ifamnews.com\/de\/l-irlanda-del-nord-sospende-il-ru486#respond"]}]},{"@type":"WebPage","@id":"https:\/\/ifamnews.com\/de\/l-irlanda-del-nord-sospende-il-ru486","url":"https:\/\/ifamnews.com\/de\/l-irlanda-del-nord-sospende-il-ru486","name":"Nordirland stoppt Abtreibungspille RU486 - \"iFamNews\"","isPartOf":{"@id":"https:\/\/ifamnews.com\/en\/#website"},"primaryImageOfPage":{"@id":"https:\/\/ifamnews.com\/de\/l-irlanda-del-nord-sospende-il-ru486#primaryimage"},"image":{"@id":"https:\/\/ifamnews.com\/de\/l-irlanda-del-nord-sospende-il-ru486#primaryimage"},"thumbnailUrl":"https:\/\/ifamnews.com\/wp-content\/uploads\/2020\/12\/Pills_2.jpg","datePublished":"2021-05-19T05:00:00+00:00","description":"Riflettore sulle cose belle che accadono nel mondo","breadcrumb":{"@id":"https:\/\/ifamnews.com\/de\/l-irlanda-del-nord-sospende-il-ru486#breadcrumb"},"inLanguage":"de","potentialAction":[{"@type":"ReadAction","target":["https:\/\/ifamnews.com\/de\/l-irlanda-del-nord-sospende-il-ru486"]}]},{"@type":"ImageObject","inLanguage":"de","@id":"https:\/\/ifamnews.com\/de\/l-irlanda-del-nord-sospende-il-ru486#primaryimage","url":"https:\/\/ifamnews.com\/wp-content\/uploads\/2020\/12\/Pills_2.jpg","contentUrl":"https:\/\/ifamnews.com\/wp-content\/uploads\/2020\/12\/Pills_2.jpg","width":1200,"height":675,"caption":"Pillola abortiva"},{"@type":"BreadcrumbList","@id":"https:\/\/ifamnews.com\/de\/l-irlanda-del-nord-sospende-il-ru486#breadcrumb","itemListElement":[{"@type":"ListItem","position":1,"name":"Home","item":"https:\/\/ifamnews.com\/de"},{"@type":"ListItem","position":2,"name":"Famiglia","item":"https:\/\/ifamnews.com\/it\/categoria\/famiglia"},{"@type":"ListItem","position":3,"name":"Nordirland stoppt Abtreibungspille RU486"}]},{"@type":"WebSite","@id":"https:\/\/ifamnews.com\/en\/#website","url":"https:\/\/ifamnews.com\/en\/","name":"IFN","description":"International Family News Network","publisher":{"@id":"https:\/\/ifamnews.com\/en\/#organization"},"potentialAction":[{"@type":"SearchAction","target":{"@type":"EntryPoint","urlTemplate":"https:\/\/ifamnews.com\/en\/?s={search_term_string}"},"query-input":{"@type":"PropertyValueSpecification","valueRequired":true,"valueName":"search_term_string"}}],"inLanguage":"de"},{"@type":"Organization","@id":"https:\/\/ifamnews.com\/en\/#organization","name":"iFamNews","url":"https:\/\/ifamnews.com\/en\/","logo":{"@type":"ImageObject","inLanguage":"de","@id":"https:\/\/ifamnews.com\/en\/#\/schema\/logo\/image\/","url":"https:\/\/ifamnews.com\/wp-content\/uploads\/2020\/01\/Share-logo.png","contentUrl":"https:\/\/ifamnews.com\/wp-content\/uploads\/2020\/01\/Share-logo.png","width":200,"height":200,"caption":"iFamNews"},"image":{"@id":"https:\/\/ifamnews.com\/en\/#\/schema\/logo\/image\/"},"sameAs":["https:\/\/www.facebook.com\/iFamNews","https:\/\/x.com\/iFamNewsEN"]},{"@type":"Person","@id":"https:\/\/ifamnews.com\/en\/#\/schema\/person\/bed5b7c6161f317421caa94dc3be6a53","name":"Luca Volont\u00e8","image":{"@type":"ImageObject","inLanguage":"de","@id":"https:\/\/secure.gravatar.com\/avatar\/354ed6bca06f9968278e6eb25fa8a123306c69f5c50f711836cf12e6c8ecbbf6?s=96&d=mm&r=g","url":"https:\/\/secure.gravatar.com\/avatar\/354ed6bca06f9968278e6eb25fa8a123306c69f5c50f711836cf12e6c8ecbbf6?s=96&d=mm&r=g","contentUrl":"https:\/\/secure.gravatar.com\/avatar\/354ed6bca06f9968278e6eb25fa8a123306c69f5c50f711836cf12e6c8ecbbf6?s=96&d=mm&r=g","caption":"Luca Volont\u00e8"},"description":"Luca Volont\u00e8 was an Italian parliamentarian from 1996 to 2013, and served as president of the PPE-CD at the Assembly of the Council of Europe. Publicly engaged for decades in the promotion of life, family and religious and educational freedom, Luca\u00a0 has served as a board member for various international organizations promoting Christian values and human rights, including his current role as a board member of the International Organization for the Family. He has authored books and essays for the Novae Terrae series by the publisher Rubbettino; he has been a correspondent for several Italian newspapers, and currently collaborates with La nuova Bussola Quotidiana, an online newspaper. He is a also a great bicycle enthusiast.","sameAs":["https:\/\/facebook.com\/lvolonte1","https:\/\/x.com\/https:\/\/twitter.com\/l_volonte"],"url":"https:\/\/ifamnews.com\/de\/author\/lvolonte"}]}},"amp_enabled":true,"_links":{"self":[{"href":"https:\/\/ifamnews.com\/de\/wp-json\/wp\/v2\/posts\/71384","targetHints":{"allow":["GET"]}}],"collection":[{"href":"https:\/\/ifamnews.com\/de\/wp-json\/wp\/v2\/posts"}],"about":[{"href":"https:\/\/ifamnews.com\/de\/wp-json\/wp\/v2\/types\/post"}],"author":[{"embeddable":true,"href":"https:\/\/ifamnews.com\/de\/wp-json\/wp\/v2\/users\/54"}],"replies":[{"embeddable":true,"href":"https:\/\/ifamnews.com\/de\/wp-json\/wp\/v2\/comments?post=71384"}],"version-history":[{"count":5,"href":"https:\/\/ifamnews.com\/de\/wp-json\/wp\/v2\/posts\/71384\/revisions"}],"predecessor-version":[{"id":71611,"href":"https:\/\/ifamnews.com\/de\/wp-json\/wp\/v2\/posts\/71384\/revisions\/71611"}],"wp:featuredmedia":[{"embeddable":true,"href":"https:\/\/ifamnews.com\/de\/wp-json\/wp\/v2\/media\/39787"}],"wp:attachment":[{"href":"https:\/\/ifamnews.com\/de\/wp-json\/wp\/v2\/media?parent=71384"}],"wp:term":[{"taxonomy":"category","embeddable":true,"href":"https:\/\/ifamnews.com\/de\/wp-json\/wp\/v2\/categories?post=71384"},{"taxonomy":"post_tag","embeddable":true,"href":"https:\/\/ifamnews.com\/de\/wp-json\/wp\/v2\/tags?post=71384"}],"curies":[{"name":"wp","href":"https:\/\/api.w.org\/{rel}","templated":true}]}}