{"id":71358,"date":"2021-05-19T01:00:00","date_gmt":"2021-05-19T05:00:00","guid":{"rendered":"https:\/\/ifamnews.com\/?p=71358"},"modified":"2021-05-13T04:57:10","modified_gmt":"2021-05-13T08:57:10","slug":"m-nner-erkl-ren-sich-zu-frauen-um-frauenquote-zu-erf-llen","status":"publish","type":"post","link":"https:\/\/ifamnews.com\/de\/m-nner-erkl-ren-sich-zu-frauen-um-frauenquote-zu-erf-llen","title":{"rendered":"M\u00e4nner erkl\u00e4ren sich zu Frauen, um \u201eFrauenquote\u201c zu erf\u00fcllen"},"content":{"rendered":"\n<p>Die \u201eFrauenquote\u201c ist die kommunistische Aufteilung eines Kuchens, die den Frauen in jedem Fall ein St\u00fcck zuspricht, auf der Annahme basierend, dass der Kuchen ansonsten ungleich auf chauvinistische Art verteilt werde.<\/p>\n\n\n\n<p>Heute sind \u201eQuoten\u201c sehr in Mode. Sie sind sowohl im Zentrum als auch in Randbereichen angesagt. <a href=\"https:\/\/www.forbes.com\/sites\/darrenrosenblum\/2020\/10\/05\/california-pioneers-new-quotas-for-people-of-color--lgbt-people\/\">Es gibt sie in allen Farben. Buchst\u00e4blich. Tats\u00e4chlich gibt es Quoten, die auf der Hautfarbe basieren<\/a> und Vorst\u00f6\u00dfe, LGBT+ Quoten durchzuboxen. Man schaue sich einfach einen Film oder eine Serie an.<\/p>\n\n\n\n<p>Wenn ich eine Frau (oder schwarz oder homosexuell) w\u00e4re, w\u00fcrde ich ausrasten. Ich w\u00fcrde mich in der Tat als Opfer von Sexismus oder Rassismus oder Homotransphobie f\u00fchlen. Das Quotensystem serviert St\u00fccke des Kuchens auf dem Silbertablett &#8211; aber nicht denen, die sie tats\u00e4chlich verdienen. Vielmehr reduziert es die W\u00fcrde der Menschen darauf, ein Mann, eine Frau, ein Homosexueller zu sein, oder aber ein Schwarzer, Chinese, Jude, Afrikaner, Maori und so weiter. Eine Vermassung, die den Menschen nicht wertsch\u00e4tzt, sondern ihn z\u00e4hlt. Tats\u00e4chlich ist eine Frau, ein Schwarzer oder ein Homosexueller f\u00fcr diese Sache nutzlos: Sie sind nur dann n\u00fctzlich, wenn es genug von ihnen gibt, um als Waffe eingesetzt zu werden. &nbsp;<\/p>\n\n\n\n<p>Das hei\u00dft, eine Frau kann v\u00f6llig unzureichend qualifiziert sein, doch w\u00e4re sie aufgrund der Quoten entschuldigt. Das hei\u00dft, sie br\u00e4uchte sich nicht zu rechtfertigen, wenn sie unf\u00e4hig w\u00e4re, ihre Arbeit zu erledigen: Es gen\u00fcgt, zur rechten Zeit am rechten Ort zu sein.<\/p>\n\n\n\n<p>Bis hierhin nichts Neues. Neu ist jedoch, dass es manchmal nicht genug menschliche Ressourcen gibt, um die kommunistische Verteilung der \u201eFrauenquoten\u201c zu erf\u00fcllen. <a href=\"https:\/\/elcomun.es\/2021\/05\/08\/hombres-se-autodeterminan-mujeres-para-cumplir-con-la-paridad-en-elecciones-municipales-mexicanas\/\">Dies ist zum Beispiel gerade in Mexiko geschehen, im Bundesstaat Tlaxcala. Hier stellte die progressive Partei <em>Fuerza por M\u00e9xico<\/em><\/a> 18 m\u00e4nnliche Kandidaten zur Wahl und wurde vom <em>Consejo General del Instituto Tlaxcalteca de Elecciones (ITE) <\/em>wegen Nichteinhaltung der \u201eFrauenquote\u201c bzw. wegen angeblichen Machismus abgelehnt. Was taten also die aufgekl\u00e4rten Herren der mexikanischen Linken? Sie \u00e4nderten kurzerhand ihr Geschlecht, da sie dachten, dass man sie &#8211; auch wenn sie wie Idioten dast\u00fcnden &#8211; verurteilen w\u00fcrde, weil sie Frauen sind und nicht etwa, weil sie Idioten sind.<\/p>\n\n\n\n<p>Und genau das ist passiert. Da man sich sein Geschlecht (angeblich) unabh\u00e4ngig vom biologischen Geschlecht aussucht, hatte der ITE keine Einw\u00e4nde und genehmigte die Kandidatur der Partei. Die Tatsache, dass LGBT+-Personen Betrug schreien, ist geradezu ein klassisches Beispiel von Heterogenie der Zwecke. Aber die eigentliche Frage ist: Gibt es irgendjemanden, der guten Gewissens noch meint, der Gender-Pantomime Glauben schenken zu k\u00f6nnen?<\/p>\n","protected":false},"excerpt":{"rendered":"<p>So geschehen in Mexiko: Ein klassisches Beispiel von Heterogenie der Zwecke und kompletter Bl\u00f6dsinn<\/p>\n","protected":false},"author":7,"featured_media":70993,"comment_status":"open","ping_status":"open","sticky":false,"template":"","format":"standard","meta":{"give_campaign_id":0,"om_disable_all_campaigns":false,"_monsterinsights_skip_tracking":false,"_monsterinsights_sitenote_active":false,"_monsterinsights_sitenote_note":"","_monsterinsights_sitenote_category":0,"mc4wp_mailchimp_campaign":[],"jnews-multi-image_gallery":[],"jnews_single_post":{"subtitle":"So geschehen in Mexiko: Ein klassisches Beispiel von Heterogenie der Zwecke und kompletter Bl\u00f6dsinn","format":"standard","video":"","gallery":"","source_name":"","source_url":"","via_name":"","via_url":"","override":[{"single_blog_custom":"","sidebar":"","second_sidebar":"","share_position":"","share_float_style":"","post_date_format":"","post_date_format_custom":"","post_reading_time_wpm":"","zoom_button_out_step":"1","zoom_button_in_step":"1","number_popup_post":"1"}],"image_override":[{"single_post_thumbnail_size":"","single_post_gallery_size":""}],"trending_post_position":"","trending_post_label":"","sponsored_post_label":"","sponsored_post_name":"","sponsored_post_url":"","sponsored_post_logo":"","sponsored_post_desc":""},"jnews_primary_category":{"id":"768"},"jnews_social_meta":{"fb_title":"","fb_description":"","fb_image":"","twitter_title":"","twitter_description":"","twitter_image":""},"jnews_override_counter":{"view_counter_number":"0","share_counter_number":"0","like_counter_number":"0","dislike_counter_number":"0"},"footnotes":""},"categories":[816,768,811],"tags":[4457,10005],"class_list":["post-71358","post","type-post","status-publish","format-standard","has-post-thumbnail","hentry","category-breaking-news-de","category-politik","category-foreground-de","tag-gender-ideologie-2","tag-identitaetspolitik"],"yoast_head":"<!-- This site is optimized with the Yoast SEO Premium plugin v25.9 (Yoast SEO v27.3) - https:\/\/yoast.com\/product\/yoast-seo-premium-wordpress\/ -->\n<title>M\u00e4nner erkl\u00e4ren sich zu Frauen, um \u201eFrauenquote\u201c zu erf\u00fcllen - &quot;iFamNews&quot;<\/title>\n<meta name=\"description\" content=\"Accade alle elezioni in uno Stato del Messico ed \u00e8 la pi\u00f9 classica eterogenesi dei fini. Oltre che una scemenza\" \/>\n<meta name=\"robots\" content=\"index, follow, max-snippet:-1, max-image-preview:large, max-video-preview:-1\" \/>\n<link rel=\"canonical\" href=\"https:\/\/ifamnews.com\/de\/m-nner-erkl-ren-sich-zu-frauen-um-frauenquote-zu-erf-llen\" \/>\n<meta property=\"og:locale\" content=\"de_DE\" \/>\n<meta property=\"og:type\" content=\"article\" \/>\n<meta property=\"og:title\" content=\"M\u00e4nner erkl\u00e4ren sich zu Frauen, um \u201eFrauenquote\u201c zu erf\u00fcllen\" \/>\n<meta property=\"og:description\" content=\"Accade alle elezioni in uno Stato del Messico ed \u00e8 la pi\u00f9 classica eterogenesi dei fini. Oltre che una scemenza\" \/>\n<meta property=\"og:url\" content=\"https:\/\/ifamnews.com\/de\/m-nner-erkl-ren-sich-zu-frauen-um-frauenquote-zu-erf-llen\" \/>\n<meta property=\"og:site_name\" content=\"IFN\" \/>\n<meta property=\"article:publisher\" content=\"https:\/\/www.facebook.com\/iFamNews\" \/>\n<meta property=\"article:author\" content=\"https:\/\/facebook.com\/MarcoRespinti\" \/>\n<meta property=\"article:published_time\" content=\"2021-05-19T05:00:00+00:00\" \/>\n<meta property=\"og:image\" content=\"https:\/\/ifamnews.com\/wp-content\/uploads\/2021\/05\/fuerza-por-mexico.jpeg\" \/>\n\t<meta property=\"og:image:width\" content=\"1200\" \/>\n\t<meta property=\"og:image:height\" content=\"675\" \/>\n\t<meta property=\"og:image:type\" content=\"image\/jpeg\" \/>\n<meta name=\"author\" content=\"Marco Respinti\" \/>\n<meta name=\"twitter:card\" content=\"summary_large_image\" \/>\n<meta name=\"twitter:creator\" content=\"@https:\/\/twitter.com\/MarcoRespinti\" \/>\n<meta name=\"twitter:site\" content=\"@iFamNewsEN\" \/>\n<meta name=\"twitter:label1\" content=\"Verfasst von\" \/>\n\t<meta name=\"twitter:data1\" content=\"Marco Respinti\" \/>\n\t<meta name=\"twitter:label2\" content=\"Gesch\u00e4tzte Lesezeit\" \/>\n\t<meta name=\"twitter:data2\" content=\"2\u00a0Minuten\" \/>\n<!-- \/ Yoast SEO Premium plugin. -->","yoast_head_json":{"title":"M\u00e4nner erkl\u00e4ren sich zu Frauen, um \u201eFrauenquote\u201c zu erf\u00fcllen - \"iFamNews\"","description":"Accade alle elezioni in uno Stato del Messico ed \u00e8 la pi\u00f9 classica eterogenesi dei fini. Oltre che una scemenza","robots":{"index":"index","follow":"follow","max-snippet":"max-snippet:-1","max-image-preview":"max-image-preview:large","max-video-preview":"max-video-preview:-1"},"canonical":"https:\/\/ifamnews.com\/de\/m-nner-erkl-ren-sich-zu-frauen-um-frauenquote-zu-erf-llen","og_locale":"de_DE","og_type":"article","og_title":"M\u00e4nner erkl\u00e4ren sich zu Frauen, um \u201eFrauenquote\u201c zu erf\u00fcllen","og_description":"Accade alle elezioni in uno Stato del Messico ed \u00e8 la pi\u00f9 classica eterogenesi dei fini. Oltre che una scemenza","og_url":"https:\/\/ifamnews.com\/de\/m-nner-erkl-ren-sich-zu-frauen-um-frauenquote-zu-erf-llen","og_site_name":"IFN","article_publisher":"https:\/\/www.facebook.com\/iFamNews","article_author":"https:\/\/facebook.com\/MarcoRespinti","article_published_time":"2021-05-19T05:00:00+00:00","og_image":[{"width":1200,"height":675,"url":"https:\/\/ifamnews.com\/wp-content\/uploads\/2021\/05\/fuerza-por-mexico.jpeg","type":"image\/jpeg"}],"author":"Marco Respinti","twitter_card":"summary_large_image","twitter_creator":"@https:\/\/twitter.com\/MarcoRespinti","twitter_site":"@iFamNewsEN","twitter_misc":{"Verfasst von":"Marco Respinti","Gesch\u00e4tzte Lesezeit":"2\u00a0Minuten"},"schema":{"@context":"https:\/\/schema.org","@graph":[{"@type":"NewsArticle","@id":"https:\/\/ifamnews.com\/de\/m-nner-erkl-ren-sich-zu-frauen-um-frauenquote-zu-erf-llen#article","isPartOf":{"@id":"https:\/\/ifamnews.com\/de\/m-nner-erkl-ren-sich-zu-frauen-um-frauenquote-zu-erf-llen"},"author":{"name":"Marco Respinti","@id":"https:\/\/ifamnews.com\/en\/#\/schema\/person\/f0579ab02623e80d44006c1a5d949ea9"},"headline":"M\u00e4nner erkl\u00e4ren sich zu Frauen, um \u201eFrauenquote\u201c zu erf\u00fcllen","datePublished":"2021-05-19T05:00:00+00:00","mainEntityOfPage":{"@id":"https:\/\/ifamnews.com\/de\/m-nner-erkl-ren-sich-zu-frauen-um-frauenquote-zu-erf-llen"},"wordCount":446,"commentCount":0,"publisher":{"@id":"https:\/\/ifamnews.com\/en\/#organization"},"image":{"@id":"https:\/\/ifamnews.com\/de\/m-nner-erkl-ren-sich-zu-frauen-um-frauenquote-zu-erf-llen#primaryimage"},"thumbnailUrl":"https:\/\/ifamnews.com\/wp-content\/uploads\/2021\/05\/fuerza-por-mexico.jpeg","keywords":["Gender-Ideologie","Identit\u00e4tspolitik"],"articleSection":["Breaking News","Politik","Vordergrund"],"inLanguage":"de","potentialAction":[{"@type":"CommentAction","name":"Comment","target":["https:\/\/ifamnews.com\/de\/m-nner-erkl-ren-sich-zu-frauen-um-frauenquote-zu-erf-llen#respond"]}]},{"@type":"WebPage","@id":"https:\/\/ifamnews.com\/de\/m-nner-erkl-ren-sich-zu-frauen-um-frauenquote-zu-erf-llen","url":"https:\/\/ifamnews.com\/de\/m-nner-erkl-ren-sich-zu-frauen-um-frauenquote-zu-erf-llen","name":"M\u00e4nner erkl\u00e4ren sich zu Frauen, um \u201eFrauenquote\u201c zu erf\u00fcllen - \"iFamNews\"","isPartOf":{"@id":"https:\/\/ifamnews.com\/en\/#website"},"primaryImageOfPage":{"@id":"https:\/\/ifamnews.com\/de\/m-nner-erkl-ren-sich-zu-frauen-um-frauenquote-zu-erf-llen#primaryimage"},"image":{"@id":"https:\/\/ifamnews.com\/de\/m-nner-erkl-ren-sich-zu-frauen-um-frauenquote-zu-erf-llen#primaryimage"},"thumbnailUrl":"https:\/\/ifamnews.com\/wp-content\/uploads\/2021\/05\/fuerza-por-mexico.jpeg","datePublished":"2021-05-19T05:00:00+00:00","description":"Accade alle elezioni in uno Stato del Messico ed \u00e8 la pi\u00f9 classica eterogenesi dei fini. Oltre che una scemenza","breadcrumb":{"@id":"https:\/\/ifamnews.com\/de\/m-nner-erkl-ren-sich-zu-frauen-um-frauenquote-zu-erf-llen#breadcrumb"},"inLanguage":"de","potentialAction":[{"@type":"ReadAction","target":["https:\/\/ifamnews.com\/de\/m-nner-erkl-ren-sich-zu-frauen-um-frauenquote-zu-erf-llen"]}]},{"@type":"ImageObject","inLanguage":"de","@id":"https:\/\/ifamnews.com\/de\/m-nner-erkl-ren-sich-zu-frauen-um-frauenquote-zu-erf-llen#primaryimage","url":"https:\/\/ifamnews.com\/wp-content\/uploads\/2021\/05\/fuerza-por-mexico.jpeg","contentUrl":"https:\/\/ifamnews.com\/wp-content\/uploads\/2021\/05\/fuerza-por-mexico.jpeg","width":1200,"height":675,"caption":"Fuerza por M\u00e9xico"},{"@type":"BreadcrumbList","@id":"https:\/\/ifamnews.com\/de\/m-nner-erkl-ren-sich-zu-frauen-um-frauenquote-zu-erf-llen#breadcrumb","itemListElement":[{"@type":"ListItem","position":1,"name":"Home","item":"https:\/\/ifamnews.com\/de"},{"@type":"ListItem","position":2,"name":"Cultura","item":"https:\/\/ifamnews.com\/it\/categoria\/cultura"},{"@type":"ListItem","position":3,"name":"M\u00e4nner erkl\u00e4ren sich zu Frauen, um \u201eFrauenquote\u201c zu erf\u00fcllen"}]},{"@type":"WebSite","@id":"https:\/\/ifamnews.com\/en\/#website","url":"https:\/\/ifamnews.com\/en\/","name":"IFN","description":"International Family News Network","publisher":{"@id":"https:\/\/ifamnews.com\/en\/#organization"},"potentialAction":[{"@type":"SearchAction","target":{"@type":"EntryPoint","urlTemplate":"https:\/\/ifamnews.com\/en\/?s={search_term_string}"},"query-input":{"@type":"PropertyValueSpecification","valueRequired":true,"valueName":"search_term_string"}}],"inLanguage":"de"},{"@type":"Organization","@id":"https:\/\/ifamnews.com\/en\/#organization","name":"iFamNews","url":"https:\/\/ifamnews.com\/en\/","logo":{"@type":"ImageObject","inLanguage":"de","@id":"https:\/\/ifamnews.com\/en\/#\/schema\/logo\/image\/","url":"https:\/\/ifamnews.com\/wp-content\/uploads\/2020\/01\/Share-logo.png","contentUrl":"https:\/\/ifamnews.com\/wp-content\/uploads\/2020\/01\/Share-logo.png","width":200,"height":200,"caption":"iFamNews"},"image":{"@id":"https:\/\/ifamnews.com\/en\/#\/schema\/logo\/image\/"},"sameAs":["https:\/\/www.facebook.com\/iFamNews","https:\/\/x.com\/iFamNewsEN"]},{"@type":"Person","@id":"https:\/\/ifamnews.com\/en\/#\/schema\/person\/f0579ab02623e80d44006c1a5d949ea9","name":"Marco Respinti","image":{"@type":"ImageObject","inLanguage":"de","@id":"https:\/\/secure.gravatar.com\/avatar\/4ab04a5127131015e13010f222e38621144dc33a5df5d977b35ceeab15ee958f?s=96&d=mm&r=g","url":"https:\/\/secure.gravatar.com\/avatar\/4ab04a5127131015e13010f222e38621144dc33a5df5d977b35ceeab15ee958f?s=96&d=mm&r=g","contentUrl":"https:\/\/secure.gravatar.com\/avatar\/4ab04a5127131015e13010f222e38621144dc33a5df5d977b35ceeab15ee958f?s=96&d=mm&r=g","caption":"Marco Respinti"},"description":"Marco Respinti was the Editor-in-Chief of International Family News until the end of 2022. He is an Italian professional journalist, member of the International Federation of Journalists (IFJ), essayist, translator, and lecturer. He has contributed and contributes to several journals and magazines both in print and online, both in Italy and abroad. Author of books, he has translated and\/or edited works by, among others, Edmund Burke, Charles Dickens, T.S. Eliot, Russell Kirk, J.R.R. Tolkien, R\u00e9gine Pernoud and Gustave Thibon. A Senior fellow at the\u00a0Russell Kirk Center for Cultural Renewal (Mecosta, Michigan) he is also a founding member as well as Board member of the Center for European Renewal (The Hague, The Netherlands). A member of the Editorial Board of The European Conservative magazine, as well as a member of the Advisory Council of the European Federation for Freedom of Belief, he serves as Director-in-Charge of the academic publication The Journal of CESNUR and the online Bitter Winter: A Magazine on Religious Liberty and Human Rights.","sameAs":["https:\/\/facebook.com\/MarcoRespinti","https:\/\/it.linkedin.com\/in\/marcorespinti","https:\/\/pinterest.it\/MarcoRespinti\/_created\/","https:\/\/x.com\/https:\/\/twitter.com\/MarcoRespinti","https:\/\/youtube.com\/channel\/UC1FbsvyQNTQ-snpsmRC12Og?view_as=subscriber"],"url":"https:\/\/ifamnews.com\/de\/author\/mrespinti"}]}},"amp_enabled":true,"_links":{"self":[{"href":"https:\/\/ifamnews.com\/de\/wp-json\/wp\/v2\/posts\/71358","targetHints":{"allow":["GET"]}}],"collection":[{"href":"https:\/\/ifamnews.com\/de\/wp-json\/wp\/v2\/posts"}],"about":[{"href":"https:\/\/ifamnews.com\/de\/wp-json\/wp\/v2\/types\/post"}],"author":[{"embeddable":true,"href":"https:\/\/ifamnews.com\/de\/wp-json\/wp\/v2\/users\/7"}],"replies":[{"embeddable":true,"href":"https:\/\/ifamnews.com\/de\/wp-json\/wp\/v2\/comments?post=71358"}],"version-history":[{"count":5,"href":"https:\/\/ifamnews.com\/de\/wp-json\/wp\/v2\/posts\/71358\/revisions"}],"predecessor-version":[{"id":71381,"href":"https:\/\/ifamnews.com\/de\/wp-json\/wp\/v2\/posts\/71358\/revisions\/71381"}],"wp:featuredmedia":[{"embeddable":true,"href":"https:\/\/ifamnews.com\/de\/wp-json\/wp\/v2\/media\/70993"}],"wp:attachment":[{"href":"https:\/\/ifamnews.com\/de\/wp-json\/wp\/v2\/media?parent=71358"}],"wp:term":[{"taxonomy":"category","embeddable":true,"href":"https:\/\/ifamnews.com\/de\/wp-json\/wp\/v2\/categories?post=71358"},{"taxonomy":"post_tag","embeddable":true,"href":"https:\/\/ifamnews.com\/de\/wp-json\/wp\/v2\/tags?post=71358"}],"curies":[{"name":"wp","href":"https:\/\/api.w.org\/{rel}","templated":true}]}}