{"id":69921,"date":"2021-05-13T01:00:00","date_gmt":"2021-05-13T05:00:00","guid":{"rendered":"https:\/\/ifamnews.com\/se-un-trans-fa-arrabbiare-i-trans"},"modified":"2021-05-14T02:34:36","modified_gmt":"2021-05-14T06:34:36","slug":"wenn-ein-trans-dietrans-gruppen-verargert","status":"publish","type":"post","link":"https:\/\/ifamnews.com\/de\/wenn-ein-trans-dietrans-gruppen-verargert","title":{"rendered":"Wegen Trans-M\u00e4nnern im Frauensport: Wenn ein Trans die Trans-Gruppen ver\u00e4rgert"},"content":{"rendered":"<p class=\"last-updated\">Last updated on Mai 14th, 2021 at 02:34 a.m.<\/p>\n<p>\u201eCaitlyn Jenner\u201c erf\u00fcllt eigentlich alle Voraussetzungen, um als Ikone der LGBT+-Bewegung gefeiert zu werden. Der ehemalige Zehnkampf-Olympiasieger von 1976 im kanadischen Montreal und Vater von sechs Kindern erkl\u00e4rte sich 2005 zur Frau und erwirkte eine Namens\u00e4nderung (bei seiner Geburt 1949 hie\u00df er William Bruce Jenner). Stattdessen ist er bei der Regenbogen-Gemeinschaft soeben zum Symbol f\u00fcr Diskriminierung geworden. Was hat er verbrochen? Er hat gesagt, dass Trans-Personen nicht an Sportwettbewerben teilnehmen sollten, die Frauen vorbehalten sind.<\/p>\n\n\n\n<h3 class=\"wp-block-heading\" id=\"h-eine-frage-der-fairness\"><strong>Eine Frage der Fairness<\/strong><\/h3>\n\n\n\n<p>\u201eEs ist unfair\u201c, verk\u00fcndete Jenner gegen\u00fcber dem Nachrichtenportal <em><a href=\"https:\/\/www.tmz.com\/2021\/05\/01\/caitlyn-jenner-trans-girls-ban-sports-biological-boys\/\">Tmz<\/a><\/em>. \u201eEs ist eine Frage der Gerechtigkeit, deshalb bin ich gegen die Teilnahme von Transfrauen, die aber biologisch gesehen&nbsp; M\u00e4nner sind, im Frauensport.\u201c Eine derartige Aussage, und dazu noch aus dem Munde einer Trans-Person, hat in den USA f\u00fcr viel Aufsehen gesorgt. Und zwar so viel, dass \u201eJenner\u201c inmitten der anhaltenden Kontroverse auf das Thema zur\u00fcckgekommen ist und auf Twitter erkl\u00e4rt hat, dass \u201ewir den M\u00e4dchensport in unseren Schulen sch\u00fctzen m\u00fcssen\u201c.<\/p>\n\n\n\n<figure class=\"wp-block-embed is-type-rich is-provider-twitter wp-block-embed-twitter\"><div class=\"wp-block-embed__wrapper\">\n<blockquote class=\"twitter-tweet\" data-width=\"500\" data-dnt=\"true\"><p lang=\"en\" dir=\"ltr\">I didn\u2019t expect to get asked this on my Saturday morning coffee run, but I\u2019m clear about where I stand. It\u2019s an issue of fairness and we need to protect girls\u2019 sports in our schools.<a href=\"https:\/\/t.co\/YODLDQ3csP\">https:\/\/t.co\/YODLDQ3csP<\/a><\/p>&mdash; Caitlyn Jenner (@Caitlyn_Jenner) <a href=\"https:\/\/twitter.com\/Caitlyn_Jenner\/status\/1388585005199228928?ref_src=twsrc%5Etfw\">May 1, 2021<\/a><\/blockquote><script async src=\"https:\/\/platform.twitter.com\/widgets.js\" charset=\"utf-8\"><\/script>\n<\/div><\/figure>\n\n\n\n<h3 class=\"wp-block-heading\" id=\"h-die-wissenschaft\"><strong><strong>Die Wissenschaft<\/strong><\/strong><\/h3>\n\n\n\n<p>Jenners Aussagen spiegeln auch die von den Bundesstaaten Mississippi und Florida erlassenen Verbotsbeschl\u00fcsse wider. Insbesondere die Verordnung, die in Florida in Kraft treten soll, wurde von ihren Gegnern als <a href=\"https:\/\/www.theguardian.com\/society\/2021\/apr\/29\/florida-bill-transgender-school-sports-ban-women-girls\">\u201egrausam und schrecklich\u201c<\/a> bezeichnet. Und doch zeigt die Wissenschaft &#8211; wenn es eines Beweises bedarf -, dass die sportliche Leistung von M\u00e4nnern im Durchschnitt besser ist als die von Frauen. Eine Studie, die von <em>Sport Medicine<\/em> ver\u00f6ffentlicht und von der britischen Zeitung <em><a href=\"https:\/\/www.theguardian.com\/sport\/2020\/dec\/11\/transgender-athletes-sports-medicine-study-research\">The Guardian<\/a><\/em> aufgegriffen wurde, geht ausf\u00fchrlich darauf ein. \u201eLeistungsunterschiede von mehr als 20 % liegen in der Regel bei Sportarten und Aktivit\u00e4ten vor, bei denen vor allem der Oberk\u00f6rper eingesetzt wird\u201c, hei\u00dft es in der Studie. Diese hat sogar aufgezeigt, dass 10.000 m\u00e4nnliche Athleten ein besseres Ergebnis erzielen konnten als die aktuelle Olympiasiegerin im 100-Meter-Lauf.<\/p>\n\n\n\n<h3 class=\"wp-block-heading\" id=\"h-die-einw-nde\"><strong>Die Einw\u00e4nde <\/strong><\/h3>\n\n\n\n<p>Einige argumentieren, dass die Hormonbehandlungen, denen sich Trans-Athleten unterziehen m\u00fcssen, bevor sie gegen Frauen antreten d\u00fcrfen, ihre Leistung angleichen w\u00fcrden. Doch die in <em><a href=\"https:\/\/ifamnews.com\/de\/stop-zu-trans-athleten-in-frauen-wettk-mpfen\">Sport Medicine<\/a><\/em> ver\u00f6ffentlichte Untersuchung zerschl\u00e4gt selbst dieses Argument: Die Forscher haben n\u00e4mlich herausgefunden, dass der Verlust an K\u00f6rpermagermasse, Muskelmasse und Kraft nach zw\u00f6lfmonatiger Einnahme von Medikamenten zur Testosteronreduzierung nur 5 % betr\u00e4gt. Selbst wenn, so erkl\u00e4ren sie, das Testosteron in signifikanter Menge unterdr\u00fcckt wird, d.h. um ein Nanomol pro Liter (nmol\/L), wird dennoch \u201eder anthropometrische Vorteil von Muskelmasse\/Muskelkraft nicht signifikant\u201c eingeschr\u00e4nkt. &nbsp;<\/p>\n\n\n\n<h3 class=\"wp-block-heading\" id=\"h-sicht-der-us-bundesstaaten\"><strong>Sicht der US-Bundesstaaten<\/strong> <\/h3>\n\n\n\n<p>In Wirklichkeit steht \u201eCaitlyn Jenner\u201c mit ihrer Meinung nicht alleine da. In insgesamt <a href=\"https:\/\/www.hrc.org\/news\/these-are-the-states-trying-to-stop-trans-kids-from-playing-sports\">siebzehn<\/a> US-Bundesstaaten wird \u00fcber die Einf\u00fchrung von Regelungen diskutiert, um die Teilnahme von Trans-Personen an Frauenwettk\u00e4mpfen zu verhindern. Und es sind nicht nur Republikaner. Sogar eine Abgeordnete der Demokratischen Partei, Tulsi Gabbard, hat in den letzten Monaten ein \u00e4hnliches Gesetz vorgelegt und ist daf\u00fcr <a href=\"https:\/\/ifamnews.com\/de\/stop-zu-trans-athleten-in-frauen-wettk-mpfen\">sofort unter Attacke<\/a> geraten, besonders von Seiten ihrer Parteikollegen.<\/p>\n\n\n\n<p>Vielleicht ist Jenner nicht gerade ein Paradebeispiel zum Thema Konsequenz, denn <a href=\"https:\/\/www.nytimes.com\/2016\/03\/31\/sports\/golf\/caitlyn-jenner-danielle-kang.html\">2016 nahm er an einem Damen-Golfturnier teil,<\/a> als eine Freundin ihn noch \u201eBruce\u201c nannte. Zudem mehren sich Kommentare, dass dieser Trans, der die Trans-Community ver\u00e4rgert hat, den Posten des republikanischen Gouverneurs in einem mehr oder weniger liberalen Kalifornien anstrebt, so dass es sich um einen geschickten Schachzug im Wahlkampf handeln k\u00f6nnte. Das stimmt wahrscheinlich. Aber was \u201eJenner\u201c \u00fcber Trans-Personen in weiblichen Sportwettbewerben sagt, ist die Wahrheit &#8211; ob das nun ein Mann sagt, der ein Mann bleibt, oder eine Frau, die eine Frau bleibt, aber erst recht, wenn diese Aussage von einem Mann kommt, der sich als Frau f\u00fchlt.<\/p>\n\n\n\n<p>Wie dem auch sei, ein wenig Licht ins Dunkel k\u00f6nnte ein <a href=\"https:\/\/www.politico.com\/states\/california\/story\/2021\/05\/03\/jenner-sitdown-with-hannity-will-be-live-event-in-malibu-1379843\">Interview<\/a> des bekannten TV-Moderators Sean Hannity bringen, denn \u201eCaitlyn Jenner\u201c wird heute in einer Livesendung aus Malibu, Kalifornien um 18 Uhr Ortszeit vor die Kameras von Fox News treten.<\/p>\n","protected":false},"excerpt":{"rendered":"<p>Jenner spricht Klartext: Trans-M\u00e4nner im Frauensport seien unfair.<\/p>\n","protected":false},"author":15,"featured_media":69758,"comment_status":"open","ping_status":"open","sticky":false,"template":"","format":"standard","meta":{"give_campaign_id":0,"om_disable_all_campaigns":false,"_monsterinsights_skip_tracking":false,"_monsterinsights_sitenote_active":false,"_monsterinsights_sitenote_note":"","_monsterinsights_sitenote_category":0,"mc4wp_mailchimp_campaign":[],"jnews-multi-image_gallery":[],"jnews_single_post":{"subtitle":"Jenner spricht Klartext: Trans-M\u00e4nner im Frauensport seien unfair.","format":"standard","video":"","gallery":"","source_name":"","source_url":"","via_name":"","via_url":"","override":[{"single_blog_custom":"","sidebar":"","second_sidebar":"","share_position":"","share_float_style":"","post_date_format":"","post_date_format_custom":"","post_reading_time_wpm":"","zoom_button_out_step":"1","zoom_button_in_step":"1","number_popup_post":"1"}],"image_override":[{"single_post_thumbnail_size":"","single_post_gallery_size":""}],"trending_post_position":"","trending_post_label":"","sponsored_post_label":"","sponsored_post_name":"","sponsored_post_url":"","sponsored_post_logo":"","sponsored_post_desc":""},"jnews_primary_category":{"id":"771"},"jnews_social_meta":{"fb_title":"","fb_description":"","fb_image":"","twitter_title":"","twitter_description":"","twitter_image":""},"jnews_override_counter":{"view_counter_number":"0","share_counter_number":"0","like_counter_number":"0","dislike_counter_number":"0"},"footnotes":""},"categories":[816,811,771],"tags":[8928,4457,8000],"class_list":["post-69921","post","type-post","status-publish","format-standard","has-post-thumbnail","hentry","category-breaking-news-de","category-foreground-de","category-wissenschaft","tag-california-2-de","tag-gender-ideologie-2","tag-vetrina-de"],"yoast_head":"<!-- This site is optimized with the Yoast SEO Premium plugin v25.9 (Yoast SEO v27.3) - https:\/\/yoast.com\/product\/yoast-seo-premium-wordpress\/ -->\n<title>Wegen Trans-M\u00e4nnern im Frauensport: Wenn ein Trans die Trans-Gruppen ver\u00e4rgert - &quot;iFamNews&quot;<\/title>\n<meta name=\"description\" content=\"Il trans Caitlyn Jenner contro gli atleti biologicamente maschi negli sport femminili. Pioggia di critiche, eppure la scienza...\" \/>\n<meta name=\"robots\" content=\"index, follow, max-snippet:-1, max-image-preview:large, max-video-preview:-1\" \/>\n<link rel=\"canonical\" href=\"https:\/\/ifamnews.com\/de\/wenn-ein-trans-dietrans-gruppen-verargert\" \/>\n<meta property=\"og:locale\" content=\"de_DE\" \/>\n<meta property=\"og:type\" content=\"article\" \/>\n<meta property=\"og:title\" content=\"Wegen Trans-M\u00e4nnern im Frauensport: Wenn ein Trans die Trans-Gruppen ver\u00e4rgert\" \/>\n<meta property=\"og:description\" content=\"Il trans Caitlyn Jenner contro gli atleti biologicamente maschi negli sport femminili. Pioggia di critiche, eppure la scienza...\" \/>\n<meta property=\"og:url\" content=\"https:\/\/ifamnews.com\/de\/wenn-ein-trans-dietrans-gruppen-verargert\" \/>\n<meta property=\"og:site_name\" content=\"IFN\" \/>\n<meta property=\"article:publisher\" content=\"https:\/\/www.facebook.com\/iFamNews\" \/>\n<meta property=\"article:published_time\" content=\"2021-05-13T05:00:00+00:00\" \/>\n<meta property=\"article:modified_time\" content=\"2021-05-14T06:34:36+00:00\" \/>\n<meta property=\"og:image\" content=\"https:\/\/ifamnews.com\/wp-content\/uploads\/2021\/05\/Image-from-Flickr.jpg\" \/>\n\t<meta property=\"og:image:width\" content=\"1200\" \/>\n\t<meta property=\"og:image:height\" content=\"675\" \/>\n\t<meta property=\"og:image:type\" content=\"image\/jpeg\" \/>\n<meta name=\"author\" content=\"Federico Cenci\" \/>\n<meta name=\"twitter:card\" content=\"summary_large_image\" \/>\n<meta name=\"twitter:creator\" content=\"@https:\/\/twitter.com\/fedecenci\" \/>\n<meta name=\"twitter:site\" content=\"@iFamNewsEN\" \/>\n<meta name=\"twitter:label1\" content=\"Verfasst von\" \/>\n\t<meta name=\"twitter:data1\" content=\"Federico Cenci\" \/>\n\t<meta name=\"twitter:label2\" content=\"Gesch\u00e4tzte Lesezeit\" \/>\n\t<meta name=\"twitter:data2\" content=\"3\u00a0Minuten\" \/>\n<!-- \/ Yoast SEO Premium plugin. -->","yoast_head_json":{"title":"Wegen Trans-M\u00e4nnern im Frauensport: Wenn ein Trans die Trans-Gruppen ver\u00e4rgert - \"iFamNews\"","description":"Il trans Caitlyn Jenner contro gli atleti biologicamente maschi negli sport femminili. Pioggia di critiche, eppure la scienza...","robots":{"index":"index","follow":"follow","max-snippet":"max-snippet:-1","max-image-preview":"max-image-preview:large","max-video-preview":"max-video-preview:-1"},"canonical":"https:\/\/ifamnews.com\/de\/wenn-ein-trans-dietrans-gruppen-verargert","og_locale":"de_DE","og_type":"article","og_title":"Wegen Trans-M\u00e4nnern im Frauensport: Wenn ein Trans die Trans-Gruppen ver\u00e4rgert","og_description":"Il trans Caitlyn Jenner contro gli atleti biologicamente maschi negli sport femminili. Pioggia di critiche, eppure la scienza...","og_url":"https:\/\/ifamnews.com\/de\/wenn-ein-trans-dietrans-gruppen-verargert","og_site_name":"IFN","article_publisher":"https:\/\/www.facebook.com\/iFamNews","article_published_time":"2021-05-13T05:00:00+00:00","article_modified_time":"2021-05-14T06:34:36+00:00","og_image":[{"width":1200,"height":675,"url":"https:\/\/ifamnews.com\/wp-content\/uploads\/2021\/05\/Image-from-Flickr.jpg","type":"image\/jpeg"}],"author":"Federico Cenci","twitter_card":"summary_large_image","twitter_creator":"@https:\/\/twitter.com\/fedecenci","twitter_site":"@iFamNewsEN","twitter_misc":{"Verfasst von":"Federico Cenci","Gesch\u00e4tzte Lesezeit":"3\u00a0Minuten"},"schema":{"@context":"https:\/\/schema.org","@graph":[{"@type":"NewsArticle","@id":"https:\/\/ifamnews.com\/de\/wenn-ein-trans-dietrans-gruppen-verargert#article","isPartOf":{"@id":"https:\/\/ifamnews.com\/de\/wenn-ein-trans-dietrans-gruppen-verargert"},"author":{"name":"Federico Cenci","@id":"https:\/\/ifamnews.com\/en\/#\/schema\/person\/555378c4ec9e01d40ab9f2b5cee0c318"},"headline":"Wegen Trans-M\u00e4nnern im Frauensport: Wenn ein Trans die Trans-Gruppen ver\u00e4rgert","datePublished":"2021-05-13T05:00:00+00:00","dateModified":"2021-05-14T06:34:36+00:00","mainEntityOfPage":{"@id":"https:\/\/ifamnews.com\/de\/wenn-ein-trans-dietrans-gruppen-verargert"},"wordCount":646,"commentCount":0,"publisher":{"@id":"https:\/\/ifamnews.com\/en\/#organization"},"image":{"@id":"https:\/\/ifamnews.com\/de\/wenn-ein-trans-dietrans-gruppen-verargert#primaryimage"},"thumbnailUrl":"https:\/\/ifamnews.com\/wp-content\/uploads\/2021\/05\/Image-from-Flickr.jpg","keywords":["California","Gender-Ideologie","Vetrina"],"articleSection":["Breaking News","Vordergrund","Wissenschaft"],"inLanguage":"de","potentialAction":[{"@type":"CommentAction","name":"Comment","target":["https:\/\/ifamnews.com\/de\/wenn-ein-trans-dietrans-gruppen-verargert#respond"]}]},{"@type":"WebPage","@id":"https:\/\/ifamnews.com\/de\/wenn-ein-trans-dietrans-gruppen-verargert","url":"https:\/\/ifamnews.com\/de\/wenn-ein-trans-dietrans-gruppen-verargert","name":"Wegen Trans-M\u00e4nnern im Frauensport: Wenn ein Trans die Trans-Gruppen ver\u00e4rgert - \"iFamNews\"","isPartOf":{"@id":"https:\/\/ifamnews.com\/en\/#website"},"primaryImageOfPage":{"@id":"https:\/\/ifamnews.com\/de\/wenn-ein-trans-dietrans-gruppen-verargert#primaryimage"},"image":{"@id":"https:\/\/ifamnews.com\/de\/wenn-ein-trans-dietrans-gruppen-verargert#primaryimage"},"thumbnailUrl":"https:\/\/ifamnews.com\/wp-content\/uploads\/2021\/05\/Image-from-Flickr.jpg","datePublished":"2021-05-13T05:00:00+00:00","dateModified":"2021-05-14T06:34:36+00:00","description":"Il trans Caitlyn Jenner contro gli atleti biologicamente maschi negli sport femminili. Pioggia di critiche, eppure la scienza...","breadcrumb":{"@id":"https:\/\/ifamnews.com\/de\/wenn-ein-trans-dietrans-gruppen-verargert#breadcrumb"},"inLanguage":"de","potentialAction":[{"@type":"ReadAction","target":["https:\/\/ifamnews.com\/de\/wenn-ein-trans-dietrans-gruppen-verargert"]}]},{"@type":"ImageObject","inLanguage":"de","@id":"https:\/\/ifamnews.com\/de\/wenn-ein-trans-dietrans-gruppen-verargert#primaryimage","url":"https:\/\/ifamnews.com\/wp-content\/uploads\/2021\/05\/Image-from-Flickr.jpg","contentUrl":"https:\/\/ifamnews.com\/wp-content\/uploads\/2021\/05\/Image-from-Flickr.jpg","width":1200,"height":675},{"@type":"BreadcrumbList","@id":"https:\/\/ifamnews.com\/de\/wenn-ein-trans-dietrans-gruppen-verargert#breadcrumb","itemListElement":[{"@type":"ListItem","position":1,"name":"Home","item":"https:\/\/ifamnews.com\/de"},{"@type":"ListItem","position":2,"name":"Scienza","item":"https:\/\/ifamnews.com\/it\/categoria\/scienza"},{"@type":"ListItem","position":3,"name":"Wegen Trans-M\u00e4nnern im Frauensport: Wenn ein Trans die Trans-Gruppen ver\u00e4rgert"}]},{"@type":"WebSite","@id":"https:\/\/ifamnews.com\/en\/#website","url":"https:\/\/ifamnews.com\/en\/","name":"IFN","description":"International Family News Network","publisher":{"@id":"https:\/\/ifamnews.com\/en\/#organization"},"potentialAction":[{"@type":"SearchAction","target":{"@type":"EntryPoint","urlTemplate":"https:\/\/ifamnews.com\/en\/?s={search_term_string}"},"query-input":{"@type":"PropertyValueSpecification","valueRequired":true,"valueName":"search_term_string"}}],"inLanguage":"de"},{"@type":"Organization","@id":"https:\/\/ifamnews.com\/en\/#organization","name":"iFamNews","url":"https:\/\/ifamnews.com\/en\/","logo":{"@type":"ImageObject","inLanguage":"de","@id":"https:\/\/ifamnews.com\/en\/#\/schema\/logo\/image\/","url":"https:\/\/ifamnews.com\/wp-content\/uploads\/2020\/01\/Share-logo.png","contentUrl":"https:\/\/ifamnews.com\/wp-content\/uploads\/2020\/01\/Share-logo.png","width":200,"height":200,"caption":"iFamNews"},"image":{"@id":"https:\/\/ifamnews.com\/en\/#\/schema\/logo\/image\/"},"sameAs":["https:\/\/www.facebook.com\/iFamNews","https:\/\/x.com\/iFamNewsEN"]},{"@type":"Person","@id":"https:\/\/ifamnews.com\/en\/#\/schema\/person\/555378c4ec9e01d40ab9f2b5cee0c318","name":"Federico Cenci","image":{"@type":"ImageObject","inLanguage":"de","@id":"https:\/\/secure.gravatar.com\/avatar\/535f77b8447d05f39d4ca941654f7a7b7d712f3d72f0b4b185747785f5a8e745?s=96&d=mm&r=g","url":"https:\/\/secure.gravatar.com\/avatar\/535f77b8447d05f39d4ca941654f7a7b7d712f3d72f0b4b185747785f5a8e745?s=96&d=mm&r=g","contentUrl":"https:\/\/secure.gravatar.com\/avatar\/535f77b8447d05f39d4ca941654f7a7b7d712f3d72f0b4b185747785f5a8e745?s=96&d=mm&r=g","caption":"Federico Cenci"},"description":"Federico Cenci worked from 2013 to 2017 at the Catholic Zenit press agency dealing with social and religious issues, bioethics, family policies, as well as domestic and international politics. He then continued his business with In Terris, and currently with various newspapers and periodicals. In 2020 he wrote the novel \"East Berlin 2.0 - Notes between dystopia and reality\"","sameAs":["https:\/\/x.com\/https:\/\/twitter.com\/fedecenci"],"url":"https:\/\/ifamnews.com\/de\/author\/fcenci"}]}},"amp_enabled":true,"_links":{"self":[{"href":"https:\/\/ifamnews.com\/de\/wp-json\/wp\/v2\/posts\/69921","targetHints":{"allow":["GET"]}}],"collection":[{"href":"https:\/\/ifamnews.com\/de\/wp-json\/wp\/v2\/posts"}],"about":[{"href":"https:\/\/ifamnews.com\/de\/wp-json\/wp\/v2\/types\/post"}],"author":[{"embeddable":true,"href":"https:\/\/ifamnews.com\/de\/wp-json\/wp\/v2\/users\/15"}],"replies":[{"embeddable":true,"href":"https:\/\/ifamnews.com\/de\/wp-json\/wp\/v2\/comments?post=69921"}],"version-history":[{"count":5,"href":"https:\/\/ifamnews.com\/de\/wp-json\/wp\/v2\/posts\/69921\/revisions"}],"predecessor-version":[{"id":71789,"href":"https:\/\/ifamnews.com\/de\/wp-json\/wp\/v2\/posts\/69921\/revisions\/71789"}],"wp:featuredmedia":[{"embeddable":true,"href":"https:\/\/ifamnews.com\/de\/wp-json\/wp\/v2\/media\/69758"}],"wp:attachment":[{"href":"https:\/\/ifamnews.com\/de\/wp-json\/wp\/v2\/media?parent=69921"}],"wp:term":[{"taxonomy":"category","embeddable":true,"href":"https:\/\/ifamnews.com\/de\/wp-json\/wp\/v2\/categories?post=69921"},{"taxonomy":"post_tag","embeddable":true,"href":"https:\/\/ifamnews.com\/de\/wp-json\/wp\/v2\/tags?post=69921"}],"curies":[{"name":"wp","href":"https:\/\/api.w.org\/{rel}","templated":true}]}}