{"id":69463,"date":"2021-05-12T01:04:00","date_gmt":"2021-05-12T05:04:00","guid":{"rendered":"https:\/\/ifamnews.com\/?p=69463"},"modified":"2021-05-06T02:46:21","modified_gmt":"2021-05-06T06:46:21","slug":"euthanasie-die-triumphierende-bestie","status":"publish","type":"post","link":"https:\/\/ifamnews.com\/de\/euthanasie-die-triumphierende-bestie","title":{"rendered":"Euthanasie, die triumphierende Bestie"},"content":{"rendered":"\n<p>Am 28. April wurden Marco Cappato und Mina Welby vom <em>Verein Luca Coscioni<\/em> ebenfalls vom Berufungsgericht Genua freigesprochen, weil sie Beihilfe zum Selbstmord von Davide Trentini (1964-2017) geleistet hatten. Es ist das gr\u00fcne Licht, auf das die Radikalen gewartet haben. Jetzt haben sie den Wind in den Segeln, um, wie wir berichteten, das <a href=\"https:\/\/ifamnews.com\/it\/eutanasia-radicali-liberi\">Referendum zur Legalisierung der Euthanasie zu fordern<\/a>. Sie wollen den Menschen dazu bringen, zu dem \u201esch\u00f6nen Tod\u201c eines anderen, eines Leidenden und eines Demenzkranken \u201eja\u201c zu sagen. Wir k\u00f6nnten auch bei allen Corona-Infizierten beginnen, angefangen bei den Alten, Nutzlosen, Hinf\u00e4lligen und ein bisschen Verr\u00fcckten.<\/p>\n\n\n\n<p>Man kommt aus der Verwunderung nicht mehr heraus.<\/p>\n\n\n\n<p>Es erscheint alles so absurd, dass wir uns wie die Opfer eines schlechten Witzes vorkommen. Legalisieren Sie den herbeigef\u00fchrten Tod eines Menschen, indem Sie sorgf\u00e4ltig unter denen ausw\u00e4hlen, die leiden und Hilfe brauchen. Warum also nicht Diebstahl, Vergewaltigung, Mord und P\u00e4dophilie legalisieren? Irgendwie gibt es sowieso immer eine fertige Rechtfertigung.<\/p>\n\n\n\n<p>Ein Rechtssystem, das denen, die einen Menschen unterdr\u00fccken, Straffreiheit garantiert, ist eine einst\u00fcrzende H\u00fctte, ein moderiges Schlachthaus, ein Bordell, indem alle Regeln ausgesetzt sind.<\/p>\n\n\n\n<p>Man h\u00f6rt nicht auf, sich die Augen zu wischen. Wie kann man sich eine solche Unmenschlichkeit \u00fcberhaupt vorstellen? Wie k\u00f6nnen wir dann erwarten, dass Menschen vertrauen, sich sicher f\u00fchlen, Vereinbarungen einhalten, ihr Wort ehren, tun, was sie tun m\u00fcssen, arbeiten, bauen, agieren? Es ist buchst\u00e4blich der nakte Nihilismus.<\/p>\n\n\n\n<p>1584 ver\u00f6ffentlichte der kampanische Philosoph Giordano Bruno (1548-1600) in London den <em>Spaccio de la bestia trionfante<\/em> (\u201e<em>Das triumphierende Ungeheuer<\/em>\u201c), der von einer Reform erz\u00e4hlt, die von Jupiter angeordnet wurde, um alle ungeordneten Dinge zu erneuern. Das entspricht dem, was die Euthanasieanh\u00e4nger wollen: eine Welt umgestalten, die sie f\u00fcr falsch halten. Die Bestie triumphiert.<\/p>\n","protected":false},"excerpt":{"rendered":"<p>Ein Rechtssystem, das Unrecht legitimiert, kann nicht von Dauer sein<\/p>\n","protected":false},"author":7,"featured_media":68839,"comment_status":"open","ping_status":"open","sticky":false,"template":"","format":"standard","meta":{"give_campaign_id":0,"om_disable_all_campaigns":false,"_monsterinsights_skip_tracking":false,"_monsterinsights_sitenote_active":false,"_monsterinsights_sitenote_note":"","_monsterinsights_sitenote_category":0,"mc4wp_mailchimp_campaign":[],"jnews-multi-image_gallery":[],"jnews_single_post":{"subtitle":"Ein Rechtssystem, das Unrecht legitimiert, kann nicht von Dauer sein","format":"standard","video":"","gallery":"","source_name":"","source_url":"","via_name":"","via_url":"","override":[{"single_blog_custom":"","sidebar":"","second_sidebar":"","share_position":"","share_float_style":"","post_date_format":"","post_date_format_custom":"","post_reading_time_wpm":"","zoom_button_out_step":"1","zoom_button_in_step":"1","number_popup_post":"1"}],"image_override":[{"single_post_thumbnail_size":"","single_post_gallery_size":""}],"trending_post_position":"","trending_post_label":"","sponsored_post_label":"","sponsored_post_name":"","sponsored_post_url":"","sponsored_post_logo":"","sponsored_post_desc":""},"jnews_primary_category":{"id":"820"},"jnews_social_meta":{"fb_title":"","fb_description":"","fb_image":"","twitter_title":"","twitter_description":"","twitter_image":""},"jnews_override_counter":{"view_counter_number":"0","share_counter_number":"0","like_counter_number":"0","dislike_counter_number":"0"},"footnotes":""},"categories":[816,820,767],"tags":[7003,1666,1665,8000],"class_list":["post-69463","post","type-post","status-publish","format-standard","has-post-thumbnail","hentry","category-breaking-news-de","category-leben","category-meinung","tag-eutanasia-de","tag-euthanasie-2","tag-sterbehilfe-2","tag-vetrina-de"],"yoast_head":"<!-- This site is optimized with the Yoast SEO Premium plugin v25.9 (Yoast SEO v27.3) - https:\/\/yoast.com\/product\/yoast-seo-premium-wordpress\/ -->\n<title>Euthanasie, die triumphierende Bestie - IFN<\/title>\n<meta name=\"robots\" content=\"index, follow, max-snippet:-1, max-image-preview:large, max-video-preview:-1\" \/>\n<link rel=\"canonical\" href=\"https:\/\/ifamnews.com\/de\/euthanasie-die-triumphierende-bestie\" \/>\n<meta property=\"og:locale\" content=\"de_DE\" \/>\n<meta property=\"og:type\" content=\"article\" \/>\n<meta property=\"og:title\" content=\"Euthanasie, die triumphierende Bestie\" \/>\n<meta property=\"og:description\" content=\"Ein Rechtssystem, das Unrecht legitimiert, kann nicht von Dauer sein\" \/>\n<meta property=\"og:url\" content=\"https:\/\/ifamnews.com\/de\/euthanasie-die-triumphierende-bestie\" \/>\n<meta property=\"og:site_name\" content=\"IFN\" \/>\n<meta property=\"article:publisher\" content=\"https:\/\/www.facebook.com\/iFamNews\" \/>\n<meta property=\"article:author\" content=\"https:\/\/facebook.com\/MarcoRespinti\" \/>\n<meta property=\"article:published_time\" content=\"2021-05-12T05:04:00+00:00\" \/>\n<meta property=\"og:image\" content=\"https:\/\/ifamnews.com\/wp-content\/uploads\/2021\/04\/devil.jpg\" \/>\n\t<meta property=\"og:image:width\" content=\"1200\" \/>\n\t<meta property=\"og:image:height\" content=\"675\" \/>\n\t<meta property=\"og:image:type\" content=\"image\/jpeg\" \/>\n<meta name=\"author\" content=\"Marco Respinti\" \/>\n<meta name=\"twitter:card\" content=\"summary_large_image\" \/>\n<meta name=\"twitter:creator\" content=\"@https:\/\/twitter.com\/MarcoRespinti\" \/>\n<meta name=\"twitter:site\" content=\"@iFamNewsEN\" \/>\n<meta name=\"twitter:label1\" content=\"Verfasst von\" \/>\n\t<meta name=\"twitter:data1\" content=\"Marco Respinti\" \/>\n\t<meta name=\"twitter:label2\" content=\"Gesch\u00e4tzte Lesezeit\" \/>\n\t<meta name=\"twitter:data2\" content=\"1\u00a0Minute\" \/>\n<!-- \/ Yoast SEO Premium plugin. -->","yoast_head_json":{"title":"Euthanasie, die triumphierende Bestie - IFN","robots":{"index":"index","follow":"follow","max-snippet":"max-snippet:-1","max-image-preview":"max-image-preview:large","max-video-preview":"max-video-preview:-1"},"canonical":"https:\/\/ifamnews.com\/de\/euthanasie-die-triumphierende-bestie","og_locale":"de_DE","og_type":"article","og_title":"Euthanasie, die triumphierende Bestie","og_description":"Ein Rechtssystem, das Unrecht legitimiert, kann nicht von Dauer sein","og_url":"https:\/\/ifamnews.com\/de\/euthanasie-die-triumphierende-bestie","og_site_name":"IFN","article_publisher":"https:\/\/www.facebook.com\/iFamNews","article_author":"https:\/\/facebook.com\/MarcoRespinti","article_published_time":"2021-05-12T05:04:00+00:00","og_image":[{"width":1200,"height":675,"url":"https:\/\/ifamnews.com\/wp-content\/uploads\/2021\/04\/devil.jpg","type":"image\/jpeg"}],"author":"Marco Respinti","twitter_card":"summary_large_image","twitter_creator":"@https:\/\/twitter.com\/MarcoRespinti","twitter_site":"@iFamNewsEN","twitter_misc":{"Verfasst von":"Marco Respinti","Gesch\u00e4tzte Lesezeit":"1\u00a0Minute"},"schema":{"@context":"https:\/\/schema.org","@graph":[{"@type":"NewsArticle","@id":"https:\/\/ifamnews.com\/de\/euthanasie-die-triumphierende-bestie#article","isPartOf":{"@id":"https:\/\/ifamnews.com\/de\/euthanasie-die-triumphierende-bestie"},"author":{"name":"Marco Respinti","@id":"https:\/\/ifamnews.com\/en\/#\/schema\/person\/f0579ab02623e80d44006c1a5d949ea9"},"headline":"Euthanasie, die triumphierende Bestie","datePublished":"2021-05-12T05:04:00+00:00","mainEntityOfPage":{"@id":"https:\/\/ifamnews.com\/de\/euthanasie-die-triumphierende-bestie"},"wordCount":303,"commentCount":0,"publisher":{"@id":"https:\/\/ifamnews.com\/en\/#organization"},"image":{"@id":"https:\/\/ifamnews.com\/de\/euthanasie-die-triumphierende-bestie#primaryimage"},"thumbnailUrl":"https:\/\/ifamnews.com\/wp-content\/uploads\/2021\/04\/devil.jpg","keywords":["Eutanasia","Euthanasie","Sterbehilfe","Vetrina"],"articleSection":["Breaking News","Leben","Meinung"],"inLanguage":"de","potentialAction":[{"@type":"CommentAction","name":"Comment","target":["https:\/\/ifamnews.com\/de\/euthanasie-die-triumphierende-bestie#respond"]}]},{"@type":"WebPage","@id":"https:\/\/ifamnews.com\/de\/euthanasie-die-triumphierende-bestie","url":"https:\/\/ifamnews.com\/de\/euthanasie-die-triumphierende-bestie","name":"Euthanasie, die triumphierende Bestie - IFN","isPartOf":{"@id":"https:\/\/ifamnews.com\/en\/#website"},"primaryImageOfPage":{"@id":"https:\/\/ifamnews.com\/de\/euthanasie-die-triumphierende-bestie#primaryimage"},"image":{"@id":"https:\/\/ifamnews.com\/de\/euthanasie-die-triumphierende-bestie#primaryimage"},"thumbnailUrl":"https:\/\/ifamnews.com\/wp-content\/uploads\/2021\/04\/devil.jpg","datePublished":"2021-05-12T05:04:00+00:00","breadcrumb":{"@id":"https:\/\/ifamnews.com\/de\/euthanasie-die-triumphierende-bestie#breadcrumb"},"inLanguage":"de","potentialAction":[{"@type":"ReadAction","target":["https:\/\/ifamnews.com\/de\/euthanasie-die-triumphierende-bestie"]}]},{"@type":"ImageObject","inLanguage":"de","@id":"https:\/\/ifamnews.com\/de\/euthanasie-die-triumphierende-bestie#primaryimage","url":"https:\/\/ifamnews.com\/wp-content\/uploads\/2021\/04\/devil.jpg","contentUrl":"https:\/\/ifamnews.com\/wp-content\/uploads\/2021\/04\/devil.jpg","width":1200,"height":675,"caption":"Image from Picryl"},{"@type":"BreadcrumbList","@id":"https:\/\/ifamnews.com\/de\/euthanasie-die-triumphierende-bestie#breadcrumb","itemListElement":[{"@type":"ListItem","position":1,"name":"Home","item":"https:\/\/ifamnews.com\/de"},{"@type":"ListItem","position":2,"name":"Life","item":"https:\/\/ifamnews.com\/en\/category\/life"},{"@type":"ListItem","position":3,"name":"Euthanasie, die triumphierende Bestie"}]},{"@type":"WebSite","@id":"https:\/\/ifamnews.com\/en\/#website","url":"https:\/\/ifamnews.com\/en\/","name":"IFN","description":"International Family News Network","publisher":{"@id":"https:\/\/ifamnews.com\/en\/#organization"},"potentialAction":[{"@type":"SearchAction","target":{"@type":"EntryPoint","urlTemplate":"https:\/\/ifamnews.com\/en\/?s={search_term_string}"},"query-input":{"@type":"PropertyValueSpecification","valueRequired":true,"valueName":"search_term_string"}}],"inLanguage":"de"},{"@type":"Organization","@id":"https:\/\/ifamnews.com\/en\/#organization","name":"iFamNews","url":"https:\/\/ifamnews.com\/en\/","logo":{"@type":"ImageObject","inLanguage":"de","@id":"https:\/\/ifamnews.com\/en\/#\/schema\/logo\/image\/","url":"https:\/\/ifamnews.com\/wp-content\/uploads\/2020\/01\/Share-logo.png","contentUrl":"https:\/\/ifamnews.com\/wp-content\/uploads\/2020\/01\/Share-logo.png","width":200,"height":200,"caption":"iFamNews"},"image":{"@id":"https:\/\/ifamnews.com\/en\/#\/schema\/logo\/image\/"},"sameAs":["https:\/\/www.facebook.com\/iFamNews","https:\/\/x.com\/iFamNewsEN"]},{"@type":"Person","@id":"https:\/\/ifamnews.com\/en\/#\/schema\/person\/f0579ab02623e80d44006c1a5d949ea9","name":"Marco Respinti","image":{"@type":"ImageObject","inLanguage":"de","@id":"https:\/\/secure.gravatar.com\/avatar\/4ab04a5127131015e13010f222e38621144dc33a5df5d977b35ceeab15ee958f?s=96&d=mm&r=g","url":"https:\/\/secure.gravatar.com\/avatar\/4ab04a5127131015e13010f222e38621144dc33a5df5d977b35ceeab15ee958f?s=96&d=mm&r=g","contentUrl":"https:\/\/secure.gravatar.com\/avatar\/4ab04a5127131015e13010f222e38621144dc33a5df5d977b35ceeab15ee958f?s=96&d=mm&r=g","caption":"Marco Respinti"},"description":"Marco Respinti was the Editor-in-Chief of International Family News until the end of 2022. He is an Italian professional journalist, member of the International Federation of Journalists (IFJ), essayist, translator, and lecturer. He has contributed and contributes to several journals and magazines both in print and online, both in Italy and abroad. Author of books, he has translated and\/or edited works by, among others, Edmund Burke, Charles Dickens, T.S. Eliot, Russell Kirk, J.R.R. Tolkien, R\u00e9gine Pernoud and Gustave Thibon. A Senior fellow at the\u00a0Russell Kirk Center for Cultural Renewal (Mecosta, Michigan) he is also a founding member as well as Board member of the Center for European Renewal (The Hague, The Netherlands). A member of the Editorial Board of The European Conservative magazine, as well as a member of the Advisory Council of the European Federation for Freedom of Belief, he serves as Director-in-Charge of the academic publication The Journal of CESNUR and the online Bitter Winter: A Magazine on Religious Liberty and Human Rights.","sameAs":["https:\/\/facebook.com\/MarcoRespinti","https:\/\/it.linkedin.com\/in\/marcorespinti","https:\/\/pinterest.it\/MarcoRespinti\/_created\/","https:\/\/x.com\/https:\/\/twitter.com\/MarcoRespinti","https:\/\/youtube.com\/channel\/UC1FbsvyQNTQ-snpsmRC12Og?view_as=subscriber"],"url":"https:\/\/ifamnews.com\/de\/author\/mrespinti"}]}},"amp_enabled":true,"_links":{"self":[{"href":"https:\/\/ifamnews.com\/de\/wp-json\/wp\/v2\/posts\/69463","targetHints":{"allow":["GET"]}}],"collection":[{"href":"https:\/\/ifamnews.com\/de\/wp-json\/wp\/v2\/posts"}],"about":[{"href":"https:\/\/ifamnews.com\/de\/wp-json\/wp\/v2\/types\/post"}],"author":[{"embeddable":true,"href":"https:\/\/ifamnews.com\/de\/wp-json\/wp\/v2\/users\/7"}],"replies":[{"embeddable":true,"href":"https:\/\/ifamnews.com\/de\/wp-json\/wp\/v2\/comments?post=69463"}],"version-history":[{"count":1,"href":"https:\/\/ifamnews.com\/de\/wp-json\/wp\/v2\/posts\/69463\/revisions"}],"predecessor-version":[{"id":69464,"href":"https:\/\/ifamnews.com\/de\/wp-json\/wp\/v2\/posts\/69463\/revisions\/69464"}],"wp:featuredmedia":[{"embeddable":true,"href":"https:\/\/ifamnews.com\/de\/wp-json\/wp\/v2\/media\/68839"}],"wp:attachment":[{"href":"https:\/\/ifamnews.com\/de\/wp-json\/wp\/v2\/media?parent=69463"}],"wp:term":[{"taxonomy":"category","embeddable":true,"href":"https:\/\/ifamnews.com\/de\/wp-json\/wp\/v2\/categories?post=69463"},{"taxonomy":"post_tag","embeddable":true,"href":"https:\/\/ifamnews.com\/de\/wp-json\/wp\/v2\/tags?post=69463"}],"curies":[{"name":"wp","href":"https:\/\/api.w.org\/{rel}","templated":true}]}}