{"id":63177,"date":"2021-04-04T01:00:00","date_gmt":"2021-04-04T05:00:00","guid":{"rendered":"https:\/\/ifamnews.com\/?p=63177"},"modified":"2021-04-03T03:57:18","modified_gmt":"2021-04-03T07:57:18","slug":"noch-ehe-ich-dich-im-mutterleib-formte-habe-ich-dich-ausersehen","status":"publish","type":"post","link":"https:\/\/ifamnews.com\/de\/noch-ehe-ich-dich-im-mutterleib-formte-habe-ich-dich-ausersehen","title":{"rendered":"\u201eNoch ehe ich dich im Mutterleib formte, habe ich dich ausersehen\u201c"},"content":{"rendered":"\n<p>Gottes Liebe zu seiner Sch\u00f6pfung: das gesamte Neue Testament kann in diesem Licht gelesen werden. Gott entsendet seinen eingeborenen Sohn, um durch seinen Erl\u00f6sertod die Menschheit aus der Sklaverei der S\u00fcnde zu befreien. Sein blutiges Opfer \u2013 das in jeder heiligen Messe unblutig gegenw\u00e4rtig gesetzt wird \u2013 ist ein f\u00fcr alle Mal der Sieg Gottes \u00fcber den Tod. Gerade an Ostern, dem Fest der Auferstehung Christi, ist dies ein Geheimnis, das es sich lohnt zu vertiefen.<\/p>\n\n\n\n<p>Bereits im Alten Testament zeichnet sich Gottes Liebesbotschaft an den Menschen ab. Vom ersten Tag seiner Empf\u00e4ngnis (!) kennt und liebt Gott sein Gesch\u00f6pf. Nicht nur in der Genesis bezeugt Gott, dass er seine Sch\u00f6pfung \u201egut\u201c und \u201esehr gut\u201c hei\u00dft, auch im Buch Jeremia wird man Zeuge dieser g\u00f6ttlichen Offenbarung.<\/p>\n\n\n\n<p>An Jeremias richtet Gott sein Wort: \u201e<strong>Noch ehe ich dich im Mutterleib formte, habe ich dich ausersehen, noch ehe du aus dem Mutterscho\u00df hervorkamst, habe ich dich geheiligt, zum Propheten f\u00fcr die V\u00f6lker habe ich dich bestimmt<\/strong>\u201c (Jer 1,5).<\/p>\n\n\n\n<p>Das l\u00e4sst jeden Lebenssch\u00fctzer aufhorchen.<\/p>\n\n\n\n<p>Viele der Kirchenv\u00e4ter haben diese Stelle als Anhaltspunkt gew\u00e4hlt, um den Wert des Lebens zu betonen. Hier zun\u00e4chst eine kleine Auswahl:<\/p>\n\n\n\n<p><strong>Origen<\/strong> (184-253 n. Chr.) schreibt \u201eWir vergessen, dass die Worte \u201aLasst uns den Menschen machen nach unserem Bild und Gleichnis\u2018 f\u00fcr jeden Menschen gelten. Wenn wir uns nicht an den erinnern, der den Menschen im Mutterleib geformt hat und der die Herzen aller Menschen individuell geformt hat und alle ihre Werke versteht, nehmen wir nicht wahr, dass Gott ein Helfer der Geringen und Gebrechlichen ist, ein Besch\u00fctzer der Schwachen, ein Zufluchtsort f\u00fcr die, die in Verzweiflung aufgegeben wurden, und ein Retter derer, die als hoffnungslos aufgegeben wurden.\u201c<a href=\"#_edn1\">[i]<\/a><\/p>\n\n\n\n<p><strong>Tertullian<\/strong> (155-220 n. Chr.) f\u00fchrt aus: \u201eGott formt uns nicht nur im Mutterleib; er haucht uns auch an, wie er es bei der ersten Sch\u00f6pfung getan hat, als \u201aGott der Herr den Menschen formte und ihm den Lebensatem einhauchte.\u2018 Und Gott konnte einen Menschen im Mutterleib nicht kennen, au\u00dfer in seinem ganzen Wesen: \u201aUnd bevor du aus dem Mutterleib hervorkamst, habe ich dich geheiligt.\u2018 Nun, war es dann ein toter K\u00f6rper in diesem fr\u00fchen Stadium? Sicherlich nicht. Denn \u201aGott ist nicht der Gott der Toten, sondern der Lebenden.\u2018\u201c (<em>\u00dcber die Seele<\/em>, 26.1212).<a href=\"#_edn2\">[ii]<\/a><\/p>\n\n\n\n<p>Besonders die Bedeutung des hebr\u00e4ischen Verbs in dieser Passage er\u00f6ffnet weitere Erkenntnis \u00fcber Gottes Beziehung zum Menschen: \u201eDas Verb \u201ay\u0101\u1e0fa\u02be\u2018, \u201awissen\u2018, hatte im Alten Testament oft eine betr\u00e4chtliche Bedeutungstiefe, denn <strong>es reichte \u00fcber blo\u00dfes intellektuelles Wissen hinaus bis zur pers\u00f6nlichen Verpflichtung<\/strong>. Aus diesem Grund wird es f\u00fcr die intimen Beziehungen zwischen einem Mann und seiner Frau verwendet (1 Mo 4:1). Es wurde f\u00fcr die Bindung Jahwes an Israel verwendet: \u201eDich allein habe ich erkannt von allen Geschlechtern der Erde\u201c (Amos 3,2). Es war Jahwes tiefer Kummer, dass es in seinem Volk keine Erkenntnis Gottes gab (Hos 4,1), denn die Erkenntnis Jahwes war viel wichtiger als Brandopfer (Hos 6,6). Die tiefe Bindung Jahwes an seinen Knecht reichte also schon vor seiner Geburt zur\u00fcck.\u201c<a href=\"#_edn3\">[iii]<\/a><\/p>\n\n\n\n<p>J. Gavigan betont, dass Gott Herr \u00fcber alles (auch das ungeborene) Leben ist und diese Herrschaft \u00fcber die Natur hinausgeht: \u201eGottes Handeln bei der Erschaffung eines Menschen wird anschaulich beschrieben \u2013 er \u201aformte\u2018 es im Mutterleib \u2013 ein Wort, mit dem beschrieben wird, was ein T\u00f6pfer tut, wenn er etwas in Ton modelliert. Der Herr \u201akannte\u2018 Jeremia \u2013 ein Hinweis darauf, dass er ihn f\u00fcr eine bestimmte Aufgabe auserw\u00e4hlt hatte (vgl. Amos 3,2; R\u00f6m 8,29); Gott hat einen Plan f\u00fcr jeden Menschen, und er stattet jeden mit Talenten aus, die ihn oder sie dazu bef\u00e4higen, diesen Plan in die Tat umzusetzen. [\u2026] In einer Glosse l\u00e4sst der heilige Johannes Chrysostomus Gott Folgendes sagen: \u201aIch bin derjenige, der dich im Scho\u00df deiner Mutter zusammengef\u00fcgt hat. <strong>Dein Leben ist nicht ein Werk der Natur, noch die Frucht des Leidens<\/strong>. <strong>Ich bin der Ursprung und die Ursache aller Dinge<\/strong>: Du sollst mir gehorchen und dich mir hingeben\u2018, und er f\u00fcgt hinzu: \u201aEs beginnt nicht damit, dass ich dich geweiht habe: zuerst habe ich dich erkannt, dann habe ich dich geweiht. So wird die urspr\u00fcngliche Wahl gezeigt, und nach der urspr\u00fcnglichen Erw\u00e4hlung, die besondere Berufung\u2018 (<em>Fragmenta in Ieremiam<\/em>, 1).<a href=\"#_edn4\">[iv]<\/a><\/p>\n\n\n\n<p>Gott liebt seine Sch\u00f6pfung, besonders den Menschen und steht mit ihm schon vor seiner Geburt in Beziehung.<\/p>\n\n\n\n<ul class=\"wp-block-list\"><li><strong>Der Mensch<\/strong> (seine unsterbliche Seele) <strong>wird direkt von Gott geschaffen<\/strong>. Die menschlichen Eltern wirken bei dem Akt als \u201eMitsch\u00f6pfer\u201c ihres Kindes.<\/li><li><strong>Der Mensch ist schon vor seiner Geburt denkbarer \u201eDialogpartner\u201c Gottes<\/strong>. Gott spricht ihn an. Gott spricht nicht zu einem \u201etoten\u201c etwas, oder einem einfachen Zellklumpen, er spricht zum Menschen \u2013 der in diesem Dialog zun\u00e4chst rezeptiv und passiv bleibt \u2013 und hat seine Berufung und Mission im Leben schon erdacht.<\/li><li><strong>Gottes Ruf gilt f\u00fcr den Menschen schon bevor er geboren wird<\/strong>. Mit der Entstehung eines neuen zerbrechlichen Lebens wird ein Plan Gottes \u201emiterschaffen\u201c der dann durch die Mitwirkung erst der Eltern und dann der Person auf Verwirklichung wartet.<\/li><li><strong>Schon vor der Geburt ist der neue Mensch Gegenstand<\/strong> (ein \u201eObjekt\u201c) <strong>g\u00f6ttlicher Liebe<\/strong>. Nicht erst durch sein \u201eWirken\u201c wird der Mensch \u201eGottes w\u00fcrdig\u201c sondern durch sein <em>Sein<\/em>.<\/li><li><strong>Gott ist der Sch\u00f6pfer des Lebens<\/strong>. Nicht die \u201eNatur\u201c oder die \u201eS\u00fcnde\u201c (wie Chrysostomus sagt) sind die Ursache \u2013 obwohl sie bei der Schaffung des Menschen durch die Erbs\u00fcnde zugegen sind \u2013 sondern Gott selbst, der den Menschen zur Gnade beruft. Durch seine Ursache, Gott, und sein Ziel, das himmlische Paradies, ist der Mensch \u00fcber alle Natur erhaben und kann in seiner Christusbeziehung \u201everg\u00f6ttlicht\u201c werden.<\/li><\/ul>\n\n\n\n<p>In der j\u00fcdisch-christlichen Weltanschauung ist das menschliche Leben vom ersten Moment an, w\u00fcrdig verteidigt zu werden. Daraus bildet sich die Mission der <strong><em>Internationalen Organisation der Familie <\/em><\/strong>und von <strong><em>iFamNews<\/em><\/strong>. Unser Team w\u00fcnscht Ihnen frohe und gesegnete Ostern!<\/p>\n\n\n\n<hr class=\"wp-block-separator\"\/>\n\n\n\n<p><a href=\"#_ednref1\">[i]<\/a> Dean O. Wenthe, ed., <em>Jeremiah, Lamentations, Ancient Christian Commentary on Scripture <\/em>(Downers Grove, IL: InterVarsity Press, 2009).<\/p>\n\n\n\n<p><a href=\"#_ednref2\">[ii]<\/a> ANF 3:207.<\/p>\n\n\n\n<p><a href=\"#_ednref3\">[iii]<\/a> J. A. Thompson, <em>The Book of Jeremiah, The New International Commentary on the Old Testament <\/em>(Grand Rapids, MI: Wm. B. Eerdmans Publishing Co., 1980).<\/p>\n\n\n\n<p><a href=\"#_ednref4\">[iv]<\/a> James Gavigan, Brian McCarthy, and Thomas McGovern, eds., <em>Major Prophets, The Navarre Bible<\/em> (Dublin; New York: Four Courts Press; Scepter Publishers, 2005).<\/p>\n","protected":false},"excerpt":{"rendered":"<p>Lebensschutz und der alttestamentliche Gott; einige Gedanken zur W\u00fcrde des Menschen ausgehend von Jeremias 1,5.<\/p>\n","protected":false},"author":94,"featured_media":63197,"comment_status":"open","ping_status":"open","sticky":false,"template":"","format":"standard","meta":{"give_campaign_id":0,"om_disable_all_campaigns":false,"_monsterinsights_skip_tracking":false,"_monsterinsights_sitenote_active":false,"_monsterinsights_sitenote_note":"","_monsterinsights_sitenote_category":0,"mc4wp_mailchimp_campaign":[],"jnews-multi-image_gallery":[],"jnews_single_post":{"subtitle":"Lebensschutz und der alttestamentliche Gott; einige Gedanken zur W\u00fcrde des Menschen ausgehend von Jeremias 1,5.","format":"standard","video":"","gallery":"","source_name":"","source_url":"","via_name":"","via_url":"","override":[{"single_blog_custom":"","sidebar":"","second_sidebar":"","share_position":"","share_float_style":"","post_date_format":"","post_date_format_custom":"","post_reading_time_wpm":"","zoom_button_out_step":"1","zoom_button_in_step":"1","number_popup_post":"1"}],"image_override":[{"single_post_thumbnail_size":"","single_post_gallery_size":""}],"trending_post_position":"","trending_post_label":"","sponsored_post_label":"","sponsored_post_name":"","sponsored_post_url":"","sponsored_post_logo":"","sponsored_post_desc":""},"jnews_primary_category":{"id":"820"},"jnews_social_meta":{"fb_title":"","fb_description":"","fb_image":"","twitter_title":"","twitter_description":"","twitter_image":""},"jnews_override_counter":{"view_counter_number":"0","share_counter_number":"0","like_counter_number":"0","dislike_counter_number":"0"},"footnotes":""},"categories":[816,767,811],"tags":[9412,9413,1670,2718],"class_list":["post-63177","post","type-post","status-publish","format-standard","has-post-thumbnail","hentry","category-breaking-news-de","category-meinung","category-foreground-de","tag-altes-testament","tag-jeremias-1","tag-lebensschutz-2","tag-ostern-2"],"yoast_head":"<!-- This site is optimized with the Yoast SEO Premium plugin v25.9 (Yoast SEO v27.3) - https:\/\/yoast.com\/product\/yoast-seo-premium-wordpress\/ -->\n<title>\u201eNoch ehe ich dich im Mutterleib formte, habe ich dich ausersehen\u201c - IFN<\/title>\n<meta name=\"robots\" content=\"index, follow, max-snippet:-1, max-image-preview:large, max-video-preview:-1\" \/>\n<link rel=\"canonical\" href=\"https:\/\/ifamnews.com\/de\/noch-ehe-ich-dich-im-mutterleib-formte-habe-ich-dich-ausersehen\" \/>\n<meta property=\"og:locale\" content=\"de_DE\" \/>\n<meta property=\"og:type\" content=\"article\" \/>\n<meta property=\"og:title\" content=\"\u201eNoch ehe ich dich im Mutterleib formte, habe ich dich ausersehen\u201c\" \/>\n<meta property=\"og:description\" content=\"Lebensschutz und der alttestamentliche Gott; einige Gedanken zur W\u00fcrde des Menschen ausgehend von Jeremias 1,5.\" \/>\n<meta property=\"og:url\" content=\"https:\/\/ifamnews.com\/de\/noch-ehe-ich-dich-im-mutterleib-formte-habe-ich-dich-ausersehen\" \/>\n<meta property=\"og:site_name\" content=\"IFN\" \/>\n<meta property=\"article:publisher\" content=\"https:\/\/www.facebook.com\/iFamNews\" \/>\n<meta property=\"article:published_time\" content=\"2021-04-04T05:00:00+00:00\" \/>\n<meta property=\"og:image\" content=\"https:\/\/ifamnews.com\/wp-content\/uploads\/2021\/04\/the-creation-of-adam-4889767_12801-1.jpg\" \/>\n\t<meta property=\"og:image:width\" content=\"915\" \/>\n\t<meta property=\"og:image:height\" content=\"615\" \/>\n\t<meta property=\"og:image:type\" content=\"image\/jpeg\" \/>\n<meta name=\"author\" content=\"Jan Bentz\" \/>\n<meta name=\"twitter:card\" content=\"summary_large_image\" \/>\n<meta name=\"twitter:creator\" content=\"@iFamNewsEN\" \/>\n<meta name=\"twitter:site\" content=\"@iFamNewsEN\" \/>\n<meta name=\"twitter:label1\" content=\"Verfasst von\" \/>\n\t<meta name=\"twitter:data1\" content=\"Jan Bentz\" \/>\n\t<meta name=\"twitter:label2\" content=\"Gesch\u00e4tzte Lesezeit\" \/>\n\t<meta name=\"twitter:data2\" content=\"5\u00a0Minuten\" \/>\n<!-- \/ Yoast SEO Premium plugin. -->","yoast_head_json":{"title":"\u201eNoch ehe ich dich im Mutterleib formte, habe ich dich ausersehen\u201c - IFN","robots":{"index":"index","follow":"follow","max-snippet":"max-snippet:-1","max-image-preview":"max-image-preview:large","max-video-preview":"max-video-preview:-1"},"canonical":"https:\/\/ifamnews.com\/de\/noch-ehe-ich-dich-im-mutterleib-formte-habe-ich-dich-ausersehen","og_locale":"de_DE","og_type":"article","og_title":"\u201eNoch ehe ich dich im Mutterleib formte, habe ich dich ausersehen\u201c","og_description":"Lebensschutz und der alttestamentliche Gott; einige Gedanken zur W\u00fcrde des Menschen ausgehend von Jeremias 1,5.","og_url":"https:\/\/ifamnews.com\/de\/noch-ehe-ich-dich-im-mutterleib-formte-habe-ich-dich-ausersehen","og_site_name":"IFN","article_publisher":"https:\/\/www.facebook.com\/iFamNews","article_published_time":"2021-04-04T05:00:00+00:00","og_image":[{"width":915,"height":615,"url":"https:\/\/ifamnews.com\/wp-content\/uploads\/2021\/04\/the-creation-of-adam-4889767_12801-1.jpg","type":"image\/jpeg"}],"author":"Jan Bentz","twitter_card":"summary_large_image","twitter_creator":"@iFamNewsEN","twitter_site":"@iFamNewsEN","twitter_misc":{"Verfasst von":"Jan Bentz","Gesch\u00e4tzte Lesezeit":"5\u00a0Minuten"},"schema":{"@context":"https:\/\/schema.org","@graph":[{"@type":"NewsArticle","@id":"https:\/\/ifamnews.com\/de\/noch-ehe-ich-dich-im-mutterleib-formte-habe-ich-dich-ausersehen#article","isPartOf":{"@id":"https:\/\/ifamnews.com\/de\/noch-ehe-ich-dich-im-mutterleib-formte-habe-ich-dich-ausersehen"},"author":{"name":"Jan Bentz","@id":"https:\/\/ifamnews.com\/en\/#\/schema\/person\/ab41b70fafcdfd12a7774eb96573cc72"},"headline":"\u201eNoch ehe ich dich im Mutterleib formte, habe ich dich ausersehen\u201c","datePublished":"2021-04-04T05:00:00+00:00","mainEntityOfPage":{"@id":"https:\/\/ifamnews.com\/de\/noch-ehe-ich-dich-im-mutterleib-formte-habe-ich-dich-ausersehen"},"wordCount":1060,"commentCount":0,"publisher":{"@id":"https:\/\/ifamnews.com\/en\/#organization"},"image":{"@id":"https:\/\/ifamnews.com\/de\/noch-ehe-ich-dich-im-mutterleib-formte-habe-ich-dich-ausersehen#primaryimage"},"thumbnailUrl":"https:\/\/ifamnews.com\/wp-content\/uploads\/2021\/04\/the-creation-of-adam-4889767_12801-1.jpg","keywords":["Altes Testament","Jeremias 1","Lebensschutz","Ostern"],"articleSection":["Breaking News","Meinung","Vordergrund"],"inLanguage":"de","potentialAction":[{"@type":"CommentAction","name":"Comment","target":["https:\/\/ifamnews.com\/de\/noch-ehe-ich-dich-im-mutterleib-formte-habe-ich-dich-ausersehen#respond"]}]},{"@type":"WebPage","@id":"https:\/\/ifamnews.com\/de\/noch-ehe-ich-dich-im-mutterleib-formte-habe-ich-dich-ausersehen","url":"https:\/\/ifamnews.com\/de\/noch-ehe-ich-dich-im-mutterleib-formte-habe-ich-dich-ausersehen","name":"\u201eNoch ehe ich dich im Mutterleib formte, habe ich dich ausersehen\u201c - IFN","isPartOf":{"@id":"https:\/\/ifamnews.com\/en\/#website"},"primaryImageOfPage":{"@id":"https:\/\/ifamnews.com\/de\/noch-ehe-ich-dich-im-mutterleib-formte-habe-ich-dich-ausersehen#primaryimage"},"image":{"@id":"https:\/\/ifamnews.com\/de\/noch-ehe-ich-dich-im-mutterleib-formte-habe-ich-dich-ausersehen#primaryimage"},"thumbnailUrl":"https:\/\/ifamnews.com\/wp-content\/uploads\/2021\/04\/the-creation-of-adam-4889767_12801-1.jpg","datePublished":"2021-04-04T05:00:00+00:00","breadcrumb":{"@id":"https:\/\/ifamnews.com\/de\/noch-ehe-ich-dich-im-mutterleib-formte-habe-ich-dich-ausersehen#breadcrumb"},"inLanguage":"de","potentialAction":[{"@type":"ReadAction","target":["https:\/\/ifamnews.com\/de\/noch-ehe-ich-dich-im-mutterleib-formte-habe-ich-dich-ausersehen"]}]},{"@type":"ImageObject","inLanguage":"de","@id":"https:\/\/ifamnews.com\/de\/noch-ehe-ich-dich-im-mutterleib-formte-habe-ich-dich-ausersehen#primaryimage","url":"https:\/\/ifamnews.com\/wp-content\/uploads\/2021\/04\/the-creation-of-adam-4889767_12801-1.jpg","contentUrl":"https:\/\/ifamnews.com\/wp-content\/uploads\/2021\/04\/the-creation-of-adam-4889767_12801-1.jpg","width":915,"height":615,"caption":"Michaelangelo Buonarotti - Die Sch\u00f6pfung Adams, Sixtinische Kapelle (Ausschnitt)"},{"@type":"BreadcrumbList","@id":"https:\/\/ifamnews.com\/de\/noch-ehe-ich-dich-im-mutterleib-formte-habe-ich-dich-ausersehen#breadcrumb","itemListElement":[{"@type":"ListItem","position":1,"name":"Home","item":"https:\/\/ifamnews.com\/de"},{"@type":"ListItem","position":2,"name":"Opinion","item":"https:\/\/ifamnews.com\/en\/category\/opinion"},{"@type":"ListItem","position":3,"name":"\u201eNoch ehe ich dich im Mutterleib formte, habe ich dich ausersehen\u201c"}]},{"@type":"WebSite","@id":"https:\/\/ifamnews.com\/en\/#website","url":"https:\/\/ifamnews.com\/en\/","name":"IFN","description":"International Family News Network","publisher":{"@id":"https:\/\/ifamnews.com\/en\/#organization"},"potentialAction":[{"@type":"SearchAction","target":{"@type":"EntryPoint","urlTemplate":"https:\/\/ifamnews.com\/en\/?s={search_term_string}"},"query-input":{"@type":"PropertyValueSpecification","valueRequired":true,"valueName":"search_term_string"}}],"inLanguage":"de"},{"@type":"Organization","@id":"https:\/\/ifamnews.com\/en\/#organization","name":"iFamNews","url":"https:\/\/ifamnews.com\/en\/","logo":{"@type":"ImageObject","inLanguage":"de","@id":"https:\/\/ifamnews.com\/en\/#\/schema\/logo\/image\/","url":"https:\/\/ifamnews.com\/wp-content\/uploads\/2020\/01\/Share-logo.png","contentUrl":"https:\/\/ifamnews.com\/wp-content\/uploads\/2020\/01\/Share-logo.png","width":200,"height":200,"caption":"iFamNews"},"image":{"@id":"https:\/\/ifamnews.com\/en\/#\/schema\/logo\/image\/"},"sameAs":["https:\/\/www.facebook.com\/iFamNews","https:\/\/x.com\/iFamNewsEN"]},{"@type":"Person","@id":"https:\/\/ifamnews.com\/en\/#\/schema\/person\/ab41b70fafcdfd12a7774eb96573cc72","name":"Jan Bentz","image":{"@type":"ImageObject","inLanguage":"de","@id":"https:\/\/secure.gravatar.com\/avatar\/bb3fc3e4fb197942a1cfea0d80ee06db641796022af0fb8bf02c8651eac05980?s=96&d=mm&r=g","url":"https:\/\/secure.gravatar.com\/avatar\/bb3fc3e4fb197942a1cfea0d80ee06db641796022af0fb8bf02c8651eac05980?s=96&d=mm&r=g","contentUrl":"https:\/\/secure.gravatar.com\/avatar\/bb3fc3e4fb197942a1cfea0d80ee06db641796022af0fb8bf02c8651eac05980?s=96&d=mm&r=g","caption":"Jan Bentz"},"description":"Dr. phil. Jan C. Bentz was born and raised in Germany, and graduated from High School in St. Louis (MI) as a foreign exchange student. Professor Bentz holds a doctorate in Philosophy (Dr. phil.) from the Pontifical Athenaeum Regina Apostolorum in Rome, a Master\u2019s in Sacred Art, Architecture, and Liturgy and a Master\u2019s in Church and Religious Studies. During his career as a journalist he has contributed to EWTN in English and German,\u00a0Inside the Vatican,\u00a0The Catholic Herald,\u00a0Catholic News Agency,\u00a0J\u00fcdische Rundschau,\u00a0and\u00a0Nasze Slowo. He worked as a producer for EWTN focusing on the Vatican, the Pope, and Rome in general. His fields of expertise in Philosophy include the history of philosophy and the history of philosophy of art. Prof. Bentz teaches Philosophy for\u00a0The Catholic University of America,\u00a0Christendom College, and\u00a0IES Study Abroad\u00a0in Rome.","url":"https:\/\/ifamnews.com\/de\/author\/jbentzifamnews-com"}]}},"amp_enabled":true,"_links":{"self":[{"href":"https:\/\/ifamnews.com\/de\/wp-json\/wp\/v2\/posts\/63177","targetHints":{"allow":["GET"]}}],"collection":[{"href":"https:\/\/ifamnews.com\/de\/wp-json\/wp\/v2\/posts"}],"about":[{"href":"https:\/\/ifamnews.com\/de\/wp-json\/wp\/v2\/types\/post"}],"author":[{"embeddable":true,"href":"https:\/\/ifamnews.com\/de\/wp-json\/wp\/v2\/users\/94"}],"replies":[{"embeddable":true,"href":"https:\/\/ifamnews.com\/de\/wp-json\/wp\/v2\/comments?post=63177"}],"version-history":[{"count":1,"href":"https:\/\/ifamnews.com\/de\/wp-json\/wp\/v2\/posts\/63177\/revisions"}],"predecessor-version":[{"id":63186,"href":"https:\/\/ifamnews.com\/de\/wp-json\/wp\/v2\/posts\/63177\/revisions\/63186"}],"wp:featuredmedia":[{"embeddable":true,"href":"https:\/\/ifamnews.com\/de\/wp-json\/wp\/v2\/media\/63197"}],"wp:attachment":[{"href":"https:\/\/ifamnews.com\/de\/wp-json\/wp\/v2\/media?parent=63177"}],"wp:term":[{"taxonomy":"category","embeddable":true,"href":"https:\/\/ifamnews.com\/de\/wp-json\/wp\/v2\/categories?post=63177"},{"taxonomy":"post_tag","embeddable":true,"href":"https:\/\/ifamnews.com\/de\/wp-json\/wp\/v2\/tags?post=63177"}],"curies":[{"name":"wp","href":"https:\/\/api.w.org\/{rel}","templated":true}]}}