{"id":63059,"date":"2021-04-02T01:00:00","date_gmt":"2021-04-02T05:00:00","guid":{"rendered":"https:\/\/ifamnews.com\/oltremanica-il-covid-19-produce-aborto\/"},"modified":"2021-03-29T12:18:00","modified_gmt":"2021-03-29T16:18:00","slug":"covid-grossbritannien-abtreibung","status":"publish","type":"post","link":"https:\/\/ifamnews.com\/de\/covid-grossbritannien-abtreibung","title":{"rendered":"COVID-19 f\u00fchrt in Gro\u00dfbritannien zu mehr Abtreibungen"},"content":{"rendered":"\n<p>Auch jenseits des \u00c4rmelkanals haben die zunehmenden CoViD-19-Ma\u00dfnahmen zu einem Abtreibungsboom gef\u00fchrt. Das belegen die Angaben des britischen Gesundheitsministeriums anhand von Daten, die aus dem Monat April 2020 aus England und Wales stammen.<\/p>\n\n\n\n<p>Zu jener Zeit erlaubte man Frauen n\u00e4mlich erstmals, medikament\u00f6se Abtreibungen zu Hause ohne \u00e4rztliche Aufsicht durchzuf\u00fchren. Ergebnis: Um die Zahl der durch Coronavirus verursachten Todesf\u00e4lle einzud\u00e4mmen, hat man Rekordzahlen hinsichtlich der vor der Geburt get\u00f6teten Kinder erzielt.<\/p>\n\n\n\n<p>Um genau zu sein, lag die Zahl der Schwangerschaftsabbr\u00fcche im April 2020 bei 20.546 gegen\u00fcber 16.006 im gleichen Monat des Vorjahres, das bedeutet eine Steigerung von 30 %. Es w\u00e4re unentschuldbar, nicht dar\u00fcber nachzudenken.<\/p>\n\n\n\n<p>Es gibt jedoch einen weiteren Faktor, der unabh\u00e4ngig von Gesundheitsprotokollen zu ber\u00fccksichtigen ist. Zahlreiche Freiwilligenverb\u00e4nde behaupten, viele Frauen h\u00e4tten sich auch aus Angst, in Zeiten einer wirtschaftlichen Krise ein Kind nicht gro\u00dfziehen zu k\u00f6nnen, f\u00fcr eine Abtreibung entschieden.<\/p>\n\n\n\n<p>Als ob das noch nicht genug w\u00e4re, sagte ein Sprecher des britischen <em>British Pregnancy Advisory Service <\/em>&#8211; einer Einrichtung, die sich ungeniert als Wohlt\u00e4tigkeitsorganisation bezeichnet, aber ihrer Satzung zufolge Abtreibung unterst\u00fctzt und f\u00f6rdert -, dass es eine \u201esignifikante Zunahme\u201c an Abtreibungsanfragen von Seiten von Frauen gibt, die bereits M\u00fctter sind. Das hei\u00dft, etwa ein Drittel der Frauen, die zwischen April und Juni 2020 in England und Wales abgetrieben haben, hatten bereits Kinder: Im gleichen Quartal des Vorjahres war es nur etwa halb so viele.<\/p>\n\n\n\n<p>Dies best\u00e4tigt, wie die wirtschaftliche und moralische Krise vor allem die Familien \u00fcberfordert hat. Die Belastung durch Distanzunterricht der Kinder gekoppelt mit erh\u00f6hter Arbeitsplatzunsicherheit haben bewirkt, dass britische Frauen vom Wunsch nach einer neuen Mutterschaft abger\u00fcckt sind.<\/p>\n\n\n\n<p>Der eigentliche Knackpunkt in diesem Szenario ist jedoch ein anderer. Die seit Anfang letzten Jahres geltenden Regelungen erlauben es, chemische Abtreibungen zu Hause durchzuf\u00fchren und zwar durch Einnahme von Medikamenten, die der Arzt per Telefon oder Videoanruf verschreibt. Die M\u00f6glichkeit der Heimabtreibung, die unter dem Vorwand der Corona-Notlage eingef\u00fchrt wurde, wird wahrscheinlich noch so lange bestehen bleiben, wie die Pandemie andauert. Der dadurch verursachte Schaden wird letztendlich riesig sein. Und es kommt noch mehr: Das britische Gesundheitsministerium erw\u00e4gt eine \u00f6ffentliche Konsultation, um diese Ma\u00dfnahme auf Dauer zu etablieren. So nach dem Motto: CoViD-19 ist zwar daran schuld, aber wir sollten die tolle Gelegenheit, die CoViD-19 uns jetzt bietet, nicht verpassen.<\/p>\n\n\n\n<p>Die einzige relativ tr\u00f6stliche Information ist, dass die Zahl der Schwangerschaftsabbr\u00fcche mit Ausnahme des Aprils in den \u00fcbrigen Monaten des Jahres 2020 weitgehend stabil blieb. Betrachtet man die ersten vier Monate des letzten Jahres, so verzeichnete man 109.836 Abtreibungen, verglichen mit 105.540 in den ersten vier Monaten des Jahres 2019. Im Januar 2020 (also kurz vor Ausbruch der Pandemie) lag der Anstieg bei 7% gegen\u00fcber dem Vorjahr, im M\u00e4rz 2020 bei 2%.<\/p>\n\n\n\n<p>Im Mai und Juni konnte man sogar eine Trendwende verzeichnen: im Mai 2020 wurden 17.125 Schwangerschaftsabbr\u00fcche durchgef\u00fchrt (-6% im Vergleich zu 2019), w\u00e4hrend die Zahl im Juni bei 15.797 lag (-7% im Vergleich zum Vorjahr).<\/p>\n\n\n\n<p>Eine noch detailliertere Analyse der Daten zeigt, dass 86 % der Abtreibungen innerhalb der ersten zehn Wochen der Schwangerschaft und 50 % innerhalb der ersten sieben Wochen durchgef\u00fchrt wurden.<\/p>\n\n\n\n<p>Insgesamt wurden 82% der Schwangerschaftsabbr\u00fcche durch die Einnahme von Mifepriston oder anderen Abtreibungspillen, also ohne Krankenhausaufenthalt, durchgef\u00fchrt.<\/p>\n\n\n\n<p>Die Panikstimmung, die durch die Turbulenzen der Pandemie ausgel\u00f6st wurde, ist allgemein gesprochen sicherlich ein gewaltiger Z\u00fcnder f\u00fcr die Geburtenrate. Allein die Tatsache, dass nach der ersten Welle die Abtreibungen tats\u00e4chlich zur\u00fcckgegangen sind, best\u00e4tigt das. Bei diesen Faktoren kann man und muss man ansetzen. Doch genau das Gegenteil zu tun, sprich die chemische Abtreibung zu f\u00f6rdern und zu verbreiten &#8211; wie es in Gro\u00dfbritannien, Italien und anderen L\u00e4ndern geschehen ist &#8211; bedeutet, den Dreck unter den Teppich zu kehren. Die Moral der Geschichte lautet: Das Drama wird trivialisiert und das Gewissen bet\u00e4ubt. Wie so oft verwechselt man die L\u00f6sung (demografische Erneuerung) mit dem Problem.<\/p>\n","protected":false},"excerpt":{"rendered":"<p>Angst f\u00fchrt zun\u00e4chst zu mehr Abtreibungen kann aber auch zu mehr Geburten f\u00fchren. <\/p>\n","protected":false},"author":545,"featured_media":20757,"comment_status":"open","ping_status":"open","sticky":false,"template":"","format":"standard","meta":{"give_campaign_id":0,"om_disable_all_campaigns":false,"_monsterinsights_skip_tracking":false,"_monsterinsights_sitenote_active":false,"_monsterinsights_sitenote_note":"","_monsterinsights_sitenote_category":0,"mc4wp_mailchimp_campaign":[],"jnews-multi-image_gallery":[],"jnews_single_post":{"subtitle":"Angst f\u00fchrt zun\u00e4chst zu mehr Abtreibungen kann aber auch zu mehr Geburten f\u00fchren. ","format":"standard","video":"","gallery":"","source_name":"","source_url":"","via_name":"","via_url":"","override":[{"single_blog_custom":"","sidebar":"","second_sidebar":"","share_position":"","share_float_style":"","post_date_format":"","post_date_format_custom":"","post_reading_time_wpm":"","zoom_button_out_step":"1","zoom_button_in_step":"1","number_popup_post":"1"}],"image_override":[{"single_post_thumbnail_size":"","single_post_gallery_size":""}],"trending_post_position":"","trending_post_label":"","sponsored_post_label":"","sponsored_post_name":"","sponsored_post_url":"","sponsored_post_logo":"","sponsored_post_desc":""},"jnews_primary_category":{"id":"820"},"jnews_social_meta":{"fb_title":"","fb_description":"","fb_image":"","twitter_title":"","twitter_description":"","twitter_image":""},"jnews_override_counter":{"view_counter_number":"0","share_counter_number":"0","like_counter_number":"0","dislike_counter_number":"0"},"footnotes":""},"categories":[816,820,811],"tags":[9388,1906,5280,5745,5392,9389,4663,7455,8000],"class_list":["post-63059","post","type-post","status-publish","format-standard","has-post-thumbnail","hentry","category-breaking-news-de","category-leben","category-foreground-de","tag-aborto-de","tag-abtreibung","tag-abtreibung-zu-hause","tag-abtreibungspille","tag-covid-19-de","tag-galles-de","tag-grossbritannien","tag-inghilterra-de","tag-vetrina-de"],"yoast_head":"<!-- This site is optimized with the Yoast SEO Premium plugin v25.9 (Yoast SEO v27.3) - https:\/\/yoast.com\/product\/yoast-seo-premium-wordpress\/ -->\n<title>COVID-19 f\u00fchrt in Gro\u00dfbritannien zu mehr Abtreibungen - &quot;iFamNews&quot;<\/title>\n<meta name=\"description\" content=\"La paura miete innocenti, ma se la paura frena, lo fanno pure gli aborti. Una correlazione molto interessante\" \/>\n<meta name=\"robots\" content=\"index, follow, max-snippet:-1, max-image-preview:large, max-video-preview:-1\" \/>\n<link rel=\"canonical\" href=\"https:\/\/ifamnews.com\/de\/covid-grossbritannien-abtreibung\" \/>\n<meta property=\"og:locale\" content=\"de_DE\" \/>\n<meta property=\"og:type\" content=\"article\" \/>\n<meta property=\"og:title\" content=\"COVID-19 f\u00fchrt in Gro\u00dfbritannien zu mehr Abtreibungen\" \/>\n<meta property=\"og:description\" content=\"La paura miete innocenti, ma se la paura frena, lo fanno pure gli aborti. Una correlazione molto interessante\" \/>\n<meta property=\"og:url\" content=\"https:\/\/ifamnews.com\/de\/covid-grossbritannien-abtreibung\" \/>\n<meta property=\"og:site_name\" content=\"IFN\" \/>\n<meta property=\"article:publisher\" content=\"https:\/\/www.facebook.com\/iFamNews\" \/>\n<meta property=\"article:published_time\" content=\"2021-04-02T05:00:00+00:00\" \/>\n<meta property=\"og:image\" content=\"https:\/\/ifamnews.com\/wp-content\/uploads\/2020\/07\/The-pill.jpg\" \/>\n\t<meta property=\"og:image:width\" content=\"1200\" \/>\n\t<meta property=\"og:image:height\" content=\"675\" \/>\n\t<meta property=\"og:image:type\" content=\"image\/jpeg\" \/>\n<meta name=\"author\" content=\"Luca Marcolivio\" \/>\n<meta name=\"twitter:card\" content=\"summary_large_image\" \/>\n<meta name=\"twitter:creator\" content=\"@https:\/\/twitter.com\/luketto2\" \/>\n<meta name=\"twitter:site\" content=\"@iFamNewsEN\" \/>\n<meta name=\"twitter:label1\" content=\"Verfasst von\" \/>\n\t<meta name=\"twitter:data1\" content=\"Luca Marcolivio\" \/>\n\t<meta name=\"twitter:label2\" content=\"Gesch\u00e4tzte Lesezeit\" \/>\n\t<meta name=\"twitter:data2\" content=\"3\u00a0Minuten\" \/>\n<!-- \/ Yoast SEO Premium plugin. -->","yoast_head_json":{"title":"COVID-19 f\u00fchrt in Gro\u00dfbritannien zu mehr Abtreibungen - \"iFamNews\"","description":"La paura miete innocenti, ma se la paura frena, lo fanno pure gli aborti. Una correlazione molto interessante","robots":{"index":"index","follow":"follow","max-snippet":"max-snippet:-1","max-image-preview":"max-image-preview:large","max-video-preview":"max-video-preview:-1"},"canonical":"https:\/\/ifamnews.com\/de\/covid-grossbritannien-abtreibung","og_locale":"de_DE","og_type":"article","og_title":"COVID-19 f\u00fchrt in Gro\u00dfbritannien zu mehr Abtreibungen","og_description":"La paura miete innocenti, ma se la paura frena, lo fanno pure gli aborti. Una correlazione molto interessante","og_url":"https:\/\/ifamnews.com\/de\/covid-grossbritannien-abtreibung","og_site_name":"IFN","article_publisher":"https:\/\/www.facebook.com\/iFamNews","article_published_time":"2021-04-02T05:00:00+00:00","og_image":[{"width":1200,"height":675,"url":"https:\/\/ifamnews.com\/wp-content\/uploads\/2020\/07\/The-pill.jpg","type":"image\/jpeg"}],"author":"Luca Marcolivio","twitter_card":"summary_large_image","twitter_creator":"@https:\/\/twitter.com\/luketto2","twitter_site":"@iFamNewsEN","twitter_misc":{"Verfasst von":"Luca Marcolivio","Gesch\u00e4tzte Lesezeit":"3\u00a0Minuten"},"schema":{"@context":"https:\/\/schema.org","@graph":[{"@type":"NewsArticle","@id":"https:\/\/ifamnews.com\/de\/covid-grossbritannien-abtreibung#article","isPartOf":{"@id":"https:\/\/ifamnews.com\/de\/covid-grossbritannien-abtreibung"},"author":{"name":"Luca Marcolivio","@id":"https:\/\/ifamnews.com\/en\/#\/schema\/person\/ce4f7fd8e66bf7ecb51fc4e1d97dbcfd"},"headline":"COVID-19 f\u00fchrt in Gro\u00dfbritannien zu mehr Abtreibungen","datePublished":"2021-04-02T05:00:00+00:00","mainEntityOfPage":{"@id":"https:\/\/ifamnews.com\/de\/covid-grossbritannien-abtreibung"},"wordCount":670,"commentCount":0,"publisher":{"@id":"https:\/\/ifamnews.com\/en\/#organization"},"image":{"@id":"https:\/\/ifamnews.com\/de\/covid-grossbritannien-abtreibung#primaryimage"},"thumbnailUrl":"https:\/\/ifamnews.com\/wp-content\/uploads\/2020\/07\/The-pill.jpg","keywords":["Aborto","Abtreibung","Abtreibung zu Hause","Abtreibungspille","COVID-19","Galles","Gro\u00dfbritannien","Inghilterra","Vetrina"],"articleSection":["Breaking News","Leben","Vordergrund"],"inLanguage":"de","potentialAction":[{"@type":"CommentAction","name":"Comment","target":["https:\/\/ifamnews.com\/de\/covid-grossbritannien-abtreibung#respond"]}]},{"@type":"WebPage","@id":"https:\/\/ifamnews.com\/de\/covid-grossbritannien-abtreibung","url":"https:\/\/ifamnews.com\/de\/covid-grossbritannien-abtreibung","name":"COVID-19 f\u00fchrt in Gro\u00dfbritannien zu mehr Abtreibungen - \"iFamNews\"","isPartOf":{"@id":"https:\/\/ifamnews.com\/en\/#website"},"primaryImageOfPage":{"@id":"https:\/\/ifamnews.com\/de\/covid-grossbritannien-abtreibung#primaryimage"},"image":{"@id":"https:\/\/ifamnews.com\/de\/covid-grossbritannien-abtreibung#primaryimage"},"thumbnailUrl":"https:\/\/ifamnews.com\/wp-content\/uploads\/2020\/07\/The-pill.jpg","datePublished":"2021-04-02T05:00:00+00:00","description":"La paura miete innocenti, ma se la paura frena, lo fanno pure gli aborti. Una correlazione molto interessante","breadcrumb":{"@id":"https:\/\/ifamnews.com\/de\/covid-grossbritannien-abtreibung#breadcrumb"},"inLanguage":"de","potentialAction":[{"@type":"ReadAction","target":["https:\/\/ifamnews.com\/de\/covid-grossbritannien-abtreibung"]}]},{"@type":"ImageObject","inLanguage":"de","@id":"https:\/\/ifamnews.com\/de\/covid-grossbritannien-abtreibung#primaryimage","url":"https:\/\/ifamnews.com\/wp-content\/uploads\/2020\/07\/The-pill.jpg","contentUrl":"https:\/\/ifamnews.com\/wp-content\/uploads\/2020\/07\/The-pill.jpg","width":1200,"height":675,"caption":"Image from Iona Institute"},{"@type":"BreadcrumbList","@id":"https:\/\/ifamnews.com\/de\/covid-grossbritannien-abtreibung#breadcrumb","itemListElement":[{"@type":"ListItem","position":1,"name":"Home","item":"https:\/\/ifamnews.com\/de"},{"@type":"ListItem","position":2,"name":"Life","item":"https:\/\/ifamnews.com\/en\/category\/life"},{"@type":"ListItem","position":3,"name":"COVID-19 f\u00fchrt in Gro\u00dfbritannien zu mehr Abtreibungen"}]},{"@type":"WebSite","@id":"https:\/\/ifamnews.com\/en\/#website","url":"https:\/\/ifamnews.com\/en\/","name":"IFN","description":"International Family News Network","publisher":{"@id":"https:\/\/ifamnews.com\/en\/#organization"},"potentialAction":[{"@type":"SearchAction","target":{"@type":"EntryPoint","urlTemplate":"https:\/\/ifamnews.com\/en\/?s={search_term_string}"},"query-input":{"@type":"PropertyValueSpecification","valueRequired":true,"valueName":"search_term_string"}}],"inLanguage":"de"},{"@type":"Organization","@id":"https:\/\/ifamnews.com\/en\/#organization","name":"iFamNews","url":"https:\/\/ifamnews.com\/en\/","logo":{"@type":"ImageObject","inLanguage":"de","@id":"https:\/\/ifamnews.com\/en\/#\/schema\/logo\/image\/","url":"https:\/\/ifamnews.com\/wp-content\/uploads\/2020\/01\/Share-logo.png","contentUrl":"https:\/\/ifamnews.com\/wp-content\/uploads\/2020\/01\/Share-logo.png","width":200,"height":200,"caption":"iFamNews"},"image":{"@id":"https:\/\/ifamnews.com\/en\/#\/schema\/logo\/image\/"},"sameAs":["https:\/\/www.facebook.com\/iFamNews","https:\/\/x.com\/iFamNewsEN"]},{"@type":"Person","@id":"https:\/\/ifamnews.com\/en\/#\/schema\/person\/ce4f7fd8e66bf7ecb51fc4e1d97dbcfd","name":"Luca Marcolivio","image":{"@type":"ImageObject","inLanguage":"de","@id":"https:\/\/secure.gravatar.com\/avatar\/4aa297a11beb7510b2301ae9c8bbe9e7eb035156e7c8f0d92c718bc695d102d7?s=96&d=mm&r=g","url":"https:\/\/secure.gravatar.com\/avatar\/4aa297a11beb7510b2301ae9c8bbe9e7eb035156e7c8f0d92c718bc695d102d7?s=96&d=mm&r=g","contentUrl":"https:\/\/secure.gravatar.com\/avatar\/4aa297a11beb7510b2301ae9c8bbe9e7eb035156e7c8f0d92c718bc695d102d7?s=96&d=mm&r=g","caption":"Luca Marcolivio"},"description":"A professional journalist, Luca Marcolivio has been accredited to the Holy See Press Office since 2011. Director of the webmagazine of religious information Cristiani Today, e collaborates with La nuova Bussola Quotidiana, Pro Vita &amp; Famiglia and the blog of the Centro Machiavelli. From 2011 to 2017 he was Editor-in-Chief of the Italian edition of Zenit. He is the author of Contro Garibaldi. Quello che a scuola non vi hanno raccontato and the editor of La societ\u00e0 dell\u2019allegria. Don Bosco raccontato dai salesiani del XXI Secolo","sameAs":["https:\/\/x.com\/https:\/\/twitter.com\/luketto2"],"url":"https:\/\/ifamnews.com\/de\/author\/luca-marcolivio"}]}},"amp_enabled":true,"_links":{"self":[{"href":"https:\/\/ifamnews.com\/de\/wp-json\/wp\/v2\/posts\/63059","targetHints":{"allow":["GET"]}}],"collection":[{"href":"https:\/\/ifamnews.com\/de\/wp-json\/wp\/v2\/posts"}],"about":[{"href":"https:\/\/ifamnews.com\/de\/wp-json\/wp\/v2\/types\/post"}],"author":[{"embeddable":true,"href":"https:\/\/ifamnews.com\/de\/wp-json\/wp\/v2\/users\/545"}],"replies":[{"embeddable":true,"href":"https:\/\/ifamnews.com\/de\/wp-json\/wp\/v2\/comments?post=63059"}],"version-history":[{"count":5,"href":"https:\/\/ifamnews.com\/de\/wp-json\/wp\/v2\/posts\/63059\/revisions"}],"predecessor-version":[{"id":63269,"href":"https:\/\/ifamnews.com\/de\/wp-json\/wp\/v2\/posts\/63059\/revisions\/63269"}],"wp:featuredmedia":[{"embeddable":true,"href":"https:\/\/ifamnews.com\/de\/wp-json\/wp\/v2\/media\/20757"}],"wp:attachment":[{"href":"https:\/\/ifamnews.com\/de\/wp-json\/wp\/v2\/media?parent=63059"}],"wp:term":[{"taxonomy":"category","embeddable":true,"href":"https:\/\/ifamnews.com\/de\/wp-json\/wp\/v2\/categories?post=63059"},{"taxonomy":"post_tag","embeddable":true,"href":"https:\/\/ifamnews.com\/de\/wp-json\/wp\/v2\/tags?post=63059"}],"curies":[{"name":"wp","href":"https:\/\/api.w.org\/{rel}","templated":true}]}}