{"id":61481,"date":"2021-03-31T01:01:00","date_gmt":"2021-03-31T05:01:00","guid":{"rendered":"https:\/\/ifamnews.com\/?p=61481"},"modified":"2021-03-22T06:04:18","modified_gmt":"2021-03-22T10:04:18","slug":"puerto-rico-mobilisiert-gegen-die-verabschiedung-von-lgbt-gesetzen","status":"publish","type":"post","link":"https:\/\/ifamnews.com\/de\/puerto-rico-mobilisiert-gegen-die-verabschiedung-von-lgbt-gesetzen","title":{"rendered":"Puerto Rico mobilisiert gegen die Verabschiedung von LGBT-Gesetzen"},"content":{"rendered":"\n<p>Gro\u00dfe soziale Mobilisierung in Puerto Rico gegen die Gesetzesentw\u00fcrfe 184 und 185, die versuchen, die LGTB-Agenda durchzusetzen.<\/p>\n\n\n\n<p>Dieser Rechtsschutz ist \u00e4u\u00dfert aggresiv:<\/p>\n\n\n\n<ul class=\"wp-block-list\"><li>Sie verbieten \u201e<strong>Konversionstherapien<\/strong>\u201c, indem sie den Fachmann, der der Person mit gleichgeschlechtlicher Anziehung bei der \u00dcberwindung ihrer Situation hilft, mit dem Entzug der Lizenz sanktionieren und damit die Berufsfreiheit verletzen.<\/li><li>Dadurch wird die Person mit gleichgeschlechtlicher Anziehung daran gehindert, die von ihr gew\u00fcnschte Behandlung zu erhalten, was eine Verletzung der pers\u00f6nlichen Freiheit darstellt.<\/li><li>Eltern, die ihr Kind mit gleichgeschlechtlicher Anziehung zu einem Fachmann bringen, <strong>werden als Missbraucher betrachtet<\/strong>, die die elterliche Autorit\u00e4t verletzen, was kein Recht der Eltern ist, sondern ein Recht der Minderj\u00e4hrigen, von demjenigen gesch\u00fctzt zu werden, der sie am meisten lieben.<\/li><li>Es erzwingt <strong>LGBTQ+-Indoktrination in allen Schulen<\/strong> und verletzt damit das Recht der Schulen, ihre Ideologie beizubehalten und das Recht der Eltern, ihre Kinder zu erziehen.<\/li><\/ul>\n\n\n\n<p>Und als ob das nicht genug w\u00e4re, <strong>gibt es allen LGBTQ+-Gruppen eine aktive Legitimation<\/strong>, gegen die Regierung oder verschiedene Verwaltungen wegen angeblicher Diskriminierung ihrer Gruppe vorzugehen. Mit anderen Worten, es macht die LGBTQ+-Minderheit zu W\u00e4chtern eines freiheitsfeindlichen Gesetzes.<\/p>\n\n\n\n<p>Sie k\u00f6nnen sich hier ein <strong>Video<\/strong> ansehen, das die umstrittenen Rechnungen erkl\u00e4rt:<\/p>\n\n\n\n<figure class=\"wp-block-embed is-type-video is-provider-youtube wp-block-embed-youtube wp-embed-aspect-16-9 wp-has-aspect-ratio\"><div class=\"wp-block-embed__wrapper\">\nhttps:\/\/youtube.com\/watch?v=BbEjSnvRDsM&#038;feature=youtu.be\n<\/div><\/figure>\n\n\n\n<p>Die starke Ideologisierung der neuen Biden-Administration tr\u00e4gt nicht dazu bei, diesen Ansturm einzud\u00e4mmen. Aber Puerto Rico hat immer noch eine gewisse Autonomie in sozialen Angelegenheiten wie dieser.<\/p>\n\n\n\n<p>Deshalb wurde bereits eine <strong>gro\u00dfe gesellschaftliche Mobilisierung<\/strong> in Gang gesetzt, um die Genehmigung dieses Ansturms zu verhindern.<\/p>\n\n\n\n<p>Mehr als 17.000 Puertoricaner haben bereits eine an den puertoricanischen Senat gerichtete Kampagne unterzeichnet, in der sie aufgefordert werden, <strong>Gesetzesentw\u00fcrfe abzulehnen, die die Bildungs-, Berufs- und individuellen Freiheiten der B\u00fcrger Puerto Ricos stark einschr\u00e4nken w\u00fcrden<\/strong>.<\/p>\n\n\n\n<p>Sie k\u00f6nnen die Kampagne hier einsehen:<\/p>\n\n\n\n<p><a href=\"https:\/\/citizengo.org\/es-lat\/200799-no-aprobacion-proyectos-ley-lgtb-anti-ddhh\">https:\/\/citizengo.org\/es-lat\/200799-no-aprobacion-proyectos-ley-lgtb-anti-ddhh<\/a><\/p>\n\n\n\n<p><strong>Warum sollte die LGBTTQ+-Gemeinschaft das Privileg der aktiven Legitimation haben, das allen anderen B\u00fcrgern vorenthalten wird<\/strong>? Warum sollten Kinder der Gender-Ideologie unterworfen werden, wenn es nicht das Erziehungsmodell ist, das ihre Eltern f\u00fcr sie wollen, warum sollte ein Schwuler oder eine Lesbe daran gehindert werden, die professionelle Unterst\u00fctzung zu erhalten, die sie sich w\u00fcnschen; und warum sollte ein Schwuler oder eine Lesbe daran gehindert werden, die professionelle Unterst\u00fctzung zu erhalten, die sie sich w\u00fcnschen?<\/p>\n\n\n\n<p>Die Gesetzesentw\u00fcrfe sind freiheitsfeindlich und stehen im Widerspruch zu den Werten und Traditionen Puerto Ricos. Das ist der Grund, warum sich das Volk von Puerto Rico gegen diesen ideologischen Imperialismus erhoben hat.<\/p>\n\n\n\n<p>Wenn Sie die edle Sache der Menschen in Puerto Rico unterst\u00fctzen wollen, dann teilen Sie bitte diese Nachricht!<\/p>\n\n\n\n<p><\/p>\n","protected":false},"excerpt":{"rendered":"<p>Warum sollte die LGBTQ+-Community das Privileg der aktiven Legitimation haben, das anderen B\u00fcrgern fehlt?<\/p>\n","protected":false},"author":566,"featured_media":58638,"comment_status":"open","ping_status":"open","sticky":false,"template":"","format":"standard","meta":{"give_campaign_id":0,"om_disable_all_campaigns":false,"_monsterinsights_skip_tracking":false,"_monsterinsights_sitenote_active":false,"_monsterinsights_sitenote_note":"","_monsterinsights_sitenote_category":0,"mc4wp_mailchimp_campaign":[],"jnews-multi-image_gallery":[],"jnews_single_post":{"subtitle":"Warum sollte die LGBTQ+-Community das Privileg der aktiven Legitimation haben, das anderen B\u00fcrgern fehlt?","format":"standard","video":"","gallery":"","source_name":"","source_url":"","via_name":"","via_url":"","override":[{"single_blog_custom":"","sidebar":"","second_sidebar":"","share_position":"","share_float_style":"","post_date_format":"","post_date_format_custom":"","post_reading_time_wpm":"","zoom_button_out_step":"1","zoom_button_in_step":"1","number_popup_post":"1"}],"image_override":[{"single_post_thumbnail_size":"","single_post_gallery_size":""}],"trending_post_position":"","trending_post_label":"","sponsored_post_label":"","sponsored_post_name":"","sponsored_post_url":"","sponsored_post_logo":"","sponsored_post_desc":""},"jnews_primary_category":{"id":"770"},"jnews_social_meta":{"fb_title":"","fb_description":"","fb_image":"","twitter_title":"","twitter_description":"","twitter_image":""},"jnews_override_counter":{"view_counter_number":"0","share_counter_number":"0","like_counter_number":"0","dislike_counter_number":"0"},"footnotes":""},"categories":[816,770,811],"tags":[3151,4457,6941,5015,9211],"class_list":["post-61481","post","type-post","status-publish","format-standard","has-post-thumbnail","hentry","category-breaking-news-de","category-familie","category-foreground-de","tag-erziehung","tag-gender-ideologie-2","tag-lgbt-ideologie","tag-lgbt-de","tag-puerto-rico-2"],"yoast_head":"<!-- This site is optimized with the Yoast SEO Premium plugin v25.9 (Yoast SEO v27.3) - https:\/\/yoast.com\/product\/yoast-seo-premium-wordpress\/ -->\n<title>Puerto Rico mobilisiert gegen die Verabschiedung von LGBT-Gesetzen - IFN<\/title>\n<meta name=\"robots\" content=\"index, follow, max-snippet:-1, max-image-preview:large, max-video-preview:-1\" \/>\n<link rel=\"canonical\" href=\"https:\/\/ifamnews.com\/de\/puerto-rico-mobilisiert-gegen-die-verabschiedung-von-lgbt-gesetzen\" \/>\n<meta property=\"og:locale\" content=\"de_DE\" \/>\n<meta property=\"og:type\" content=\"article\" \/>\n<meta property=\"og:title\" content=\"Puerto Rico mobilisiert gegen die Verabschiedung von LGBT-Gesetzen\" \/>\n<meta property=\"og:description\" content=\"Warum sollte die LGBTQ+-Community das Privileg der aktiven Legitimation haben, das anderen B\u00fcrgern fehlt?\" \/>\n<meta property=\"og:url\" content=\"https:\/\/ifamnews.com\/de\/puerto-rico-mobilisiert-gegen-die-verabschiedung-von-lgbt-gesetzen\" \/>\n<meta property=\"og:site_name\" content=\"IFN\" \/>\n<meta property=\"article:publisher\" content=\"https:\/\/www.facebook.com\/iFamNews\" \/>\n<meta property=\"article:author\" content=\"https:\/\/facebook.com\/luis.losadapescador\" \/>\n<meta property=\"article:published_time\" content=\"2021-03-31T05:01:00+00:00\" \/>\n<meta property=\"og:image\" content=\"https:\/\/ifamnews.com\/wp-content\/uploads\/2021\/03\/gay-pride-amsterdam-persons-colorful-dressed-netherlands.png\" \/>\n\t<meta property=\"og:image:width\" content=\"1200\" \/>\n\t<meta property=\"og:image:height\" content=\"675\" \/>\n\t<meta property=\"og:image:type\" content=\"image\/png\" \/>\n<meta name=\"author\" content=\"Luis Losada\" \/>\n<meta name=\"twitter:card\" content=\"summary_large_image\" \/>\n<meta name=\"twitter:creator\" content=\"@https:\/\/twitter.com\/losadapescador\" \/>\n<meta name=\"twitter:site\" content=\"@iFamNewsEN\" \/>\n<meta name=\"twitter:label1\" content=\"Verfasst von\" \/>\n\t<meta name=\"twitter:data1\" content=\"Luis Losada\" \/>\n\t<meta name=\"twitter:label2\" content=\"Gesch\u00e4tzte Lesezeit\" \/>\n\t<meta name=\"twitter:data2\" content=\"2\u00a0Minuten\" \/>\n<!-- \/ Yoast SEO Premium plugin. -->","yoast_head_json":{"title":"Puerto Rico mobilisiert gegen die Verabschiedung von LGBT-Gesetzen - IFN","robots":{"index":"index","follow":"follow","max-snippet":"max-snippet:-1","max-image-preview":"max-image-preview:large","max-video-preview":"max-video-preview:-1"},"canonical":"https:\/\/ifamnews.com\/de\/puerto-rico-mobilisiert-gegen-die-verabschiedung-von-lgbt-gesetzen","og_locale":"de_DE","og_type":"article","og_title":"Puerto Rico mobilisiert gegen die Verabschiedung von LGBT-Gesetzen","og_description":"Warum sollte die LGBTQ+-Community das Privileg der aktiven Legitimation haben, das anderen B\u00fcrgern fehlt?","og_url":"https:\/\/ifamnews.com\/de\/puerto-rico-mobilisiert-gegen-die-verabschiedung-von-lgbt-gesetzen","og_site_name":"IFN","article_publisher":"https:\/\/www.facebook.com\/iFamNews","article_author":"https:\/\/facebook.com\/luis.losadapescador","article_published_time":"2021-03-31T05:01:00+00:00","og_image":[{"width":1200,"height":675,"url":"https:\/\/ifamnews.com\/wp-content\/uploads\/2021\/03\/gay-pride-amsterdam-persons-colorful-dressed-netherlands.png","type":"image\/png"}],"author":"Luis Losada","twitter_card":"summary_large_image","twitter_creator":"@https:\/\/twitter.com\/losadapescador","twitter_site":"@iFamNewsEN","twitter_misc":{"Verfasst von":"Luis Losada","Gesch\u00e4tzte Lesezeit":"2\u00a0Minuten"},"schema":{"@context":"https:\/\/schema.org","@graph":[{"@type":"NewsArticle","@id":"https:\/\/ifamnews.com\/de\/puerto-rico-mobilisiert-gegen-die-verabschiedung-von-lgbt-gesetzen#article","isPartOf":{"@id":"https:\/\/ifamnews.com\/de\/puerto-rico-mobilisiert-gegen-die-verabschiedung-von-lgbt-gesetzen"},"author":{"name":"Luis Losada","@id":"https:\/\/ifamnews.com\/en\/#\/schema\/person\/3c74d6bba4ee5d844f5b59791fe04f30"},"headline":"Puerto Rico mobilisiert gegen die Verabschiedung von LGBT-Gesetzen","datePublished":"2021-03-31T05:01:00+00:00","mainEntityOfPage":{"@id":"https:\/\/ifamnews.com\/de\/puerto-rico-mobilisiert-gegen-die-verabschiedung-von-lgbt-gesetzen"},"wordCount":452,"commentCount":0,"publisher":{"@id":"https:\/\/ifamnews.com\/en\/#organization"},"image":{"@id":"https:\/\/ifamnews.com\/de\/puerto-rico-mobilisiert-gegen-die-verabschiedung-von-lgbt-gesetzen#primaryimage"},"thumbnailUrl":"https:\/\/ifamnews.com\/wp-content\/uploads\/2021\/03\/gay-pride-amsterdam-persons-colorful-dressed-netherlands.png","keywords":["Erziehung","Gender-Ideologie","LGBT-Ideologie","LGBT+","Puerto Rico"],"articleSection":["Breaking News","Familie","Vordergrund"],"inLanguage":"de","potentialAction":[{"@type":"CommentAction","name":"Comment","target":["https:\/\/ifamnews.com\/de\/puerto-rico-mobilisiert-gegen-die-verabschiedung-von-lgbt-gesetzen#respond"]}]},{"@type":"WebPage","@id":"https:\/\/ifamnews.com\/de\/puerto-rico-mobilisiert-gegen-die-verabschiedung-von-lgbt-gesetzen","url":"https:\/\/ifamnews.com\/de\/puerto-rico-mobilisiert-gegen-die-verabschiedung-von-lgbt-gesetzen","name":"Puerto Rico mobilisiert gegen die Verabschiedung von LGBT-Gesetzen - IFN","isPartOf":{"@id":"https:\/\/ifamnews.com\/en\/#website"},"primaryImageOfPage":{"@id":"https:\/\/ifamnews.com\/de\/puerto-rico-mobilisiert-gegen-die-verabschiedung-von-lgbt-gesetzen#primaryimage"},"image":{"@id":"https:\/\/ifamnews.com\/de\/puerto-rico-mobilisiert-gegen-die-verabschiedung-von-lgbt-gesetzen#primaryimage"},"thumbnailUrl":"https:\/\/ifamnews.com\/wp-content\/uploads\/2021\/03\/gay-pride-amsterdam-persons-colorful-dressed-netherlands.png","datePublished":"2021-03-31T05:01:00+00:00","breadcrumb":{"@id":"https:\/\/ifamnews.com\/de\/puerto-rico-mobilisiert-gegen-die-verabschiedung-von-lgbt-gesetzen#breadcrumb"},"inLanguage":"de","potentialAction":[{"@type":"ReadAction","target":["https:\/\/ifamnews.com\/de\/puerto-rico-mobilisiert-gegen-die-verabschiedung-von-lgbt-gesetzen"]}]},{"@type":"ImageObject","inLanguage":"de","@id":"https:\/\/ifamnews.com\/de\/puerto-rico-mobilisiert-gegen-die-verabschiedung-von-lgbt-gesetzen#primaryimage","url":"https:\/\/ifamnews.com\/wp-content\/uploads\/2021\/03\/gay-pride-amsterdam-persons-colorful-dressed-netherlands.png","contentUrl":"https:\/\/ifamnews.com\/wp-content\/uploads\/2021\/03\/gay-pride-amsterdam-persons-colorful-dressed-netherlands.png","width":1200,"height":675},{"@type":"BreadcrumbList","@id":"https:\/\/ifamnews.com\/de\/puerto-rico-mobilisiert-gegen-die-verabschiedung-von-lgbt-gesetzen#breadcrumb","itemListElement":[{"@type":"ListItem","position":1,"name":"Home","item":"https:\/\/ifamnews.com\/de"},{"@type":"ListItem","position":2,"name":"\u041f\u043e\u0440\u043e\u0434\u0438\u0446\u0430","item":"https:\/\/ifamnews.com\/sr\/kategorija\/poroditsa"},{"@type":"ListItem","position":3,"name":"Puerto Rico mobilisiert gegen die Verabschiedung von LGBT-Gesetzen"}]},{"@type":"WebSite","@id":"https:\/\/ifamnews.com\/en\/#website","url":"https:\/\/ifamnews.com\/en\/","name":"IFN","description":"International Family News Network","publisher":{"@id":"https:\/\/ifamnews.com\/en\/#organization"},"potentialAction":[{"@type":"SearchAction","target":{"@type":"EntryPoint","urlTemplate":"https:\/\/ifamnews.com\/en\/?s={search_term_string}"},"query-input":{"@type":"PropertyValueSpecification","valueRequired":true,"valueName":"search_term_string"}}],"inLanguage":"de"},{"@type":"Organization","@id":"https:\/\/ifamnews.com\/en\/#organization","name":"iFamNews","url":"https:\/\/ifamnews.com\/en\/","logo":{"@type":"ImageObject","inLanguage":"de","@id":"https:\/\/ifamnews.com\/en\/#\/schema\/logo\/image\/","url":"https:\/\/ifamnews.com\/wp-content\/uploads\/2020\/01\/Share-logo.png","contentUrl":"https:\/\/ifamnews.com\/wp-content\/uploads\/2020\/01\/Share-logo.png","width":200,"height":200,"caption":"iFamNews"},"image":{"@id":"https:\/\/ifamnews.com\/en\/#\/schema\/logo\/image\/"},"sameAs":["https:\/\/www.facebook.com\/iFamNews","https:\/\/x.com\/iFamNewsEN"]},{"@type":"Person","@id":"https:\/\/ifamnews.com\/en\/#\/schema\/person\/3c74d6bba4ee5d844f5b59791fe04f30","name":"Luis Losada","image":{"@type":"ImageObject","inLanguage":"de","@id":"https:\/\/secure.gravatar.com\/avatar\/90fa6f4b948f9f6913b35f877ead6d7f3a307f2e51136a592b41e27537480d69?s=96&d=mm&r=g","url":"https:\/\/secure.gravatar.com\/avatar\/90fa6f4b948f9f6913b35f877ead6d7f3a307f2e51136a592b41e27537480d69?s=96&d=mm&r=g","contentUrl":"https:\/\/secure.gravatar.com\/avatar\/90fa6f4b948f9f6913b35f877ead6d7f3a307f2e51136a592b41e27537480d69?s=96&d=mm&r=g","caption":"Luis Losada"},"description":"Luis Losada Pescador,\u00a0economist and journalist. After 20 years\u00a0in media he is managing consultancy in comunication\u00a0of business and entreprises. He is also campaigns editor of CitizenGO in Latam.","sameAs":["https:\/\/facebook.com\/luis.losadapescador","https:\/\/x.com\/https:\/\/twitter.com\/losadapescador"],"url":"https:\/\/ifamnews.com\/de\/author\/luis-losada"}]}},"amp_enabled":true,"_links":{"self":[{"href":"https:\/\/ifamnews.com\/de\/wp-json\/wp\/v2\/posts\/61481","targetHints":{"allow":["GET"]}}],"collection":[{"href":"https:\/\/ifamnews.com\/de\/wp-json\/wp\/v2\/posts"}],"about":[{"href":"https:\/\/ifamnews.com\/de\/wp-json\/wp\/v2\/types\/post"}],"author":[{"embeddable":true,"href":"https:\/\/ifamnews.com\/de\/wp-json\/wp\/v2\/users\/566"}],"replies":[{"embeddable":true,"href":"https:\/\/ifamnews.com\/de\/wp-json\/wp\/v2\/comments?post=61481"}],"version-history":[{"count":1,"href":"https:\/\/ifamnews.com\/de\/wp-json\/wp\/v2\/posts\/61481\/revisions"}],"predecessor-version":[{"id":61483,"href":"https:\/\/ifamnews.com\/de\/wp-json\/wp\/v2\/posts\/61481\/revisions\/61483"}],"wp:featuredmedia":[{"embeddable":true,"href":"https:\/\/ifamnews.com\/de\/wp-json\/wp\/v2\/media\/58638"}],"wp:attachment":[{"href":"https:\/\/ifamnews.com\/de\/wp-json\/wp\/v2\/media?parent=61481"}],"wp:term":[{"taxonomy":"category","embeddable":true,"href":"https:\/\/ifamnews.com\/de\/wp-json\/wp\/v2\/categories?post=61481"},{"taxonomy":"post_tag","embeddable":true,"href":"https:\/\/ifamnews.com\/de\/wp-json\/wp\/v2\/tags?post=61481"}],"curies":[{"name":"wp","href":"https:\/\/api.w.org\/{rel}","templated":true}]}}