{"id":59982,"date":"2021-03-22T11:01:00","date_gmt":"2021-03-22T15:01:00","guid":{"rendered":"https:\/\/ifamnews.com\/?p=59982"},"modified":"2021-03-15T11:03:54","modified_gmt":"2021-03-15T15:03:54","slug":"eu-f-rdert-lgbt-freiheitszonen-gegen-polens-lgbt-freie-zonen-","status":"publish","type":"post","link":"https:\/\/ifamnews.com\/de\/eu-f-rdert-lgbt-freiheitszonen-gegen-polens-lgbt-freie-zonen-","title":{"rendered":"EU f\u00f6rdert \u201eLGBT+-Freiheitszonen\u201c gegen Polens \u201eLGBT+-freie Zonen\u201c"},"content":{"rendered":"\n<p>Die Europ\u00e4ische Union (EU) existiert, um die V\u00f6lker Europas in Frieden und Harmonie zusammenzuhalten, da ein Leben in Frieden und Harmonie eindeutig weitaus besser ist als ein Leben in Konflikt und Krieg. Warum also w\u00fctet die EU mit Hassreden und hochgradig spaltender Politik wie all den Ma\u00dfnahmen, die sie versucht, Millionen europ\u00e4ischer B\u00fcrger in den Rachen zu w\u00fcrgen, um auf die krasseste und beleidigendste Art und Weise, die LGBT+-Ideologie zu f\u00f6rdern?<\/p>\n\n\n\n<p>Am Donnerstag, den 11. M\u00e4rz, hat Br\u00fcssel mit \u00fcberw\u00e4ltigender Mehrheit einen Vorschlag angenommen, der am Tag zuvor, am Mittwoch, dem 10. M\u00e4rz, vorgelegt wurde. Der Vorschlag war \u2013 so scheint es \u2013 Reaktion auf die \u201eLGBTIQ-freien Zonen\u201c in Polen. Die Europaabgeordneten forderten, dass die gesamte EU eine \u201eLGBTIQ-Freiheitszone\u201c werden soll. Es gab 492 Ja-Stimmen, 141 Nein-Stimmen und 46 Enthaltungen.<\/p>\n\n\n\n<p>Es ist ein offensichtliches Kasperle-Theater, aber, was noch schwerer wiegt, das Ganze basiert auf einer Unwahrheit. Polen hat in der Tat nie davon getr\u00e4umt, \u201eLGBTIQ-freie Zonen\u201c einzurichten. In Polen wurden nie Verbotslisten f\u00fcr homosexuelle Menschen aufgestellt, keine Transenjagden mit Polizeihunden und Beamten in Einsatzkleidung veranstaltet, es wurden auch keine Z\u00fcge zur Abschiebung derer, die sich nicht \u201ebin\u00e4r\u201c f\u00fchlten, eingesetzt. Niemals. Nie und nimmer.<\/p>\n\n\n\n<p>Vielmehr sind sie in Polen dazu \u00fcbergegangen, bestimmte \u201eLGBT+-ideologiefreie Zonen&#8220; zu verordnen. Der Unterschied ist gewaltig. Die Leute wurden nicht rausgeschmissen oder von Stacheldrahtz\u00e4unen ferngehalten: Es ging darum, mit einer offensichtlich demonstrativen Geste zu verbieten, dass eine wissenschaftliche und historische F\u00e4lschung durch und \u00fcber die LGBT+-Ideologie gesellschaftlich und kulturell als wahr durchgesetzt angesehen wird. In der Tat verdienen diese Menschen das h\u00f6chste Ma\u00df an Verst\u00e4ndnis und N\u00e4chstenliebe, Dialog, Vers\u00f6hnung und eine ausgestreckte Hand. Ideologien hingegen nicht, denn das B\u00f6se ist die Negation des Guten und nur das Gute ist Substanz. Das B\u00f6se ist also der einzige Charakter, der niemals das Recht auf Staatsb\u00fcrgerschaft hat. Und, ich wiederhole, Ideologien sind b\u00f6se, alle, immer, auch \u2013 wie k\u00f6nnte es anders sein? \u2013 die LGBT+ Ideologie.<\/p>\n\n\n\n<p>Einige \u201eZonen frei von LGBT+-Ideologie\u201c zu deklarieren bedeutet in der Tat, nicht zu verf\u00e4lschen, nicht zu mystifizieren, nicht zu l\u00fcgen. Es bedeutet, zu bejahen, dass es das Gute und das B\u00f6se gibt, das Richtige im Gegensatz zum Falschen. Es bedeutet zu verhindern, dass Kinder von klein auf mit perversen, an P\u00e4dophilie grenzenden Ma\u00dfnahmen indoktriniert werden, die als \u201eaufgekl\u00e4rte\u201c Kurse ausgegeben werden, es bedeutet, die L\u00fcge der Homo-\u201eEhe\u201c zu verhindern, es bedeutet, die Plage der \u201eGeb\u00e4rmutter zur Miete\u201c zu stoppen, es bedeutet, die Wahrheit nicht zu verw\u00e4ssern. Genauso wie diejenigen, die l\u00fcgend behaupten, Polen h\u00e4tte \u201eLGBTIQ-freie Zonen\u201c eingef\u00fchrt und damit die x-te <em>reductio ad Hitlerum<\/em> derer betreiben, die sich noch nicht dem sich ausbreitenden Transgenderismus gebeugt haben.<\/p>\n\n\n\n<p>Wenn aber das gestrige Votum des Europ\u00e4ischen Parlaments auf einer L\u00fcge beruht, dann ist auch die Idee, das Gegenteil aus dem EU-Raum machen zu wollen, v\u00f6llig falsch. Eine L\u00fcge mit einer L\u00fcge zu bek\u00e4mpfen bedeutet nur, die L\u00fcgen zu multiplizieren. Mit anderen Worten: Das Europaparlament hat gestern nicht \u00fcber eine Ma\u00dfnahme abgestimmt, um europ\u00e4ische B\u00fcrger zu sch\u00fctzen, die Opfer von Diskriminierung, Missbrauch oder Gewalt werden, weil sie LGBT+ sind, sondern um den EU-Raum in eine \u201eLGBT+-Ideologiezone\u201c zu verwandeln.<\/p>\n\n\n\n<p>Wohlgemerkt, wir sollten Europa nicht mit der EU verwechseln. Wann immer wir das tun, dreht sich Erstere in dem Grab um, in dem Letzteres es begraben hat. In der Tat wei\u00df jeder, der im EU-Raum lebt oder einen Fu\u00df in ihn setzt, dass dieser Raum seit gestern von der LGBT-Ideologie, d.h. von Mystifizierung und L\u00fcgen zum Nachteil aller seiner B\u00fcrger, egal ob sie gender-fluid oder bin\u00e4r sind, besetzt wird. Gut, dass die gestrige Abstimmung zur Gattung der \u201enicht-legislativen Resolutionen\u201c geh\u00f6rt. Sonst h\u00e4tte ich sofort die Nicht-EU-Staatsb\u00fcrgerschaft beantragt, um nicht Opfer der chronischen Hetze zu werden, mit der mich Br\u00fcssel zu treffen und zu indoktrinieren versucht.<\/p>\n","protected":false},"excerpt":{"rendered":"<p>Als Antwort auf Polen \u201egetarnt\u201c hat das EU-Parlament die EU einmal mehr zur \u201eLGBTQI-Ideologiezone\u201c gemacht<\/p>\n","protected":false},"author":7,"featured_media":59409,"comment_status":"open","ping_status":"open","sticky":false,"template":"","format":"standard","meta":{"give_campaign_id":0,"om_disable_all_campaigns":false,"_monsterinsights_skip_tracking":false,"_monsterinsights_sitenote_active":false,"_monsterinsights_sitenote_note":"","_monsterinsights_sitenote_category":0,"mc4wp_mailchimp_campaign":[],"jnews-multi-image_gallery":[],"jnews_single_post":{"subtitle":"Als Antwort auf Polen \u201egetarnt\u201c hat das EU-Parlament die EU einmal mehr zur \u201eLGBTQI-Ideologiezone\u201c gemacht","format":"standard","video":"","gallery":"","source_name":"","source_url":"","via_name":"","via_url":"","override":[{"single_blog_custom":"","sidebar":"","second_sidebar":"","share_position":"","share_float_style":"","post_date_format":"","post_date_format_custom":"","post_reading_time_wpm":"","zoom_button_out_step":"1","zoom_button_in_step":"1","number_popup_post":"1"}],"image_override":[{"single_post_thumbnail_size":"","single_post_gallery_size":""}],"trending_post_position":"","trending_post_label":"","sponsored_post_label":"","sponsored_post_name":"","sponsored_post_url":"","sponsored_post_logo":"","sponsored_post_desc":""},"jnews_primary_category":{"id":"768"},"jnews_social_meta":{"fb_title":"","fb_description":"","fb_image":"","twitter_title":"","twitter_description":"","twitter_image":""},"jnews_override_counter":{"view_counter_number":"0","share_counter_number":"0","like_counter_number":"0","dislike_counter_number":"0"},"footnotes":""},"categories":[816,767,768,811],"tags":[9062,6687,6941],"class_list":["post-59982","post","type-post","status-publish","format-standard","has-post-thumbnail","hentry","category-breaking-news-de","category-meinung","category-politik","category-foreground-de","tag-europa-3","tag-europaische-union","tag-lgbt-ideologie"],"yoast_head":"<!-- This site is optimized with the Yoast SEO Premium plugin v25.9 (Yoast SEO v27.3) - https:\/\/yoast.com\/product\/yoast-seo-premium-wordpress\/ -->\n<title>EU f\u00f6rdert \u201eLGBT+-Freiheitszonen\u201c gegen Polens \u201eLGBT+-freie Zonen\u201c - IFN<\/title>\n<meta name=\"robots\" content=\"index, follow, max-snippet:-1, max-image-preview:large, max-video-preview:-1\" \/>\n<link rel=\"canonical\" href=\"https:\/\/ifamnews.com\/de\/eu-f-rdert-lgbt-freiheitszonen-gegen-polens-lgbt-freie-zonen-\" \/>\n<meta property=\"og:locale\" content=\"de_DE\" \/>\n<meta property=\"og:type\" content=\"article\" \/>\n<meta property=\"og:title\" content=\"EU f\u00f6rdert \u201eLGBT+-Freiheitszonen\u201c gegen Polens \u201eLGBT+-freie Zonen\u201c\" \/>\n<meta property=\"og:description\" content=\"Als Antwort auf Polen \u201egetarnt\u201c hat das EU-Parlament die EU einmal mehr zur \u201eLGBTQI-Ideologiezone\u201c gemacht\" \/>\n<meta property=\"og:url\" content=\"https:\/\/ifamnews.com\/de\/eu-f-rdert-lgbt-freiheitszonen-gegen-polens-lgbt-freie-zonen-\" \/>\n<meta property=\"og:site_name\" content=\"IFN\" \/>\n<meta property=\"article:publisher\" content=\"https:\/\/www.facebook.com\/iFamNews\" \/>\n<meta property=\"article:author\" content=\"https:\/\/facebook.com\/MarcoRespinti\" \/>\n<meta property=\"article:published_time\" content=\"2021-03-22T15:01:00+00:00\" \/>\n<meta property=\"og:image\" content=\"https:\/\/ifamnews.com\/wp-content\/uploads\/2021\/03\/1200px-Oodi_Library_European_Union_and_Pride_Flags_2020-09-12.jpg\" \/>\n\t<meta property=\"og:image:width\" content=\"1200\" \/>\n\t<meta property=\"og:image:height\" content=\"675\" \/>\n\t<meta property=\"og:image:type\" content=\"image\/jpeg\" \/>\n<meta name=\"author\" content=\"Marco Respinti\" \/>\n<meta name=\"twitter:card\" content=\"summary_large_image\" \/>\n<meta name=\"twitter:creator\" content=\"@https:\/\/twitter.com\/MarcoRespinti\" \/>\n<meta name=\"twitter:site\" content=\"@iFamNewsEN\" \/>\n<meta name=\"twitter:label1\" content=\"Verfasst von\" \/>\n\t<meta name=\"twitter:data1\" content=\"Marco Respinti\" \/>\n\t<meta name=\"twitter:label2\" content=\"Gesch\u00e4tzte Lesezeit\" \/>\n\t<meta name=\"twitter:data2\" content=\"3\u00a0Minuten\" \/>\n<!-- \/ Yoast SEO Premium plugin. -->","yoast_head_json":{"title":"EU f\u00f6rdert \u201eLGBT+-Freiheitszonen\u201c gegen Polens \u201eLGBT+-freie Zonen\u201c - IFN","robots":{"index":"index","follow":"follow","max-snippet":"max-snippet:-1","max-image-preview":"max-image-preview:large","max-video-preview":"max-video-preview:-1"},"canonical":"https:\/\/ifamnews.com\/de\/eu-f-rdert-lgbt-freiheitszonen-gegen-polens-lgbt-freie-zonen-","og_locale":"de_DE","og_type":"article","og_title":"EU f\u00f6rdert \u201eLGBT+-Freiheitszonen\u201c gegen Polens \u201eLGBT+-freie Zonen\u201c","og_description":"Als Antwort auf Polen \u201egetarnt\u201c hat das EU-Parlament die EU einmal mehr zur \u201eLGBTQI-Ideologiezone\u201c gemacht","og_url":"https:\/\/ifamnews.com\/de\/eu-f-rdert-lgbt-freiheitszonen-gegen-polens-lgbt-freie-zonen-","og_site_name":"IFN","article_publisher":"https:\/\/www.facebook.com\/iFamNews","article_author":"https:\/\/facebook.com\/MarcoRespinti","article_published_time":"2021-03-22T15:01:00+00:00","og_image":[{"width":1200,"height":675,"url":"https:\/\/ifamnews.com\/wp-content\/uploads\/2021\/03\/1200px-Oodi_Library_European_Union_and_Pride_Flags_2020-09-12.jpg","type":"image\/jpeg"}],"author":"Marco Respinti","twitter_card":"summary_large_image","twitter_creator":"@https:\/\/twitter.com\/MarcoRespinti","twitter_site":"@iFamNewsEN","twitter_misc":{"Verfasst von":"Marco Respinti","Gesch\u00e4tzte Lesezeit":"3\u00a0Minuten"},"schema":{"@context":"https:\/\/schema.org","@graph":[{"@type":"NewsArticle","@id":"https:\/\/ifamnews.com\/de\/eu-f-rdert-lgbt-freiheitszonen-gegen-polens-lgbt-freie-zonen-#article","isPartOf":{"@id":"https:\/\/ifamnews.com\/de\/eu-f-rdert-lgbt-freiheitszonen-gegen-polens-lgbt-freie-zonen-"},"author":{"name":"Marco Respinti","@id":"https:\/\/ifamnews.com\/en\/#\/schema\/person\/f0579ab02623e80d44006c1a5d949ea9"},"headline":"EU f\u00f6rdert \u201eLGBT+-Freiheitszonen\u201c gegen Polens \u201eLGBT+-freie Zonen\u201c","datePublished":"2021-03-22T15:01:00+00:00","mainEntityOfPage":{"@id":"https:\/\/ifamnews.com\/de\/eu-f-rdert-lgbt-freiheitszonen-gegen-polens-lgbt-freie-zonen-"},"wordCount":681,"commentCount":0,"publisher":{"@id":"https:\/\/ifamnews.com\/en\/#organization"},"image":{"@id":"https:\/\/ifamnews.com\/de\/eu-f-rdert-lgbt-freiheitszonen-gegen-polens-lgbt-freie-zonen-#primaryimage"},"thumbnailUrl":"https:\/\/ifamnews.com\/wp-content\/uploads\/2021\/03\/1200px-Oodi_Library_European_Union_and_Pride_Flags_2020-09-12.jpg","keywords":["Europa","Europ\u00e4ische Union","LGBT-Ideologie"],"articleSection":["Breaking News","Meinung","Politik","Vordergrund"],"inLanguage":"de","potentialAction":[{"@type":"CommentAction","name":"Comment","target":["https:\/\/ifamnews.com\/de\/eu-f-rdert-lgbt-freiheitszonen-gegen-polens-lgbt-freie-zonen-#respond"]}]},{"@type":"WebPage","@id":"https:\/\/ifamnews.com\/de\/eu-f-rdert-lgbt-freiheitszonen-gegen-polens-lgbt-freie-zonen-","url":"https:\/\/ifamnews.com\/de\/eu-f-rdert-lgbt-freiheitszonen-gegen-polens-lgbt-freie-zonen-","name":"EU f\u00f6rdert \u201eLGBT+-Freiheitszonen\u201c gegen Polens \u201eLGBT+-freie Zonen\u201c - IFN","isPartOf":{"@id":"https:\/\/ifamnews.com\/en\/#website"},"primaryImageOfPage":{"@id":"https:\/\/ifamnews.com\/de\/eu-f-rdert-lgbt-freiheitszonen-gegen-polens-lgbt-freie-zonen-#primaryimage"},"image":{"@id":"https:\/\/ifamnews.com\/de\/eu-f-rdert-lgbt-freiheitszonen-gegen-polens-lgbt-freie-zonen-#primaryimage"},"thumbnailUrl":"https:\/\/ifamnews.com\/wp-content\/uploads\/2021\/03\/1200px-Oodi_Library_European_Union_and_Pride_Flags_2020-09-12.jpg","datePublished":"2021-03-22T15:01:00+00:00","breadcrumb":{"@id":"https:\/\/ifamnews.com\/de\/eu-f-rdert-lgbt-freiheitszonen-gegen-polens-lgbt-freie-zonen-#breadcrumb"},"inLanguage":"de","potentialAction":[{"@type":"ReadAction","target":["https:\/\/ifamnews.com\/de\/eu-f-rdert-lgbt-freiheitszonen-gegen-polens-lgbt-freie-zonen-"]}]},{"@type":"ImageObject","inLanguage":"de","@id":"https:\/\/ifamnews.com\/de\/eu-f-rdert-lgbt-freiheitszonen-gegen-polens-lgbt-freie-zonen-#primaryimage","url":"https:\/\/ifamnews.com\/wp-content\/uploads\/2021\/03\/1200px-Oodi_Library_European_Union_and_Pride_Flags_2020-09-12.jpg","contentUrl":"https:\/\/ifamnews.com\/wp-content\/uploads\/2021\/03\/1200px-Oodi_Library_European_Union_and_Pride_Flags_2020-09-12.jpg","width":1200,"height":675,"caption":"EuroLGBT+"},{"@type":"BreadcrumbList","@id":"https:\/\/ifamnews.com\/de\/eu-f-rdert-lgbt-freiheitszonen-gegen-polens-lgbt-freie-zonen-#breadcrumb","itemListElement":[{"@type":"ListItem","position":1,"name":"Home","item":"https:\/\/ifamnews.com\/de"},{"@type":"ListItem","position":2,"name":"Politics","item":"https:\/\/ifamnews.com\/en\/category\/politics"},{"@type":"ListItem","position":3,"name":"EU f\u00f6rdert \u201eLGBT+-Freiheitszonen\u201c gegen Polens \u201eLGBT+-freie Zonen\u201c"}]},{"@type":"WebSite","@id":"https:\/\/ifamnews.com\/en\/#website","url":"https:\/\/ifamnews.com\/en\/","name":"IFN","description":"International Family News Network","publisher":{"@id":"https:\/\/ifamnews.com\/en\/#organization"},"potentialAction":[{"@type":"SearchAction","target":{"@type":"EntryPoint","urlTemplate":"https:\/\/ifamnews.com\/en\/?s={search_term_string}"},"query-input":{"@type":"PropertyValueSpecification","valueRequired":true,"valueName":"search_term_string"}}],"inLanguage":"de"},{"@type":"Organization","@id":"https:\/\/ifamnews.com\/en\/#organization","name":"iFamNews","url":"https:\/\/ifamnews.com\/en\/","logo":{"@type":"ImageObject","inLanguage":"de","@id":"https:\/\/ifamnews.com\/en\/#\/schema\/logo\/image\/","url":"https:\/\/ifamnews.com\/wp-content\/uploads\/2020\/01\/Share-logo.png","contentUrl":"https:\/\/ifamnews.com\/wp-content\/uploads\/2020\/01\/Share-logo.png","width":200,"height":200,"caption":"iFamNews"},"image":{"@id":"https:\/\/ifamnews.com\/en\/#\/schema\/logo\/image\/"},"sameAs":["https:\/\/www.facebook.com\/iFamNews","https:\/\/x.com\/iFamNewsEN"]},{"@type":"Person","@id":"https:\/\/ifamnews.com\/en\/#\/schema\/person\/f0579ab02623e80d44006c1a5d949ea9","name":"Marco Respinti","image":{"@type":"ImageObject","inLanguage":"de","@id":"https:\/\/secure.gravatar.com\/avatar\/4ab04a5127131015e13010f222e38621144dc33a5df5d977b35ceeab15ee958f?s=96&d=mm&r=g","url":"https:\/\/secure.gravatar.com\/avatar\/4ab04a5127131015e13010f222e38621144dc33a5df5d977b35ceeab15ee958f?s=96&d=mm&r=g","contentUrl":"https:\/\/secure.gravatar.com\/avatar\/4ab04a5127131015e13010f222e38621144dc33a5df5d977b35ceeab15ee958f?s=96&d=mm&r=g","caption":"Marco Respinti"},"description":"Marco Respinti was the Editor-in-Chief of International Family News until the end of 2022. He is an Italian professional journalist, member of the International Federation of Journalists (IFJ), essayist, translator, and lecturer. He has contributed and contributes to several journals and magazines both in print and online, both in Italy and abroad. Author of books, he has translated and\/or edited works by, among others, Edmund Burke, Charles Dickens, T.S. Eliot, Russell Kirk, J.R.R. Tolkien, R\u00e9gine Pernoud and Gustave Thibon. A Senior fellow at the\u00a0Russell Kirk Center for Cultural Renewal (Mecosta, Michigan) he is also a founding member as well as Board member of the Center for European Renewal (The Hague, The Netherlands). A member of the Editorial Board of The European Conservative magazine, as well as a member of the Advisory Council of the European Federation for Freedom of Belief, he serves as Director-in-Charge of the academic publication The Journal of CESNUR and the online Bitter Winter: A Magazine on Religious Liberty and Human Rights.","sameAs":["https:\/\/facebook.com\/MarcoRespinti","https:\/\/it.linkedin.com\/in\/marcorespinti","https:\/\/pinterest.it\/MarcoRespinti\/_created\/","https:\/\/x.com\/https:\/\/twitter.com\/MarcoRespinti","https:\/\/youtube.com\/channel\/UC1FbsvyQNTQ-snpsmRC12Og?view_as=subscriber"],"url":"https:\/\/ifamnews.com\/de\/author\/mrespinti"}]}},"amp_enabled":true,"_links":{"self":[{"href":"https:\/\/ifamnews.com\/de\/wp-json\/wp\/v2\/posts\/59982","targetHints":{"allow":["GET"]}}],"collection":[{"href":"https:\/\/ifamnews.com\/de\/wp-json\/wp\/v2\/posts"}],"about":[{"href":"https:\/\/ifamnews.com\/de\/wp-json\/wp\/v2\/types\/post"}],"author":[{"embeddable":true,"href":"https:\/\/ifamnews.com\/de\/wp-json\/wp\/v2\/users\/7"}],"replies":[{"embeddable":true,"href":"https:\/\/ifamnews.com\/de\/wp-json\/wp\/v2\/comments?post=59982"}],"version-history":[{"count":1,"href":"https:\/\/ifamnews.com\/de\/wp-json\/wp\/v2\/posts\/59982\/revisions"}],"predecessor-version":[{"id":59983,"href":"https:\/\/ifamnews.com\/de\/wp-json\/wp\/v2\/posts\/59982\/revisions\/59983"}],"wp:featuredmedia":[{"embeddable":true,"href":"https:\/\/ifamnews.com\/de\/wp-json\/wp\/v2\/media\/59409"}],"wp:attachment":[{"href":"https:\/\/ifamnews.com\/de\/wp-json\/wp\/v2\/media?parent=59982"}],"wp:term":[{"taxonomy":"category","embeddable":true,"href":"https:\/\/ifamnews.com\/de\/wp-json\/wp\/v2\/categories?post=59982"},{"taxonomy":"post_tag","embeddable":true,"href":"https:\/\/ifamnews.com\/de\/wp-json\/wp\/v2\/tags?post=59982"}],"curies":[{"name":"wp","href":"https:\/\/api.w.org\/{rel}","templated":true}]}}