{"id":58499,"date":"2021-03-15T01:00:00","date_gmt":"2021-03-15T05:00:00","guid":{"rendered":"https:\/\/ifamnews.com\/?p=58499"},"modified":"2021-03-30T09:17:37","modified_gmt":"2021-03-30T13:17:37","slug":"italien-covid-19-pflege-zu-hause-ffentlich-kritisiert-warum-","status":"publish","type":"post","link":"https:\/\/ifamnews.com\/de\/italien-covid-19-pflege-zu-hause-ffentlich-kritisiert-warum-","title":{"rendered":"Italien: COVID-19 Pflege zu Hause \u00f6ffentlich kritisiert. Warum?"},"content":{"rendered":"<p class=\"last-updated\">Last updated on M\u00e4rz 30th, 2021 at 09:17 a.m.<\/p>\n<p>In Italien sind Paradoxien immer sicher. So wie die Tatsache, dass ein Jahr nach der Ank\u00fcndigung der Pandemie von COVID-19 (die \u201e19\u201c steht f\u00fcr \u201e2019\u201c, aber der Monat ist nicht angegeben &#8230;) die Kranken nur mit Paracetamol behandelt werden \u2013 so die Anweisung der italienischen Arzneimittelbeh\u00f6rde an die \u00c4rzte \u2013 und &#8230; mit dem wachsamen Abwarten innerhalb der Mauern des Hauses. Aber worauf warten wir eigentlich?<\/p>\n\n\n\n<p>Von Krankenwagen, die aus Platzmangel vor der Notaufnahme halten? Von Patienten, die mit einer Lungenentz\u00fcndung ins Krankenhaus kommen, wenn es bereits zu sp\u00e4t ist? Von Haus\u00e4rzten, die der F\u00fcrsorgepflicht und dem Recht enthoben sind, weil sie an die Wissenschaft glauben? Von vielen Toten, die bereits einge\u00e4schert wurden, ohne eine Autopsie zuzulassen?<\/p>\n\n\n\n<p>Angesichts all dessen wird die h\u00e4usliche Pflege von COVID-19-Patienten strategisch und notwendig.<\/p>\n\n\n\n<p>Nun hat der Rechtsanwalt Erich Grimaldi vom <em>Forum Neapel<\/em> \u00fcber Facebook im M\u00e4rz 2020 eine Ad-hoc-Initiative ins Leben gerufen, die sich dann zum \u201eHome Care Committee Covid-19\u201c (\u201eHeimpflege Komitee COVID-19\u201c) entwickelt hat.<\/p>\n\n\n\n<p>Der Verein \u201eAvvocatura In Missione\u201c, dem ich vorstehe, appelliert an die politischen Kr\u00e4fte und ihre Vertreter guten Willens, dem Gesundheitsminister Roberto Speranza mittels einer parlamentarischen Anfrage eine f\u00f6rmliche Anfrage zu stellen, um zu verstehen, warum die einfachste M\u00f6glichkeit, die Kranken sofort zu Hause zu behandeln, bisher nicht in Betracht gezogen wurde.<\/p>\n\n\n\n<p>Warum werden die Stimmen von \u00c4rzten, die COVID-19-Patienten zu Hause oder sogar online behandelt und positive Ergebnisse ohne Krankenhausaufenthalt erzielt haben, nicht geh\u00f6rt, ja sie werden sogar verh\u00f6hnt oder zum Schweigen gebracht? Ist es vielleicht so, dass die \u201eTelemedizin\u201c nur dazu dient, Abtreibungen auch an Minderj\u00e4hrige zu verschreiben?<\/p>\n\n\n\n<p>Am 4. M\u00e4rz hat das Verwaltungsgericht Latium dem vorsorglichen Antrag der \u00c4rzte des Komitees f\u00fcr h\u00e4usliche Pflege Covid-19, vertreten durch Rechtsanwalt Grimaldi, stattgegeben und den Antrag der \u00c4rzte, die Medikamente zu verschreiben, die sie \u201enach bestem Wissen und Gewissen\u201c f\u00fcr angemessen halten, als begr\u00fcndet angesehen. Manchmal funktioniert die Gerechtigkeit. Jetzt setzen wir eine sofortige \u00dcberarbeitung der ministeriellen Richtlinien durch.<\/p>\n\n\n\n<p>Kurzum, es ist Zeit f\u00fcr einen Tempowechsel, um den B\u00fcrger mit seinen Rechten auf Freiheit, Gesundheit und Arbeit in den Mittelpunkt zu stellen. Es ist an der Zeit, das nationale Gesundheitssystem zu \u00fcberpr\u00fcfen, in die Erh\u00f6hung der Zahl der Allgemeinmediziner zu investieren, ihnen die Schemata der Therapien zur Verf\u00fcgung zu stellen, die sich bew\u00e4hrt haben, und vielleicht jemanden von der Bank zu holen, der sich als unf\u00e4hig erwiesen hat, eine andere Behandlung zu verschreiben, auch &#8211; bewundernswerterweise &#8211; die in mehreren F\u00e4llen funktioniert.<\/p>\n\n\n\n<p><em><strong>iFamNews <\/strong>hat keine spezifische Expertise im Bereich Gesundheit und Medizin. Aber wir verteidigen das unantastbare Prinzip des Rechts auf Leben. Alle Beitr\u00e4ge, die in diese Richtung gehen, sind daher \u2013 mit Vernunft und gesundem Menschenverstand \u2013 f\u00fcr uns ein Ansporn, immer wieder die Aufmerksamkeit auf verwandte Themen zu lenken und die Fahne der pers\u00f6nlichen Grundrechte zu verteidigen. Darum ver\u00f6ffentlichen wir diesen Gastbeitrag.<\/em><\/p>\n","protected":false},"excerpt":{"rendered":"<p>Initiative von Heimpflege f\u00fcr COVID-19 Patienten wird in Italien zum Schweigen gebracht<\/p>\n","protected":false},"author":333,"featured_media":9692,"comment_status":"open","ping_status":"open","sticky":false,"template":"","format":"standard","meta":{"give_campaign_id":0,"om_disable_all_campaigns":false,"_monsterinsights_skip_tracking":false,"_monsterinsights_sitenote_active":false,"_monsterinsights_sitenote_note":"","_monsterinsights_sitenote_category":0,"mc4wp_mailchimp_campaign":[],"jnews-multi-image_gallery":[],"jnews_single_post":{"subtitle":"Initiative von Heimpflege f\u00fcr COVID-19 Patienten wird in Italien zum Schweigen gebracht","format":"standard","video":"","gallery":"","source_name":"","source_url":"","via_name":"","via_url":"","override":[{"single_blog_custom":"","sidebar":"","second_sidebar":"","share_position":"","share_float_style":"","post_date_format":"","post_date_format_custom":"","post_reading_time_wpm":"","zoom_button_out_step":"1","zoom_button_in_step":"1","number_popup_post":"1"}],"image_override":[{"single_post_thumbnail_size":"","single_post_gallery_size":""}],"trending_post_position":"","trending_post_label":"","sponsored_post_label":"","sponsored_post_name":"","sponsored_post_url":"","sponsored_post_logo":"","sponsored_post_desc":""},"jnews_primary_category":{"id":"767"},"jnews_social_meta":{"fb_title":"","fb_description":"","fb_image":"","twitter_title":"","twitter_description":"","twitter_image":""},"jnews_override_counter":{"view_counter_number":"0","share_counter_number":"0","like_counter_number":"0","dislike_counter_number":"0"},"footnotes":""},"categories":[816,767,768,811],"tags":[2299,2300,8943,8944],"class_list":["post-58499","post","type-post","status-publish","format-standard","has-post-thumbnail","hentry","category-breaking-news-de","category-meinung","category-politik","category-foreground-de","tag-coronavirus","tag-covid-19-3","tag-heimpflege","tag-pflege-zu-hause"],"yoast_head":"<!-- This site is optimized with the Yoast SEO Premium plugin v25.9 (Yoast SEO v27.3) - https:\/\/yoast.com\/product\/yoast-seo-premium-wordpress\/ -->\n<title>Italien: COVID-19 Pflege zu Hause \u00f6ffentlich kritisiert. Warum? - IFN<\/title>\n<meta name=\"robots\" content=\"index, follow, max-snippet:-1, max-image-preview:large, max-video-preview:-1\" \/>\n<link rel=\"canonical\" href=\"https:\/\/ifamnews.com\/de\/italien-covid-19-pflege-zu-hause-ffentlich-kritisiert-warum-\" \/>\n<meta property=\"og:locale\" content=\"de_DE\" \/>\n<meta property=\"og:type\" content=\"article\" \/>\n<meta property=\"og:title\" content=\"Italien: COVID-19 Pflege zu Hause \u00f6ffentlich kritisiert. Warum?\" \/>\n<meta property=\"og:description\" content=\"Initiative von Heimpflege f\u00fcr COVID-19 Patienten wird in Italien zum Schweigen gebracht\" \/>\n<meta property=\"og:url\" content=\"https:\/\/ifamnews.com\/de\/italien-covid-19-pflege-zu-hause-ffentlich-kritisiert-warum-\" \/>\n<meta property=\"og:site_name\" content=\"IFN\" \/>\n<meta property=\"article:publisher\" content=\"https:\/\/www.facebook.com\/iFamNews\" \/>\n<meta property=\"article:published_time\" content=\"2021-03-15T05:00:00+00:00\" \/>\n<meta property=\"article:modified_time\" content=\"2021-03-30T13:17:37+00:00\" \/>\n<meta property=\"og:image\" content=\"https:\/\/ifamnews.com\/wp-content\/uploads\/2020\/02\/Coronavirus.jpg\" \/>\n\t<meta property=\"og:image:width\" content=\"1181\" \/>\n\t<meta property=\"og:image:height\" content=\"1181\" \/>\n\t<meta property=\"og:image:type\" content=\"image\/jpeg\" \/>\n<meta name=\"author\" content=\"Anna Egidia Catenaro\" \/>\n<meta name=\"twitter:card\" content=\"summary_large_image\" \/>\n<meta name=\"twitter:creator\" content=\"@iFamNewsEN\" \/>\n<meta name=\"twitter:site\" content=\"@iFamNewsEN\" \/>\n<meta name=\"twitter:label1\" content=\"Verfasst von\" \/>\n\t<meta name=\"twitter:data1\" content=\"Anna Egidia Catenaro\" \/>\n\t<meta name=\"twitter:label2\" content=\"Gesch\u00e4tzte Lesezeit\" \/>\n\t<meta name=\"twitter:data2\" content=\"2\u00a0Minuten\" \/>\n<!-- \/ Yoast SEO Premium plugin. -->","yoast_head_json":{"title":"Italien: COVID-19 Pflege zu Hause \u00f6ffentlich kritisiert. Warum? - IFN","robots":{"index":"index","follow":"follow","max-snippet":"max-snippet:-1","max-image-preview":"max-image-preview:large","max-video-preview":"max-video-preview:-1"},"canonical":"https:\/\/ifamnews.com\/de\/italien-covid-19-pflege-zu-hause-ffentlich-kritisiert-warum-","og_locale":"de_DE","og_type":"article","og_title":"Italien: COVID-19 Pflege zu Hause \u00f6ffentlich kritisiert. Warum?","og_description":"Initiative von Heimpflege f\u00fcr COVID-19 Patienten wird in Italien zum Schweigen gebracht","og_url":"https:\/\/ifamnews.com\/de\/italien-covid-19-pflege-zu-hause-ffentlich-kritisiert-warum-","og_site_name":"IFN","article_publisher":"https:\/\/www.facebook.com\/iFamNews","article_published_time":"2021-03-15T05:00:00+00:00","article_modified_time":"2021-03-30T13:17:37+00:00","og_image":[{"width":1181,"height":1181,"url":"https:\/\/ifamnews.com\/wp-content\/uploads\/2020\/02\/Coronavirus.jpg","type":"image\/jpeg"}],"author":"Anna Egidia Catenaro","twitter_card":"summary_large_image","twitter_creator":"@iFamNewsEN","twitter_site":"@iFamNewsEN","twitter_misc":{"Verfasst von":"Anna Egidia Catenaro","Gesch\u00e4tzte Lesezeit":"2\u00a0Minuten"},"schema":{"@context":"https:\/\/schema.org","@graph":[{"@type":"NewsArticle","@id":"https:\/\/ifamnews.com\/de\/italien-covid-19-pflege-zu-hause-ffentlich-kritisiert-warum-#article","isPartOf":{"@id":"https:\/\/ifamnews.com\/de\/italien-covid-19-pflege-zu-hause-ffentlich-kritisiert-warum-"},"author":{"name":"Anna Egidia Catenaro","@id":"https:\/\/ifamnews.com\/en\/#\/schema\/person\/584a544898a81d3796ffb281718546f2"},"headline":"Italien: COVID-19 Pflege zu Hause \u00f6ffentlich kritisiert. Warum?","datePublished":"2021-03-15T05:00:00+00:00","dateModified":"2021-03-30T13:17:37+00:00","mainEntityOfPage":{"@id":"https:\/\/ifamnews.com\/de\/italien-covid-19-pflege-zu-hause-ffentlich-kritisiert-warum-"},"wordCount":497,"commentCount":0,"publisher":{"@id":"https:\/\/ifamnews.com\/en\/#organization"},"image":{"@id":"https:\/\/ifamnews.com\/de\/italien-covid-19-pflege-zu-hause-ffentlich-kritisiert-warum-#primaryimage"},"thumbnailUrl":"https:\/\/ifamnews.com\/wp-content\/uploads\/2020\/02\/Coronavirus.jpg","keywords":["Coronavirus","COVID-19","Heimpflege","Pflege zu Hause"],"articleSection":["Breaking News","Meinung","Politik","Vordergrund"],"inLanguage":"de","potentialAction":[{"@type":"CommentAction","name":"Comment","target":["https:\/\/ifamnews.com\/de\/italien-covid-19-pflege-zu-hause-ffentlich-kritisiert-warum-#respond"]}]},{"@type":"WebPage","@id":"https:\/\/ifamnews.com\/de\/italien-covid-19-pflege-zu-hause-ffentlich-kritisiert-warum-","url":"https:\/\/ifamnews.com\/de\/italien-covid-19-pflege-zu-hause-ffentlich-kritisiert-warum-","name":"Italien: COVID-19 Pflege zu Hause \u00f6ffentlich kritisiert. Warum? - IFN","isPartOf":{"@id":"https:\/\/ifamnews.com\/en\/#website"},"primaryImageOfPage":{"@id":"https:\/\/ifamnews.com\/de\/italien-covid-19-pflege-zu-hause-ffentlich-kritisiert-warum-#primaryimage"},"image":{"@id":"https:\/\/ifamnews.com\/de\/italien-covid-19-pflege-zu-hause-ffentlich-kritisiert-warum-#primaryimage"},"thumbnailUrl":"https:\/\/ifamnews.com\/wp-content\/uploads\/2020\/02\/Coronavirus.jpg","datePublished":"2021-03-15T05:00:00+00:00","dateModified":"2021-03-30T13:17:37+00:00","breadcrumb":{"@id":"https:\/\/ifamnews.com\/de\/italien-covid-19-pflege-zu-hause-ffentlich-kritisiert-warum-#breadcrumb"},"inLanguage":"de","potentialAction":[{"@type":"ReadAction","target":["https:\/\/ifamnews.com\/de\/italien-covid-19-pflege-zu-hause-ffentlich-kritisiert-warum-"]}]},{"@type":"ImageObject","inLanguage":"de","@id":"https:\/\/ifamnews.com\/de\/italien-covid-19-pflege-zu-hause-ffentlich-kritisiert-warum-#primaryimage","url":"https:\/\/ifamnews.com\/wp-content\/uploads\/2020\/02\/Coronavirus.jpg","contentUrl":"https:\/\/ifamnews.com\/wp-content\/uploads\/2020\/02\/Coronavirus.jpg","width":1181,"height":1181,"caption":"Image from Google Images"},{"@type":"BreadcrumbList","@id":"https:\/\/ifamnews.com\/de\/italien-covid-19-pflege-zu-hause-ffentlich-kritisiert-warum-#breadcrumb","itemListElement":[{"@type":"ListItem","position":1,"name":"Home","item":"https:\/\/ifamnews.com\/de"},{"@type":"ListItem","position":2,"name":"Politics","item":"https:\/\/ifamnews.com\/en\/category\/politics"},{"@type":"ListItem","position":3,"name":"Italien: COVID-19 Pflege zu Hause \u00f6ffentlich kritisiert. Warum?"}]},{"@type":"WebSite","@id":"https:\/\/ifamnews.com\/en\/#website","url":"https:\/\/ifamnews.com\/en\/","name":"IFN","description":"International Family News Network","publisher":{"@id":"https:\/\/ifamnews.com\/en\/#organization"},"potentialAction":[{"@type":"SearchAction","target":{"@type":"EntryPoint","urlTemplate":"https:\/\/ifamnews.com\/en\/?s={search_term_string}"},"query-input":{"@type":"PropertyValueSpecification","valueRequired":true,"valueName":"search_term_string"}}],"inLanguage":"de"},{"@type":"Organization","@id":"https:\/\/ifamnews.com\/en\/#organization","name":"iFamNews","url":"https:\/\/ifamnews.com\/en\/","logo":{"@type":"ImageObject","inLanguage":"de","@id":"https:\/\/ifamnews.com\/en\/#\/schema\/logo\/image\/","url":"https:\/\/ifamnews.com\/wp-content\/uploads\/2020\/01\/Share-logo.png","contentUrl":"https:\/\/ifamnews.com\/wp-content\/uploads\/2020\/01\/Share-logo.png","width":200,"height":200,"caption":"iFamNews"},"image":{"@id":"https:\/\/ifamnews.com\/en\/#\/schema\/logo\/image\/"},"sameAs":["https:\/\/www.facebook.com\/iFamNews","https:\/\/x.com\/iFamNewsEN"]},{"@type":"Person","@id":"https:\/\/ifamnews.com\/en\/#\/schema\/person\/584a544898a81d3796ffb281718546f2","name":"Anna Egidia Catenaro","image":{"@type":"ImageObject","inLanguage":"de","@id":"https:\/\/secure.gravatar.com\/avatar\/c252c16a96e206d54687ee3dc7d3804aee0005db0241ed017cbd5662d923acea?s=96&d=mm&r=g","url":"https:\/\/secure.gravatar.com\/avatar\/c252c16a96e206d54687ee3dc7d3804aee0005db0241ed017cbd5662d923acea?s=96&d=mm&r=g","contentUrl":"https:\/\/secure.gravatar.com\/avatar\/c252c16a96e206d54687ee3dc7d3804aee0005db0241ed017cbd5662d923acea?s=96&d=mm&r=g","caption":"Anna Egidia Catenaro"},"description":"Anna Egidia Catenaro, a lawyer, in 2000 founded Avvocatura in missione (Lawyers on a Mission), an association to respond to Pope Saint John Paul II\u2019s to bring Christ into one\u2019s own work environment. The association has been recognized as a private association of faithful laypersons and an association for social promotion.","url":"https:\/\/ifamnews.com\/de\/author\/anna-egidia-catenaro"}]}},"amp_enabled":true,"_links":{"self":[{"href":"https:\/\/ifamnews.com\/de\/wp-json\/wp\/v2\/posts\/58499","targetHints":{"allow":["GET"]}}],"collection":[{"href":"https:\/\/ifamnews.com\/de\/wp-json\/wp\/v2\/posts"}],"about":[{"href":"https:\/\/ifamnews.com\/de\/wp-json\/wp\/v2\/types\/post"}],"author":[{"embeddable":true,"href":"https:\/\/ifamnews.com\/de\/wp-json\/wp\/v2\/users\/333"}],"replies":[{"embeddable":true,"href":"https:\/\/ifamnews.com\/de\/wp-json\/wp\/v2\/comments?post=58499"}],"version-history":[{"count":1,"href":"https:\/\/ifamnews.com\/de\/wp-json\/wp\/v2\/posts\/58499\/revisions"}],"predecessor-version":[{"id":58500,"href":"https:\/\/ifamnews.com\/de\/wp-json\/wp\/v2\/posts\/58499\/revisions\/58500"}],"wp:featuredmedia":[{"embeddable":true,"href":"https:\/\/ifamnews.com\/de\/wp-json\/wp\/v2\/media\/9692"}],"wp:attachment":[{"href":"https:\/\/ifamnews.com\/de\/wp-json\/wp\/v2\/media?parent=58499"}],"wp:term":[{"taxonomy":"category","embeddable":true,"href":"https:\/\/ifamnews.com\/de\/wp-json\/wp\/v2\/categories?post=58499"},{"taxonomy":"post_tag","embeddable":true,"href":"https:\/\/ifamnews.com\/de\/wp-json\/wp\/v2\/tags?post=58499"}],"curies":[{"name":"wp","href":"https:\/\/api.w.org\/{rel}","templated":true}]}}