{"id":58470,"date":"2021-03-16T13:00:00","date_gmt":"2021-03-16T17:00:00","guid":{"rendered":"https:\/\/ifamnews.com\/primera-derrota-de-pol-tica-interna-por-joe-biden\/"},"modified":"2021-03-11T05:48:48","modified_gmt":"2021-03-11T10:48:48","slug":"erste-innenpolitische-niederlage-f-r-joe-biden","status":"publish","type":"post","link":"https:\/\/ifamnews.com\/de\/erste-innenpolitische-niederlage-f-r-joe-biden","title":{"rendered":"Erste innenpolitische Niederlage f\u00fcr Joe Biden"},"content":{"rendered":"\n<p>Am vergangenen 2. M\u00e4rz hat der amerikanische Pr\u00e4sident die umstrittene Nominierung von Neera Tanden, die seine Wahl f\u00fcr den Posten der Haushaltschefin im Wei\u00dfen Haus war, angesichts der Opposition im Senat zur\u00fcckgezogen. Er hat es gar nicht erst versucht und es bis zur Abstimmung kommen lassen, da ihm klar war, nicht einmal die einfache Mehrheit erzielen zu k\u00f6nnen. Nun wird Joe Biden einen anderen Kandidaten ernennen m\u00fcssen, was wiederum die Frage aufwirft, welche innenpolitischen Herausforderungen der neue US-Pr\u00e4sident zu bew\u00e4ltigen hat.<\/p>\n\n\n\n<p>Diese Nachricht mag unbedeutend erscheinen. Die Tatsache, dass ein vom Biden-Kabinett vorgeschlagener Staatsdiener nicht gen\u00fcgend Stimmen hat, um vom Senat best\u00e4tigt zu werden, bedeutet jedoch schon jetzt einen tiefen Einschnitt in der noch jungen Amtszeit Bidens.<\/p>\n\n\n\n<p>Betrachten wir den Fall ganz kurz und halten wir fest, was passiert ist.<\/p>\n\n\n\n<p>Neera Tanden hat sich von Anfang an unerbittlich und zum Teil sogar beleidigend \u00fcber verschiedene republikanische Kandidaten ge\u00e4u\u00dfert und nie einen Hehl aus ihrer Verachtung gegen\u00fcber den Republikanern gemacht. Logischerweise schlie\u00dft diese Haltung die M\u00f6glichkeit aus, auch nur eine einzige republikanische Stimme zu bekommen. Dies war nat\u00fcrlich absehbar. Doch die ausschlaggebende \u201eRolle\u201c spielten einige Stimmen der Demokraten.<\/p>\n\n\n\n<p>Der US-Senat hat 100 Sitze und setzt sich infolge der letzten Wahlen gleichgewichtet aus 50 Republikanern und 50 Demokraten zusammen. Liegt bei einer Abstimmung jedoch eine Stimmengleichheit vor, ist die Vizepr\u00e4sidentin Kamala Harris &#8211; in ihrer Rolle als Vorsitzende des Senats &#8211; das Z\u00fcnglein an der Waage und entscheidet mit ihrer Stimme die Pattsituation. Das bedeutet, dass die Demokraten aufgrund dieses Entscheidungsmechanismus die Mehrheit haben, jedenfalls in der Theorie.<\/p>\n\n\n\n<p>Aber in der Praxis ist es nicht so einfach.<\/p>\n\n\n\n<p>Zuallererst hat sich Senator Bernie Sanders, der ehemalige Pr\u00e4sidentschaftskandidat in den Vorwahlen der Demokraten und bekennende Sozialist, offiziell von der Partei distanziert und gilt nun als unabh\u00e4ngiger Senator. Er verk\u00fcndete, dass Neera Tanden seiner Meinung nach zu sehr die politische Mitte vertrete und dass er gegen ihre Nominierung stimmen werde. Zu Sanders gesellte sich der demokratische Senator Joe Manchin, ein gem\u00e4\u00dfigter Konservativer, der Tandens Kandidatur als zu kontrovers und nicht konsensf\u00e4hig anprangerte, und so die Chancen von Bidens Wunschkandidatin zunichte machte. Das Wei\u00dfe Haus versuchte daraufhin, einige republikanische Senatoren, die der demokratischen Agenda n\u00e4herstehen, abzuwerben, um so die \u201eNein\u201c-Stimmen auszugleichen, hatte dabei aber keinen Erfolg.<\/p>\n\n\n\n<p>Was uns dieser Vorfall &#8211; &nbsp;abgesehen von der gescheiterten Nominierung &#8211; zeigt, ist, dass die linke, durch Bernie Sanders verk\u00f6rperte Fraktion eine enorme Rolle in der US-Politik spielen wird. Die Demokraten haben nur eine schwache Mehrheit im Senat, so dass Biden auf Unterst\u00fctzung von Seiten der radikalen Linken innerhalb seiner Partei angewiesen ist. Bernie Sanders f\u00fchrt innerhalb der Demokratischen Partei ein progressives Lager an, dem mehrere Senatoren angeh\u00f6ren und das ihm Biden gegen\u00fcber ein betr\u00e4chtliches Ausma\u00df an politischer Schlagkraft verleiht. Aufgrund der&nbsp; noch anhaltenden Nachwehen der Wahlkampfstreitigkeiten steht im Moment fast die gesamte Partei geschlossen hinter Biden, aber die Progressivisten werden schon bald einfordern, dass ihre Ansichten an politischem Gewicht gewinnen und in politische Ma\u00dfnahmen umgesetzt werden. Wird der alternde und zerstreute Biden in der Lage sein, das Schiff mit dem bisschen F\u00fchrungsst\u00e4rke, das er bisher gezeigt hat, zu steuern?<\/p>\n\n\n\n<p>Die Demokratische Partei, deren traditionelles Wappentier ein Esel ist (das ist kein Scherz&#8230;), ist im politischen Sinne an einen Fahnenmast gebunden, an dem eine rote \u201elinks-progressive\u201c Flagge weht. Gem\u00e4\u00dfigte Parteivertreter, die politische Mitte sowie die wenigen Konservativen, die in den R\u00e4ngen der Demokraten noch verblieben sind, werden ohne Einverst\u00e4ndnis und Billigung der radikalen Linken nichts ausrichten k\u00f6nnen.<\/p>\n\n\n\n<p><strong><em>Die Lebens- und Familienrechtsbewegung interessiert Sie? Bleiben Sie immer auf dem neuesten Stand \u2013 abonnieren Sie unseren Newsletter! <\/em><\/strong><a href=\"https:\/\/ifamnews.com\/de\/abonnieren\"><strong><em>Registrieren Sie sich hier.<\/em><\/strong><\/a><strong><em>T\u00e4gliche Nachrichten aus den deutschsprachigen L\u00e4ndern und der ganzen Welt!<\/em><\/strong><\/p>\n","protected":false},"excerpt":{"rendered":"<p>Die Demokratische Partei ist im politischen Sinne an einen Fahnenmast gebunden, an dem eine rote \u201elinks-progressive\u201c Flagge weht. Gem\u00e4\u00dfigte Parteivertreter, die politische Mitte sowie die wenigen Konservativen, die in den R\u00e4ngen der Demokraten noch verblieben sind, werden ohne Einverst\u00e4ndnis und Billigung der radikalen Linken nichts ausrichten k\u00f6nnen.<\/p>\n","protected":false},"author":576,"featured_media":58184,"comment_status":"open","ping_status":"open","sticky":false,"template":"","format":"standard","meta":{"give_campaign_id":0,"om_disable_all_campaigns":false,"_monsterinsights_skip_tracking":false,"_monsterinsights_sitenote_active":false,"_monsterinsights_sitenote_note":"","_monsterinsights_sitenote_category":0,"mc4wp_mailchimp_campaign":[],"jnews-multi-image_gallery":[],"jnews_single_post":{"subtitle":"Die Demokratische Partei ist im politischen Sinne an einen Fahnenmast gebunden, an dem eine rote \u201elinks-progressive\u201c Flagge weht. Gem\u00e4\u00dfigte Parteivertreter, die politische Mitte sowie die wenigen Konservativen, die in den R\u00e4ngen der Demokraten noch verblieben sind, werden ohne Einverst\u00e4ndnis und Billigung der radikalen Linken nichts ausrichten k\u00f6nnen.","format":"standard","video":"","gallery":"","source_name":"","source_url":"","via_name":"","via_url":"","override":[{"single_blog_custom":"","sidebar":"","second_sidebar":"","share_position":"","share_float_style":"","post_date_format":"","post_date_format_custom":"","post_reading_time_wpm":"","zoom_button_out_step":"1","zoom_button_in_step":"1","number_popup_post":"1"}],"image_override":[{"single_post_thumbnail_size":"","single_post_gallery_size":""}],"trending_post_position":"","trending_post_label":"","sponsored_post_label":"","sponsored_post_name":"","sponsored_post_url":"","sponsored_post_logo":"","sponsored_post_desc":""},"jnews_primary_category":{"id":""},"jnews_social_meta":{"fb_title":"","fb_description":"","fb_image":"","twitter_title":"","twitter_description":"","twitter_image":""},"jnews_override_counter":{"view_counter_number":"0","share_counter_number":"0","like_counter_number":"0","dislike_counter_number":"0"},"footnotes":""},"categories":[816,768,811],"tags":[8946,5132,1673,5334,4001],"class_list":["post-58470","post","type-post","status-publish","format-standard","has-post-thumbnail","hentry","category-breaking-news-de","category-politik","category-foreground-de","tag-innenpolitik","tag-joe-biden-2","tag-politik","tag-republikaner","tag-usa-3"],"yoast_head":"<!-- This site is optimized with the Yoast SEO Premium plugin v25.9 (Yoast SEO v27.3) - https:\/\/yoast.com\/product\/yoast-seo-premium-wordpress\/ -->\n<title>Erste innenpolitische Niederlage f\u00fcr Joe Biden - IFN<\/title>\n<meta name=\"description\" content=\"Los miembros moderados del Partido Dem\u00f3crata que quedan en este partido no podr\u00e1n moverse sin el acuerdo y la venia de la izquierda radical.\" \/>\n<meta name=\"robots\" content=\"index, follow, max-snippet:-1, max-image-preview:large, max-video-preview:-1\" \/>\n<link rel=\"canonical\" href=\"https:\/\/ifamnews.com\/de\/erste-innenpolitische-niederlage-f-r-joe-biden\" \/>\n<meta property=\"og:locale\" content=\"de_DE\" \/>\n<meta property=\"og:type\" content=\"article\" \/>\n<meta property=\"og:title\" content=\"Erste innenpolitische Niederlage f\u00fcr Joe Biden\" \/>\n<meta property=\"og:description\" content=\"Los miembros moderados del Partido Dem\u00f3crata que quedan en este partido no podr\u00e1n moverse sin el acuerdo y la venia de la izquierda radical.\" \/>\n<meta property=\"og:url\" content=\"https:\/\/ifamnews.com\/de\/erste-innenpolitische-niederlage-f-r-joe-biden\" \/>\n<meta property=\"og:site_name\" content=\"IFN\" \/>\n<meta property=\"article:publisher\" content=\"https:\/\/www.facebook.com\/iFamNews\" \/>\n<meta property=\"article:published_time\" content=\"2021-03-16T17:00:00+00:00\" \/>\n<meta property=\"og:image\" content=\"https:\/\/ifamnews.com\/wp-content\/uploads\/2021\/03\/neera-tanden-joe-biden-31.png\" \/>\n\t<meta property=\"og:image:width\" content=\"1200\" \/>\n\t<meta property=\"og:image:height\" content=\"675\" \/>\n\t<meta property=\"og:image:type\" content=\"image\/png\" \/>\n<meta name=\"author\" content=\"Cedric Lenners\" \/>\n<meta name=\"twitter:card\" content=\"summary_large_image\" \/>\n<meta name=\"twitter:creator\" content=\"@iFamNewsEN\" \/>\n<meta name=\"twitter:site\" content=\"@iFamNewsEN\" \/>\n<meta name=\"twitter:label1\" content=\"Verfasst von\" \/>\n\t<meta name=\"twitter:data1\" content=\"Cedric Lenners\" \/>\n\t<meta name=\"twitter:label2\" content=\"Gesch\u00e4tzte Lesezeit\" \/>\n\t<meta name=\"twitter:data2\" content=\"3\u00a0Minuten\" \/>\n<!-- \/ Yoast SEO Premium plugin. -->","yoast_head_json":{"title":"Erste innenpolitische Niederlage f\u00fcr Joe Biden - IFN","description":"Los miembros moderados del Partido Dem\u00f3crata que quedan en este partido no podr\u00e1n moverse sin el acuerdo y la venia de la izquierda radical.","robots":{"index":"index","follow":"follow","max-snippet":"max-snippet:-1","max-image-preview":"max-image-preview:large","max-video-preview":"max-video-preview:-1"},"canonical":"https:\/\/ifamnews.com\/de\/erste-innenpolitische-niederlage-f-r-joe-biden","og_locale":"de_DE","og_type":"article","og_title":"Erste innenpolitische Niederlage f\u00fcr Joe Biden","og_description":"Los miembros moderados del Partido Dem\u00f3crata que quedan en este partido no podr\u00e1n moverse sin el acuerdo y la venia de la izquierda radical.","og_url":"https:\/\/ifamnews.com\/de\/erste-innenpolitische-niederlage-f-r-joe-biden","og_site_name":"IFN","article_publisher":"https:\/\/www.facebook.com\/iFamNews","article_published_time":"2021-03-16T17:00:00+00:00","og_image":[{"width":1200,"height":675,"url":"https:\/\/ifamnews.com\/wp-content\/uploads\/2021\/03\/neera-tanden-joe-biden-31.png","type":"image\/png"}],"author":"Cedric Lenners","twitter_card":"summary_large_image","twitter_creator":"@iFamNewsEN","twitter_site":"@iFamNewsEN","twitter_misc":{"Verfasst von":"Cedric Lenners","Gesch\u00e4tzte Lesezeit":"3\u00a0Minuten"},"schema":{"@context":"https:\/\/schema.org","@graph":[{"@type":"NewsArticle","@id":"https:\/\/ifamnews.com\/de\/erste-innenpolitische-niederlage-f-r-joe-biden#article","isPartOf":{"@id":"https:\/\/ifamnews.com\/de\/erste-innenpolitische-niederlage-f-r-joe-biden"},"author":{"name":"Cedric Lenners","@id":"https:\/\/ifamnews.com\/en\/#\/schema\/person\/73366277df7b3482ebc184bb8f40def2"},"headline":"Erste innenpolitische Niederlage f\u00fcr Joe Biden","datePublished":"2021-03-16T17:00:00+00:00","mainEntityOfPage":{"@id":"https:\/\/ifamnews.com\/de\/erste-innenpolitische-niederlage-f-r-joe-biden"},"wordCount":645,"commentCount":0,"publisher":{"@id":"https:\/\/ifamnews.com\/en\/#organization"},"image":{"@id":"https:\/\/ifamnews.com\/de\/erste-innenpolitische-niederlage-f-r-joe-biden#primaryimage"},"thumbnailUrl":"https:\/\/ifamnews.com\/wp-content\/uploads\/2021\/03\/neera-tanden-joe-biden-31.png","keywords":["Innenpolitik","Joe Biden","Politik","Republikaner","USA"],"articleSection":["Breaking News","Politik","Vordergrund"],"inLanguage":"de","potentialAction":[{"@type":"CommentAction","name":"Comment","target":["https:\/\/ifamnews.com\/de\/erste-innenpolitische-niederlage-f-r-joe-biden#respond"]}]},{"@type":"WebPage","@id":"https:\/\/ifamnews.com\/de\/erste-innenpolitische-niederlage-f-r-joe-biden","url":"https:\/\/ifamnews.com\/de\/erste-innenpolitische-niederlage-f-r-joe-biden","name":"Erste innenpolitische Niederlage f\u00fcr Joe Biden - IFN","isPartOf":{"@id":"https:\/\/ifamnews.com\/en\/#website"},"primaryImageOfPage":{"@id":"https:\/\/ifamnews.com\/de\/erste-innenpolitische-niederlage-f-r-joe-biden#primaryimage"},"image":{"@id":"https:\/\/ifamnews.com\/de\/erste-innenpolitische-niederlage-f-r-joe-biden#primaryimage"},"thumbnailUrl":"https:\/\/ifamnews.com\/wp-content\/uploads\/2021\/03\/neera-tanden-joe-biden-31.png","datePublished":"2021-03-16T17:00:00+00:00","description":"Los miembros moderados del Partido Dem\u00f3crata que quedan en este partido no podr\u00e1n moverse sin el acuerdo y la venia de la izquierda radical.","breadcrumb":{"@id":"https:\/\/ifamnews.com\/de\/erste-innenpolitische-niederlage-f-r-joe-biden#breadcrumb"},"inLanguage":"de","potentialAction":[{"@type":"ReadAction","target":["https:\/\/ifamnews.com\/de\/erste-innenpolitische-niederlage-f-r-joe-biden"]}]},{"@type":"ImageObject","inLanguage":"de","@id":"https:\/\/ifamnews.com\/de\/erste-innenpolitische-niederlage-f-r-joe-biden#primaryimage","url":"https:\/\/ifamnews.com\/wp-content\/uploads\/2021\/03\/neera-tanden-joe-biden-31.png","contentUrl":"https:\/\/ifamnews.com\/wp-content\/uploads\/2021\/03\/neera-tanden-joe-biden-31.png","width":1200,"height":675},{"@type":"BreadcrumbList","@id":"https:\/\/ifamnews.com\/de\/erste-innenpolitische-niederlage-f-r-joe-biden#breadcrumb","itemListElement":[{"@type":"ListItem","position":1,"name":"Home","item":"https:\/\/ifamnews.com\/de"},{"@type":"ListItem","position":2,"name":"Politics","item":"https:\/\/ifamnews.com\/en\/category\/politics"},{"@type":"ListItem","position":3,"name":"Erste innenpolitische Niederlage f\u00fcr Joe Biden"}]},{"@type":"WebSite","@id":"https:\/\/ifamnews.com\/en\/#website","url":"https:\/\/ifamnews.com\/en\/","name":"IFN","description":"International Family News Network","publisher":{"@id":"https:\/\/ifamnews.com\/en\/#organization"},"potentialAction":[{"@type":"SearchAction","target":{"@type":"EntryPoint","urlTemplate":"https:\/\/ifamnews.com\/en\/?s={search_term_string}"},"query-input":{"@type":"PropertyValueSpecification","valueRequired":true,"valueName":"search_term_string"}}],"inLanguage":"de"},{"@type":"Organization","@id":"https:\/\/ifamnews.com\/en\/#organization","name":"iFamNews","url":"https:\/\/ifamnews.com\/en\/","logo":{"@type":"ImageObject","inLanguage":"de","@id":"https:\/\/ifamnews.com\/en\/#\/schema\/logo\/image\/","url":"https:\/\/ifamnews.com\/wp-content\/uploads\/2020\/01\/Share-logo.png","contentUrl":"https:\/\/ifamnews.com\/wp-content\/uploads\/2020\/01\/Share-logo.png","width":200,"height":200,"caption":"iFamNews"},"image":{"@id":"https:\/\/ifamnews.com\/en\/#\/schema\/logo\/image\/"},"sameAs":["https:\/\/www.facebook.com\/iFamNews","https:\/\/x.com\/iFamNewsEN"]},{"@type":"Person","@id":"https:\/\/ifamnews.com\/en\/#\/schema\/person\/73366277df7b3482ebc184bb8f40def2","name":"Cedric Lenners","image":{"@type":"ImageObject","inLanguage":"de","@id":"https:\/\/secure.gravatar.com\/avatar\/bdac3284aa50463573957490dbb609012f59949b6b777ba5cf3ea6c85bbddb3a?s=96&d=mm&r=g","url":"https:\/\/secure.gravatar.com\/avatar\/bdac3284aa50463573957490dbb609012f59949b6b777ba5cf3ea6c85bbddb3a?s=96&d=mm&r=g","contentUrl":"https:\/\/secure.gravatar.com\/avatar\/bdac3284aa50463573957490dbb609012f59949b6b777ba5cf3ea6c85bbddb3a?s=96&d=mm&r=g","caption":"Cedric Lenners"},"description":"Master of Science in Physics, with minors in Philosophy and Theology. Born and raised in Belgium, he has been living in Peru for many years. Lecturer and Professor, he has also been a professional poker player. He has done pro-life works in Latin America. Among those is the articulation for pro-life and pro-family organizations in Lima. He made an investigation showing the financing by Planned Parenthood of Latin American NGOs illegally promoting and encouraging abortions. Advise families to ease and promote foster care of children in an abandonment situation in Peru.","url":"https:\/\/ifamnews.com\/de\/author\/cedric-lenners"}]}},"amp_enabled":true,"_links":{"self":[{"href":"https:\/\/ifamnews.com\/de\/wp-json\/wp\/v2\/posts\/58470","targetHints":{"allow":["GET"]}}],"collection":[{"href":"https:\/\/ifamnews.com\/de\/wp-json\/wp\/v2\/posts"}],"about":[{"href":"https:\/\/ifamnews.com\/de\/wp-json\/wp\/v2\/types\/post"}],"author":[{"embeddable":true,"href":"https:\/\/ifamnews.com\/de\/wp-json\/wp\/v2\/users\/576"}],"replies":[{"embeddable":true,"href":"https:\/\/ifamnews.com\/de\/wp-json\/wp\/v2\/comments?post=58470"}],"version-history":[{"count":5,"href":"https:\/\/ifamnews.com\/de\/wp-json\/wp\/v2\/posts\/58470\/revisions"}],"predecessor-version":[{"id":59282,"href":"https:\/\/ifamnews.com\/de\/wp-json\/wp\/v2\/posts\/58470\/revisions\/59282"}],"wp:featuredmedia":[{"embeddable":true,"href":"https:\/\/ifamnews.com\/de\/wp-json\/wp\/v2\/media\/58184"}],"wp:attachment":[{"href":"https:\/\/ifamnews.com\/de\/wp-json\/wp\/v2\/media?parent=58470"}],"wp:term":[{"taxonomy":"category","embeddable":true,"href":"https:\/\/ifamnews.com\/de\/wp-json\/wp\/v2\/categories?post=58470"},{"taxonomy":"post_tag","embeddable":true,"href":"https:\/\/ifamnews.com\/de\/wp-json\/wp\/v2\/tags?post=58470"}],"curies":[{"name":"wp","href":"https:\/\/api.w.org\/{rel}","templated":true}]}}