{"id":56279,"date":"2021-02-25T01:00:00","date_gmt":"2021-02-25T06:00:00","guid":{"rendered":"https:\/\/ifamnews.com\/?p=56279"},"modified":"2021-02-24T10:50:09","modified_gmt":"2021-02-24T15:50:09","slug":"als-amazon-zum-big-brother-wurde","status":"publish","type":"post","link":"https:\/\/ifamnews.com\/de\/als-amazon-zum-big-brother-wurde","title":{"rendered":"Als Amazon zum \u201eBig Brother\u201c wurde"},"content":{"rendered":"\n<p>Amazon ist das j\u00fcngste Unternehmen, dass die \u201eCorporate Wokeness\u201c mitsamt seiner politischen Korrektheit \u00fcbernommen hat.<\/p>\n\n\n\n<p>Wie viele f\u00fchrende Unternehmen im Big-Tech-Bereich hat sich Amazon mehr und mehr zu einer insularen Blase des progressiven Gruppendenkens entwickelt, die eher die elit\u00e4ren und abgehobenen Empfindungen der internen Kultur und des progressiven ideologischen Fl\u00fcgels der amerikanischen Politik bedient, als die vielf\u00e4ltigen Bev\u00f6lkerungsgruppen, denen sie dienen soll.<\/p>\n\n\n\n<p>Ein Beispiel daf\u00fcr ist die k\u00fcrzliche \u201e<a href=\"https:\/\/dailycaller.com\/2021\/02\/21\/amazon-removes-book-critiquing-transgender-movement\/\">Stornierung<\/a>\u201c des Bestsellers <em><a href=\"https:\/\/barnesandnoble.com\/w\/when-harry-became-sally-ryan-anderson\/1125792437\">When Harry Became Sally: Responding to the Transgender Moment<\/a><\/em> (\u201eAls Harry zu Sally wurden: Antwort auf die Transgender-Bewegung\u201c) des konservativen Denkers und Pr\u00e4sidenten des <em>Ethics &amp; Public Policy Center<\/em>, Dr. Ryan T. Anderson. Der Bestseller-Status des Buches wurde nicht nur durch das <a href=\"https:\/\/heritage.org\/impact\/heritage-experts-book-makes-amazon-washington-post-bestseller-lists\">Erreichen der Nummer 3 auf der Washington Post\u2018s Taschenbuch-Sachbuch-Liste<\/a> belegt, sondern auch durch das Erreichen der Spitze einer der Amazon-eigenen Kategorien! Offensichtlich sind die Interessen der Kunden weniger wichtig als das Wohlgefallen der eigenen Kriechersph\u00e4re.<\/p>\n\n\n\n<p>Anderson selbst meldete die Neuigkeiten am <a href=\"https:\/\/twitter.com\/RyanTAnd\/status\/1363587820565184521\">Sonntagnachmittag auf Twitter<\/a> und schrieb: \u201eIch hoffe, Sie haben Ihr Exemplar bereits gekauft, denn Amazon hat gerade mein Buch [&#8230;] aus ihren Cyber-Regalen entfernt&#8230;. meine anderen vier B\u00fccher sind (vorerst) noch erh\u00e4ltlich.\u201c<\/p>\n\n\n\n<figure class=\"wp-block-embed aligncenter is-type-rich is-provider-twitter wp-block-embed-twitter\"><div class=\"wp-block-embed__wrapper\">\n<blockquote class=\"twitter-tweet\" data-width=\"500\" data-dnt=\"true\"><p lang=\"en\" dir=\"ltr\">I hope you\u2019ve already bought your copy, cause Amazon just removed my book \u201cWhen Harry Became Sally: Responding to the Transgender Moment\u201d from their cyber shelves&#8230;. my other four books are still available (for now). <a href=\"https:\/\/t.co\/cnMGZV1L0A\">https:\/\/t.co\/cnMGZV1L0A<\/a><\/p>&mdash; Ryan T. Anderson (@RyanTAnd) <a href=\"https:\/\/twitter.com\/RyanTAnd\/status\/1363587820565184521?ref_src=twsrc%5Etfw\">February 21, 2021<\/a><\/blockquote><script async src=\"https:\/\/platform.twitter.com\/widgets.js\" charset=\"utf-8\"><\/script>\n<\/div><\/figure>\n\n\n\n<p>Wie der <em><a href=\"https:\/\/dailycaller.com\/2021\/02\/21\/amazon-removes-book-critiquing-transgender-movement\/\">Daily Caller feststellte<\/a><\/em>, schlossen sich andere prominente konservative Stimmen schnell Anderson an, indem sie ihre Best\u00fcrzung \u00fcber diese Entwicklung zum Ausdruck brachten, einschlie\u00dflich des bedeutenden konservativen Gelehrten Professor Robert P. George von Princeton, der zuvor Co-Autor eines Buches mit Anderson war:<\/p>\n\n\n\n<figure class=\"wp-block-embed aligncenter is-type-rich is-provider-twitter wp-block-embed-twitter\"><div class=\"wp-block-embed__wrapper\">\n<blockquote class=\"twitter-tweet\" data-width=\"500\" data-dnt=\"true\"><p lang=\"en\" dir=\"ltr\">We need to make clear to the oligarchs at places like Amazon that trying to make dissenting ideas inaccessible is intolerable and won&#39;t work. If Amazon blacklists a book, buy it from another seller or directly from the publisher. But buy it. And read it.<a href=\"https:\/\/t.co\/VwstXyRF8j\">https:\/\/t.co\/VwstXyRF8j<\/a> <a href=\"https:\/\/t.co\/1OzYLHqTZy\">https:\/\/t.co\/1OzYLHqTZy<\/a><\/p>&mdash; Robert P. George (@McCormickProf) <a href=\"https:\/\/twitter.com\/McCormickProf\/status\/1363608637000810496?ref_src=twsrc%5Etfw\">February 21, 2021<\/a><\/blockquote><script async src=\"https:\/\/platform.twitter.com\/widgets.js\" charset=\"utf-8\"><\/script>\n<\/div><\/figure>\n\n\n\n<p>[\u00dcbersetzung: Wir m\u00fcssen den Oligarchen an Orten wie Amazon klar machen, dass der Versuch, abweichende Ideen unzug\u00e4nglich zu machen, untragbar ist und nicht funktionieren wird. Wenn Amazon ein Buch auf die schwarze Liste setzt, kaufen Sie es bei einem anderen Verk\u00e4ufer oder direkt beim Verlag. Aber kaufen Sie es. Und lesen Sie es.]<\/p>\n\n\n\n<p>W\u00e4hrend Andersons Buch von Amazon entfernt wurde, bemerkte der Autor Rod Dreher, dass ein Buch, das <em>als Antwort <\/em>auf Anderson geschrieben wurde, immer noch zum Verkauf auf der Seite gelistet war:<\/p>\n\n\n\n<figure class=\"wp-block-embed aligncenter is-type-rich is-provider-twitter wp-block-embed-twitter\"><div class=\"wp-block-embed__wrapper\">\n<blockquote class=\"twitter-tweet\" data-width=\"500\" data-dnt=\"true\"><p lang=\"en\" dir=\"ltr\">By the way, <a href=\"https:\/\/twitter.com\/RyanTAnd?ref_src=twsrc%5Etfw\">@RyanTAnd<\/a>, Amazon still sells &quot;Let Harry Become Sally&quot;: <a href=\"https:\/\/t.co\/VzBAeC3wU8\">https:\/\/t.co\/VzBAeC3wU8<\/a><\/p>&mdash; Rod Dreher (@roddreher) <a href=\"https:\/\/twitter.com\/roddreher\/status\/1363590721446551552?ref_src=twsrc%5Etfw\">February 21, 2021<\/a><\/blockquote><script async src=\"https:\/\/platform.twitter.com\/widgets.js\" charset=\"utf-8\"><\/script>\n<\/div><\/figure>\n\n\n\n<p>Dieses zweite Buch, <em><a href=\"https:\/\/amazon.com\/Let-Harry-Become-Sally-Anti-Transgender\/dp\/1948785056\">Let Harry Become Sally<\/a><\/em> von Kelly R. Novak, preist sich auf Amazon als \u201edas andere Harry\/Sally-Buch\u201c an \u2013 eine Beschreibung, die ziemlich seltsam ist, nachdem das \u201eoriginal\u201c \u201eHarry\/Sally-Buch\u201c von der Website verschwunden ist. Ironischerweise ist, wenn man nach dem Titel von Andersons Werk sucht, einschlie\u00dflich des vollst\u00e4ndigen Untertitels, das erste Suchergebnis das Buch, das gegen seine These geschrieben wurde.<\/p>\n\n\n\n<p>Was das \u201eandere\u201c Buch betrifft, so wird Novaks Anspruch auf eine ernsthafte Wissenschaft, die Anderson herausfordert, schon auf der ersten Seite des Vorworts untergraben. Innerhalb des ersten Absatzes schreibt sie zum Beispiel:<\/p>\n\n\n\n<blockquote class=\"wp-block-quote is-layout-flow wp-block-quote-is-layout-flow\"><p>\u201e&#8230; Anti-Transgender-Gedanken, Aktionen, Gesetze, Artikel und B\u00fccher sind auf dem Vormarsch. IMHO ist ein gutes Beispiel daf\u00fcr Ryan T. Andersons When Harry Became Sally.&#8220;<\/p><\/blockquote>\n\n\n\n<p>Woher sie zu wissen behauptet, dass \u201eGedanken\u201c jeglicher Art \u201eauf dem Vormarsch\u201c sind, ist nicht nachvollziehbar, ebenso wenig wie die Tatsache, dass sie eine so unpassende Liste als ein einziges kollektives Subjekt eines Verbs aufstellen konnte. Auch erwartet man in seri\u00f6sen, akademischen Arbeiten \u00fcblicherweise nicht einmal die Aussage \u201emeiner ehrlichen Meinung nach\u201c \u2013 geschweige denn das SMS-Sprech-Akronym \u201eIMHO\u201c.<\/p>\n\n\n\n<p>Der Punkt ist, dass Novaks Buch von der ersten Seite an alles ist, was ignorante Kritiker von Andersons Buch behaupten: ein niedertr\u00e4chtiges, ideologisches Manifest, bestehend aus pers\u00f6nlichen Angriffen und herausgepickten Daten. Im Gegensatz dazu ist der Ton von Andersons Werk gemessen, mitf\u00fchlend, wissenschaftlich und umsichtig. Und doch wird nur eines dieser B\u00fccher von Amazons W\u00e4chtern der Anti-Kultur als verkaufsf\u00e4hig angesehen.<\/p>\n\n\n\n<p>Warum hat Amazon diesen Schritt unternommen? Zu diesem Zeitpunkt scheint es keine offizielle Erkl\u00e4rung zu geben, oder eine Antwort auf Medienanfragen und Kommentare. Anderson spekuliert jedoch \u00fcber einen m\u00f6glichen Grund, der sich einem aufdringt. Er <a href=\"https:\/\/twitter.com\/RyanTAnd\/status\/1363826252906434568\">tweetete heute Morgen<\/a>: \u201eDas Timing von Amazons Verschwinden meines Transgender-Buches ist, \u00e4h, sehr aktuell&#8230; Mein op-ed in der heutigen @nypost ist auf der Equality Act Abstimmung in dieser Woche. (Wusste nicht, dass mein Buch entfernt werden w\u00fcrde, als ich den Meinungsartikel schrieb.)\u201c<\/p>\n\n\n\n<figure class=\"wp-block-embed aligncenter is-type-rich is-provider-twitter wp-block-embed-twitter\"><div class=\"wp-block-embed__wrapper\">\n<blockquote class=\"twitter-tweet\" data-width=\"500\" data-dnt=\"true\"><p lang=\"en\" dir=\"ltr\">The timing of Amazon\u2019s disappearing of my transgender book is, uh, timely&#8230; <br>My op-ed in today\u2019s <a href=\"https:\/\/twitter.com\/nypost?ref_src=twsrc%5Etfw\">@nypost<\/a> is on the Equality Act vote this week. (Didn\u2019t know my book would be removed when I wrote the op-ed.) <a href=\"https:\/\/t.co\/SPt7nf9ERW\">https:\/\/t.co\/SPt7nf9ERW<\/a> <a href=\"https:\/\/t.co\/jUKwdPm9mm\">https:\/\/t.co\/jUKwdPm9mm<\/a><\/p>&mdash; Ryan T. Anderson (@RyanTAnd) <a href=\"https:\/\/twitter.com\/RyanTAnd\/status\/1363826252906434568?ref_src=twsrc%5Etfw\">February 22, 2021<\/a><\/blockquote><script async src=\"https:\/\/platform.twitter.com\/widgets.js\" charset=\"utf-8\"><\/script>\n<\/div><\/figure>\n\n\n\n<p>Es scheint unwahrscheinlich, dass Amazon f\u00fcr den <a href=\"https:\/\/nypost.com\/2021\/02\/21\/bidens-equality-act-is-a-danger-to-womens-and-conscience-rights\/\">Meinungsartikel<\/a> selbst Vergeltung \u00fcbt, wenn man das Timing bedenkt; aber Anderson k\u00f6nnte dennoch an etwas dran sein. Mit der Einf\u00fchrung des Gleichstellungsgesetzes letzte Woche und der f\u00fcr Mittwoch dieser Woche angesetzten Abstimmung im Repr\u00e4sentantenhaus ist es nicht unwahrscheinlich, dass Amazon in letzter Zeit einen gewissen politischen Druck versp\u00fcrt, mehr f\u00fcr \u201edie Sache\u201c zu tun. Wie sonst lie\u00dfe sich erkl\u00e4ren, warum Andersons Buch pl\u00f6tzlich als ungeeignet f\u00fcr die Listung eingestuft wurde, wo es doch seit 2018 auf der Website zu finden ist und dort sogar eine Zeit lang zu den Bestsellern z\u00e4hlte?<\/p>\n\n\n\n<p>Was auch immer die Erkl\u00e4rung f\u00fcr den Zeitpunkt ist, die Beweggr\u00fcnde von Amazon sind hier \u00fcber jeden Zweifel erhaben, und sie sollten uns alle alarmieren. Amazon reiht sich in die Liste der gro\u00dfen Tech-Unternehmen ein, die bereit sind, alle Stimmen zum Schweigen zu bringen und zu \u201el\u00f6schen\u201c, die nicht mit der radikalsten progressiven sexuellen Identit\u00e4tspolitik konform gehen.<\/p>\n\n\n\n<p>Und selbst wenn dieser Schritt von Amazon nur zuf\u00e4llig mit der Einf\u00fchrung des Gleichstellungsgesetzes im Kongress zusammenf\u00e4llt, w\u00e4re es ein Zufall, der mit einem omin\u00f6sen Klang des Untergangs erklingt. Denn wenn Konservative zittern an den Aktionen von Amazon und anderen Tech-Giganten jetzt, in der gegenw\u00e4rtigen Klima, wie viel mehr werden sie zu bef\u00fcrchten haben, wenn, wenn solche Aktionen nicht nur sanktioniert werden, sondern durch die Kraft des Bundesgesetzes gef\u00f6rdert?<\/p>\n","protected":false},"excerpt":{"rendered":"<p>Amazon schlie\u00dft sich der langen Liste der gro\u00dfen Tech-Unternehmen an, die bereit sind, alle Stimmen zum Schweigen zu bringen und zu \u201el\u00f6schen\u201c, was nicht mit der radikalsten progressiven sexuellen Identit\u00e4tspolitik konform einhergeht<\/p>\n","protected":false},"author":6,"featured_media":55951,"comment_status":"open","ping_status":"open","sticky":false,"template":"","format":"standard","meta":{"give_campaign_id":0,"om_disable_all_campaigns":false,"_monsterinsights_skip_tracking":false,"_monsterinsights_sitenote_active":false,"_monsterinsights_sitenote_note":"","_monsterinsights_sitenote_category":0,"mc4wp_mailchimp_campaign":[],"jnews-multi-image_gallery":[],"jnews_single_post":{"subtitle":"Amazon schlie\u00dft sich der langen Liste der gro\u00dfen Tech-Unternehmen an, die bereit sind, alle Stimmen zum Schweigen zu bringen und zu \u201el\u00f6schen\u201c, was nicht mit der radikalsten progressiven sexuellen Identit\u00e4tspolitik konform einhergeht","format":"standard","video":"","gallery":"","source_name":"","source_url":"","via_name":"","via_url":"","override":[{"single_blog_custom":"","sidebar":"","second_sidebar":"","share_position":"","share_float_style":"","post_date_format":"","post_date_format_custom":"","post_reading_time_wpm":"","zoom_button_out_step":"1","zoom_button_in_step":"1","number_popup_post":"1"}],"image_override":[{"single_post_thumbnail_size":"","single_post_gallery_size":""}],"trending_post_position":"","trending_post_label":"","sponsored_post_label":"","sponsored_post_name":"","sponsored_post_url":"","sponsored_post_logo":"","sponsored_post_desc":""},"jnews_primary_category":{"id":"763"},"jnews_social_meta":{"fb_title":"","fb_description":"","fb_image":"","twitter_title":"","twitter_description":"","twitter_image":""},"jnews_override_counter":{"view_counter_number":"0","share_counter_number":"0","like_counter_number":"0","dislike_counter_number":"0"},"footnotes":""},"categories":[816,763,811],"tags":[8694,8693,8695,4142,4143],"class_list":["post-56279","post","type-post","status-publish","format-standard","has-post-thumbnail","hentry","category-breaking-news-de","category-kultur","category-foreground-de","tag-amazon-2","tag-buchzensur","tag-harry-und-sally","tag-transgender-4","tag-transgender-ideologie"],"yoast_head":"<!-- This site is optimized with the Yoast SEO Premium plugin v25.9 (Yoast SEO v27.3) - https:\/\/yoast.com\/product\/yoast-seo-premium-wordpress\/ -->\n<title>Als Amazon zum \u201eBig Brother\u201c wurde - IFN<\/title>\n<meta name=\"robots\" content=\"index, follow, max-snippet:-1, max-image-preview:large, max-video-preview:-1\" \/>\n<link rel=\"canonical\" href=\"https:\/\/ifamnews.com\/de\/als-amazon-zum-big-brother-wurde\" \/>\n<meta property=\"og:locale\" content=\"de_DE\" \/>\n<meta property=\"og:type\" content=\"article\" \/>\n<meta property=\"og:title\" content=\"Als Amazon zum \u201eBig Brother\u201c wurde\" \/>\n<meta property=\"og:description\" content=\"Amazon schlie\u00dft sich der langen Liste der gro\u00dfen Tech-Unternehmen an, die bereit sind, alle Stimmen zum Schweigen zu bringen und zu \u201el\u00f6schen\u201c, was nicht mit der radikalsten progressiven sexuellen Identit\u00e4tspolitik konform einhergeht\" \/>\n<meta property=\"og:url\" content=\"https:\/\/ifamnews.com\/de\/als-amazon-zum-big-brother-wurde\" \/>\n<meta property=\"og:site_name\" content=\"IFN\" \/>\n<meta property=\"article:publisher\" content=\"https:\/\/www.facebook.com\/iFamNews\" \/>\n<meta property=\"article:author\" content=\"https:\/\/fb.com\/JoeyG2001\" \/>\n<meta property=\"article:published_time\" content=\"2021-02-25T06:00:00+00:00\" \/>\n<meta property=\"og:image\" content=\"https:\/\/ifamnews.com\/wp-content\/uploads\/2021\/02\/amazon-cancellation.png\" \/>\n\t<meta property=\"og:image:width\" content=\"1200\" \/>\n\t<meta property=\"og:image:height\" content=\"675\" \/>\n\t<meta property=\"og:image:type\" content=\"image\/png\" \/>\n<meta name=\"author\" content=\"Joseph Grabowski\" \/>\n<meta name=\"twitter:card\" content=\"summary_large_image\" \/>\n<meta name=\"twitter:creator\" content=\"@https:\/\/twitter.com\/ArthurInglewood\" \/>\n<meta name=\"twitter:site\" content=\"@iFamNewsEN\" \/>\n<meta name=\"twitter:label1\" content=\"Verfasst von\" \/>\n\t<meta name=\"twitter:data1\" content=\"Joseph Grabowski\" \/>\n\t<meta name=\"twitter:label2\" content=\"Gesch\u00e4tzte Lesezeit\" \/>\n\t<meta name=\"twitter:data2\" content=\"5\u00a0Minuten\" \/>\n<!-- \/ Yoast SEO Premium plugin. -->","yoast_head_json":{"title":"Als Amazon zum \u201eBig Brother\u201c wurde - IFN","robots":{"index":"index","follow":"follow","max-snippet":"max-snippet:-1","max-image-preview":"max-image-preview:large","max-video-preview":"max-video-preview:-1"},"canonical":"https:\/\/ifamnews.com\/de\/als-amazon-zum-big-brother-wurde","og_locale":"de_DE","og_type":"article","og_title":"Als Amazon zum \u201eBig Brother\u201c wurde","og_description":"Amazon schlie\u00dft sich der langen Liste der gro\u00dfen Tech-Unternehmen an, die bereit sind, alle Stimmen zum Schweigen zu bringen und zu \u201el\u00f6schen\u201c, was nicht mit der radikalsten progressiven sexuellen Identit\u00e4tspolitik konform einhergeht","og_url":"https:\/\/ifamnews.com\/de\/als-amazon-zum-big-brother-wurde","og_site_name":"IFN","article_publisher":"https:\/\/www.facebook.com\/iFamNews","article_author":"https:\/\/fb.com\/JoeyG2001","article_published_time":"2021-02-25T06:00:00+00:00","og_image":[{"width":1200,"height":675,"url":"https:\/\/ifamnews.com\/wp-content\/uploads\/2021\/02\/amazon-cancellation.png","type":"image\/png"}],"author":"Joseph Grabowski","twitter_card":"summary_large_image","twitter_creator":"@https:\/\/twitter.com\/ArthurInglewood","twitter_site":"@iFamNewsEN","twitter_misc":{"Verfasst von":"Joseph Grabowski","Gesch\u00e4tzte Lesezeit":"5\u00a0Minuten"},"schema":{"@context":"https:\/\/schema.org","@graph":[{"@type":"NewsArticle","@id":"https:\/\/ifamnews.com\/de\/als-amazon-zum-big-brother-wurde#article","isPartOf":{"@id":"https:\/\/ifamnews.com\/de\/als-amazon-zum-big-brother-wurde"},"author":{"name":"Joseph Grabowski","@id":"https:\/\/ifamnews.com\/en\/#\/schema\/person\/30305f5661b96ab7ae4c4cabd3631ed4"},"headline":"Als Amazon zum \u201eBig Brother\u201c wurde","datePublished":"2021-02-25T06:00:00+00:00","mainEntityOfPage":{"@id":"https:\/\/ifamnews.com\/de\/als-amazon-zum-big-brother-wurde"},"wordCount":931,"commentCount":0,"publisher":{"@id":"https:\/\/ifamnews.com\/en\/#organization"},"image":{"@id":"https:\/\/ifamnews.com\/de\/als-amazon-zum-big-brother-wurde#primaryimage"},"thumbnailUrl":"https:\/\/ifamnews.com\/wp-content\/uploads\/2021\/02\/amazon-cancellation.png","keywords":["Amazon","Buchzensur","Harry und Sally","Transgender","Transgender Ideologie"],"articleSection":["Breaking News","Kultur","Vordergrund"],"inLanguage":"de","potentialAction":[{"@type":"CommentAction","name":"Comment","target":["https:\/\/ifamnews.com\/de\/als-amazon-zum-big-brother-wurde#respond"]}]},{"@type":"WebPage","@id":"https:\/\/ifamnews.com\/de\/als-amazon-zum-big-brother-wurde","url":"https:\/\/ifamnews.com\/de\/als-amazon-zum-big-brother-wurde","name":"Als Amazon zum \u201eBig Brother\u201c wurde - IFN","isPartOf":{"@id":"https:\/\/ifamnews.com\/en\/#website"},"primaryImageOfPage":{"@id":"https:\/\/ifamnews.com\/de\/als-amazon-zum-big-brother-wurde#primaryimage"},"image":{"@id":"https:\/\/ifamnews.com\/de\/als-amazon-zum-big-brother-wurde#primaryimage"},"thumbnailUrl":"https:\/\/ifamnews.com\/wp-content\/uploads\/2021\/02\/amazon-cancellation.png","datePublished":"2021-02-25T06:00:00+00:00","breadcrumb":{"@id":"https:\/\/ifamnews.com\/de\/als-amazon-zum-big-brother-wurde#breadcrumb"},"inLanguage":"de","potentialAction":[{"@type":"ReadAction","target":["https:\/\/ifamnews.com\/de\/als-amazon-zum-big-brother-wurde"]}]},{"@type":"ImageObject","inLanguage":"de","@id":"https:\/\/ifamnews.com\/de\/als-amazon-zum-big-brother-wurde#primaryimage","url":"https:\/\/ifamnews.com\/wp-content\/uploads\/2021\/02\/amazon-cancellation.png","contentUrl":"https:\/\/ifamnews.com\/wp-content\/uploads\/2021\/02\/amazon-cancellation.png","width":1200,"height":675},{"@type":"BreadcrumbList","@id":"https:\/\/ifamnews.com\/de\/als-amazon-zum-big-brother-wurde#breadcrumb","itemListElement":[{"@type":"ListItem","position":1,"name":"Home","item":"https:\/\/ifamnews.com\/de"},{"@type":"ListItem","position":2,"name":"\u041a\u0443\u043b\u0442\u0443\u0440\u0430","item":"https:\/\/ifamnews.com\/sr\/kategorija\/kultura-sr"},{"@type":"ListItem","position":3,"name":"Als Amazon zum \u201eBig Brother\u201c wurde"}]},{"@type":"WebSite","@id":"https:\/\/ifamnews.com\/en\/#website","url":"https:\/\/ifamnews.com\/en\/","name":"IFN","description":"International Family News Network","publisher":{"@id":"https:\/\/ifamnews.com\/en\/#organization"},"potentialAction":[{"@type":"SearchAction","target":{"@type":"EntryPoint","urlTemplate":"https:\/\/ifamnews.com\/en\/?s={search_term_string}"},"query-input":{"@type":"PropertyValueSpecification","valueRequired":true,"valueName":"search_term_string"}}],"inLanguage":"de"},{"@type":"Organization","@id":"https:\/\/ifamnews.com\/en\/#organization","name":"iFamNews","url":"https:\/\/ifamnews.com\/en\/","logo":{"@type":"ImageObject","inLanguage":"de","@id":"https:\/\/ifamnews.com\/en\/#\/schema\/logo\/image\/","url":"https:\/\/ifamnews.com\/wp-content\/uploads\/2020\/01\/Share-logo.png","contentUrl":"https:\/\/ifamnews.com\/wp-content\/uploads\/2020\/01\/Share-logo.png","width":200,"height":200,"caption":"iFamNews"},"image":{"@id":"https:\/\/ifamnews.com\/en\/#\/schema\/logo\/image\/"},"sameAs":["https:\/\/www.facebook.com\/iFamNews","https:\/\/x.com\/iFamNewsEN"]},{"@type":"Person","@id":"https:\/\/ifamnews.com\/en\/#\/schema\/person\/30305f5661b96ab7ae4c4cabd3631ed4","name":"Joseph Grabowski","image":{"@type":"ImageObject","inLanguage":"de","@id":"https:\/\/secure.gravatar.com\/avatar\/da56cd73ef38f2251d2a2f26456356b62cf59dd9ce3c93148cd2267f6819255e?s=96&d=mm&r=g","url":"https:\/\/secure.gravatar.com\/avatar\/da56cd73ef38f2251d2a2f26456356b62cf59dd9ce3c93148cd2267f6819255e?s=96&d=mm&r=g","contentUrl":"https:\/\/secure.gravatar.com\/avatar\/da56cd73ef38f2251d2a2f26456356b62cf59dd9ce3c93148cd2267f6819255e?s=96&d=mm&r=g","caption":"Joseph Grabowski"},"description":"Joseph Grabowski was the Executive Director of the International Organization for the Family until August 2022. He also served as Director of Communications for the National Organization for Marriage. Joseph has a B.A. in Philosophy from Saint Charles Borromeo Seminary, Overbrook and M.A. in English from Marquette University.\u00a0 Joe has appeared as an expert on traditional marriage and family in local and nationwide media, including\u00a0The New York Times,\u00a0The Washington Post,\u00a0The Boston Globe,\u00a0Breitbart, and elsewhere. Joe\u2019s writings on traditional marriage and family, as well as on Catholic Social Teaching and the writings of G. K. Chesterton and Hilaire Belloc, have appeared in\u00a0The Stream,\u00a0Gilbert\u00a0Magazine,\u00a0Ethika Politika, and\u00a0The Distributist Review, and he has spoken at several national conferences on the place of G.K. Chesterton in 20th Century literature and thought.","sameAs":["https:\/\/joegrabowski.com","https:\/\/fb.com\/JoeyG2001","https:\/\/linkedin.com\/in\/josephlgrabowski\/","https:\/\/x.com\/https:\/\/twitter.com\/ArthurInglewood"],"url":"https:\/\/ifamnews.com\/de\/author\/jgrabowski"}]}},"amp_enabled":true,"_links":{"self":[{"href":"https:\/\/ifamnews.com\/de\/wp-json\/wp\/v2\/posts\/56279","targetHints":{"allow":["GET"]}}],"collection":[{"href":"https:\/\/ifamnews.com\/de\/wp-json\/wp\/v2\/posts"}],"about":[{"href":"https:\/\/ifamnews.com\/de\/wp-json\/wp\/v2\/types\/post"}],"author":[{"embeddable":true,"href":"https:\/\/ifamnews.com\/de\/wp-json\/wp\/v2\/users\/6"}],"replies":[{"embeddable":true,"href":"https:\/\/ifamnews.com\/de\/wp-json\/wp\/v2\/comments?post=56279"}],"version-history":[{"count":1,"href":"https:\/\/ifamnews.com\/de\/wp-json\/wp\/v2\/posts\/56279\/revisions"}],"predecessor-version":[{"id":56280,"href":"https:\/\/ifamnews.com\/de\/wp-json\/wp\/v2\/posts\/56279\/revisions\/56280"}],"wp:featuredmedia":[{"embeddable":true,"href":"https:\/\/ifamnews.com\/de\/wp-json\/wp\/v2\/media\/55951"}],"wp:attachment":[{"href":"https:\/\/ifamnews.com\/de\/wp-json\/wp\/v2\/media?parent=56279"}],"wp:term":[{"taxonomy":"category","embeddable":true,"href":"https:\/\/ifamnews.com\/de\/wp-json\/wp\/v2\/categories?post=56279"},{"taxonomy":"post_tag","embeddable":true,"href":"https:\/\/ifamnews.com\/de\/wp-json\/wp\/v2\/tags?post=56279"}],"curies":[{"name":"wp","href":"https:\/\/api.w.org\/{rel}","templated":true}]}}