{"id":55864,"date":"2021-02-23T01:00:00","date_gmt":"2021-02-23T06:00:00","guid":{"rendered":"https:\/\/ifamnews.com\/?p=55864"},"modified":"2021-02-22T08:18:47","modified_gmt":"2021-02-22T13:18:47","slug":"hilfe-f-r-die-14-j-hrige-maira-die-in-pakistan-entf-hrt-und-vergewaltigt-wurde","status":"publish","type":"post","link":"https:\/\/ifamnews.com\/de\/hilfe-f-r-die-14-j-hrige-maira-die-in-pakistan-entf-hrt-und-vergewaltigt-wurde","title":{"rendered":"Hilfe f\u00fcr die 14-j\u00e4hrige Maira, die in Pakistan entf\u00fchrt und vergewaltigt wurde"},"content":{"rendered":"\n<p>Der <a href=\"https:\/\/bitterwinter.org\/catholic-girl-forcibly-converted-in-pakistan-seeks-asylum-in-the-uk\/?fbclid=IwAR0WDUV5mWRRZ6ILI5Ur_m2hFdx5wRAK_faL67tFiSBL2XDVMi6lf6pUWXQ\">Fall von Maira Shahbaz<\/a> ist nur einer von vielen, zu vielen \u2013 aber mehr als keiner w\u00e4re schon zu viel \u2013 F\u00e4llen von christlichen und hinduistischen M\u00e4dchen, meist Minderj\u00e4hrigen, die in Pakistan entf\u00fchrt und dann gezwungen werden, ihre Entf\u00fchrer zu heiraten und zum Islam zu konvertieren. Die Zahlen, die von <em><a href=\"https:\/\/ecfa.org\/MemberProfile.aspx?ID=7479\">International Christian Concern<\/a><\/em> (ICC), einer Vereinigung, die verfolgte Christen in der Welt verteidigt, berichtet werden, geben mehr als tausend F\u00e4lle pro Jahr an.<\/p>\n\n\n\n<p>Aus diesem Grund, so Tahir Mehmood Ashrafi, Sonderbeauftragter f\u00fcr religi\u00f6se Harmonie, hat der pakistanische Premierminister <a href=\"https:\/\/catholicnewsagency.com\/news\/christian-aid-group-applauds-investigation-into-forced-conversions-marriages-in-pakistan-35078\">Imran Khan eine Untersuchung von sexuellen \u00dcbergriffen<\/a>, Zwangskonvertierungen und betr\u00fcgerischen Ehen angeordnet, mit denen Entf\u00fchrer ihre Opfer in die Falle locken. Oftmals stellen sich viele Angeh\u00f6rige der Strafverfolgungsbeh\u00f6rden sowie die \u00f6rtlichen Gerichte auf die Seite der Entf\u00fchrer und f\u00fcr die Opfer gibt es keinen Ausweg.<\/p>\n\n\n\n<h3 class=\"wp-block-heading\" id=\"h-maira-sucht-asyl-in-gro-britannien\"><strong>Maira sucht Asyl in Gro\u00dfbritannien<\/strong><\/h3>\n\n\n\n<p>Mairas Geschichte folgt einem traurigen Drehbuch: Im April von drei M\u00e4nnern entf\u00fchrt und vergewaltigt, wurde sie gezwungen, einen ihrer Vergewaltiger, Mohamad Nakash Tariq, zu heiraten und eine Erkl\u00e4rung \u00fcber den \u00dcbertritt zum Islam zu unterschreiben. Konfrontiert mit der Drohung der Ver\u00f6ffentlichung des Videos der Vergewaltigung, gab das M\u00e4dchen allen Forderungen ihrer Entf\u00fchrer nach. Nachdem sie aus dem Haus des Mannes, der sie zur Heirat gezwungen hatte, <a href=\"https:\/\/churchinneed.org\/pakistan-14-year-old-catholic-girl-flees-her-kidnappers-house\/\">geflohen<\/a> war, wurde Maira in einem <a href=\"https:\/\/acs-italia.org\/acs-notizie-dal-mondo\/pakistan-giudice-ordina-che-maira-shahbaz-lasci-la-casa-del-rapitore\/\">Frauenhaus untergebracht<\/a>, w\u00e4hrend ihr Fall vom Obersten Gericht in Lahore beurteilt wurde. Das <a href=\"https:\/\/churchinneed.org\/pakistan-14-year-old-catholic-girl-flees-her-kidnappers-house\/\">pakistanische Recht<\/a> verlangte jedoch, dass die junge Frau zu ihrem Ehemann zur\u00fcckgebracht wurde, wobei sowohl die Heirat als auch der \u00dcbertritt zum Islam als g\u00fcltig angesehen wurden, selbst wenn beides unter Drohungen zustande gekommen war.<\/p>\n\n\n\n<p>Maira konnte dank der Hilfe von Verwandten wieder entkommen. Doch nun befindet sie sich in gro\u00dfer Gefahr. Ihr Ehemann Nakash hat Maira wegen Apostasie, einem Verbrechen, auf das in Pakistan die <a href=\"https:\/\/repubblica.it\/solidarieta\/diritti-umani\/2017\/12\/11\/news\/anche_non_credere_puo_uccidere_in_12_paesi_pena_di_morte_per_atei_e_agnostici-183801064\/\">Todesstrafe<\/a> steht, und ihre Verwandten wegen Entf\u00fchrung angeklagt. Auf der anderen Seite wurde Nakash wegen Vergewaltigung von Kindern angezeigt. W\u00e4hrend das Gericht in Rawalpindi den Fall pr\u00fcft, ist Maira, die st\u00e4ndig Morddrohungen gegen sich und ihre Verwandten ausgesetzt ist, gezwungen, unter dem Schutz der Polizei unterzutauchen. Sie hat daher f\u00fcr sich und ihre Familie Asyl in Gro\u00dfbritannien beantragt. In ihrem Auftrag hat der britische Zweig der p\u00e4pstlichen Stiftung <em><a href=\"https:\/\/acnuk.org\/\">Kirche in Not<\/a><\/em> eine <a href=\"https:\/\/acnuk.org\/maira-shahbaz-petition-page\/\">Petition gestartet<\/a>, die bereits mehr als 12.000 Unterschriften gesammelt hat und am 4. Februar an Fiona Bruce, die Sonderbeauftragte des britischen Premierministers f\u00fcr Religions- und Glaubensfreiheit, <a href=\"https:\/\/cruxnow.com\/church-in-asia\/2021\/02\/pakistani-catholic-girl-kidnapped-and-forced-to-marry-seeks-asylum-in-uk\/\">\u00fcbergeben wurde<\/a>.<\/p>\n\n\n\n<p>\u201eSie haben gedroht, meine ganze Familie zu t\u00f6ten\u201c, <a href=\"https:\/\/acnuk.org\/maira-shahbaz-petition-page\/\">weint Maira<\/a>. \u201eSie zeigten mir auch Nacktvideos von mir und Bilder, die sie mit ihren Handys machten, w\u00e4hrend sie mich vergewaltigten.\u201c Unabh\u00e4ngig vom Gerichtsurteil wird das Leben des M\u00e4dchens und das ihrer Familienmitglieder in Pakistan immer in Gefahr sein, da die junge Frau von ihrem Entf\u00fchrer und seinen Anh\u00e4ngern der Apostasie bezichtigt wird. <a href=\"https:\/\/cruxnow.com\/church-in-asia\/2021\/02\/pakistani-catholic-girl-kidnapped-and-forced-to-marry-seeks-asylum-in-uk\/\">Laut Mairas Anw\u00e4ltin<\/a>, Sumera Shafique, wird sie f\u00fcr die pakistanischen Extremisten immer eine Abtr\u00fcnnige sein und bei der ersten Gelegenheit get\u00f6tet werden.<\/p>\n\n\n\n<h3 class=\"wp-block-heading\" id=\"h-maira-ist-nicht-das-einzige-opfer\"><strong>Maira ist nicht das einzige Opfer<\/strong><\/h3>\n\n\n\n<p>Dies ist jedoch \u201enur\u201c eine von vielen \u00e4hnlichen Geschichten. <a href=\"https:\/\/catholicnewsagency.com\/news\/christian-aid-group-applauds-investigation-into-forced-conversions-marriages-in-pakistan-35078\">Arzoo Raja<\/a>, ein dreizehnj\u00e4hriges M\u00e4dchen aus Karachi, wurde entf\u00fchrt, um von dem vierundvierzigj\u00e4hrigen Ali Azhar zur Konversion und Heirat gezwungen zu werden. Zwei Wochen nach der Entf\u00fchrung wurde Raja vor das Oberste Gericht von Sindh geladen und soll erkl\u00e4rt haben, dass sie vollj\u00e4hrig sei und die Ehe daher als g\u00fcltig angesehen werde.<\/p>\n\n\n\n<p>Die entf\u00fchrte und vergewaltigte Hindu-Studentin <a href=\"https:\/\/bitterwinter.org\/sindh-violence-against-hindu-women-temples-culture\/\">Namrita Chandani<\/a> wurde im September 2019 <a href=\"https:\/\/indiatoday.in\/world\/story\/namrita-chandani-death-case-remains-twisted-as-deviating-reports-on-fingerprints-keep-surfacing-1622546-2019-11-26\">tot aufgefunden<\/a>: Es wurde von Selbstmord gesprochen, aber die Familie ist nach wie vor \u00fcberzeugt, dass sie ermordet wurde. <a href=\"https:\/\/thenews.com.pk\/print\/722927-momal-58th-woman-to-commit-suicide-in-thar\">Momal Meghwar<\/a> hingegen beging tats\u00e4chlich Selbstmord, indem sie in einen Brunnen im Dorf Dalan-Jo-Tarr sprang, da sie die Verfolgung durch ihre Vergewaltiger, die bis zum Prozess freigelassen wurden, nicht ertragen konnte.<\/p>\n\n\n\n<p>Und <a href=\"https:\/\/bitterwinter.org\/pakistan-12-year-old-christian-girl-kidnapped-converted-to-islam-and-married\/\">Farah Shaheen<\/a>, ein 12-j\u00e4hriges christliches M\u00e4dchen aus dem Bezirk Gulistan in Faisalabad, wurde von dem 45-j\u00e4hrigen Khizar Ahmed Ali entf\u00fchrt, \u201ekonvertiert\u201c und \u201eheiratete\u201c den Entf\u00fchrer. Ihr Vater, der versuchte, sie zu retten, setzte sich einer Anklage wegen Blasphemie aus, weil er es wagte, Zweifel an ihrer Bekehrung zu \u00e4u\u00dfern. Erst nach viermonatiger Suche fand er einen Anwalt, der bereit war, ihm zu helfen. Als Farah vor dem Bezirksgericht von Allahabad erschien, hatte sie tiefe Sch\u00fcrfwunden an den Kn\u00f6cheln und befand sich offensichtlich in einem Schockzustand. Trotz Farahs \u201eFund\u201c ist es schwer vorstellbar, dass ihre Entf\u00fchrer bestraft werden. Die <em><a href=\"https:\/\/ucanews.com\/news\/pakistani-christian-girl-freed-five-months-after-abduction\/90591\">Union of Catholic Asian News<\/a><\/em> (UCA) sammelte daraufhin die Zeugenaussage der Aktivistin Lala Robin Daniel: \u201eNachdem sie mit den Kriminellen verhandelt hatte, brachten die Beamten sie zun\u00e4chst auf die Polizeistation. Sie hatte Wunden an den Kn\u00f6cheln und F\u00fc\u00dfen, die auf der Polizeistation behandelt wurden. Sie war traumatisiert und konnte nicht \u00fcber die erlittene Folter berichten [&#8230;]. Die Heirat, die Zwangsbekehrung und die verwundeten F\u00fc\u00dfe sprechen vom Schrecken der Vergangenheit.\u201c<\/p>\n\n\n\n<h3 class=\"wp-block-heading\" id=\"h-das-aus-f-r-religionsfreiheit\"><strong>Das Aus f\u00fcr Religionsfreiheit<\/strong><\/h3>\n\n\n\n<p>In Pakistan k\u00e4mpft das Rechts- und Verwaltungssystem zwischen dem Diktat s\u00e4kularer Gesetze und der Einhaltung der <em>islamischen Shari\u2018a<\/em>. Die Kinderehe zum Beispiel, die gesetzlich verboten ist, wird jedoch von den radikaleren muslimischen Randgruppen als zul\u00e4ssig erachtet. Und wenn sich die Extremisten vor den Gerichten dr\u00e4ngeln, kann nicht einmal das Vorzeigen von Geburtsurkunden und offiziellen Dokumenten dazu f\u00fchren, dass von <a href=\"https:\/\/tempi.it\/vogliono-maira-morta-ma-la-legge-del-pakistan-poteva-e-doveva-salvarla\/\">Minderj\u00e4hrigen geschlossene Ehen<\/a> unter Androhung annulliert werden.<\/p>\n\n\n\n<p>Laut dem <a href=\"https:\/\/cruxnow.com\/church-in-asia\/2021\/01\/covid-19-pandemic-increasing-persecution-of-christians-report-claims\/\">Bericht<\/a> von <em><a href=\"https:\/\/opendoors.org\/\">Open Doors International<\/a><\/em>, der christlichen Organisation, die sich f\u00fcr die Einhaltung der Menschenrechte einsetzt, leiden jeden Tag mehr als 340 Millionen Christen unter Diskriminierung, Ungleichbehandlung oder aktiver Verfolgung, eine Situation, die durch die Pandemie noch verschlimmert wird. Insbesondere Christen werden in Pakistan als B\u00fcrger zweiter Klasse betrachtet: Blasphemiegesetze werden benutzt, um sie ins Visier zu nehmen, und islamische Extremisten suchen oft nach privater Gerechtigkeit und t\u00f6ten diejenigen, von denen sie glauben, dass sie sich vergangen haben.<\/p>\n\n\n\n<p>Die Abgeordnete Fiona Bruce von der Konservativen Partei sagte bei der Entgegennahme der von ACS im Namen von <a href=\"https:\/\/indcatholicnews.com\/news\/41478\">Maira gestarteten Petition<\/a>: \u201eDie Notlage von Maira und ihrer Familie ist tragisch und herzzerrei\u00dfend, wie die Tausende und Abertausende von Menschen beweisen, die die Petition in ihrem Namen unterzeichnet haben, die ich heute erhalten habe. Ich leite sie sofort an den Innenminister zur dringenden Pr\u00fcfung weiter.\u201c<\/p>\n\n\n\n<p>Ein offener Brief an den Premierminister zur Unterst\u00fctzung des Asylantrags wurde von mehr als 30 Abgeordneten, Bisch\u00f6fen und Leitern von Wohlfahrtsverb\u00e4nden und Menschenrechtsorganisationen unterzeichnet. Unter ihnen ist Mgr. Philip Mounstephen, anglikanischer Bischof von Truro, England, der sagt: \u201eTragische F\u00e4lle wie der von Maira Shahbaz sind ein Testfall f\u00fcr die Verpflichtung der britischen Regierung, die Religionsfreiheit in den Mittelpunkt ihrer Au\u00dfenpolitik zu stellen. Ich fordere die Regierung daher dringend auf, anzuerkennen, dass Mairas Rechte potenziell t\u00f6dlich verletzt wurden, und ihr Asyl anzubieten.\u201c<\/p>\n\n\n\n<p>\u00c4hnliche Aussagen wurden vom koptisch-orthodoxen Erzbischof von London, Angaelos, dem nationalen Direktor von ACS UK, Neville Kyrke-Smith, und dem Pr\u00e4sidenten und Gr\u00fcnder von <em>Christian Solidarity Wordwide<\/em>, Mervyn Thomas, gemacht.<\/p>\n\n\n\n<p>Wie die ACS feststellt, \u201ebleiben die Aussichten f\u00fcr Maira, f\u00fcr Arzoo und f\u00fcr die Hunderte von anderen, die \u00e4hnlich betroffen sind &#8211; Menschen, die leiden, weil sie Frauen sind, weil sie jung sind und wegen des Glaubens, zu dem sie sich bekennen &#8211; sehr ungewiss, bis Pakistan das Problem in Angriff nimmt.\u201c<\/p>\n","protected":false},"excerpt":{"rendered":"<p>Sucht politisches Asyl in Gro\u00dfbritannien, um der Religionsunfreiheit zu entgehen <\/p>\n","protected":false},"author":11,"featured_media":55162,"comment_status":"open","ping_status":"open","sticky":false,"template":"","format":"standard","meta":{"give_campaign_id":0,"om_disable_all_campaigns":false,"_monsterinsights_skip_tracking":false,"_monsterinsights_sitenote_active":false,"_monsterinsights_sitenote_note":"","_monsterinsights_sitenote_category":0,"mc4wp_mailchimp_campaign":[],"jnews-multi-image_gallery":[],"jnews_single_post":{"subtitle":"Sucht politisches Asyl in Gro\u00dfbritannien, um der Religionsunfreiheit zu entgehen ","format":"standard","video":"","gallery":"","source_name":"","source_url":"","via_name":"","via_url":"","override":[{"single_blog_custom":"","sidebar":"","second_sidebar":"","share_position":"","share_float_style":"","post_date_format":"","post_date_format_custom":"","post_reading_time_wpm":"","zoom_button_out_step":"1","zoom_button_in_step":"1","number_popup_post":"1"}],"image_override":[{"single_post_thumbnail_size":"","single_post_gallery_size":""}],"trending_post_position":"","trending_post_label":"","sponsored_post_label":"","sponsored_post_name":"","sponsored_post_url":"","sponsored_post_logo":"","sponsored_post_desc":""},"jnews_primary_category":{"id":"770"},"jnews_social_meta":{"fb_title":"","fb_description":"","fb_image":"","twitter_title":"","twitter_description":"","twitter_image":""},"jnews_override_counter":{"view_counter_number":"0","share_counter_number":"0","like_counter_number":"0","dislike_counter_number":"0"},"footnotes":""},"categories":[816,770,811],"tags":[2086,4462,8649,3055,8651],"class_list":["post-55864","post","type-post","status-publish","format-standard","has-post-thumbnail","hentry","category-breaking-news-de","category-familie","category-foreground-de","tag-frauenrechte","tag-menschenrechte","tag-pakistan-2","tag-religionsfreiheit","tag-sharia"],"yoast_head":"<!-- This site is optimized with the Yoast SEO Premium plugin v25.9 (Yoast SEO v27.3) - https:\/\/yoast.com\/product\/yoast-seo-premium-wordpress\/ -->\n<title>Hilfe f\u00fcr die 14-j\u00e4hrige Maira, die in Pakistan entf\u00fchrt und vergewaltigt wurde - IFN<\/title>\n<meta name=\"robots\" content=\"index, follow, max-snippet:-1, max-image-preview:large, max-video-preview:-1\" \/>\n<link rel=\"canonical\" href=\"https:\/\/ifamnews.com\/de\/hilfe-f-r-die-14-j-hrige-maira-die-in-pakistan-entf-hrt-und-vergewaltigt-wurde\" \/>\n<meta property=\"og:locale\" content=\"de_DE\" \/>\n<meta property=\"og:type\" content=\"article\" \/>\n<meta property=\"og:title\" content=\"Hilfe f\u00fcr die 14-j\u00e4hrige Maira, die in Pakistan entf\u00fchrt und vergewaltigt wurde\" \/>\n<meta property=\"og:description\" content=\"Sucht politisches Asyl in Gro\u00dfbritannien, um der Religionsunfreiheit zu entgehen\" \/>\n<meta property=\"og:url\" content=\"https:\/\/ifamnews.com\/de\/hilfe-f-r-die-14-j-hrige-maira-die-in-pakistan-entf-hrt-und-vergewaltigt-wurde\" \/>\n<meta property=\"og:site_name\" content=\"IFN\" \/>\n<meta property=\"article:publisher\" content=\"https:\/\/www.facebook.com\/iFamNews\" \/>\n<meta property=\"article:published_time\" content=\"2021-02-23T06:00:00+00:00\" \/>\n<meta property=\"og:image\" content=\"https:\/\/ifamnews.com\/wp-content\/uploads\/2021\/02\/pakistan-895319_1280.jpg\" \/>\n\t<meta property=\"og:image:width\" content=\"1280\" \/>\n\t<meta property=\"og:image:height\" content=\"935\" \/>\n\t<meta property=\"og:image:type\" content=\"image\/jpeg\" \/>\n<meta name=\"author\" content=\"Cristina Tamburini\" \/>\n<meta name=\"twitter:card\" content=\"summary_large_image\" \/>\n<meta name=\"twitter:creator\" content=\"@iFamNewsEN\" \/>\n<meta name=\"twitter:site\" content=\"@iFamNewsEN\" \/>\n<meta name=\"twitter:label1\" content=\"Verfasst von\" \/>\n\t<meta name=\"twitter:data1\" content=\"Cristina Tamburini\" \/>\n\t<meta name=\"twitter:label2\" content=\"Gesch\u00e4tzte Lesezeit\" \/>\n\t<meta name=\"twitter:data2\" content=\"6\u00a0Minuten\" \/>\n<!-- \/ Yoast SEO Premium plugin. -->","yoast_head_json":{"title":"Hilfe f\u00fcr die 14-j\u00e4hrige Maira, die in Pakistan entf\u00fchrt und vergewaltigt wurde - IFN","robots":{"index":"index","follow":"follow","max-snippet":"max-snippet:-1","max-image-preview":"max-image-preview:large","max-video-preview":"max-video-preview:-1"},"canonical":"https:\/\/ifamnews.com\/de\/hilfe-f-r-die-14-j-hrige-maira-die-in-pakistan-entf-hrt-und-vergewaltigt-wurde","og_locale":"de_DE","og_type":"article","og_title":"Hilfe f\u00fcr die 14-j\u00e4hrige Maira, die in Pakistan entf\u00fchrt und vergewaltigt wurde","og_description":"Sucht politisches Asyl in Gro\u00dfbritannien, um der Religionsunfreiheit zu entgehen","og_url":"https:\/\/ifamnews.com\/de\/hilfe-f-r-die-14-j-hrige-maira-die-in-pakistan-entf-hrt-und-vergewaltigt-wurde","og_site_name":"IFN","article_publisher":"https:\/\/www.facebook.com\/iFamNews","article_published_time":"2021-02-23T06:00:00+00:00","og_image":[{"width":1280,"height":935,"url":"https:\/\/ifamnews.com\/wp-content\/uploads\/2021\/02\/pakistan-895319_1280.jpg","type":"image\/jpeg"}],"author":"Cristina Tamburini","twitter_card":"summary_large_image","twitter_creator":"@iFamNewsEN","twitter_site":"@iFamNewsEN","twitter_misc":{"Verfasst von":"Cristina Tamburini","Gesch\u00e4tzte Lesezeit":"6\u00a0Minuten"},"schema":{"@context":"https:\/\/schema.org","@graph":[{"@type":"NewsArticle","@id":"https:\/\/ifamnews.com\/de\/hilfe-f-r-die-14-j-hrige-maira-die-in-pakistan-entf-hrt-und-vergewaltigt-wurde#article","isPartOf":{"@id":"https:\/\/ifamnews.com\/de\/hilfe-f-r-die-14-j-hrige-maira-die-in-pakistan-entf-hrt-und-vergewaltigt-wurde"},"author":{"name":"Cristina Tamburini","@id":"https:\/\/ifamnews.com\/en\/#\/schema\/person\/43e7f156898341a8d33d23cccefde53a"},"headline":"Hilfe f\u00fcr die 14-j\u00e4hrige Maira, die in Pakistan entf\u00fchrt und vergewaltigt wurde","datePublished":"2021-02-23T06:00:00+00:00","mainEntityOfPage":{"@id":"https:\/\/ifamnews.com\/de\/hilfe-f-r-die-14-j-hrige-maira-die-in-pakistan-entf-hrt-und-vergewaltigt-wurde"},"wordCount":1244,"commentCount":0,"publisher":{"@id":"https:\/\/ifamnews.com\/en\/#organization"},"image":{"@id":"https:\/\/ifamnews.com\/de\/hilfe-f-r-die-14-j-hrige-maira-die-in-pakistan-entf-hrt-und-vergewaltigt-wurde#primaryimage"},"thumbnailUrl":"https:\/\/ifamnews.com\/wp-content\/uploads\/2021\/02\/pakistan-895319_1280.jpg","keywords":["Frauenrechte","Menschenrechte","Pakistan","Religionsfreiheit","Shari&#039;a"],"articleSection":["Breaking News","Familie","Vordergrund"],"inLanguage":"de","potentialAction":[{"@type":"CommentAction","name":"Comment","target":["https:\/\/ifamnews.com\/de\/hilfe-f-r-die-14-j-hrige-maira-die-in-pakistan-entf-hrt-und-vergewaltigt-wurde#respond"]}]},{"@type":"WebPage","@id":"https:\/\/ifamnews.com\/de\/hilfe-f-r-die-14-j-hrige-maira-die-in-pakistan-entf-hrt-und-vergewaltigt-wurde","url":"https:\/\/ifamnews.com\/de\/hilfe-f-r-die-14-j-hrige-maira-die-in-pakistan-entf-hrt-und-vergewaltigt-wurde","name":"Hilfe f\u00fcr die 14-j\u00e4hrige Maira, die in Pakistan entf\u00fchrt und vergewaltigt wurde - IFN","isPartOf":{"@id":"https:\/\/ifamnews.com\/en\/#website"},"primaryImageOfPage":{"@id":"https:\/\/ifamnews.com\/de\/hilfe-f-r-die-14-j-hrige-maira-die-in-pakistan-entf-hrt-und-vergewaltigt-wurde#primaryimage"},"image":{"@id":"https:\/\/ifamnews.com\/de\/hilfe-f-r-die-14-j-hrige-maira-die-in-pakistan-entf-hrt-und-vergewaltigt-wurde#primaryimage"},"thumbnailUrl":"https:\/\/ifamnews.com\/wp-content\/uploads\/2021\/02\/pakistan-895319_1280.jpg","datePublished":"2021-02-23T06:00:00+00:00","breadcrumb":{"@id":"https:\/\/ifamnews.com\/de\/hilfe-f-r-die-14-j-hrige-maira-die-in-pakistan-entf-hrt-und-vergewaltigt-wurde#breadcrumb"},"inLanguage":"de","potentialAction":[{"@type":"ReadAction","target":["https:\/\/ifamnews.com\/de\/hilfe-f-r-die-14-j-hrige-maira-die-in-pakistan-entf-hrt-und-vergewaltigt-wurde"]}]},{"@type":"ImageObject","inLanguage":"de","@id":"https:\/\/ifamnews.com\/de\/hilfe-f-r-die-14-j-hrige-maira-die-in-pakistan-entf-hrt-und-vergewaltigt-wurde#primaryimage","url":"https:\/\/ifamnews.com\/wp-content\/uploads\/2021\/02\/pakistan-895319_1280.jpg","contentUrl":"https:\/\/ifamnews.com\/wp-content\/uploads\/2021\/02\/pakistan-895319_1280.jpg","width":1280,"height":935,"caption":"Image by"},{"@type":"BreadcrumbList","@id":"https:\/\/ifamnews.com\/de\/hilfe-f-r-die-14-j-hrige-maira-die-in-pakistan-entf-hrt-und-vergewaltigt-wurde#breadcrumb","itemListElement":[{"@type":"ListItem","position":1,"name":"Home","item":"https:\/\/ifamnews.com\/de"},{"@type":"ListItem","position":2,"name":"Famiglia","item":"https:\/\/ifamnews.com\/it\/categoria\/famiglia"},{"@type":"ListItem","position":3,"name":"Hilfe f\u00fcr die 14-j\u00e4hrige Maira, die in Pakistan entf\u00fchrt und vergewaltigt wurde"}]},{"@type":"WebSite","@id":"https:\/\/ifamnews.com\/en\/#website","url":"https:\/\/ifamnews.com\/en\/","name":"IFN","description":"International Family News Network","publisher":{"@id":"https:\/\/ifamnews.com\/en\/#organization"},"potentialAction":[{"@type":"SearchAction","target":{"@type":"EntryPoint","urlTemplate":"https:\/\/ifamnews.com\/en\/?s={search_term_string}"},"query-input":{"@type":"PropertyValueSpecification","valueRequired":true,"valueName":"search_term_string"}}],"inLanguage":"de"},{"@type":"Organization","@id":"https:\/\/ifamnews.com\/en\/#organization","name":"iFamNews","url":"https:\/\/ifamnews.com\/en\/","logo":{"@type":"ImageObject","inLanguage":"de","@id":"https:\/\/ifamnews.com\/en\/#\/schema\/logo\/image\/","url":"https:\/\/ifamnews.com\/wp-content\/uploads\/2020\/01\/Share-logo.png","contentUrl":"https:\/\/ifamnews.com\/wp-content\/uploads\/2020\/01\/Share-logo.png","width":200,"height":200,"caption":"iFamNews"},"image":{"@id":"https:\/\/ifamnews.com\/en\/#\/schema\/logo\/image\/"},"sameAs":["https:\/\/www.facebook.com\/iFamNews","https:\/\/x.com\/iFamNewsEN"]},{"@type":"Person","@id":"https:\/\/ifamnews.com\/en\/#\/schema\/person\/43e7f156898341a8d33d23cccefde53a","name":"Cristina Tamburini","image":{"@type":"ImageObject","inLanguage":"de","@id":"https:\/\/secure.gravatar.com\/avatar\/4165d8e302e80b4826915d6dc5ff4095e2cdb523a870c0cb303347ba24f5e3c2?s=96&d=mm&r=g","url":"https:\/\/secure.gravatar.com\/avatar\/4165d8e302e80b4826915d6dc5ff4095e2cdb523a870c0cb303347ba24f5e3c2?s=96&d=mm&r=g","contentUrl":"https:\/\/secure.gravatar.com\/avatar\/4165d8e302e80b4826915d6dc5ff4095e2cdb523a870c0cb303347ba24f5e3c2?s=96&d=mm&r=g","caption":"Cristina Tamburini"},"description":"Cristina Tamburini, graduated in Philosophy with a thesis in Philosophical Anthropology on contemporary utilitarianism, wife and mother of seven children, has never abandoned the study and the passion for philosophical anthropology, ethics and bioethics. She has translated into Italian several texts, including Action and Conduct: Thomas Aquinas and the Theory of Action by Stephen L. Brock and Intention by G. Elizabeth M. Anscombe, extending her interests to theology (especially to eschatology and the Social Doctrine of the Church). He edited the blog Yes, they are all mine! to tell and explore the maternage and everyday life in a large family.","sameAs":["https:\/\/sonotuttimiei.blogspot.com\/","https:\/\/instagram.com\/cristambu\/"],"url":"https:\/\/ifamnews.com\/de\/author\/ctamburini"}]}},"amp_enabled":true,"_links":{"self":[{"href":"https:\/\/ifamnews.com\/de\/wp-json\/wp\/v2\/posts\/55864","targetHints":{"allow":["GET"]}}],"collection":[{"href":"https:\/\/ifamnews.com\/de\/wp-json\/wp\/v2\/posts"}],"about":[{"href":"https:\/\/ifamnews.com\/de\/wp-json\/wp\/v2\/types\/post"}],"author":[{"embeddable":true,"href":"https:\/\/ifamnews.com\/de\/wp-json\/wp\/v2\/users\/11"}],"replies":[{"embeddable":true,"href":"https:\/\/ifamnews.com\/de\/wp-json\/wp\/v2\/comments?post=55864"}],"version-history":[{"count":1,"href":"https:\/\/ifamnews.com\/de\/wp-json\/wp\/v2\/posts\/55864\/revisions"}],"predecessor-version":[{"id":55865,"href":"https:\/\/ifamnews.com\/de\/wp-json\/wp\/v2\/posts\/55864\/revisions\/55865"}],"wp:featuredmedia":[{"embeddable":true,"href":"https:\/\/ifamnews.com\/de\/wp-json\/wp\/v2\/media\/55162"}],"wp:attachment":[{"href":"https:\/\/ifamnews.com\/de\/wp-json\/wp\/v2\/media?parent=55864"}],"wp:term":[{"taxonomy":"category","embeddable":true,"href":"https:\/\/ifamnews.com\/de\/wp-json\/wp\/v2\/categories?post=55864"},{"taxonomy":"post_tag","embeddable":true,"href":"https:\/\/ifamnews.com\/de\/wp-json\/wp\/v2\/tags?post=55864"}],"curies":[{"name":"wp","href":"https:\/\/api.w.org\/{rel}","templated":true}]}}