{"id":54239,"date":"2021-02-18T01:00:00","date_gmt":"2021-02-18T06:00:00","guid":{"rendered":"https:\/\/ifamnews.com\/?p=54239"},"modified":"2021-02-15T07:56:26","modified_gmt":"2021-02-15T12:56:26","slug":"the-mandalorian-die-vers-hnung-der-alten-und-neuen-generation-von-star-wars-fans","status":"publish","type":"post","link":"https:\/\/ifamnews.com\/de\/the-mandalorian-die-vers-hnung-der-alten-und-neuen-generation-von-star-wars-fans","title":{"rendered":"The Mandalorian \u2013 Die Vers\u00f6hnung der \u201ealten\u201c und \u201eneuen\u201c Generation von Star Wars-Fans"},"content":{"rendered":"\n<p>Alles schien verloren auf dem kulturellen Schlachtfeld, um zu retten, was von dieser Popkultur-Ikone noch zu retten war&#8230; Bis vor kurzem! Das war, als der Mandalorianer auftauchte.<\/p>\n\n\n\n<p><em>Star Wars<\/em>, der <em>Krieg der Sterne<\/em> im Originaltitel, ist ohne Zweifel eine der ikonischsten Filmfranchises der Popkultur. Wie so viele andere wuchs ich in Ehrfurcht vor der mythischen \u201eLuke, ich bin dein Vater!\u201c-Szene, den Jedi-Lichtschwertk\u00e4mpfen und dem Einsatz der Macht sowohl auf der hellen als auch auf der dunklen Seite auf.<\/p>\n\n\n\n<p>Seit 1977 ist <em>Star Wars<\/em> sowohl ein kommerzieller als auch ein kultureller Erfolg. Sie ist zu einem modernen Mythos geworden und eine unbestrittene Referenz f\u00fcr Jung und Alt. Seitdem hat es die Phantasie der Menschen erf\u00fcllt. Ich werde keine vollst\u00e4ndige Geschichte der Franchise schreiben, die Nicht-Fans langweilen w\u00fcrde, aber ich m\u00f6chte einige aktuelle Fakten erw\u00e4hnen, die unsere Leser in Bezug auf die Werte der Franchise interessieren werden.<\/p>\n\n\n\n<p>Seit der \u00dcbernahme von Lucasfilm durch Disney im Jahr 2012 war es unm\u00f6glich daran zu denken, dass die Star-Wars-Saga nicht der bedauerlichen ideologischen Linie folgen w\u00fcrde, die der multinationale Konzern nach und nach vorantreibt. Die Ernennung von Kathleen Kennedy als Regisseurin folgte in den 3 Filmen der Fortsetzungen ganz der erwarteten ideologischen Linie: superstarke Frauen, herabgesetzte m\u00e4nnliche Charaktere, homosexuelle Kussszene,&#8230;<\/p>\n\n\n\n<p><\/p>\n\n\n\n<p>Alles schien verloren auf dem Feld des Kulturkampfes, um zu retten, was von dieser Ikone der Popkultur noch zu retten war&#8230; Bis vor kurzem! Dann kam \u201eThe Mandalorian\u201c, eine neue Star-Wars-Serie auf der Plattform Disney+, dessen zweite Staffel gerade zu Ende ging \u2013 und die ich zugegebenerma\u00dfen gesehen habe, ohne Disney einen Cent zu zahlen.<\/p>\n\n\n\n<p>Unter der Regie von Jon Favreau und Dave Filoni ist \u201eThe Mandalorian\u201c, um es in Fu\u00dfballsprache auszudr\u00fccken, ein TORSCHUSS VON BOGEN ZU BOGEN. Die letzte Episode der zweiten Staffel ist ein Meisterwerk (ich habe am Ende fast geweint, eine Szene so ergreifend wie \u201eLuke, ich bin dein Vater!\u201c). The Mandalorian ist so imposant, dass es eine Menge Abonnenten auf die Disney+ Plattform gelockt hat, nur um diese Serie zu sehen. Die Serie schaffte es, alte Fans mit neuen zu vers\u00f6hnen und die modernen Ideologien, die in der Disney-\u00c4ra&#8230;. eingef\u00fchrt wurden, komplett zu verbannen.<\/p>\n\n\n\n<div class=\"wp-block-image\"><figure class=\"aligncenter size-large is-resized\"><img decoding=\"async\" src=\"https:\/\/ifamnews.com\/wp-content\/uploads\/2021\/01\/Star-Wars3-768x1024.png\" alt=\"\" class=\"wp-image-48908\" width=\"230\" height=\"307\" srcset=\"https:\/\/ifamnews.com\/wp-content\/uploads\/2021\/01\/Star-Wars3-768x1024.png 768w, https:\/\/ifamnews.com\/wp-content\/uploads\/2021\/01\/Star-Wars3-750x1000.png 750w, https:\/\/ifamnews.com\/wp-content\/uploads\/2021\/01\/Star-Wars3.png 1000w\" sizes=\"(max-width: 230px) 100vw, 230px\" \/><figcaption>Gina Carano<\/figcaption><\/figure><\/div>\n\n\n\n<p>Die Serie hat starke, kriegerische weibliche Charaktere, aber ihre Geschichte ist perfekt durcherz\u00e4hlt, total logisch und f\u00fchlt sich \u00fcberhaupt nicht erzwungen an. Zum Beispiel war die Figur der Cara Dune, Schocksoldatin der \u201eNeuen Republik\u201c, gespielt von der Schauspielerin Gina Carano, ehemalige <em>Mixed Martial Arts<\/em> (MMA) K\u00e4mpferin, eindeutig der starke weibliche Charakter, Kriegerin, unabh\u00e4ngig, &#8230; so geliebt von Progressiven. Aber es ist einfach so, dass der Charakter sehr gut konstruiert ist. Und es stellt sich heraus, dass die Schauspielerin offiziell Donald Trumps Wahlkampf unterst\u00fctzt hat&#8230; Das ging nach hinten los bei denen, die in ihr eine weitere Ikone des radikalen Feminismus sahen.<\/p>\n\n\n\n<p><em>[Anm. d. R.: Seit Verfassung des Artikels wurde Schaupielerin Gina Carano von Disney entlassen, weil sie sich auf sozialen Netzwerken kritisch gegen die Zensur-Welle von konservativen Stimmen ge\u00e4u\u00dfert hatte. <a href=\"https:\/\/deadline.com\/2021\/02\/gina-carano-mandalorian-ben-shapiro-hits-back-cancel-culture-1234692971\/\">Carano wehrte sich<\/a> gegen diesen Schritt der \u201eCancel-Kultur\u201c und plant jetzt eigene Filmproduktionen.]<\/em><\/p>\n\n\n\n<p>Die Regisseure Favreau und Feloni wussten geschickt zu man\u00f6vrieren, um es so aussehen zu lassen, als w\u00fcrden sie Kathleen Kennedy und dem Progressivismus das geben, was sie wollten&#8230; Aber am Ende erreichten sie ein Ergebnis, das die Star Wars-Fans begeisterte: Sie rehabilitierten eine zentrale Figur der urspr\u00fcnglichen Saga vollst\u00e4ndig, indem sie w\u00fcrdevolle und starke m\u00e4nnliche Charaktere ohne Komplexe, die positive Vaterfigur des Helden, pr\u00e4sentierten und damit die von Kennedy vorgenommene ideologische Zumutung r\u00fcckg\u00e4ngig machten.<\/p>\n\n\n\n<p>Seine st\u00e4rksten Waffen: Der kommerzielle Erfolg der Serie \u00fcbertraf Disneys optimistischste Erwartungen ebenso wie die bedingungslose Unterst\u00fctzung durch alte und neue Fans. Nur ein paar fortschrittliche Disney-Mitarbeiter versuchten, negative Kommentare abzugeben, nur um eine Lawine der Kritik von Fans im Internet zu erleiden, zum ersten Mal vereint seit dem Verkauf von Lucasfilm an Disney.<\/p>\n\n\n\n<div class=\"wp-block-image\"><figure class=\"aligncenter size-large is-resized\"><img decoding=\"async\" src=\"https:\/\/ifamnews.com\/wp-content\/uploads\/2021\/01\/Star-Wars.jpg\" alt=\"\" class=\"wp-image-48916\" width=\"508\" height=\"342\" srcset=\"https:\/\/ifamnews.com\/wp-content\/uploads\/2021\/01\/Star-Wars.jpg 840w, https:\/\/ifamnews.com\/wp-content\/uploads\/2021\/01\/Star-Wars-768x517.jpg 768w, https:\/\/ifamnews.com\/wp-content\/uploads\/2021\/01\/Star-Wars-750x505.jpg 750w\" sizes=\"(max-width: 508px) 100vw, 508px\" \/><\/figure><\/div>\n\n\n\n<p>Auch wenn die Popkultur vielleicht nicht das beste Vehikel f\u00fcr die Vermittlung von Familienwerten ist, so ist sie doch unbestreitbar ein Instrument, das eine Vielzahl von Menschen auf der ganzen Welt ber\u00fchrt und ein Raum, f\u00fcr den es sich zu k\u00e4mpfen lohnt, um die postmoderne kulturelle Kolonisierung zu stoppen.<\/p>\n\n\n\n<p>Favreau und Filoni haben ganze Arbeit geleistet. Dies brachte einen internen Krieg innerhalb von Lucasfilm ans Licht, der zuvor vom pro-gr\u00fcnen Lager um Kathleen Kennedy dominiert wurde, die Star Wars schamlos zur Vermittlung ihrer ruchlosen Ideologien nutzten. Nun erhielt das \u201etraditionelle\u201c Star-Wars-Lager, das sich aus echten Fans des Franchise zusammensetzt, die die Ideologisierung des Werks ablehnen, eine noch nie dagewesene Unterst\u00fctzung.<\/p>\n\n\n\n<p>Es bleibt abzuwarten, ob die finanzielle Vernunft und die Unterst\u00fctzung der Fans die Entscheidungstr\u00e4ger bei Disney davon \u00fcberzeugen werden, ihr ideologisches Anspruchsdenken beiseite zu schieben, um den Fans das zu geben, was sie wollen, oder ob die Ideologisierung so weit fortgeschritten ist, dass sogar das kommerzielle Interesse des Unternehmens zweitrangig geworden ist. Das werden wir sehen. Es ist ein harter Kampf, aber es lohnt sich zu k\u00e4mpfen!<\/p>\n","protected":false},"excerpt":{"rendered":"<p>Trotz des \u201eCancel\u201c-Debakels um Gina Carano: Mandalorian punktet mit Innovation, Talent und guter Geschichte<\/p>\n","protected":false},"author":576,"featured_media":48901,"comment_status":"open","ping_status":"open","sticky":false,"template":"","format":"standard","meta":{"give_campaign_id":0,"om_disable_all_campaigns":false,"_monsterinsights_skip_tracking":false,"_monsterinsights_sitenote_active":false,"_monsterinsights_sitenote_note":"","_monsterinsights_sitenote_category":0,"mc4wp_mailchimp_campaign":[],"jnews-multi-image_gallery":[],"jnews_single_post":{"subtitle":"Trotz des \u201eCancel\u201c-Debakels um Gina Carano: Mandalorian punktet mit Innovation, Talent und guter Geschichte","format":"standard","video":"","gallery":"","source_name":"","source_url":"","via_name":"","via_url":"","override":[{"single_blog_custom":"","sidebar":"","second_sidebar":"","share_position":"","share_float_style":"","post_date_format":"","post_date_format_custom":"","post_reading_time_wpm":"","zoom_button_out_step":"1","zoom_button_in_step":"1","number_popup_post":"1"}],"image_override":[{"single_post_thumbnail_size":"","single_post_gallery_size":""}],"trending_post_position":"","trending_post_label":"","sponsored_post_label":"","sponsored_post_name":"","sponsored_post_url":"","sponsored_post_logo":"","sponsored_post_desc":""},"jnews_primary_category":{"id":"769"},"jnews_social_meta":{"fb_title":"","fb_description":"","fb_image":"","twitter_title":"","twitter_description":"","twitter_image":""},"jnews_override_counter":{"view_counter_number":"0","share_counter_number":"0","like_counter_number":"0","dislike_counter_number":"0"},"footnotes":""},"categories":[816,769,811],"tags":[4093,8461,8464,8463,8462],"class_list":["post-54239","post","type-post","status-publish","format-standard","has-post-thumbnail","hentry","category-breaking-news-de","category-unterhaltung","category-foreground-de","tag-disney-3","tag-gina-carano","tag-jon-favreau","tag-mandalorian","tag-star-wars-3"],"yoast_head":"<!-- This site is optimized with the Yoast SEO Premium plugin v25.9 (Yoast SEO v27.3) - https:\/\/yoast.com\/product\/yoast-seo-premium-wordpress\/ -->\n<title>The Mandalorian \u2013 Die Vers\u00f6hnung der \u201ealten\u201c und \u201eneuen\u201c Generation von Star Wars-Fans - IFN<\/title>\n<meta name=\"robots\" content=\"index, follow, max-snippet:-1, max-image-preview:large, max-video-preview:-1\" \/>\n<link rel=\"canonical\" href=\"https:\/\/ifamnews.com\/de\/the-mandalorian-die-vers-hnung-der-alten-und-neuen-generation-von-star-wars-fans\" \/>\n<meta property=\"og:locale\" content=\"de_DE\" \/>\n<meta property=\"og:type\" content=\"article\" \/>\n<meta property=\"og:title\" content=\"The Mandalorian \u2013 Die Vers\u00f6hnung der \u201ealten\u201c und \u201eneuen\u201c Generation von Star Wars-Fans\" \/>\n<meta property=\"og:description\" content=\"Trotz des \u201eCancel\u201c-Debakels um Gina Carano: Mandalorian punktet mit Innovation, Talent und guter Geschichte\" \/>\n<meta property=\"og:url\" content=\"https:\/\/ifamnews.com\/de\/the-mandalorian-die-vers-hnung-der-alten-und-neuen-generation-von-star-wars-fans\" \/>\n<meta property=\"og:site_name\" content=\"IFN\" \/>\n<meta property=\"article:publisher\" content=\"https:\/\/www.facebook.com\/iFamNews\" \/>\n<meta property=\"article:published_time\" content=\"2021-02-18T06:00:00+00:00\" \/>\n<meta property=\"og:image\" content=\"https:\/\/ifamnews.com\/wp-content\/uploads\/2021\/01\/Star-Wars.png\" \/>\n\t<meta property=\"og:image:width\" content=\"1200\" \/>\n\t<meta property=\"og:image:height\" content=\"674\" \/>\n\t<meta property=\"og:image:type\" content=\"image\/png\" \/>\n<meta name=\"author\" content=\"Cedric Lenners\" \/>\n<meta name=\"twitter:card\" content=\"summary_large_image\" \/>\n<meta name=\"twitter:creator\" content=\"@iFamNewsEN\" \/>\n<meta name=\"twitter:site\" content=\"@iFamNewsEN\" \/>\n<meta name=\"twitter:label1\" content=\"Verfasst von\" \/>\n\t<meta name=\"twitter:data1\" content=\"Cedric Lenners\" \/>\n\t<meta name=\"twitter:label2\" content=\"Gesch\u00e4tzte Lesezeit\" \/>\n\t<meta name=\"twitter:data2\" content=\"4\u00a0Minuten\" \/>\n<!-- \/ Yoast SEO Premium plugin. -->","yoast_head_json":{"title":"The Mandalorian \u2013 Die Vers\u00f6hnung der \u201ealten\u201c und \u201eneuen\u201c Generation von Star Wars-Fans - IFN","robots":{"index":"index","follow":"follow","max-snippet":"max-snippet:-1","max-image-preview":"max-image-preview:large","max-video-preview":"max-video-preview:-1"},"canonical":"https:\/\/ifamnews.com\/de\/the-mandalorian-die-vers-hnung-der-alten-und-neuen-generation-von-star-wars-fans","og_locale":"de_DE","og_type":"article","og_title":"The Mandalorian \u2013 Die Vers\u00f6hnung der \u201ealten\u201c und \u201eneuen\u201c Generation von Star Wars-Fans","og_description":"Trotz des \u201eCancel\u201c-Debakels um Gina Carano: Mandalorian punktet mit Innovation, Talent und guter Geschichte","og_url":"https:\/\/ifamnews.com\/de\/the-mandalorian-die-vers-hnung-der-alten-und-neuen-generation-von-star-wars-fans","og_site_name":"IFN","article_publisher":"https:\/\/www.facebook.com\/iFamNews","article_published_time":"2021-02-18T06:00:00+00:00","og_image":[{"width":1200,"height":674,"url":"https:\/\/ifamnews.com\/wp-content\/uploads\/2021\/01\/Star-Wars.png","type":"image\/png"}],"author":"Cedric Lenners","twitter_card":"summary_large_image","twitter_creator":"@iFamNewsEN","twitter_site":"@iFamNewsEN","twitter_misc":{"Verfasst von":"Cedric Lenners","Gesch\u00e4tzte Lesezeit":"4\u00a0Minuten"},"schema":{"@context":"https:\/\/schema.org","@graph":[{"@type":"NewsArticle","@id":"https:\/\/ifamnews.com\/de\/the-mandalorian-die-vers-hnung-der-alten-und-neuen-generation-von-star-wars-fans#article","isPartOf":{"@id":"https:\/\/ifamnews.com\/de\/the-mandalorian-die-vers-hnung-der-alten-und-neuen-generation-von-star-wars-fans"},"author":{"name":"Cedric Lenners","@id":"https:\/\/ifamnews.com\/en\/#\/schema\/person\/73366277df7b3482ebc184bb8f40def2"},"headline":"The Mandalorian \u2013 Die Vers\u00f6hnung der \u201ealten\u201c und \u201eneuen\u201c Generation von Star Wars-Fans","datePublished":"2021-02-18T06:00:00+00:00","mainEntityOfPage":{"@id":"https:\/\/ifamnews.com\/de\/the-mandalorian-die-vers-hnung-der-alten-und-neuen-generation-von-star-wars-fans"},"wordCount":855,"commentCount":0,"publisher":{"@id":"https:\/\/ifamnews.com\/en\/#organization"},"image":{"@id":"https:\/\/ifamnews.com\/de\/the-mandalorian-die-vers-hnung-der-alten-und-neuen-generation-von-star-wars-fans#primaryimage"},"thumbnailUrl":"https:\/\/ifamnews.com\/wp-content\/uploads\/2021\/01\/Star-Wars.png","keywords":["Disney","Gina Carano","Jon Favreau","Mandalorian","Star Wars"],"articleSection":["Breaking News","Unterhaltung","Vordergrund"],"inLanguage":"de","potentialAction":[{"@type":"CommentAction","name":"Comment","target":["https:\/\/ifamnews.com\/de\/the-mandalorian-die-vers-hnung-der-alten-und-neuen-generation-von-star-wars-fans#respond"]}]},{"@type":"WebPage","@id":"https:\/\/ifamnews.com\/de\/the-mandalorian-die-vers-hnung-der-alten-und-neuen-generation-von-star-wars-fans","url":"https:\/\/ifamnews.com\/de\/the-mandalorian-die-vers-hnung-der-alten-und-neuen-generation-von-star-wars-fans","name":"The Mandalorian \u2013 Die Vers\u00f6hnung der \u201ealten\u201c und \u201eneuen\u201c Generation von Star Wars-Fans - IFN","isPartOf":{"@id":"https:\/\/ifamnews.com\/en\/#website"},"primaryImageOfPage":{"@id":"https:\/\/ifamnews.com\/de\/the-mandalorian-die-vers-hnung-der-alten-und-neuen-generation-von-star-wars-fans#primaryimage"},"image":{"@id":"https:\/\/ifamnews.com\/de\/the-mandalorian-die-vers-hnung-der-alten-und-neuen-generation-von-star-wars-fans#primaryimage"},"thumbnailUrl":"https:\/\/ifamnews.com\/wp-content\/uploads\/2021\/01\/Star-Wars.png","datePublished":"2021-02-18T06:00:00+00:00","breadcrumb":{"@id":"https:\/\/ifamnews.com\/de\/the-mandalorian-die-vers-hnung-der-alten-und-neuen-generation-von-star-wars-fans#breadcrumb"},"inLanguage":"de","potentialAction":[{"@type":"ReadAction","target":["https:\/\/ifamnews.com\/de\/the-mandalorian-die-vers-hnung-der-alten-und-neuen-generation-von-star-wars-fans"]}]},{"@type":"ImageObject","inLanguage":"de","@id":"https:\/\/ifamnews.com\/de\/the-mandalorian-die-vers-hnung-der-alten-und-neuen-generation-von-star-wars-fans#primaryimage","url":"https:\/\/ifamnews.com\/wp-content\/uploads\/2021\/01\/Star-Wars.png","contentUrl":"https:\/\/ifamnews.com\/wp-content\/uploads\/2021\/01\/Star-Wars.png","width":1200,"height":674},{"@type":"BreadcrumbList","@id":"https:\/\/ifamnews.com\/de\/the-mandalorian-die-vers-hnung-der-alten-und-neuen-generation-von-star-wars-fans#breadcrumb","itemListElement":[{"@type":"ListItem","position":1,"name":"Home","item":"https:\/\/ifamnews.com\/de"},{"@type":"ListItem","position":2,"name":"Entertainment","item":"https:\/\/ifamnews.com\/en\/category\/entertainment"},{"@type":"ListItem","position":3,"name":"The Mandalorian \u2013 Die Vers\u00f6hnung der \u201ealten\u201c und \u201eneuen\u201c Generation von Star Wars-Fans"}]},{"@type":"WebSite","@id":"https:\/\/ifamnews.com\/en\/#website","url":"https:\/\/ifamnews.com\/en\/","name":"IFN","description":"International Family News Network","publisher":{"@id":"https:\/\/ifamnews.com\/en\/#organization"},"potentialAction":[{"@type":"SearchAction","target":{"@type":"EntryPoint","urlTemplate":"https:\/\/ifamnews.com\/en\/?s={search_term_string}"},"query-input":{"@type":"PropertyValueSpecification","valueRequired":true,"valueName":"search_term_string"}}],"inLanguage":"de"},{"@type":"Organization","@id":"https:\/\/ifamnews.com\/en\/#organization","name":"iFamNews","url":"https:\/\/ifamnews.com\/en\/","logo":{"@type":"ImageObject","inLanguage":"de","@id":"https:\/\/ifamnews.com\/en\/#\/schema\/logo\/image\/","url":"https:\/\/ifamnews.com\/wp-content\/uploads\/2020\/01\/Share-logo.png","contentUrl":"https:\/\/ifamnews.com\/wp-content\/uploads\/2020\/01\/Share-logo.png","width":200,"height":200,"caption":"iFamNews"},"image":{"@id":"https:\/\/ifamnews.com\/en\/#\/schema\/logo\/image\/"},"sameAs":["https:\/\/www.facebook.com\/iFamNews","https:\/\/x.com\/iFamNewsEN"]},{"@type":"Person","@id":"https:\/\/ifamnews.com\/en\/#\/schema\/person\/73366277df7b3482ebc184bb8f40def2","name":"Cedric Lenners","image":{"@type":"ImageObject","inLanguage":"de","@id":"https:\/\/secure.gravatar.com\/avatar\/bdac3284aa50463573957490dbb609012f59949b6b777ba5cf3ea6c85bbddb3a?s=96&d=mm&r=g","url":"https:\/\/secure.gravatar.com\/avatar\/bdac3284aa50463573957490dbb609012f59949b6b777ba5cf3ea6c85bbddb3a?s=96&d=mm&r=g","contentUrl":"https:\/\/secure.gravatar.com\/avatar\/bdac3284aa50463573957490dbb609012f59949b6b777ba5cf3ea6c85bbddb3a?s=96&d=mm&r=g","caption":"Cedric Lenners"},"description":"Master of Science in Physics, with minors in Philosophy and Theology. Born and raised in Belgium, he has been living in Peru for many years. Lecturer and Professor, he has also been a professional poker player. He has done pro-life works in Latin America. Among those is the articulation for pro-life and pro-family organizations in Lima. He made an investigation showing the financing by Planned Parenthood of Latin American NGOs illegally promoting and encouraging abortions. Advise families to ease and promote foster care of children in an abandonment situation in Peru.","url":"https:\/\/ifamnews.com\/de\/author\/cedric-lenners"}]}},"amp_enabled":true,"_links":{"self":[{"href":"https:\/\/ifamnews.com\/de\/wp-json\/wp\/v2\/posts\/54239","targetHints":{"allow":["GET"]}}],"collection":[{"href":"https:\/\/ifamnews.com\/de\/wp-json\/wp\/v2\/posts"}],"about":[{"href":"https:\/\/ifamnews.com\/de\/wp-json\/wp\/v2\/types\/post"}],"author":[{"embeddable":true,"href":"https:\/\/ifamnews.com\/de\/wp-json\/wp\/v2\/users\/576"}],"replies":[{"embeddable":true,"href":"https:\/\/ifamnews.com\/de\/wp-json\/wp\/v2\/comments?post=54239"}],"version-history":[{"count":2,"href":"https:\/\/ifamnews.com\/de\/wp-json\/wp\/v2\/posts\/54239\/revisions"}],"predecessor-version":[{"id":54314,"href":"https:\/\/ifamnews.com\/de\/wp-json\/wp\/v2\/posts\/54239\/revisions\/54314"}],"wp:featuredmedia":[{"embeddable":true,"href":"https:\/\/ifamnews.com\/de\/wp-json\/wp\/v2\/media\/48901"}],"wp:attachment":[{"href":"https:\/\/ifamnews.com\/de\/wp-json\/wp\/v2\/media?parent=54239"}],"wp:term":[{"taxonomy":"category","embeddable":true,"href":"https:\/\/ifamnews.com\/de\/wp-json\/wp\/v2\/categories?post=54239"},{"taxonomy":"post_tag","embeddable":true,"href":"https:\/\/ifamnews.com\/de\/wp-json\/wp\/v2\/tags?post=54239"}],"curies":[{"name":"wp","href":"https:\/\/api.w.org\/{rel}","templated":true}]}}