{"id":52908,"date":"2021-02-10T01:00:00","date_gmt":"2021-02-10T06:00:00","guid":{"rendered":"https:\/\/ifamnews.com\/?p=52908"},"modified":"2021-02-10T04:14:32","modified_gmt":"2021-02-10T09:14:32","slug":"als-mann-und-frau-schuf-er-sie-die-unumst-liche-wahrheit-ber-die-ehe","status":"publish","type":"post","link":"https:\/\/ifamnews.com\/de\/als-mann-und-frau-schuf-er-sie-die-unumst-liche-wahrheit-ber-die-ehe","title":{"rendered":"Als Mann und Frau schuf er sie: die unumst\u00f6\u00dfliche Wahrheit \u00fcber die Ehe"},"content":{"rendered":"\n<p>Am Vorabend der amerikanischen Landes-Familien-Woche (<em>National Marriage Week<\/em>&nbsp; vom 7.-14. Februar) von 2014, dem Jahr vor der Entscheidung des Obersten Gerichtshofs in Sachen <em>Obergefell<\/em>, ver\u00f6ffentlichte eine Gruppe, die sich \u201eEqually Blessed\u201c (\u201eGleicherma\u00dfen gesegnet\u201c) nennt, ein Gebet, das mit einem Zitat aus dem Sch\u00f6pfungsbericht in der Genesis beginnt:<\/p>\n\n\n\n<p>\u201eDu, der Du jeden von uns nach Deinem Bild geschaffen hast&#8230;. Wir danken Dir f\u00fcr all die verschiedenen Arten von Ehen in unserer Welt\u201c, einschlie\u00dflich \u201ePaaren, deren Ehen von unserem Staat und unserer Kirche anerkannt werden, und gleichgeschlechtlichen Paaren, denen diese Anerkennung verweigert&#8230;. Wir bitten Dich, Deinen Segen auf jede Ehe zu legen, unabh\u00e4ngig von Geschlecht oder sexueller Orientierung.\u201c<\/p>\n\n\n\n<p>H\u00e4tten die Verfasser dieses Gebetes ein paar Worte mehr in dem Genesis-Vers gelesen, aus dem sie zitiert haben, h\u00e4tten sie entdeckt, dass die eheliche Vereinigung von Mann und Frau von Gott einzigartig gesegnet wurde wegen ihres Potenzials zur Fortpflanzung: \u201eGott schuf den Menschen zu seinem Bilde, zum Bilde Gottes schuf er ihn; als Mann und Frau schuf er sie. Und Gott segnete sie und sprach zu ihnen: Seid fruchtbar und mehret euch und f\u00fcllet die Erde\u201c (1. Mose 1,27-28).<\/p>\n\n\n\n<p>So sollten der Mann und seine Frau \u201eein Fleisch\u201c werden (1. Mose 2, 24), oder, wie es in der j\u00fcdischen Tradition hei\u00dft, \u201eein vollkommenes Ganzes\u201c (Rabbi Obadja ben Jacob Sforno), \u201eein vollst\u00e4ndiger Mensch\u201c (Rabbi Samson Raphael Hirsch). Es war als Muster f\u00fcr alle Zeiten gedacht, schreibt Notre Dame Professor Gary A. Anderson: \u201eDie Verbindung von Eva und Adam sollte ein Modell f\u00fcr jede nachfolgende menschliche Ehe sein.\u201c<\/p>\n\n\n\n<p>Und so ist es gewesen \u2013 \u201eeine soziale Institution, die die Grundlage der menschlichen Gesellschaft f\u00fcr Jahrtausende gebildet hat, f\u00fcr die Kalahari-Buschm\u00e4nner und die Han-Chinesen, die Karthager und die Azteken\u201c \u2013 bis zum Beginn des 21. Jahrhunderts, als \u201eEhe\u201c begann, neu definiert zu werden, wie es durch den Obersten Gerichtshof der Vereinigten Staaten in <em>Obergefell<\/em> war, als Chief Justice John Roberts die oben genannten Worte in seiner abweichenden Meinung schrieb.<\/p>\n\n\n\n<p>Aber kein Gericht oder Kongress kann die komplement\u00e4re Natur oder die einzigartigen Vorteile \u00e4ndern, die sich aus der Verbindung von Mann und Frau ergeben, die Gott geschaffen und gesegnet hat, \u201eum fruchtbar zu sein und sich zu vermehren.\u201c Ihre unverzichtbare Rolle zu bekr\u00e4ftigen, ist keine \u201eHassrede\u201c, sondern eher eine \u201eWahrheitsrede\u201c. Es ist vielmehr eine \u201eLiebesrede\u201c, ein Pl\u00e4doyer daf\u00fcr, dem Aufruf der Erkl\u00e4rung der Rechte des Kindes zu folgen: \u201eDie Menschheit schuldet dem Kind das Beste, was sie zu geben hat.\u201c<\/p>\n\n\n\n<p>Betrachten wir zum Beispiel die Worte von Katy Faust, der Gr\u00fcnderin von <em>Them Before Us<\/em>, in ihrem Amicus Brief im Fall <em>Obergefell<\/em>. Indem sie ihre Dankbarkeit f\u00fcr die beiden Frauen, die sie gro\u00dfgezogen haben, zum Ausdruck brachte, erinnerte sich Katy: \u201eSowohl meine Mutter als auch ihr Partner waren an meinen wichtigsten Lebensereignissen beteiligt &#8230; Ich habe den Partner meiner Mutter als wichtigen Teil ihres Lebens und als Mitglied des Haushalts akzeptiert. Ich betrachte sie jetzt als meine Freundin. Wenn es bei der Kindererziehung nur darum ginge, dass zwei Elternteile, egal welchen Geschlechts, f\u00fcr Stabilit\u00e4t sorgen, dann w\u00e4ren meine Mutter und ihr Partner alles gewesen, was ich im Leben brauchte. Sie k\u00fcmmerten sich um mich. Ich kann mich nicht daran erinnern, dass es in ihrem Haus gr\u00f6\u00dfere Streitigkeiten gab, die aus ihrer Beziehung zueinander oder zu mir resultierten. Aber das war nicht genug.\u201c<\/p>\n\n\n\n<p>Und in einem offenen Brief an Chief Justice Roberts zum bald entschiedenen Fall <em>Obergefell<\/em> sagte Katy: \u201eIn dieser Debatte geht es im Kern um eine Sache. Es geht um Kinder&#8230;. Jetzt, wo ich ein Elternteil bin, sehe ich deutlich die sch\u00f6nen Unterschiede, die mein Mann und ich in unsere Familie einbringen. Ich sehe die Ganzheit und Gesundheit, die meine Kinder erhalten, weil sie beide Elternteile haben, die mit ihnen leben und sie lieben. Ich sehe, wie wichtig die Rolle ihres Vaters ist und wie unersetzlich ich als ihre Mutter bin. Wir spielen komplement\u00e4re Rollen in ihrem Leben, und keiner von uns ist entbehrlich. In der Tat sind wir beide entscheidend. Es ist fast so, als ob Mutter Natur diese ganze Fortpflanzungssache genau richtig gemacht hat.\u201c<\/p>\n\n\n\n<p>Oder wir k\u00f6nnten sagen, dass Gott es genau richtig gemacht hat. Zur Feier der <em>National Marriage Week 2021 <\/em>verk\u00fcndet IOF die unver\u00e4nderliche Wahrheit, dass die eheliche Vereinigung eines Mannes und einer Frau g\u00f6ttlich erschaffen wurde, um das zu bilden, was der US-Vertreter Wade Horn am 6. Dezember 2004 vor der UN-Generalversammlung sagte \u2013 \u201edas Fundament der sozialen Ordnung, das Fundament der Nationen und die Bastion der Zivilisation\u201c, sogar \u201edie Wiege des Lebens und der Liebe f\u00fcr jede neue Generation.\u201c Um es mit den Worten von Michael Novak zu sagen: \u201eDie Rolle von Vater und Mutter und die Beziehung der Kinder zu ihnen ist das absolut entscheidende Zentrum der sozialen Kraft.\u201c<\/p>\n\n\n\n<p>Das ist die Wahrheit, die wir liebevoll und k\u00fchn verteidigen m\u00fcssen, zum Wohle der Kinder und der Zivilisation selbst.<\/p>\n","protected":false},"excerpt":{"rendered":"<p>Adam und Eva als Muster f\u00fcr alle Zeiten: \u201eDie Verbindung von Eva und Adam sollte ein Modell f\u00fcr jede nachfolgende menschliche Ehe sein.\u201c<\/p>\n","protected":false},"author":30,"featured_media":53241,"comment_status":"open","ping_status":"open","sticky":false,"template":"","format":"standard","meta":{"give_campaign_id":0,"om_disable_all_campaigns":false,"_monsterinsights_skip_tracking":false,"_monsterinsights_sitenote_active":false,"_monsterinsights_sitenote_note":"","_monsterinsights_sitenote_category":0,"mc4wp_mailchimp_campaign":[],"jnews-multi-image_gallery":[],"jnews_single_post":{"subtitle":"Adam und Eva als Muster f\u00fcr alle Zeiten: \u201eDie Verbindung von Eva und Adam sollte ein Modell f\u00fcr jede nachfolgende menschliche Ehe sein.\u201c","format":"standard","video":"","gallery":"","source_name":"","source_url":"","via_name":"","via_url":"","override":[{"single_blog_custom":"","sidebar":"","second_sidebar":"","share_position":"","share_float_style":"","post_date_format":"","post_date_format_custom":"","post_reading_time_wpm":"","zoom_button_out_step":"1","zoom_button_in_step":"1","number_popup_post":"1"}],"image_override":[{"single_post_thumbnail_size":"","single_post_gallery_size":""}],"trending_post_position":"","trending_post_label":"","sponsored_post_label":"","sponsored_post_name":"","sponsored_post_url":"","sponsored_post_logo":"","sponsored_post_desc":""},"jnews_primary_category":{"id":"770"},"jnews_social_meta":{"fb_title":"","fb_description":"","fb_image":"","twitter_title":"","twitter_description":"","twitter_image":""},"jnews_override_counter":{"view_counter_number":"0","share_counter_number":"0","like_counter_number":"0","dislike_counter_number":"0"},"footnotes":""},"categories":[816,770,767],"tags":[8309,8308,8307],"class_list":["post-52908","post","type-post","status-publish","format-standard","has-post-thumbnail","hentry","category-breaking-news-de","category-familie","category-meinung","tag-adam-und-eva","tag-christliches-menschenbild","tag-heilige-schrift"],"yoast_head":"<!-- This site is optimized with the Yoast SEO Premium plugin v25.9 (Yoast SEO v27.3) - https:\/\/yoast.com\/product\/yoast-seo-premium-wordpress\/ -->\n<title>Als Mann und Frau schuf er sie: die unumst\u00f6\u00dfliche Wahrheit \u00fcber die Ehe - IFN<\/title>\n<meta name=\"robots\" content=\"index, follow, max-snippet:-1, max-image-preview:large, max-video-preview:-1\" \/>\n<link rel=\"canonical\" href=\"https:\/\/ifamnews.com\/de\/als-mann-und-frau-schuf-er-sie-die-unumst-liche-wahrheit-ber-die-ehe\" \/>\n<meta property=\"og:locale\" content=\"de_DE\" \/>\n<meta property=\"og:type\" content=\"article\" \/>\n<meta property=\"og:title\" content=\"Als Mann und Frau schuf er sie: die unumst\u00f6\u00dfliche Wahrheit \u00fcber die Ehe\" \/>\n<meta property=\"og:description\" content=\"Adam und Eva als Muster f\u00fcr alle Zeiten: \u201eDie Verbindung von Eva und Adam sollte ein Modell f\u00fcr jede nachfolgende menschliche Ehe sein.\u201c\" \/>\n<meta property=\"og:url\" content=\"https:\/\/ifamnews.com\/de\/als-mann-und-frau-schuf-er-sie-die-unumst-liche-wahrheit-ber-die-ehe\" \/>\n<meta property=\"og:site_name\" content=\"IFN\" \/>\n<meta property=\"article:publisher\" content=\"https:\/\/www.facebook.com\/iFamNews\" \/>\n<meta property=\"article:published_time\" content=\"2021-02-10T06:00:00+00:00\" \/>\n<meta property=\"article:modified_time\" content=\"2021-02-10T09:14:32+00:00\" \/>\n<meta property=\"og:image\" content=\"https:\/\/ifamnews.com\/wp-content\/uploads\/2021\/02\/1024px-Adam_und_Eva_im_Florapark_in_Duesseldorf-Unterbilk_von_Nordwesten.jpg\" \/>\n\t<meta property=\"og:image:width\" content=\"1024\" \/>\n\t<meta property=\"og:image:height\" content=\"685\" \/>\n\t<meta property=\"og:image:type\" content=\"image\/jpeg\" \/>\n<meta name=\"author\" content=\"E. Douglas Clark\" \/>\n<meta name=\"twitter:card\" content=\"summary_large_image\" \/>\n<meta name=\"twitter:creator\" content=\"@iFamNewsEN\" \/>\n<meta name=\"twitter:site\" content=\"@iFamNewsEN\" \/>\n<meta name=\"twitter:label1\" content=\"Verfasst von\" \/>\n\t<meta name=\"twitter:data1\" content=\"E. Douglas Clark\" \/>\n\t<meta name=\"twitter:label2\" content=\"Gesch\u00e4tzte Lesezeit\" \/>\n\t<meta name=\"twitter:data2\" content=\"4\u00a0Minuten\" \/>\n<!-- \/ Yoast SEO Premium plugin. -->","yoast_head_json":{"title":"Als Mann und Frau schuf er sie: die unumst\u00f6\u00dfliche Wahrheit \u00fcber die Ehe - IFN","robots":{"index":"index","follow":"follow","max-snippet":"max-snippet:-1","max-image-preview":"max-image-preview:large","max-video-preview":"max-video-preview:-1"},"canonical":"https:\/\/ifamnews.com\/de\/als-mann-und-frau-schuf-er-sie-die-unumst-liche-wahrheit-ber-die-ehe","og_locale":"de_DE","og_type":"article","og_title":"Als Mann und Frau schuf er sie: die unumst\u00f6\u00dfliche Wahrheit \u00fcber die Ehe","og_description":"Adam und Eva als Muster f\u00fcr alle Zeiten: \u201eDie Verbindung von Eva und Adam sollte ein Modell f\u00fcr jede nachfolgende menschliche Ehe sein.\u201c","og_url":"https:\/\/ifamnews.com\/de\/als-mann-und-frau-schuf-er-sie-die-unumst-liche-wahrheit-ber-die-ehe","og_site_name":"IFN","article_publisher":"https:\/\/www.facebook.com\/iFamNews","article_published_time":"2021-02-10T06:00:00+00:00","article_modified_time":"2021-02-10T09:14:32+00:00","og_image":[{"width":1024,"height":685,"url":"https:\/\/ifamnews.com\/wp-content\/uploads\/2021\/02\/1024px-Adam_und_Eva_im_Florapark_in_Duesseldorf-Unterbilk_von_Nordwesten.jpg","type":"image\/jpeg"}],"author":"E. Douglas Clark","twitter_card":"summary_large_image","twitter_creator":"@iFamNewsEN","twitter_site":"@iFamNewsEN","twitter_misc":{"Verfasst von":"E. Douglas Clark","Gesch\u00e4tzte Lesezeit":"4\u00a0Minuten"},"schema":{"@context":"https:\/\/schema.org","@graph":[{"@type":"NewsArticle","@id":"https:\/\/ifamnews.com\/de\/als-mann-und-frau-schuf-er-sie-die-unumst-liche-wahrheit-ber-die-ehe#article","isPartOf":{"@id":"https:\/\/ifamnews.com\/de\/als-mann-und-frau-schuf-er-sie-die-unumst-liche-wahrheit-ber-die-ehe"},"author":{"name":"E. Douglas Clark","@id":"https:\/\/ifamnews.com\/en\/#\/schema\/person\/004a3a3e14cfb4420066c3d177785019"},"headline":"Als Mann und Frau schuf er sie: die unumst\u00f6\u00dfliche Wahrheit \u00fcber die Ehe","datePublished":"2021-02-10T06:00:00+00:00","dateModified":"2021-02-10T09:14:32+00:00","mainEntityOfPage":{"@id":"https:\/\/ifamnews.com\/de\/als-mann-und-frau-schuf-er-sie-die-unumst-liche-wahrheit-ber-die-ehe"},"wordCount":839,"commentCount":0,"publisher":{"@id":"https:\/\/ifamnews.com\/en\/#organization"},"image":{"@id":"https:\/\/ifamnews.com\/de\/als-mann-und-frau-schuf-er-sie-die-unumst-liche-wahrheit-ber-die-ehe#primaryimage"},"thumbnailUrl":"https:\/\/ifamnews.com\/wp-content\/uploads\/2021\/02\/1024px-Adam_und_Eva_im_Florapark_in_Duesseldorf-Unterbilk_von_Nordwesten.jpg","keywords":["Adam und Eva","Christliches Menschenbild","Heilige Schrift"],"articleSection":["Breaking News","Familie","Meinung"],"inLanguage":"de","potentialAction":[{"@type":"CommentAction","name":"Comment","target":["https:\/\/ifamnews.com\/de\/als-mann-und-frau-schuf-er-sie-die-unumst-liche-wahrheit-ber-die-ehe#respond"]}]},{"@type":"WebPage","@id":"https:\/\/ifamnews.com\/de\/als-mann-und-frau-schuf-er-sie-die-unumst-liche-wahrheit-ber-die-ehe","url":"https:\/\/ifamnews.com\/de\/als-mann-und-frau-schuf-er-sie-die-unumst-liche-wahrheit-ber-die-ehe","name":"Als Mann und Frau schuf er sie: die unumst\u00f6\u00dfliche Wahrheit \u00fcber die Ehe - IFN","isPartOf":{"@id":"https:\/\/ifamnews.com\/en\/#website"},"primaryImageOfPage":{"@id":"https:\/\/ifamnews.com\/de\/als-mann-und-frau-schuf-er-sie-die-unumst-liche-wahrheit-ber-die-ehe#primaryimage"},"image":{"@id":"https:\/\/ifamnews.com\/de\/als-mann-und-frau-schuf-er-sie-die-unumst-liche-wahrheit-ber-die-ehe#primaryimage"},"thumbnailUrl":"https:\/\/ifamnews.com\/wp-content\/uploads\/2021\/02\/1024px-Adam_und_Eva_im_Florapark_in_Duesseldorf-Unterbilk_von_Nordwesten.jpg","datePublished":"2021-02-10T06:00:00+00:00","dateModified":"2021-02-10T09:14:32+00:00","breadcrumb":{"@id":"https:\/\/ifamnews.com\/de\/als-mann-und-frau-schuf-er-sie-die-unumst-liche-wahrheit-ber-die-ehe#breadcrumb"},"inLanguage":"de","potentialAction":[{"@type":"ReadAction","target":["https:\/\/ifamnews.com\/de\/als-mann-und-frau-schuf-er-sie-die-unumst-liche-wahrheit-ber-die-ehe"]}]},{"@type":"ImageObject","inLanguage":"de","@id":"https:\/\/ifamnews.com\/de\/als-mann-und-frau-schuf-er-sie-die-unumst-liche-wahrheit-ber-die-ehe#primaryimage","url":"https:\/\/ifamnews.com\/wp-content\/uploads\/2021\/02\/1024px-Adam_und_Eva_im_Florapark_in_Duesseldorf-Unterbilk_von_Nordwesten.jpg","contentUrl":"https:\/\/ifamnews.com\/wp-content\/uploads\/2021\/02\/1024px-Adam_und_Eva_im_Florapark_in_Duesseldorf-Unterbilk_von_Nordwesten.jpg","width":1024,"height":685,"caption":"Adam und Eva im Florapark, D\u00fcsseldorf\/Bild: Peter Breuer, CC-3.0"},{"@type":"BreadcrumbList","@id":"https:\/\/ifamnews.com\/de\/als-mann-und-frau-schuf-er-sie-die-unumst-liche-wahrheit-ber-die-ehe#breadcrumb","itemListElement":[{"@type":"ListItem","position":1,"name":"Home","item":"https:\/\/ifamnews.com\/de"},{"@type":"ListItem","position":2,"name":"Familia","item":"https:\/\/ifamnews.com\/es\/categoria\/familia"},{"@type":"ListItem","position":3,"name":"Als Mann und Frau schuf er sie: die unumst\u00f6\u00dfliche Wahrheit \u00fcber die Ehe"}]},{"@type":"WebSite","@id":"https:\/\/ifamnews.com\/en\/#website","url":"https:\/\/ifamnews.com\/en\/","name":"IFN","description":"International Family News Network","publisher":{"@id":"https:\/\/ifamnews.com\/en\/#organization"},"potentialAction":[{"@type":"SearchAction","target":{"@type":"EntryPoint","urlTemplate":"https:\/\/ifamnews.com\/en\/?s={search_term_string}"},"query-input":{"@type":"PropertyValueSpecification","valueRequired":true,"valueName":"search_term_string"}}],"inLanguage":"de"},{"@type":"Organization","@id":"https:\/\/ifamnews.com\/en\/#organization","name":"iFamNews","url":"https:\/\/ifamnews.com\/en\/","logo":{"@type":"ImageObject","inLanguage":"de","@id":"https:\/\/ifamnews.com\/en\/#\/schema\/logo\/image\/","url":"https:\/\/ifamnews.com\/wp-content\/uploads\/2020\/01\/Share-logo.png","contentUrl":"https:\/\/ifamnews.com\/wp-content\/uploads\/2020\/01\/Share-logo.png","width":200,"height":200,"caption":"iFamNews"},"image":{"@id":"https:\/\/ifamnews.com\/en\/#\/schema\/logo\/image\/"},"sameAs":["https:\/\/www.facebook.com\/iFamNews","https:\/\/x.com\/iFamNewsEN"]},{"@type":"Person","@id":"https:\/\/ifamnews.com\/en\/#\/schema\/person\/004a3a3e14cfb4420066c3d177785019","name":"E. Douglas Clark","image":{"@type":"ImageObject","inLanguage":"de","@id":"https:\/\/secure.gravatar.com\/avatar\/4f01991614cc9086457280e0279d7da9c1c6dd2774eca1bf16e9e24005c6feb0?s=96&d=mm&r=g","url":"https:\/\/secure.gravatar.com\/avatar\/4f01991614cc9086457280e0279d7da9c1c6dd2774eca1bf16e9e24005c6feb0?s=96&d=mm&r=g","contentUrl":"https:\/\/secure.gravatar.com\/avatar\/4f01991614cc9086457280e0279d7da9c1c6dd2774eca1bf16e9e24005c6feb0?s=96&d=mm&r=g","caption":"E. Douglas Clark"},"description":"E. Douglas Clark is an attorney and Director of UN and International Policy at the International Organization for the Family. For two decades Doug has been on the forefront of defending the family at the United Nations as a lobbyist and strategist, leading teams and consulting with policymakers in New York and around the world. His writings include the World Family Declaration and articles in The Natural Family: An International Journal of Research and Policy and Ave Maria International Law Journal. After earning MBA and JD degrees from Brigham Young University, he practiced banking law and served as director of content of the original Law.com.","url":"https:\/\/ifamnews.com\/de\/author\/dclarkifamnews-com"}]}},"amp_enabled":true,"_links":{"self":[{"href":"https:\/\/ifamnews.com\/de\/wp-json\/wp\/v2\/posts\/52908","targetHints":{"allow":["GET"]}}],"collection":[{"href":"https:\/\/ifamnews.com\/de\/wp-json\/wp\/v2\/posts"}],"about":[{"href":"https:\/\/ifamnews.com\/de\/wp-json\/wp\/v2\/types\/post"}],"author":[{"embeddable":true,"href":"https:\/\/ifamnews.com\/de\/wp-json\/wp\/v2\/users\/30"}],"replies":[{"embeddable":true,"href":"https:\/\/ifamnews.com\/de\/wp-json\/wp\/v2\/comments?post=52908"}],"version-history":[{"count":1,"href":"https:\/\/ifamnews.com\/de\/wp-json\/wp\/v2\/posts\/52908\/revisions"}],"predecessor-version":[{"id":52909,"href":"https:\/\/ifamnews.com\/de\/wp-json\/wp\/v2\/posts\/52908\/revisions\/52909"}],"wp:featuredmedia":[{"embeddable":true,"href":"https:\/\/ifamnews.com\/de\/wp-json\/wp\/v2\/media\/53241"}],"wp:attachment":[{"href":"https:\/\/ifamnews.com\/de\/wp-json\/wp\/v2\/media?parent=52908"}],"wp:term":[{"taxonomy":"category","embeddable":true,"href":"https:\/\/ifamnews.com\/de\/wp-json\/wp\/v2\/categories?post=52908"},{"taxonomy":"post_tag","embeddable":true,"href":"https:\/\/ifamnews.com\/de\/wp-json\/wp\/v2\/tags?post=52908"}],"curies":[{"name":"wp","href":"https:\/\/api.w.org\/{rel}","templated":true}]}}