{"id":50631,"date":"2021-02-03T01:00:00","date_gmt":"2021-02-03T06:00:00","guid":{"rendered":"https:\/\/ifamnews.com\/?p=50631"},"modified":"2021-02-01T04:39:43","modified_gmt":"2021-02-01T09:39:43","slug":"imperialismus-der-abtreibung-joe-biden-terrorisiert-afrika","status":"publish","type":"post","link":"https:\/\/ifamnews.com\/de\/imperialismus-der-abtreibung-joe-biden-terrorisiert-afrika","title":{"rendered":"Imperialismus der Abtreibung: Joe Biden terrorisiert Afrika"},"content":{"rendered":"\n<p>Die bioethischen Auswirkungen der <a href=\"https:\/\/google.com\/url?sa=t&amp;rct=j&amp;q=&amp;esrc=s&amp;source=web&amp;cd=&amp;cad=rja&amp;uact=8&amp;ved=2ahUKEwjs7dr4q8juAhWLERQKHc5KAXIQFjAAegQIEBAC&amp;url=https%3A%2F%2Fwww.ifamnews.com%2Fde%2Fusa-kultur-des-todes-an-der-macht%2F&amp;usg=AOvVaw1q50a-fnIsYQNR5Mp36flY\">neuen Administration, die im Wei\u00dfen Haus ihr Amt angetreten hat<\/a>, \u00fcberschreiten die nationalen Grenzen. Sie \u00fcberqueren den Ozean und machen sich auf den Weg nach Afrika. Innerhalb weniger Stunden nach der <a href=\"https:\/\/ifamnews.com\/de\/die-dubiose-rassistische-vergangenheit-von-joe-biden-und-kamala-harris\">Amtseinf\u00fchrung von Joe Biden und Kamala Harris<\/a> in Washington erhoben sich afrikanische katholische Kirchenf\u00fchrer gegen die <a href=\"https:\/\/ifamnews.com\/it\/grazie-presidente-trump\">Pro-Abtreibungs-Agenda<\/a> der neuen Vereinigten Staaten.<\/p>\n\n\n\n<h3 class=\"wp-block-heading\" id=\"h-neue-verwaltung-der-usaid\"><strong>Neue Verwaltung der USAID<\/strong><\/h3>\n\n\n\n<p>Die Bedenken beziehen sich auf <a href=\"https:\/\/usaid.gov\/\">USAID<\/a>, die Beh\u00f6rde der US-Regierung, die f\u00fcr die Hilfe in Entwicklungsl\u00e4ndern zust\u00e4ndig ist. Am 13. Januar <a href=\"https:\/\/justsecurity.org\/74174\/how-samantha-power-can-restore-usaids-crucial-role-in-us-foreign-policy\/\">k\u00fcndigte Biden die Ernennung<\/a> von Samantha Power zur Verwalterin dieser Beh\u00f6rde an. Sie ist eine mit dem Pulitzer-Preis ausgezeichnete Journalistin und Diplomatin, die w\u00e4hrend der Pr\u00e4sidentschaft von Barack Obama eine Rolle im Nationalen Sicherheitsrat innehatte, wo sie unter anderem durch ihre Unterst\u00fctzung der LGBT+ Sache auffiel.<\/p>\n\n\n\n<h3 class=\"wp-block-heading\" id=\"h-ein-pro-abtreibungs-pro-lgbt-pr-sident\"><strong>Ein Pro-Abtreibungs, Pro-LGBT+ Pr\u00e4sident<\/strong><\/h3>\n\n\n\n<p>Nach Ansicht einiger afrikanischer katholischer Kirchenf\u00fchrer, die von <em><a href=\"https:\/\/aciafrica.org\/news\/2654\/africas-church-leaders-caution-against-pro-choice-agenda-ahead-of-new-leadership-at-usaid\">AciAfrica<\/a><\/em> kontaktiert wurden, wird die Ernennung von Power \u201eeinen kulturellen und ideologischen Angriff\u201c auf den Schwarzen Kontinent ausl\u00f6sen, \u201edurch die F\u00f6rderung von Programmen, die der afrikanischen Kultur widersprechen, wie Abtreibung und Homosexualit\u00e4t.\u201c Bischof Emmanuel Badejo von der Di\u00f6zese Oyo in Nigeria glaubt, dass Power eine ohnehin schon ung\u00fcnstige Situation noch verkompliziert, wenn man bedenkt, dass Biden, obwohl er sich selbst als Katholik bezeichnet, \u201eder radikalste Pro-Abtreibungs- und Pro-LGBT+-Pr\u00e4sident in der Geschichte der USA sein wird.\u201c<\/p>\n\n\n\n<p>Der Pr\u00e4lat ist daher \u00fcberzeugt, dass die n\u00e4chsten vier Jahre f\u00fcr die Kirche sehr schwierig werden: \u201eWir m\u00fcssen den Glauben st\u00e4rken, um den Konflikt zu \u00fcberleben\u201c, der mit der neuen US-Politik unweigerlich entstehen werde, so Bischof Badejo. Dieses Urteil ist fast identisch mit dem, das der Vorsitzende der katholischen <a href=\"https:\/\/google.com\/url?sa=t&amp;rct=j&amp;q=&amp;esrc=s&amp;source=web&amp;cd=&amp;cad=rja&amp;uact=8&amp;ved=2ahUKEwjG39nsrMjuAhVi5OAKHfZBCJgQFjAAegQIBRAC&amp;url=https%3A%2F%2Fwww.ifamnews.com%2Fde%2Fkatholische-bisch-fe-der-usa-biden-f-rdert-das-moralisch-b-se-%2F&amp;usg=AOvVaw2QAJpeW96Wbkm8M8A7cHNK\">US-Bisch\u00f6fe, Bischof Jos\u00e9 G\u00f3mez, vor einiger Zeit ge\u00e4u\u00dfert hat<\/a>.<\/p>\n\n\n\n<h3 class=\"wp-block-heading\" id=\"h-gift-anstelle-von-hilfsmitteln\"><strong>Gift anstelle von Hilfsmitteln<\/strong><\/h3>\n\n\n\n<p>Was der nigerianische Bischof fordert, ist ein Realit\u00e4tscheck f\u00fcr den Kampf, der die Christen an der Front zur Verteidigung des Lebens und der Familie erwartet. \u201eWir brauchen eine gezielte Aufkl\u00e4rung\u201c, donnerte Bischof Badejo, \u201eeine angemessene Katechese, eine prophetische Anprangerung des Giftes, das Afrika in Form von Hilfe und Entwicklung angeboten wird.\u201c<\/p>\n\n\n\n<h3 class=\"wp-block-heading\" id=\"h-hilfe-mit-bedingung-der-abtreibung\"><strong>Hilfe mit Bedingung der Abtreibung<\/strong><\/h3>\n\n\n\n<p>P. Bonaventure Luchidio, nationaler Direktor der <em>P\u00e4pstlichen Missionsgesellschaften<\/em> in Kenia, best\u00e4tigt, dass Afrika einen Schub an Entwicklungshilfe und humanit\u00e4rer Hilfe braucht, aber er h\u00e4lt es f\u00fcr \u201eunethisch und unmoralisch\u201c, diese Bed\u00fcrfnisse in ein Paket zu packen, das auch eine <a href=\"https:\/\/ifamnews.com\/it\/quel-colonialismo-che-ancora-schiaccia-i-popoli-africani\">radikale Agenda zu bioethischen Fragen beinhaltet<\/a>. Die gleiche Sorge teilt P. Zacharia Samjumi, Generalsekret\u00e4r des katholischen Sekretariats von Nigeria. \u201eOrganisationen, die traditionelle Werte f\u00f6rdern\u201c, beklagt Samjumi, \u201ewird die finanzielle Unterst\u00fctzung verweigert, w\u00e4hrend diejenigen, die sich auf abweichende Lebensstile, Verh\u00fctung und Abtreibung konzentrieren, viel Geld erhalten.\u201c<\/p>\n\n\n\n<h3 class=\"wp-block-heading\" id=\"h-bev-lkerungskontrolle\"><strong>Bev\u00f6lkerungskontrolle<\/strong><\/h3>\n\n\n\n<p>Pater Samjumi f\u00fchrt das Beispiel von Nigerias ehemaligem Pr\u00e4sidenten Goodluck Jonathan an, einem Katholiken, der Berichten zufolge \u201evon der Obama-Regierung buchst\u00e4blich geschasst wurde, weil er ein <a href=\"https:\/\/repubblica.it\/esteri\/2014\/01\/13\/news\/nigeria_promulgata_legge_che_vieta_matrimoni_gay_e_riduce_diritti_omosessuali-75831571\/\">Gesetz zum Verbot gleichgeschlechtlicher Ehen unterzeichnete<\/a>.\u201c Der Mangel an US-Unterst\u00fctzung, so der Geistliche, h\u00e4tte Jonathan die Niederlage gegen den islamischen Terrorismus und die Nicht-Wiederwahl f\u00fcr eine zweite Amtszeit im Jahr 2015 gekostet.<\/p>\n\n\n\n<p>P. Samjumi stellt fest, dass die <a href=\"https:\/\/ifamnews.com\/it\/laborto-uccide-piu-del-coronavirus-in-africa-con-la-collaborazione-svedese\">Programme westlicher Agenturen in Afrika<\/a> darauf abzielen, \u201eimperialistische, lebensfeindliche Ziele\u201c zu f\u00f6rdern und sogar \u201edie beeinflussbaren K\u00f6pfe der Kinder in den Schulen \u00fcber ihre Sexualit\u00e4t zu verwirren.\u201c F\u00fcr P. Joseph Tanga-Koti, Generalsekret\u00e4r der katholischen Bisch\u00f6fe der Zentralafrikanischen Republik, w\u00e4re die Ernennung von Power Teil \u201eeines Plans zur Reduzierung der Bev\u00f6lkerung Afrikas.\u201c<\/p>\n\n\n\n<h3 class=\"wp-block-heading\" id=\"h-eine-nonne-auf-lebenszeit\"><strong>Eine Nonne auf Lebenszeit<\/strong><\/h3>\n\n\n\n<p>Der zu zahlende Preis w\u00e4re sehr hoch: \u201eTod, Sterilit\u00e4t, oberfl\u00e4chlicher Sex, Prostitution, Verletzung der Menschenw\u00fcrde\u201c, z\u00e4hlt Pater Tanga-Koti auf.<\/p>\n\n\n\n<p>Schwester Paule Val\u00e9rie Mendogo von der Kongregation der Dienerinnen Mariens in Douala, Kamerun, erkl\u00e4rt, dass der Wunsch der Gl\u00e4ubigen in Afrika ein Ende der \u201eManipulation von Lobbys und Massenmedien ist, die Mittel f\u00f6rdern und suchen, um die Afrikaner zu einer radikalen antichristlichen Revolution zu zwingen.\u201c Die Ordensfrau erinnert daran, dass \u201ees in den afrikanischen Sprachen keine \u00dcbersetzungen f\u00fcr Abtreibung und Homosexualit\u00e4t gibt.\u201c Doch \u00fcber den <a href=\"https:\/\/ifamnews.com\/it\/black-live-matters-contro-lespressione-pro-life\">Orwellschen Neusprech<\/a> sollen diese Worte \u2013 und Realit\u00e4ten \u2013 nun in Afrika landen.<\/p>\n","protected":false},"excerpt":{"rendered":"<p>Kultureller, ideologischer und lebensfeindlicher Angriff der USA auf den Schwarzen Kontinent<\/p>\n","protected":false},"author":15,"featured_media":48203,"comment_status":"open","ping_status":"open","sticky":false,"template":"","format":"standard","meta":{"give_campaign_id":0,"om_disable_all_campaigns":false,"_monsterinsights_skip_tracking":false,"_monsterinsights_sitenote_active":false,"_monsterinsights_sitenote_note":"","_monsterinsights_sitenote_category":0,"mc4wp_mailchimp_campaign":[],"jnews-multi-image_gallery":[],"jnews_single_post":{"subtitle":"Kultureller, ideologischer und lebensfeindlicher Angriff der USA auf den Schwarzen Kontinent","format":"standard","video":"","gallery":"","source_name":"","source_url":"","via_name":"","via_url":"","override":[{"single_blog_custom":"","sidebar":"","second_sidebar":"","share_position":"","share_float_style":"","post_date_format":"","post_date_format_custom":"","post_reading_time_wpm":"","zoom_button_out_step":"1","zoom_button_in_step":"1","number_popup_post":"1"}],"image_override":[{"single_post_thumbnail_size":"","single_post_gallery_size":""}],"trending_post_position":"","trending_post_label":"","sponsored_post_label":"","sponsored_post_name":"","sponsored_post_url":"","sponsored_post_logo":"","sponsored_post_desc":""},"jnews_primary_category":{"id":"768"},"jnews_social_meta":{"fb_title":"","fb_description":"","fb_image":"","twitter_title":"","twitter_description":"","twitter_image":""},"jnews_override_counter":{"view_counter_number":"0","share_counter_number":"0","like_counter_number":"0","dislike_counter_number":"0"},"footnotes":""},"categories":[816,768,811],"tags":[1906,8028,8031,6411,8030,8032,8000],"class_list":["post-50631","post","type-post","status-publish","format-standard","has-post-thumbnail","hentry","category-breaking-news-de","category-politik","category-foreground-de","tag-abtreibung","tag-afrika","tag-imperialismus","tag-joe-biden-de","tag-kolonialisierung","tag-pro-lgbtq","tag-vetrina-de"],"yoast_head":"<!-- This site is optimized with the Yoast SEO Premium plugin v25.9 (Yoast SEO v27.3) - https:\/\/yoast.com\/product\/yoast-seo-premium-wordpress\/ -->\n<title>Imperialismus der Abtreibung: Joe Biden terrorisiert Afrika - &quot;iFamNews&quot;<\/title>\n<meta name=\"description\" content=\"Die katholischen Bisch\u00f6fe Afrikas gegen den &quot;katholischen&quot; Pr\u00e4sidenten Biden, f\u00fcr Abtreibung und Gender, die auch ins Ausland exportiert werden sollen\" \/>\n<meta name=\"robots\" content=\"index, follow, max-snippet:-1, max-image-preview:large, max-video-preview:-1\" \/>\n<link rel=\"canonical\" href=\"https:\/\/ifamnews.com\/de\/imperialismus-der-abtreibung-joe-biden-terrorisiert-afrika\" \/>\n<meta property=\"og:locale\" content=\"de_DE\" \/>\n<meta property=\"og:type\" content=\"article\" \/>\n<meta property=\"og:title\" content=\"Imperialismus der Abtreibung: Joe Biden terrorisiert Afrika\" \/>\n<meta property=\"og:description\" content=\"Die katholischen Bisch\u00f6fe Afrikas gegen den &quot;katholischen&quot; Pr\u00e4sidenten Biden, f\u00fcr Abtreibung und Gender, die auch ins Ausland exportiert werden sollen\" \/>\n<meta property=\"og:url\" content=\"https:\/\/ifamnews.com\/de\/imperialismus-der-abtreibung-joe-biden-terrorisiert-afrika\" \/>\n<meta property=\"og:site_name\" content=\"IFN\" \/>\n<meta property=\"article:publisher\" content=\"https:\/\/www.facebook.com\/iFamNews\" \/>\n<meta property=\"article:published_time\" content=\"2021-02-03T06:00:00+00:00\" \/>\n<meta property=\"og:image\" content=\"https:\/\/ifamnews.com\/wp-content\/uploads\/2021\/01\/Image-from-SnappyGoat.jpg\" \/>\n\t<meta property=\"og:image:width\" content=\"1200\" \/>\n\t<meta property=\"og:image:height\" content=\"675\" \/>\n\t<meta property=\"og:image:type\" content=\"image\/jpeg\" \/>\n<meta name=\"author\" content=\"Federico Cenci\" \/>\n<meta name=\"twitter:card\" content=\"summary_large_image\" \/>\n<meta name=\"twitter:creator\" content=\"@https:\/\/twitter.com\/fedecenci\" \/>\n<meta name=\"twitter:site\" content=\"@iFamNewsEN\" \/>\n<meta name=\"twitter:label1\" content=\"Verfasst von\" \/>\n\t<meta name=\"twitter:data1\" content=\"Federico Cenci\" \/>\n\t<meta name=\"twitter:label2\" content=\"Gesch\u00e4tzte Lesezeit\" \/>\n\t<meta name=\"twitter:data2\" content=\"4\u00a0Minuten\" \/>\n<!-- \/ Yoast SEO Premium plugin. -->","yoast_head_json":{"title":"Imperialismus der Abtreibung: Joe Biden terrorisiert Afrika - \"iFamNews\"","description":"Die katholischen Bisch\u00f6fe Afrikas gegen den \"katholischen\" Pr\u00e4sidenten Biden, f\u00fcr Abtreibung und Gender, die auch ins Ausland exportiert werden sollen","robots":{"index":"index","follow":"follow","max-snippet":"max-snippet:-1","max-image-preview":"max-image-preview:large","max-video-preview":"max-video-preview:-1"},"canonical":"https:\/\/ifamnews.com\/de\/imperialismus-der-abtreibung-joe-biden-terrorisiert-afrika","og_locale":"de_DE","og_type":"article","og_title":"Imperialismus der Abtreibung: Joe Biden terrorisiert Afrika","og_description":"Die katholischen Bisch\u00f6fe Afrikas gegen den \"katholischen\" Pr\u00e4sidenten Biden, f\u00fcr Abtreibung und Gender, die auch ins Ausland exportiert werden sollen","og_url":"https:\/\/ifamnews.com\/de\/imperialismus-der-abtreibung-joe-biden-terrorisiert-afrika","og_site_name":"IFN","article_publisher":"https:\/\/www.facebook.com\/iFamNews","article_published_time":"2021-02-03T06:00:00+00:00","og_image":[{"width":1200,"height":675,"url":"https:\/\/ifamnews.com\/wp-content\/uploads\/2021\/01\/Image-from-SnappyGoat.jpg","type":"image\/jpeg"}],"author":"Federico Cenci","twitter_card":"summary_large_image","twitter_creator":"@https:\/\/twitter.com\/fedecenci","twitter_site":"@iFamNewsEN","twitter_misc":{"Verfasst von":"Federico Cenci","Gesch\u00e4tzte Lesezeit":"4\u00a0Minuten"},"schema":{"@context":"https:\/\/schema.org","@graph":[{"@type":"NewsArticle","@id":"https:\/\/ifamnews.com\/de\/imperialismus-der-abtreibung-joe-biden-terrorisiert-afrika#article","isPartOf":{"@id":"https:\/\/ifamnews.com\/de\/imperialismus-der-abtreibung-joe-biden-terrorisiert-afrika"},"author":{"name":"Federico Cenci","@id":"https:\/\/ifamnews.com\/en\/#\/schema\/person\/555378c4ec9e01d40ab9f2b5cee0c318"},"headline":"Imperialismus der Abtreibung: Joe Biden terrorisiert Afrika","datePublished":"2021-02-03T06:00:00+00:00","mainEntityOfPage":{"@id":"https:\/\/ifamnews.com\/de\/imperialismus-der-abtreibung-joe-biden-terrorisiert-afrika"},"wordCount":707,"commentCount":0,"publisher":{"@id":"https:\/\/ifamnews.com\/en\/#organization"},"image":{"@id":"https:\/\/ifamnews.com\/de\/imperialismus-der-abtreibung-joe-biden-terrorisiert-afrika#primaryimage"},"thumbnailUrl":"https:\/\/ifamnews.com\/wp-content\/uploads\/2021\/01\/Image-from-SnappyGoat.jpg","keywords":["Abtreibung","Afrika","Imperialismus","Joe Biden","Kolonialisierung","Pro-LGBTQ","Vetrina"],"articleSection":["Breaking News","Politik","Vordergrund"],"inLanguage":"de","potentialAction":[{"@type":"CommentAction","name":"Comment","target":["https:\/\/ifamnews.com\/de\/imperialismus-der-abtreibung-joe-biden-terrorisiert-afrika#respond"]}]},{"@type":"WebPage","@id":"https:\/\/ifamnews.com\/de\/imperialismus-der-abtreibung-joe-biden-terrorisiert-afrika","url":"https:\/\/ifamnews.com\/de\/imperialismus-der-abtreibung-joe-biden-terrorisiert-afrika","name":"Imperialismus der Abtreibung: Joe Biden terrorisiert Afrika - \"iFamNews\"","isPartOf":{"@id":"https:\/\/ifamnews.com\/en\/#website"},"primaryImageOfPage":{"@id":"https:\/\/ifamnews.com\/de\/imperialismus-der-abtreibung-joe-biden-terrorisiert-afrika#primaryimage"},"image":{"@id":"https:\/\/ifamnews.com\/de\/imperialismus-der-abtreibung-joe-biden-terrorisiert-afrika#primaryimage"},"thumbnailUrl":"https:\/\/ifamnews.com\/wp-content\/uploads\/2021\/01\/Image-from-SnappyGoat.jpg","datePublished":"2021-02-03T06:00:00+00:00","description":"Die katholischen Bisch\u00f6fe Afrikas gegen den \"katholischen\" Pr\u00e4sidenten Biden, f\u00fcr Abtreibung und Gender, die auch ins Ausland exportiert werden sollen","breadcrumb":{"@id":"https:\/\/ifamnews.com\/de\/imperialismus-der-abtreibung-joe-biden-terrorisiert-afrika#breadcrumb"},"inLanguage":"de","potentialAction":[{"@type":"ReadAction","target":["https:\/\/ifamnews.com\/de\/imperialismus-der-abtreibung-joe-biden-terrorisiert-afrika"]}]},{"@type":"ImageObject","inLanguage":"de","@id":"https:\/\/ifamnews.com\/de\/imperialismus-der-abtreibung-joe-biden-terrorisiert-afrika#primaryimage","url":"https:\/\/ifamnews.com\/wp-content\/uploads\/2021\/01\/Image-from-SnappyGoat.jpg","contentUrl":"https:\/\/ifamnews.com\/wp-content\/uploads\/2021\/01\/Image-from-SnappyGoat.jpg","width":1200,"height":675,"caption":"Bild von SnappyGoat"},{"@type":"BreadcrumbList","@id":"https:\/\/ifamnews.com\/de\/imperialismus-der-abtreibung-joe-biden-terrorisiert-afrika#breadcrumb","itemListElement":[{"@type":"ListItem","position":1,"name":"Home","item":"https:\/\/ifamnews.com\/de"},{"@type":"ListItem","position":2,"name":"Politics","item":"https:\/\/ifamnews.com\/en\/category\/politics"},{"@type":"ListItem","position":3,"name":"Imperialismus der Abtreibung: Joe Biden terrorisiert Afrika"}]},{"@type":"WebSite","@id":"https:\/\/ifamnews.com\/en\/#website","url":"https:\/\/ifamnews.com\/en\/","name":"IFN","description":"International Family News Network","publisher":{"@id":"https:\/\/ifamnews.com\/en\/#organization"},"potentialAction":[{"@type":"SearchAction","target":{"@type":"EntryPoint","urlTemplate":"https:\/\/ifamnews.com\/en\/?s={search_term_string}"},"query-input":{"@type":"PropertyValueSpecification","valueRequired":true,"valueName":"search_term_string"}}],"inLanguage":"de"},{"@type":"Organization","@id":"https:\/\/ifamnews.com\/en\/#organization","name":"iFamNews","url":"https:\/\/ifamnews.com\/en\/","logo":{"@type":"ImageObject","inLanguage":"de","@id":"https:\/\/ifamnews.com\/en\/#\/schema\/logo\/image\/","url":"https:\/\/ifamnews.com\/wp-content\/uploads\/2020\/01\/Share-logo.png","contentUrl":"https:\/\/ifamnews.com\/wp-content\/uploads\/2020\/01\/Share-logo.png","width":200,"height":200,"caption":"iFamNews"},"image":{"@id":"https:\/\/ifamnews.com\/en\/#\/schema\/logo\/image\/"},"sameAs":["https:\/\/www.facebook.com\/iFamNews","https:\/\/x.com\/iFamNewsEN"]},{"@type":"Person","@id":"https:\/\/ifamnews.com\/en\/#\/schema\/person\/555378c4ec9e01d40ab9f2b5cee0c318","name":"Federico Cenci","image":{"@type":"ImageObject","inLanguage":"de","@id":"https:\/\/secure.gravatar.com\/avatar\/535f77b8447d05f39d4ca941654f7a7b7d712f3d72f0b4b185747785f5a8e745?s=96&d=mm&r=g","url":"https:\/\/secure.gravatar.com\/avatar\/535f77b8447d05f39d4ca941654f7a7b7d712f3d72f0b4b185747785f5a8e745?s=96&d=mm&r=g","contentUrl":"https:\/\/secure.gravatar.com\/avatar\/535f77b8447d05f39d4ca941654f7a7b7d712f3d72f0b4b185747785f5a8e745?s=96&d=mm&r=g","caption":"Federico Cenci"},"description":"Federico Cenci worked from 2013 to 2017 at the Catholic Zenit press agency dealing with social and religious issues, bioethics, family policies, as well as domestic and international politics. He then continued his business with In Terris, and currently with various newspapers and periodicals. In 2020 he wrote the novel \"East Berlin 2.0 - Notes between dystopia and reality\"","sameAs":["https:\/\/x.com\/https:\/\/twitter.com\/fedecenci"],"url":"https:\/\/ifamnews.com\/de\/author\/fcenci"}]}},"amp_enabled":true,"_links":{"self":[{"href":"https:\/\/ifamnews.com\/de\/wp-json\/wp\/v2\/posts\/50631","targetHints":{"allow":["GET"]}}],"collection":[{"href":"https:\/\/ifamnews.com\/de\/wp-json\/wp\/v2\/posts"}],"about":[{"href":"https:\/\/ifamnews.com\/de\/wp-json\/wp\/v2\/types\/post"}],"author":[{"embeddable":true,"href":"https:\/\/ifamnews.com\/de\/wp-json\/wp\/v2\/users\/15"}],"replies":[{"embeddable":true,"href":"https:\/\/ifamnews.com\/de\/wp-json\/wp\/v2\/comments?post=50631"}],"version-history":[{"count":4,"href":"https:\/\/ifamnews.com\/de\/wp-json\/wp\/v2\/posts\/50631\/revisions"}],"predecessor-version":[{"id":50636,"href":"https:\/\/ifamnews.com\/de\/wp-json\/wp\/v2\/posts\/50631\/revisions\/50636"}],"wp:featuredmedia":[{"embeddable":true,"href":"https:\/\/ifamnews.com\/de\/wp-json\/wp\/v2\/media\/48203"}],"wp:attachment":[{"href":"https:\/\/ifamnews.com\/de\/wp-json\/wp\/v2\/media?parent=50631"}],"wp:term":[{"taxonomy":"category","embeddable":true,"href":"https:\/\/ifamnews.com\/de\/wp-json\/wp\/v2\/categories?post=50631"},{"taxonomy":"post_tag","embeddable":true,"href":"https:\/\/ifamnews.com\/de\/wp-json\/wp\/v2\/tags?post=50631"}],"curies":[{"name":"wp","href":"https:\/\/api.w.org\/{rel}","templated":true}]}}