{"id":49688,"date":"2021-01-29T01:00:00","date_gmt":"2021-01-29T06:00:00","guid":{"rendered":"https:\/\/ifamnews.com\/serbian-gender-police-targets-ifn-s-author\/"},"modified":"2021-01-27T05:21:45","modified_gmt":"2021-01-27T10:21:45","slug":"serbische-gender-polizei-nimmt-ifn-autor-ins-visier","status":"publish","type":"post","link":"https:\/\/ifamnews.com\/de\/serbische-gender-polizei-nimmt-ifn-autor-ins-visier","title":{"rendered":"Serbische Gender-Polizei nimmt IFN-Autor ins Visier"},"content":{"rendered":"\n<blockquote class=\"wp-block-quote is-layout-flow wp-block-quote-is-layout-flow\"><p><strong><em><strong><em>Wir protestieren aufs Sch\u00e4rfste gegen das Gerichtsverfahren, das gegen <a href=\"https:\/\/ifamnews.com\/en\/author\/vladimir-dimitrijevic\/\">Herrn Vladimir Dimitrijevi\u0107<\/a>, einen renommierten \u00f6ffentlichen Denker, Schriftsteller und iFamNews-Mitarbeiter, eingeleitet wurde. In der f\u00fcr den 26. Januar 2021 angesetzten Verhandlung geht es um Meinungsfreiheit und freie Meinungs\u00e4u\u00dferung.<\/em><\/strong><\/em><\/strong><\/p><p><strong><strong>Im Folgenden ver\u00f6ffentlichen wir die von Dimitrijevi\u0107 selbst vorbereitete Verteidigung, um einem breiteren Publikum zu verdeutlichen, wie sinnlos das Gerichtsverfahren gegen ihn ist.<\/strong><\/strong><\/p><cite>&#8211;<strong><em>iFamNew<\/em>s-<em>Redaktion<\/em><\/strong><\/cite><\/blockquote>\n\n\n\n<h3 class=\"has-text-align-center wp-block-heading\" id=\"h-warum-ich-den-essay-zur-verteidigung-der-nat-rlichen-familie-geschrieben-habe\"><strong><strong>Warum ich den Essay &nbsp;\u201eZur Verteidigung der nat\u00fcrlichen Familie\u201c geschrieben habe<\/strong><\/strong><\/h3>\n\n\n\n<p>Der im Januar 2018 ver\u00f6ffentlichte Essay \u201e<a href=\"https:\/\/vladimirdimitrijevic.com\/sr-rs\/tekstovi\/202-u-odbranu-prirodne-porodice.html\">Zur Verteidigung der nat\u00fcrlichen Familie<\/a>\u201c ist der Grund f\u00fcr die Klage, die von der NGO \u201eDa Se Zna!\u201c (\u201eMacht es bekannt\u201c) zuerst beim Gleichstellungsbeauftragten der Republik Serbien und dann beim Obergericht in Belgrad gegen mich eingereicht wurde. Der Gleichstellungsbeauftragte verlangte, dass ich den Aufsatz entferne und mich bei der politischen Lobby der Homosexuellen entschuldige. Er erkl\u00e4rte zudem, ich sei \u201ediskriminierend\u201c. Der Prozess vor dem Obergericht wird am 26. Januar 2021 fortgesetzt, einen Tag vor dem Feiertag zu Ehren des serbischen F\u00fcrsten und ersten Erzbischofs der unabh\u00e4ngigen serbischen Kirche, des Heiligen Sava des Aufkl\u00e4rers.<\/p>\n\n\n\n<p>Ich schrieb besagten Essay im Rahmen einer \u00f6ffentlichen Debatte \u00fcber die angestrebte Umsetzung des familienfeindlichen Gesetzes zur Gleichstellung der Geschlechter, welches auf der unwissenschaftlichen Gender-Theorie basiert. Diese Theorie ist ein nat\u00fcrlicher \u201eVerb\u00fcndeter\u201c der Ideologie der politischen Homosexualit\u00e4t, deren Ziel es ist, jeden Aspekt der nat\u00fcrlichen Sexualit\u00e4t zu zerst\u00f6ren sowie die Existenz von Mann und Frau auszul\u00f6schen. Gabriele Kuby hat zu den Gedanken Judith Butlers, einer der Hauptvertreterinnen derartiger L\u00fcgen, folgendes angemerkt: \u201eDas Geschlecht ist eine Phantasie, etwas, das wir nur deswegen glauben, weil es uns so oft gesagt wird. <em>Gender <\/em>ist nicht an das biologische Geschlecht gebunden, dieses spielt \u00fcberhaupt keine Rolle, es entsteht nur, weil es durch die Sprache erzeugt wird und die Menschen glauben, was sie st\u00e4ndig h\u00f6ren.\u201c [<em>Herrn Dimitrijevi\u0107s ausf\u00fchrliche Analyse zu Kubys Buch <\/em>\u201a<em>Die globale sexuelle Revolution\u2019<\/em> <em>wurde auf der serbischen Seite von iFamNews <a href=\"https:\/\/ifamnews.com\/sr\/kako-se-rushi-svet-normalnih-ljudi-prvi-deo-\/\">in drei Teilen<\/a> ver\u00f6ffentlicht &#8211; Anm. d. Red.]<\/em><\/p>\n\n\n\n<h3 class=\"has-text-align-center wp-block-heading\" id=\"h-die-position-der-kirche-und-mein-standpunkt\"><strong><strong>Die Position der Kirche und mein Standpunkt  <\/strong><\/strong><\/h3>\n\n\n\n<p>Seit Beginn meiner Arbeit als Autor und Katechet habe ich mich mit den Themen der Zerst\u00f6rung der nat\u00fcrlichen Familie und der Durchsetzung der politischen Homosexualit\u00e4t besch\u00e4ftigt. Meinen Standpunkt dazu habe ich ausf\u00fchrlich in meinem Aufsatz \u201eDie Lehre der orthodoxen Kirche zur Homosexualit\u00e4t: S\u00fcnde oder sexuelle Orientierung\u201c dargelegt, der bereits 2011 als \u00dcbersichtsarbeit in der wissenschaftlichen Zeitschrift \u201eDer neue politische Gedanke Serbiens\u201c ver\u00f6ffentlicht wurde. Die Standpunkte, die ich in meinen Artikeln vertrete, so auch im Essay \u201e<a href=\"https:\/\/vladimirdimitrijevic.com\/sr-rs\/tekstovi\/202-u-odbranu-prirodne-porodice.html\">Zur Verteidigung der nat\u00fcrlichen Familie<\/a>\u201c, sind Ausdruck der religi\u00f6sen und moralischen Lehre der orthodoxen Kirche.<\/p>\n\n\n\n<h3 class=\"has-text-align-center wp-block-heading\" id=\"h-ich-habe-keinerlei-diskriminierung-begangen\"><strong><strong>Ich habe keinerlei Diskriminierung begangen<\/strong> &nbsp;<\/strong><\/h3>\n\n\n\n<p>Ich war nie ein Homosexuellen-\u201eHasser\u201c, denn die Grundlehre der Kirche besagt, dass wir gegen die S\u00fcnde k\u00e4mpfen und den S\u00fcnder lieben sollen. Auch \u00e4u\u00dfere ich mich bei der Diskussion dieser Themen nie in beleidigender oder herabw\u00fcrdigender Weise, da mir das als Christ fremd ist.<\/p>\n\n\n\n<p>Ich hatte weder die Absicht, jemanden zu diskriminieren, noch h\u00e4tte ich jemals Diskriminierung begehen k\u00f6nnen. Dies hat auch <a href=\"https:\/\/ceopom-istina.rs\/politika-i-drustvo\/nema-slobode-u-srbi-i-a-u-ko-o-koloni-i-e-ima\/\">Dr. Slobodan Antoni\u0107<\/a>, ordentlicher Professor an der Belgrader Universit\u00e4t, in seinem Artikel \u201eEs gibt keine Freiheit in Serbien. Genau wie in jeder anderen Kolonie\u201c best\u00e4tigt:<\/p>\n\n\n\n<blockquote class=\"wp-block-quote is-layout-flow wp-block-quote-is-layout-flow\"><p>\u201eDer Sachverhalt stellt sich wie folgt dar: Dr. Dimitrijevi\u0107 hat kein \u00f6ffentliches Amt inne, das es ihm erm\u00f6glichen w\u00fcrde, jemanden im wahrsten Sinne des Wortes zu diskriminieren, sprich: jemandem ein Recht zu verweigern, das dieser Person zusteht. Dr. Dimitrijevi\u0107 hat den Aufsatz auf seiner pers\u00f6nlichen Website ver\u00f6ffentlicht, deren Domain auf den eigenen Namen \u201eVladimir Dimitrijevi\u0107\u201c lautet. Dr. Dimitrijevi\u0107 hat lediglich Werturteile ge\u00e4u\u00dfert, die allgemeiner Natur sind (die Formulierung \u201ees ist nur nat\u00fcrlich\u201c ist im gegebenen Kontext &#8211; es geht nicht um Biologie &#8211; kein beschreibendes, sondern ein wertendes Urteil und bezieht sich nicht direkt, im Sinne einer Verleumdung in Form einer unwahren Aussage, auf eine bestimmte Person oder Personengruppe). Dr. Dimitrijevi\u0107 hat aus keinem seiner Werturteile einen Aufruf zu Gewalt oder zu verfassungsfeindlichen Handlungen gefolgert. Dennoch wurde Dr. Dimitrijevi\u0107 vorgeworfen, sein Aufsatz, der auf seiner pers\u00f6nlichen Website ver\u00f6ffentlicht wurde, habe zu einer Diskriminierung von LGBT-Personen gef\u00fchrt. Dr. Dimitrijevi\u0107 kann in seiner Verteidigung keinen konkreten Beweis daf\u00fcr fordern, dass sein Text zu einer Diskriminierung gef\u00fchrt hat, beispielsweise: John Johnson hat Dr. Dimitrijevi\u0107s Aufsatz gelesen und dann Jack Jackson dieses und jenes Recht verweigert. Es besteht f\u00fcr Dr. Dimitrijevi\u0107 kein Anspruch auf Unschuldsvermutung; im Gegenteil, die Beweislast liegt bei ihm als Angeklagtem. Daher muss Dr. Dimitrijevi\u0107 in seiner Verteidigung beweisen, dass aus seinem Essay kein konkreter Fall von Diskriminierung entstanden ist.\u201c<\/p><\/blockquote>\n","protected":false},"excerpt":{"rendered":"<p>Warum ich den Essay  \u201eZur Verteidigung der nat\u00fcrlichen Familie\u201c geschrieben habe<\/p>\n","protected":false},"author":128,"featured_media":47903,"comment_status":"open","ping_status":"open","sticky":false,"template":"","format":"standard","meta":{"give_campaign_id":0,"om_disable_all_campaigns":false,"_monsterinsights_skip_tracking":false,"_monsterinsights_sitenote_active":false,"_monsterinsights_sitenote_note":"","_monsterinsights_sitenote_category":0,"mc4wp_mailchimp_campaign":[],"jnews-multi-image_gallery":[],"jnews_single_post":{"subtitle":"Warum ich den Essay  \u201eZur Verteidigung der nat\u00fcrlichen Familie\u201c geschrieben habe","format":"standard","video":"","gallery":"","source_name":"","source_url":"","via_name":"","via_url":"","override":[{"single_blog_custom":"","sidebar":"","second_sidebar":"","share_position":"","share_float_style":"","post_date_format":"","post_date_format_custom":"","post_reading_time_wpm":"","zoom_button_out_step":"1","zoom_button_in_step":"1","number_popup_post":"1"}],"image_override":[{"single_post_thumbnail_size":"","single_post_gallery_size":""}],"trending_post_position":"","trending_post_label":"","sponsored_post_label":"","sponsored_post_name":"","sponsored_post_url":"","sponsored_post_logo":"","sponsored_post_desc":""},"jnews_primary_category":{"id":"770"},"jnews_social_meta":{"fb_title":"","fb_description":"","fb_image":"","twitter_title":"","twitter_description":"","twitter_image":""},"jnews_override_counter":{"view_counter_number":"0","share_counter_number":"0","like_counter_number":"0","dislike_counter_number":"0"},"footnotes":""},"categories":[816,770,820,811],"tags":[4457,6920,3878,2583],"class_list":["post-49688","post","type-post","status-publish","format-standard","has-post-thumbnail","hentry","category-breaking-news-de","category-familie","category-leben","category-foreground-de","tag-gender-ideologie-2","tag-ifn-3","tag-meinungsfreiheit","tag-serbien"],"yoast_head":"<!-- This site is optimized with the Yoast SEO Premium plugin v25.9 (Yoast SEO v27.3) - https:\/\/yoast.com\/product\/yoast-seo-premium-wordpress\/ -->\n<title>Serbische Gender-Polizei nimmt IFN-Autor ins Visier - IFN<\/title>\n<meta name=\"description\" content=\"Why I wrote the essay titled \u201cIn Defense of the Natural Family\u201d\" \/>\n<meta name=\"robots\" content=\"index, follow, max-snippet:-1, max-image-preview:large, max-video-preview:-1\" \/>\n<link rel=\"canonical\" href=\"https:\/\/ifamnews.com\/de\/serbische-gender-polizei-nimmt-ifn-autor-ins-visier\" \/>\n<meta property=\"og:locale\" content=\"de_DE\" \/>\n<meta property=\"og:type\" content=\"article\" \/>\n<meta property=\"og:title\" content=\"Serbische Gender-Polizei nimmt IFN-Autor ins Visier\" \/>\n<meta property=\"og:description\" content=\"Why I wrote the essay titled \u201cIn Defense of the Natural Family\u201d\" \/>\n<meta property=\"og:url\" content=\"https:\/\/ifamnews.com\/de\/serbische-gender-polizei-nimmt-ifn-autor-ins-visier\" \/>\n<meta property=\"og:site_name\" content=\"IFN\" \/>\n<meta property=\"article:publisher\" content=\"https:\/\/www.facebook.com\/iFamNews\" \/>\n<meta property=\"article:published_time\" content=\"2021-01-29T06:00:00+00:00\" \/>\n<meta property=\"og:image\" content=\"https:\/\/ifamnews.com\/wp-content\/uploads\/2021\/01\/Resize_Vladimir_sudjenje.jpg\" \/>\n\t<meta property=\"og:image:width\" content=\"1200\" \/>\n\t<meta property=\"og:image:height\" content=\"675\" \/>\n\t<meta property=\"og:image:type\" content=\"image\/jpeg\" \/>\n<meta name=\"author\" content=\"Vladimir Dimitrijevi\u0107\" \/>\n<meta name=\"twitter:card\" content=\"summary_large_image\" \/>\n<meta name=\"twitter:creator\" content=\"@iFamNewsEN\" \/>\n<meta name=\"twitter:site\" content=\"@iFamNewsEN\" \/>\n<meta name=\"twitter:label1\" content=\"Verfasst von\" \/>\n\t<meta name=\"twitter:data1\" content=\"Vladimir Dimitrijevi\u0107\" \/>\n\t<meta name=\"twitter:label2\" content=\"Gesch\u00e4tzte Lesezeit\" \/>\n\t<meta name=\"twitter:data2\" content=\"4\u00a0Minuten\" \/>\n<!-- \/ Yoast SEO Premium plugin. -->","yoast_head_json":{"title":"Serbische Gender-Polizei nimmt IFN-Autor ins Visier - IFN","description":"Why I wrote the essay titled \u201cIn Defense of the Natural Family\u201d","robots":{"index":"index","follow":"follow","max-snippet":"max-snippet:-1","max-image-preview":"max-image-preview:large","max-video-preview":"max-video-preview:-1"},"canonical":"https:\/\/ifamnews.com\/de\/serbische-gender-polizei-nimmt-ifn-autor-ins-visier","og_locale":"de_DE","og_type":"article","og_title":"Serbische Gender-Polizei nimmt IFN-Autor ins Visier","og_description":"Why I wrote the essay titled \u201cIn Defense of the Natural Family\u201d","og_url":"https:\/\/ifamnews.com\/de\/serbische-gender-polizei-nimmt-ifn-autor-ins-visier","og_site_name":"IFN","article_publisher":"https:\/\/www.facebook.com\/iFamNews","article_published_time":"2021-01-29T06:00:00+00:00","og_image":[{"width":1200,"height":675,"url":"https:\/\/ifamnews.com\/wp-content\/uploads\/2021\/01\/Resize_Vladimir_sudjenje.jpg","type":"image\/jpeg"}],"author":"Vladimir Dimitrijevi\u0107","twitter_card":"summary_large_image","twitter_creator":"@iFamNewsEN","twitter_site":"@iFamNewsEN","twitter_misc":{"Verfasst von":"Vladimir Dimitrijevi\u0107","Gesch\u00e4tzte Lesezeit":"4\u00a0Minuten"},"schema":{"@context":"https:\/\/schema.org","@graph":[{"@type":"NewsArticle","@id":"https:\/\/ifamnews.com\/de\/serbische-gender-polizei-nimmt-ifn-autor-ins-visier#article","isPartOf":{"@id":"https:\/\/ifamnews.com\/de\/serbische-gender-polizei-nimmt-ifn-autor-ins-visier"},"author":{"name":"Vladimir Dimitrijevi\u0107","@id":"https:\/\/ifamnews.com\/en\/#\/schema\/person\/ded5833dc581d629d508ddab585b44bb"},"headline":"Serbische Gender-Polizei nimmt IFN-Autor ins Visier","datePublished":"2021-01-29T06:00:00+00:00","mainEntityOfPage":{"@id":"https:\/\/ifamnews.com\/de\/serbische-gender-polizei-nimmt-ifn-autor-ins-visier"},"wordCount":788,"commentCount":0,"publisher":{"@id":"https:\/\/ifamnews.com\/en\/#organization"},"image":{"@id":"https:\/\/ifamnews.com\/de\/serbische-gender-polizei-nimmt-ifn-autor-ins-visier#primaryimage"},"thumbnailUrl":"https:\/\/ifamnews.com\/wp-content\/uploads\/2021\/01\/Resize_Vladimir_sudjenje.jpg","keywords":["Gender-Ideologie","IFN","Meinungsfreiheit","Serbien"],"articleSection":["Breaking News","Familie","Leben","Vordergrund"],"inLanguage":"de","potentialAction":[{"@type":"CommentAction","name":"Comment","target":["https:\/\/ifamnews.com\/de\/serbische-gender-polizei-nimmt-ifn-autor-ins-visier#respond"]}]},{"@type":"WebPage","@id":"https:\/\/ifamnews.com\/de\/serbische-gender-polizei-nimmt-ifn-autor-ins-visier","url":"https:\/\/ifamnews.com\/de\/serbische-gender-polizei-nimmt-ifn-autor-ins-visier","name":"Serbische Gender-Polizei nimmt IFN-Autor ins Visier - IFN","isPartOf":{"@id":"https:\/\/ifamnews.com\/en\/#website"},"primaryImageOfPage":{"@id":"https:\/\/ifamnews.com\/de\/serbische-gender-polizei-nimmt-ifn-autor-ins-visier#primaryimage"},"image":{"@id":"https:\/\/ifamnews.com\/de\/serbische-gender-polizei-nimmt-ifn-autor-ins-visier#primaryimage"},"thumbnailUrl":"https:\/\/ifamnews.com\/wp-content\/uploads\/2021\/01\/Resize_Vladimir_sudjenje.jpg","datePublished":"2021-01-29T06:00:00+00:00","description":"Why I wrote the essay titled \u201cIn Defense of the Natural Family\u201d","breadcrumb":{"@id":"https:\/\/ifamnews.com\/de\/serbische-gender-polizei-nimmt-ifn-autor-ins-visier#breadcrumb"},"inLanguage":"de","potentialAction":[{"@type":"ReadAction","target":["https:\/\/ifamnews.com\/de\/serbische-gender-polizei-nimmt-ifn-autor-ins-visier"]}]},{"@type":"ImageObject","inLanguage":"de","@id":"https:\/\/ifamnews.com\/de\/serbische-gender-polizei-nimmt-ifn-autor-ins-visier#primaryimage","url":"https:\/\/ifamnews.com\/wp-content\/uploads\/2021\/01\/Resize_Vladimir_sudjenje.jpg","contentUrl":"https:\/\/ifamnews.com\/wp-content\/uploads\/2021\/01\/Resize_Vladimir_sudjenje.jpg","width":1200,"height":675,"caption":"\u0438\u043b\u0443\u0441\u0442\u0440\u0430\u0446\u0438\u0458\u0430: Catena Mundi"},{"@type":"BreadcrumbList","@id":"https:\/\/ifamnews.com\/de\/serbische-gender-polizei-nimmt-ifn-autor-ins-visier#breadcrumb","itemListElement":[{"@type":"ListItem","position":1,"name":"Home","item":"https:\/\/ifamnews.com\/de"},{"@type":"ListItem","position":2,"name":"Life","item":"https:\/\/ifamnews.com\/en\/category\/life"},{"@type":"ListItem","position":3,"name":"Serbische Gender-Polizei nimmt IFN-Autor ins Visier"}]},{"@type":"WebSite","@id":"https:\/\/ifamnews.com\/en\/#website","url":"https:\/\/ifamnews.com\/en\/","name":"IFN","description":"International Family News Network","publisher":{"@id":"https:\/\/ifamnews.com\/en\/#organization"},"potentialAction":[{"@type":"SearchAction","target":{"@type":"EntryPoint","urlTemplate":"https:\/\/ifamnews.com\/en\/?s={search_term_string}"},"query-input":{"@type":"PropertyValueSpecification","valueRequired":true,"valueName":"search_term_string"}}],"inLanguage":"de"},{"@type":"Organization","@id":"https:\/\/ifamnews.com\/en\/#organization","name":"iFamNews","url":"https:\/\/ifamnews.com\/en\/","logo":{"@type":"ImageObject","inLanguage":"de","@id":"https:\/\/ifamnews.com\/en\/#\/schema\/logo\/image\/","url":"https:\/\/ifamnews.com\/wp-content\/uploads\/2020\/01\/Share-logo.png","contentUrl":"https:\/\/ifamnews.com\/wp-content\/uploads\/2020\/01\/Share-logo.png","width":200,"height":200,"caption":"iFamNews"},"image":{"@id":"https:\/\/ifamnews.com\/en\/#\/schema\/logo\/image\/"},"sameAs":["https:\/\/www.facebook.com\/iFamNews","https:\/\/x.com\/iFamNewsEN"]},{"@type":"Person","@id":"https:\/\/ifamnews.com\/en\/#\/schema\/person\/ded5833dc581d629d508ddab585b44bb","name":"Vladimir Dimitrijevi\u0107","image":{"@type":"ImageObject","inLanguage":"de","@id":"https:\/\/secure.gravatar.com\/avatar\/996f852edaa63b2780277a6299276d6a6eaf33aa804a5a9e5255b4ebce714529?s=96&d=mm&r=g","url":"https:\/\/secure.gravatar.com\/avatar\/996f852edaa63b2780277a6299276d6a6eaf33aa804a5a9e5255b4ebce714529?s=96&d=mm&r=g","contentUrl":"https:\/\/secure.gravatar.com\/avatar\/996f852edaa63b2780277a6299276d6a6eaf33aa804a5a9e5255b4ebce714529?s=96&d=mm&r=g","caption":"Vladimir Dimitrijevi\u0107"},"description":"PhD Vladimir Dimitrijevi\u0107 was born in 1969 in \u010ca\u010dak, Serbia, where he finished elementary school and the Grammar School. He graduated from the Department of Serbian Language and Literature, and World Literature at the Belgrade University\u2019s Faculty of Philology. He obtained his PhD in 2016, having defended a doctoral thesis titled \u201cVladimir Vuji\u0107 as an author, criticist and polemicist in the context of literary processes between the two world wars.\u201d Since 1991, he has been actively involved in the Orthodox Christian Missionary School (at the Church of St. Alexander Nevsky) and the Faith Charity Stewardship of the Archbishopric of Belgrade and Karlovci, as an organizer of lectures and the missionary work. He teaches Serbian language and literature at the Grammar School in his hometown \u010ca\u010dak. He has held more than a hundred lectures about destructive religious sects. He is an author and editor of a number of books and editions, including: \u201cOrthodox Christianity and Sects 1\u20137\u201d, \u201cHarry Potter and the Hunt for Children\u2019s Souls\u201d, \u201cDeliver Us from Evil \u2013 Orthodox Christianity and Witchcraft\u201d, \u201cPrison Guards of Souls\u201d, \u201cIf There Is No God, Then Everything Is Allowed\u201d, \u201cThe Greatest Serb After St Sava \u2013 A Book About Bishop Nikolai\u201d, \u201cHow Great God Is In His Saints\u201d, \u201cOrthodox Christianity and Challenges of the 21stCentury.\u201d He has been a member of the Association of Serbian Writers since 2002.","sameAs":["https:\/\/vladimirdimitrijevic.com\/sr-rs\/"],"url":"https:\/\/ifamnews.com\/de\/author\/vladimir-dimitrijevic"}]}},"amp_enabled":true,"_links":{"self":[{"href":"https:\/\/ifamnews.com\/de\/wp-json\/wp\/v2\/posts\/49688","targetHints":{"allow":["GET"]}}],"collection":[{"href":"https:\/\/ifamnews.com\/de\/wp-json\/wp\/v2\/posts"}],"about":[{"href":"https:\/\/ifamnews.com\/de\/wp-json\/wp\/v2\/types\/post"}],"author":[{"embeddable":true,"href":"https:\/\/ifamnews.com\/de\/wp-json\/wp\/v2\/users\/128"}],"replies":[{"embeddable":true,"href":"https:\/\/ifamnews.com\/de\/wp-json\/wp\/v2\/comments?post=49688"}],"version-history":[{"count":5,"href":"https:\/\/ifamnews.com\/de\/wp-json\/wp\/v2\/posts\/49688\/revisions"}],"predecessor-version":[{"id":49746,"href":"https:\/\/ifamnews.com\/de\/wp-json\/wp\/v2\/posts\/49688\/revisions\/49746"}],"wp:featuredmedia":[{"embeddable":true,"href":"https:\/\/ifamnews.com\/de\/wp-json\/wp\/v2\/media\/47903"}],"wp:attachment":[{"href":"https:\/\/ifamnews.com\/de\/wp-json\/wp\/v2\/media?parent=49688"}],"wp:term":[{"taxonomy":"category","embeddable":true,"href":"https:\/\/ifamnews.com\/de\/wp-json\/wp\/v2\/categories?post=49688"},{"taxonomy":"post_tag","embeddable":true,"href":"https:\/\/ifamnews.com\/de\/wp-json\/wp\/v2\/tags?post=49688"}],"curies":[{"name":"wp","href":"https:\/\/api.w.org\/{rel}","templated":true}]}}