{"id":49548,"date":"2021-01-28T01:00:00","date_gmt":"2021-01-28T06:00:00","guid":{"rendered":"https:\/\/ifamnews.com\/?p=49548"},"modified":"2021-01-28T02:10:41","modified_gmt":"2021-01-28T07:10:41","slug":"vom-rockstar-zum-papa-exklusiv-interview-mit-rudy-lenners-von-den-scorpions","status":"publish","type":"post","link":"https:\/\/ifamnews.com\/de\/vom-rockstar-zum-papa-exklusiv-interview-mit-rudy-lenners-von-den-scorpions","title":{"rendered":"Vom Rockstar zum Papa: SCORPIONS-Drummer Rudy Lenners im Exklusiv-Interview"},"content":{"rendered":"\n<p><strong>iFamNews<\/strong>: Hallo Rudy! Zun\u00e4chst einmal vielen Dank f\u00fcr dieses Interview mit iFamNews. Herzlichen Gl\u00fcckwunsch zur Ver\u00f6ffentlichung Ihres Buches \u201e<a href=\"https:\/\/noirdessinlaboutique.be\/nouveautes\/achtung-ca-va-piquer.html\">Achtung, ca va piquer<\/a>!\u201c (Achtung, es wird brennen!), in dem Sie uns \u00fcber Ihren k\u00fcnstlerischen Werdegang, Ihre Lebensentscheidungen sowie einige pikante Reflexionen \u00fcber das Leben an sich und menschliche Beziehungen im Allgemeinen erz\u00e4hlen. Das Buch ist in einem v\u00f6llig einzigartigen Genre geschrieben und in fast jedem Satz stecken Wortspiele, Witze und querdenkende sprachliche Ausdr\u00fccke. Ich gestehe, dass trotz meiner vielen Lekt\u00fcre der Stil Ihres Buches f\u00fcr mich ein v\u00f6lliges Novum ist. Es mischt verr\u00fcckte Komik und tiefe \u00dcberlegungen in ein Gewand des leichten Tons, w\u00e4hrend es uns erlaubt, den \u201eCharakter\u201c Rudy Lenners auf ganzer Breite zu entdecken. In diesem Buch erz\u00e4hlen Sie uns von ihrem Leben in der Bl\u00fctezeit der deutschen Hardrock-Band Scorpions. Sie berichten von durch Hartn\u00e4ckigkeit und harte Arbeit gepr\u00e4gte Zeit, wie sie in diese legend\u00e4re Band gekommen sind und von den Gr\u00fcnden, warum sie sie verlassen haben. Die damalige Fachpresse n\u00e4hrte mehrere Ger\u00fcchte zu diesem Thema. Einer der von Ihnen genannten Gr\u00fcnde ist die Tatsache, dass Sie eine geeinte und solide Familie gr\u00fcnden wollten. K\u00f6nnen Sie uns erkl\u00e4ren, wie Sie, obwohl Sie ein Einzelkind sind und in einem \u201eRock\u2019n\u2019Roll\u201c-Umfeld lebten \u2013 das diese Art von Entscheidungen nicht wirklich f\u00f6rdert \u2013 zu dieser Entscheidung gekommen sind?<\/p>\n\n\n\n<p><strong>Rudy Lenners<\/strong>: Als ich ein Kind war, wollte ich immer einen Bruder oder eine Schwester haben, aber meine Eltern (vor allem mein Vater) wichen der Frage lieber aus, als mir die wahren Gr\u00fcnde f\u00fcr ihre Ablehnung zu nennen. So habe ich etwas verpasst&#8230;<\/p>\n\n\n\n<div class=\"wp-block-image\"><figure class=\"alignright size-large is-resized\"><img decoding=\"async\" src=\"https:\/\/ifamnews.com\/wp-content\/uploads\/2020\/12\/Scorpions-2-1024x1024.jpg\" alt=\"\" class=\"wp-image-43561\" width=\"625\" height=\"625\" srcset=\"https:\/\/ifamnews.com\/wp-content\/uploads\/2020\/12\/Scorpions-2-1024x1024.jpg 1024w, https:\/\/ifamnews.com\/wp-content\/uploads\/2020\/12\/Scorpions-2-300x300.jpg 300w, https:\/\/ifamnews.com\/wp-content\/uploads\/2020\/12\/Scorpions-2-150x150.jpg 150w, https:\/\/ifamnews.com\/wp-content\/uploads\/2020\/12\/Scorpions-2-768x768.jpg 768w, https:\/\/ifamnews.com\/wp-content\/uploads\/2020\/12\/Scorpions-2-75x75.jpg 75w, https:\/\/ifamnews.com\/wp-content\/uploads\/2020\/12\/Scorpions-2-750x750.jpg 750w, https:\/\/ifamnews.com\/wp-content\/uploads\/2020\/12\/Scorpions-2-1140x1140.jpg 1140w, https:\/\/ifamnews.com\/wp-content\/uploads\/2020\/12\/Scorpions-2.jpg 1200w\" sizes=\"(max-width: 625px) 100vw, 625px\" \/><\/figure><\/div>\n\n\n\n<p>Damals war ich sehr traurig, aber da ich in einem Ort lebte, in dem es viele Kinder gab, \u201er\u00e4chte\u201c ich mich, indem ich viel mit ihnen spielte, ich war ein Stra\u00dfenkind geworden, ein Balljunge! Meine Freunde damals und auch meine heutigen Freunde sagen mir immer, dass ich mich nie wie ein Einzelkind verhalten habe; in Wirklichkeit hatte ich so viel zu teilen. Dieses Gef\u00fchl hielt die ganze Jugend \u00fcber an, und als ich Berufsmusiker wurde, sp\u00fcrte ich ein intensives Familiengef\u00fchl in mir aufsteigen und den heftigen Wunsch, in naher Zukunft eine Familie zu gr\u00fcnden. Das ist einer der Hauptgr\u00fcnde, warum ich Ende der 70\u2018 nach Belgien zur\u00fcckkehrte. Bei den <em>Scorpions<\/em> und dem hohen Bekanntheitsgrad der Band wusste ich, dass ich niemals in der Lage gewesen w\u00e4re, eine anst\u00e4ndige Ehefrau zu finden. Also beschloss ich, die Band zu verlassen und auf andere Weise zu versuchen, Musik zu konzipieren und eine gro\u00dfe, vereinte Familie zu gr\u00fcnden, da meine zuk\u00fcnftige Frau bereits w\u00e4hrend meines Aufenthalts in Deutschland anwesend war.<\/p>\n\n\n\n<p><strong>iFamNews<\/strong>: Jetzt w\u00fcrde ich gerne mit Ihnen \u00fcber Werte sprechen. Ich will nicht so weit gehen, zu sagen, dass das k\u00fcnstlerische Umfeld, in dem Sie sich entwickelt haben, v\u00f6llig wertfrei ist. Aber wir sehen, dass die traditionellen Familienwerte, zum Beispiel die Treue in der Partnerschaft, nicht wirklich \u201ein Mode\u201c sind, wenn wir die Zeitungen lesen. Sie haben Ihren Kindern von Ihren vielen Erlebnissen hinter der B\u00fchne und auf Tournee erz\u00e4hlt, wo Sie pers\u00f6nlich Zeuge vieler Exzesse geworden sind. Vor allem in Bezug auf Drogen, Sex oder Ego-Exzesse (Sie erfinden in Ihrem Buch zu diesem Thema den Begriff \u201eLegoland\u201c) von verschiedenen bekannten oder weniger bekannten K\u00fcnstlern. Wie haben Sie es geschafft, Rudy? Wie haben Sie die Kraft gefunden, nicht in die Ecken zu fallen, die mehr als einen von ihnen zerst\u00f6rt haben?<\/p>\n\n\n\n<p><strong>Rudy Lenners<\/strong>: Eigentlich hatte ich die Werte schon, bevor ich in die Band kam, aber etwas naiv dachte ich, ich k\u00f6nnte sie behalten und vor allem an die anderen weitergeben&#8230; Aber das soziale Umfeld der Musik, vor allem auf hohem Niveau, beg\u00fcnstigt die fanatische Idolsucht des K\u00fcnstlers, um nicht von den Exzessen zu sprechen, die ich immer wieder ablehnen musste.<\/p>\n\n\n\n<p>Ich war oft entt\u00e4uscht von dem Verhalten Primadonna-K\u00fcnstler, sowohl M\u00e4nner als auch Frauen, die ich auf meinem Weg getroffen habe. Werfen Sie diesbez\u00fcglich einen Blick auf das Kapitel \u201eArtistic Ramblings\u201c in meinem aktuellen Buch.<\/p>\n\n\n\n<p>Als ich mein Handwerk erlernte, habe ich all dem widerstanden und es ertragen, nicht ohne zu versuchen, etwas dagegen zu tun. Nach ein paar Jahren kurzlebigen Ruhmes lie\u00df ich schlie\u00dflich die Beute des Ruhmes f\u00fcr&#8230; das Licht los. Der rettende Schatten, der den Ruhm ersetzt, w\u00fcrde bald Teil meines Lebens werden.<\/p>\n\n\n\n<div class=\"wp-block-image\"><figure class=\"alignleft size-large is-resized\"><img decoding=\"async\" src=\"https:\/\/ifamnews.com\/wp-content\/uploads\/2020\/12\/photo-livre-arriere-Rudy-682x1024.jpg\" alt=\"\" class=\"wp-image-43569\" width=\"498\" height=\"748\" srcset=\"https:\/\/ifamnews.com\/wp-content\/uploads\/2020\/12\/photo-livre-arriere-Rudy-682x1024.jpg 682w, https:\/\/ifamnews.com\/wp-content\/uploads\/2020\/12\/photo-livre-arriere-Rudy-768x1152.jpg 768w, https:\/\/ifamnews.com\/wp-content\/uploads\/2020\/12\/photo-livre-arriere-Rudy-1024x1536.jpg 1024w, https:\/\/ifamnews.com\/wp-content\/uploads\/2020\/12\/photo-livre-arriere-Rudy-750x1125.jpg 750w, https:\/\/ifamnews.com\/wp-content\/uploads\/2020\/12\/photo-livre-arriere-Rudy-1140x1710.jpg 1140w, https:\/\/ifamnews.com\/wp-content\/uploads\/2020\/12\/photo-livre-arriere-Rudy.jpg 1181w\" sizes=\"(max-width: 498px) 100vw, 498px\" \/><figcaption>Fotos zur Verf\u00fcgung gestellt von Loreta Mander<\/figcaption><\/figure><\/div>\n\n\n\n<p><strong>iFamNews<\/strong>: Man kann nicht sagen, dass Ihre Eltern Sie bei Ihrer Entscheidung, hauptberuflicher K\u00fcnstler zu werden, unterst\u00fctzt haben. Wie Sie in Ihrem Buch erz\u00e4hlen, mussten Sie Ihr Instrument heimlich lernen, bis zu dem Tag, an dem Sie den gro\u00dfen Sprung wagten, als Sie vollj\u00e4hrig waren. Du hast deine Eltern ver\u00e4rgert und im Streit mit dir zur\u00fcckgelassen, um mit der Metal-Band ins teutonische Land zu gehen&#8230; Und du lebst bis heute von deiner Kunst, mit 50 Jahren Musikkarriere hinter dir. Was w\u00fcrdest du einer Familie raten, in der einer ihrer S\u00f6hne oder T\u00f6chter in dieses f\u00fcr die meisten Eltern so be\u00e4ngstigende k\u00fcnstlerische Universum einsteigen will? Ist es w\u00fcnschenswert, wie du es getan hast, schnell ein Profi werden zu wollen oder besser, sich ihm auf eine erg\u00e4nzende Art zu widmen?<\/p>\n\n\n\n<p><strong>Rudy Lenners<\/strong>: Sehr gute Frage und gleichzeitig ziemlich schwierig, unvoreingenommen zu beantworten. Es kommt darauf an, wie intensiv sich das Kind oder der Jugendliche f\u00fcr die Musik als Beruf entscheidet. Denn es ist ein echter Beruf, aber offensichtlich mit sehr geringen Erfolgsaussichten, da es immer mehr Kandidaten gibt, die um jeden Preis gl\u00e4nzen wollen.<\/p>\n\n\n\n<p>Im Gegenteil: Ein ehrenwerter Beruf, der finanzielle Sicherheit bringt, und Musik als Hobby zu machen, ist leichter vorstellbar und das Risiko, einen Fehler zu machen, ist offensichtlich geringer. Alles eine Frage der Priorit\u00e4ten! Was mich betrifft, so k\u00f6nnte ich als ausgebildeter Lehrer nicht mit einem Hobby zufrieden sein. Ich wollte es den ganzen Tag lang tun und nur das. Was eine Verlockung ist, gebe ich zu. Es ist heutzutage sehr schwierig und man muss seine k\u00fcnstlerischen Aktivit\u00e4ten diversifizieren, wenn man davon leben k\u00f6nnen will. Ich musste wirklich im Geheimen vor meinen Eltern spielen (besonders vor meinem Vater) und die Tatsache, dass sie versuchten, mir entgegenzuwirken, verst\u00e4rkte nur meine Entschlossenheit, meine k\u00fcnstlerische Leidenschaft zu erf\u00fcllen, die seit mehr als 50 Jahren andauert, bestehend aus Konzerten, Studioauftritten, Coaching, etc&#8230; und das alles mit einer liebevollen Familie an meiner Seite.<\/p>\n\n\n\n<p><\/p>\n\n\n\n<p><\/p>\n\n\n\n<p><\/p>\n\n\n\n<p><\/p>\n\n\n\n<p><strong>iFamNews<\/strong>: Abschlie\u00dfend m\u00f6chte ich mit Ihnen unter den vielen Projekten, an denen Sie teilgenommen haben, diejenigen erw\u00e4hnen, die eine eher spirituelle Dimension haben. Offensichtlich sind Sie nicht nur im Hard Rock geblieben, ganz einfach. Als k\u00fcnstlerischer Leiter haben Sie mit vielen verschiedenen K\u00fcnstlern zusammengearbeitet, wie einer Gospel-Gesanggruppe und einem franz\u00f6sischer katholischen Liedermacher (Jean-Yves Marie Tourbin). K\u00f6nnten Sie die positiven Aspekte dieser beruflichen und menschlichen Erfahrungen mit Ihnen pers\u00f6nlich teilen?<\/p>\n\n\n\n<p><strong>Rudy Lenners<\/strong>: Sie sollten wissen, dass der musikalische Eklektizismus in mir immer sehr pr\u00e4sent war. Zu oft wurde ich als Hardrocker abgestempelt, obwohl ich mich schon immer zu verschiedenen Musikstilen hingezogen gef\u00fchlt habe, mit einer leichten Vorliebe f\u00fcr Musik mit Melodien, die sich leicht einpr\u00e4gen und somit \u201eim Ohr bleiben\u201c (Ohrw\u00fcrmer eben [<em>lacht<\/em>]). Mein Schlagzeugspiel hat sich immer melodisch an den pers\u00f6nlichen Musikstil einer Band angepasst und ich habe immer gerne in verschiedenen Farben und musikalischen Paletten gespielt wie ein Maler in seiner Farbpalette.<\/p>\n\n\n\n<div class=\"wp-block-image\"><figure class=\"aligncenter size-large is-resized\"><img decoding=\"async\" src=\"https:\/\/ifamnews.com\/wp-content\/uploads\/2020\/12\/Scorpions-Mercury1.jpg\" alt=\"\" class=\"wp-image-42884\" width=\"600\" height=\"400\" srcset=\"https:\/\/ifamnews.com\/wp-content\/uploads\/2020\/12\/Scorpions-Mercury1.jpg 980w, https:\/\/ifamnews.com\/wp-content\/uploads\/2020\/12\/Scorpions-Mercury1-768x512.jpg 768w, https:\/\/ifamnews.com\/wp-content\/uploads\/2020\/12\/Scorpions-Mercury1-750x500.jpg 750w\" sizes=\"(max-width: 600px) 100vw, 600px\" \/><\/figure><\/div>\n","protected":false},"excerpt":{"rendered":"<p>\u201eIch lie\u00df die Beute des Ruhms los\u2026f\u00fcr das Licht der Familie!\u201c<\/p>\n","protected":false},"author":562,"featured_media":43553,"comment_status":"open","ping_status":"open","sticky":false,"template":"","format":"standard","meta":{"give_campaign_id":0,"om_disable_all_campaigns":false,"_monsterinsights_skip_tracking":false,"_monsterinsights_sitenote_active":false,"_monsterinsights_sitenote_note":"","_monsterinsights_sitenote_category":0,"mc4wp_mailchimp_campaign":[],"jnews-multi-image_gallery":[],"jnews_single_post":{"subtitle":"\u201eIch lie\u00df die Beute des Ruhms los\u2026f\u00fcr das Licht der Familie!\u201c","format":"standard","video":"","gallery":"","source_name":"","source_url":"","via_name":"","via_url":"","override":[{"single_blog_custom":"","sidebar":"","second_sidebar":"","share_position":"","share_float_style":"","post_date_format":"","post_date_format_custom":"","post_reading_time_wpm":"","zoom_button_out_step":"1","zoom_button_in_step":"1","number_popup_post":"1"}],"image_override":[{"single_post_thumbnail_size":"","single_post_gallery_size":""}],"trending_post_position":"","trending_post_label":"","sponsored_post_label":"","sponsored_post_name":"","sponsored_post_url":"","sponsored_post_logo":"","sponsored_post_desc":""},"jnews_primary_category":{"id":"769"},"jnews_social_meta":{"fb_title":"","fb_description":"","fb_image":"","twitter_title":"","twitter_description":"","twitter_image":""},"jnews_override_counter":{"view_counter_number":"0","share_counter_number":"0","like_counter_number":"0","dislike_counter_number":"0"},"footnotes":""},"categories":[816,769,811],"tags":[7931,7930,7932,7928,7929],"class_list":["post-49548","post","type-post","status-publish","format-standard","has-post-thumbnail","hentry","category-breaking-news-de","category-unterhaltung","category-foreground-de","tag-rockstar","tag-rudy-lenners","tag-ruhm","tag-scorpions-2","tag-wing-of-change"],"yoast_head":"<!-- This site is optimized with the Yoast SEO Premium plugin v25.9 (Yoast SEO v27.3) - https:\/\/yoast.com\/product\/yoast-seo-premium-wordpress\/ -->\n<title>Vom Rockstar zum Papa: SCORPIONS-Drummer Rudy Lenners im Exklusiv-Interview - IFN<\/title>\n<meta name=\"robots\" content=\"index, follow, max-snippet:-1, max-image-preview:large, max-video-preview:-1\" \/>\n<link rel=\"canonical\" href=\"https:\/\/ifamnews.com\/de\/vom-rockstar-zum-papa-exklusiv-interview-mit-rudy-lenners-von-den-scorpions\" \/>\n<meta property=\"og:locale\" content=\"de_DE\" \/>\n<meta property=\"og:type\" content=\"article\" \/>\n<meta property=\"og:title\" content=\"Vom Rockstar zum Papa: SCORPIONS-Drummer Rudy Lenners im Exklusiv-Interview\" \/>\n<meta property=\"og:description\" content=\"\u201eIch lie\u00df die Beute des Ruhms los\u2026f\u00fcr das Licht der Familie!\u201c\" \/>\n<meta property=\"og:url\" content=\"https:\/\/ifamnews.com\/de\/vom-rockstar-zum-papa-exklusiv-interview-mit-rudy-lenners-von-den-scorpions\" \/>\n<meta property=\"og:site_name\" content=\"IFN\" \/>\n<meta property=\"article:publisher\" content=\"https:\/\/www.facebook.com\/iFamNews\" \/>\n<meta property=\"article:author\" content=\"https:\/\/facebook.com\/iFamNews\" \/>\n<meta property=\"article:published_time\" content=\"2021-01-28T06:00:00+00:00\" \/>\n<meta property=\"article:modified_time\" content=\"2021-01-28T07:10:41+00:00\" \/>\n<meta property=\"og:image\" content=\"https:\/\/ifamnews.com\/wp-content\/uploads\/2020\/12\/image.png\" \/>\n\t<meta property=\"og:image:width\" content=\"1200\" \/>\n\t<meta property=\"og:image:height\" content=\"674\" \/>\n\t<meta property=\"og:image:type\" content=\"image\/png\" \/>\n<meta name=\"author\" content=\"\u00c1lvaro Zulueta\" \/>\n<meta name=\"twitter:card\" content=\"summary_large_image\" \/>\n<meta name=\"twitter:creator\" content=\"@https:\/\/twitter.com\/iFamNewsES\" \/>\n<meta name=\"twitter:site\" content=\"@iFamNewsEN\" \/>\n<meta name=\"twitter:label1\" content=\"Verfasst von\" \/>\n\t<meta name=\"twitter:data1\" content=\"\u00c1lvaro Zulueta\" \/>\n\t<meta name=\"twitter:label2\" content=\"Gesch\u00e4tzte Lesezeit\" \/>\n\t<meta name=\"twitter:data2\" content=\"6\u00a0Minuten\" \/>\n<!-- \/ Yoast SEO Premium plugin. -->","yoast_head_json":{"title":"Vom Rockstar zum Papa: SCORPIONS-Drummer Rudy Lenners im Exklusiv-Interview - IFN","robots":{"index":"index","follow":"follow","max-snippet":"max-snippet:-1","max-image-preview":"max-image-preview:large","max-video-preview":"max-video-preview:-1"},"canonical":"https:\/\/ifamnews.com\/de\/vom-rockstar-zum-papa-exklusiv-interview-mit-rudy-lenners-von-den-scorpions","og_locale":"de_DE","og_type":"article","og_title":"Vom Rockstar zum Papa: SCORPIONS-Drummer Rudy Lenners im Exklusiv-Interview","og_description":"\u201eIch lie\u00df die Beute des Ruhms los\u2026f\u00fcr das Licht der Familie!\u201c","og_url":"https:\/\/ifamnews.com\/de\/vom-rockstar-zum-papa-exklusiv-interview-mit-rudy-lenners-von-den-scorpions","og_site_name":"IFN","article_publisher":"https:\/\/www.facebook.com\/iFamNews","article_author":"https:\/\/facebook.com\/iFamNews","article_published_time":"2021-01-28T06:00:00+00:00","article_modified_time":"2021-01-28T07:10:41+00:00","og_image":[{"width":1200,"height":674,"url":"https:\/\/ifamnews.com\/wp-content\/uploads\/2020\/12\/image.png","type":"image\/png"}],"author":"\u00c1lvaro Zulueta","twitter_card":"summary_large_image","twitter_creator":"@https:\/\/twitter.com\/iFamNewsES","twitter_site":"@iFamNewsEN","twitter_misc":{"Verfasst von":"\u00c1lvaro Zulueta","Gesch\u00e4tzte Lesezeit":"6\u00a0Minuten"},"schema":{"@context":"https:\/\/schema.org","@graph":[{"@type":"NewsArticle","@id":"https:\/\/ifamnews.com\/de\/vom-rockstar-zum-papa-exklusiv-interview-mit-rudy-lenners-von-den-scorpions#article","isPartOf":{"@id":"https:\/\/ifamnews.com\/de\/vom-rockstar-zum-papa-exklusiv-interview-mit-rudy-lenners-von-den-scorpions"},"author":{"name":"\u00c1lvaro Zulueta","@id":"https:\/\/ifamnews.com\/en\/#\/schema\/person\/d8983282e03b2a0f55f5546ce1f9d99b"},"headline":"Vom Rockstar zum Papa: SCORPIONS-Drummer Rudy Lenners im Exklusiv-Interview","datePublished":"2021-01-28T06:00:00+00:00","dateModified":"2021-01-28T07:10:41+00:00","mainEntityOfPage":{"@id":"https:\/\/ifamnews.com\/de\/vom-rockstar-zum-papa-exklusiv-interview-mit-rudy-lenners-von-den-scorpions"},"wordCount":1287,"commentCount":0,"publisher":{"@id":"https:\/\/ifamnews.com\/en\/#organization"},"image":{"@id":"https:\/\/ifamnews.com\/de\/vom-rockstar-zum-papa-exklusiv-interview-mit-rudy-lenners-von-den-scorpions#primaryimage"},"thumbnailUrl":"https:\/\/ifamnews.com\/wp-content\/uploads\/2020\/12\/image.png","keywords":["Rockstar","Rudy Lenners","Ruhm","Scorpions","Wing of Change"],"articleSection":["Breaking News","Unterhaltung","Vordergrund"],"inLanguage":"de","potentialAction":[{"@type":"CommentAction","name":"Comment","target":["https:\/\/ifamnews.com\/de\/vom-rockstar-zum-papa-exklusiv-interview-mit-rudy-lenners-von-den-scorpions#respond"]}]},{"@type":"WebPage","@id":"https:\/\/ifamnews.com\/de\/vom-rockstar-zum-papa-exklusiv-interview-mit-rudy-lenners-von-den-scorpions","url":"https:\/\/ifamnews.com\/de\/vom-rockstar-zum-papa-exklusiv-interview-mit-rudy-lenners-von-den-scorpions","name":"Vom Rockstar zum Papa: SCORPIONS-Drummer Rudy Lenners im Exklusiv-Interview - IFN","isPartOf":{"@id":"https:\/\/ifamnews.com\/en\/#website"},"primaryImageOfPage":{"@id":"https:\/\/ifamnews.com\/de\/vom-rockstar-zum-papa-exklusiv-interview-mit-rudy-lenners-von-den-scorpions#primaryimage"},"image":{"@id":"https:\/\/ifamnews.com\/de\/vom-rockstar-zum-papa-exklusiv-interview-mit-rudy-lenners-von-den-scorpions#primaryimage"},"thumbnailUrl":"https:\/\/ifamnews.com\/wp-content\/uploads\/2020\/12\/image.png","datePublished":"2021-01-28T06:00:00+00:00","dateModified":"2021-01-28T07:10:41+00:00","breadcrumb":{"@id":"https:\/\/ifamnews.com\/de\/vom-rockstar-zum-papa-exklusiv-interview-mit-rudy-lenners-von-den-scorpions#breadcrumb"},"inLanguage":"de","potentialAction":[{"@type":"ReadAction","target":["https:\/\/ifamnews.com\/de\/vom-rockstar-zum-papa-exklusiv-interview-mit-rudy-lenners-von-den-scorpions"]}]},{"@type":"ImageObject","inLanguage":"de","@id":"https:\/\/ifamnews.com\/de\/vom-rockstar-zum-papa-exklusiv-interview-mit-rudy-lenners-von-den-scorpions#primaryimage","url":"https:\/\/ifamnews.com\/wp-content\/uploads\/2020\/12\/image.png","contentUrl":"https:\/\/ifamnews.com\/wp-content\/uploads\/2020\/12\/image.png","width":1200,"height":674},{"@type":"BreadcrumbList","@id":"https:\/\/ifamnews.com\/de\/vom-rockstar-zum-papa-exklusiv-interview-mit-rudy-lenners-von-den-scorpions#breadcrumb","itemListElement":[{"@type":"ListItem","position":1,"name":"Home","item":"https:\/\/ifamnews.com\/de"},{"@type":"ListItem","position":2,"name":"Entertainment","item":"https:\/\/ifamnews.com\/en\/category\/entertainment"},{"@type":"ListItem","position":3,"name":"Vom Rockstar zum Papa: SCORPIONS-Drummer Rudy Lenners im Exklusiv-Interview"}]},{"@type":"WebSite","@id":"https:\/\/ifamnews.com\/en\/#website","url":"https:\/\/ifamnews.com\/en\/","name":"IFN","description":"International Family News Network","publisher":{"@id":"https:\/\/ifamnews.com\/en\/#organization"},"potentialAction":[{"@type":"SearchAction","target":{"@type":"EntryPoint","urlTemplate":"https:\/\/ifamnews.com\/en\/?s={search_term_string}"},"query-input":{"@type":"PropertyValueSpecification","valueRequired":true,"valueName":"search_term_string"}}],"inLanguage":"de"},{"@type":"Organization","@id":"https:\/\/ifamnews.com\/en\/#organization","name":"iFamNews","url":"https:\/\/ifamnews.com\/en\/","logo":{"@type":"ImageObject","inLanguage":"de","@id":"https:\/\/ifamnews.com\/en\/#\/schema\/logo\/image\/","url":"https:\/\/ifamnews.com\/wp-content\/uploads\/2020\/01\/Share-logo.png","contentUrl":"https:\/\/ifamnews.com\/wp-content\/uploads\/2020\/01\/Share-logo.png","width":200,"height":200,"caption":"iFamNews"},"image":{"@id":"https:\/\/ifamnews.com\/en\/#\/schema\/logo\/image\/"},"sameAs":["https:\/\/www.facebook.com\/iFamNews","https:\/\/x.com\/iFamNewsEN"]},{"@type":"Person","@id":"https:\/\/ifamnews.com\/en\/#\/schema\/person\/d8983282e03b2a0f55f5546ce1f9d99b","name":"\u00c1lvaro Zulueta","image":{"@type":"ImageObject","inLanguage":"de","@id":"https:\/\/secure.gravatar.com\/avatar\/f953d628e096e604043633c1afc43fa815f06adc88c2b58e86db60fca7bfbdcf?s=96&d=mm&r=g","url":"https:\/\/secure.gravatar.com\/avatar\/f953d628e096e604043633c1afc43fa815f06adc88c2b58e86db60fca7bfbdcf?s=96&d=mm&r=g","contentUrl":"https:\/\/secure.gravatar.com\/avatar\/f953d628e096e604043633c1afc43fa815f06adc88c2b58e86db60fca7bfbdcf?s=96&d=mm&r=g","caption":"\u00c1lvaro Zulueta"},"description":"Editor. Professional Marine. PMI Certified Project Management Professional. MBA (IE Business School). \u00c1lvaro Zulueta is an expert in citizen mobilization and grassroots lobbying. For 12 years he was a member of the Board of Directors and served as Editor-in-Chief of HazteOir.org, the largest Spanish pro-life and pro-family association. He participated in the foundation, in 2013, of CitizenGO being the Executive Director, leading the international team and managed to take CitizenGO to be the largest online mobilization platform in the world in the social-conservative field. He is currently Editor for the Spanish audience of International Family News.","sameAs":["https:\/\/facebook.com\/iFamNews","https:\/\/linkedin.com\/in\/azulueta\/","https:\/\/x.com\/https:\/\/twitter.com\/iFamNewsES"],"url":"https:\/\/ifamnews.com\/de\/author\/azulueta"}]}},"amp_enabled":true,"_links":{"self":[{"href":"https:\/\/ifamnews.com\/de\/wp-json\/wp\/v2\/posts\/49548","targetHints":{"allow":["GET"]}}],"collection":[{"href":"https:\/\/ifamnews.com\/de\/wp-json\/wp\/v2\/posts"}],"about":[{"href":"https:\/\/ifamnews.com\/de\/wp-json\/wp\/v2\/types\/post"}],"author":[{"embeddable":true,"href":"https:\/\/ifamnews.com\/de\/wp-json\/wp\/v2\/users\/562"}],"replies":[{"embeddable":true,"href":"https:\/\/ifamnews.com\/de\/wp-json\/wp\/v2\/comments?post=49548"}],"version-history":[{"count":2,"href":"https:\/\/ifamnews.com\/de\/wp-json\/wp\/v2\/posts\/49548\/revisions"}],"predecessor-version":[{"id":49970,"href":"https:\/\/ifamnews.com\/de\/wp-json\/wp\/v2\/posts\/49548\/revisions\/49970"}],"wp:featuredmedia":[{"embeddable":true,"href":"https:\/\/ifamnews.com\/de\/wp-json\/wp\/v2\/media\/43553"}],"wp:attachment":[{"href":"https:\/\/ifamnews.com\/de\/wp-json\/wp\/v2\/media?parent=49548"}],"wp:term":[{"taxonomy":"category","embeddable":true,"href":"https:\/\/ifamnews.com\/de\/wp-json\/wp\/v2\/categories?post=49548"},{"taxonomy":"post_tag","embeddable":true,"href":"https:\/\/ifamnews.com\/de\/wp-json\/wp\/v2\/tags?post=49548"}],"curies":[{"name":"wp","href":"https:\/\/api.w.org\/{rel}","templated":true}]}}