{"id":48110,"date":"2021-01-22T01:00:00","date_gmt":"2021-01-22T06:00:00","guid":{"rendered":"https:\/\/ifamnews.com\/?p=48110"},"modified":"2021-01-21T11:05:35","modified_gmt":"2021-01-21T16:05:35","slug":"trump-ruft-pro-life-gedenktag-aus","status":"publish","type":"post","link":"https:\/\/ifamnews.com\/de\/trump-ruft-pro-life-gedenktag-aus","title":{"rendered":"Trump ruft Pro-Life Gedenktag aus"},"content":{"rendered":"\n<p>Erneut hat der US-Pr\u00e4sident Donald Trump den Jahrestag des Grundsatzurteils <em>Roe v. Wade<\/em>, das in den Vereinigten Staaten seit 1973 straffreie Abtreibungen gew\u00e4hrt, zum nationalen Gedenktag f\u00fcr das menschliche Leben und den Lebensschutz erkl\u00e4rt.<\/p>\n\n\n\n<p>In der Mitte Januar vom Wei\u00dfen Haus ver\u00f6ffentlichten <a href=\"https:\/\/whitehouse.gov\/presidential-actions\/proclamation-national-sanctity-human-life-day-2021\/\">Erkl\u00e4rung<\/a> hei\u00dft es, dass jeder Mensch, egal ob geboren oder ungeboren, jung oder alt, gesund oder krank nach dem heiligen Bild Gottes geschaffen sei.<\/p>\n\n\n\n<p>Weiter hei\u00dft es: \u201eAm Nationalfeiertag zur Heiligkeit des menschlichen Lebens feiern wir das Wunder der menschlichen Existenz und erneuern unsere Entschlossenheit, eine Kultur des Lebens aufzubauen, in der jeder Mensch jeden Alters gesch\u00fctzt, wertgesch\u00e4tzt und geachtet wird.\u201c<\/p>\n\n\n\n<p>In der Erkl\u00e4rung nennt Trump Roe v. Wade ein \u201everfassungsrechtliches fehlerhaftes Urteil\u201c, welches zum Verlust von mehr als 50 Millionen unschuldiger Leben gef\u00fchrt hat. Gleichzeitig wies er auf die seit Jahren sinkenden Abtreibungszahlen hin. Gegenw\u00e4rtig seien mehr als drei von vier Amerikanern f\u00fcr weitere Restriktionen von Abtreibungen. Dieser Kulturwandel sei nur der \u201eHingabe zahlloser Pro-Life Pioniere\u201c zu verdanken.<\/p>\n\n\n\n<p>Das Wei\u00dfe Haus f\u00fchrt in der Erkl\u00e4rung auch die vielen \u201ehistorischen Verdienste\u201c von Trumps Regierung zum Lebensschutz auf. Dazu z\u00e4hlt beispielsweise die Wiedereinf\u00fchrung der <em>Mexiko City Policy<\/em>, welche die Finanzierung ausl\u00e4ndischer Nichtregierungsorganisationen, welche Abtreibungen durchf\u00fchren oder f\u00f6rdern, durch US-Bundesgelder verbietet. Der Schutz der Gewissensfreiheit von \u00c4rzten, medizinischem Personal und religi\u00f6sen Organisationen und Personen wurde gest\u00e4rkt. Auch die Besetzung von 200 Bundesrichter- und drei <em>Supreme Court<\/em>-Stellen mit Pro-Life Richtern wird in der Erkl\u00e4rung genannt.<\/p>\n\n\n\n<p>Auf internationaler Ebene konnten ebenfalls Erfolge erzielt werden. So habe Trump klar gestellt, \u201edass globale B\u00fcrokraten kein Recht haben, die Souver\u00e4nit\u00e4t von Nationen anzugreifen, die unschuldiges Leben sch\u00fctzen.\u201c Die Vereinigten Staaten haben dar\u00fcber hinaus gemeinsam mit 32 weiteren Staaten die <em>Genfer Konsenserkl\u00e4rung<\/em> unterzeichnet, die \u201edie weltweiten Bem\u00fchungen um eine bessere Gesundheitsversorgung f\u00fcr Frauen, den Schutz allen menschlichen Lebens und die St\u00e4rkung der Familien unterst\u00fctzt.\u201c<\/p>\n\n\n\n<p>Die Erkl\u00e4rung des Wei\u00dfen Hauses erfolgte zwei Tage vor der Vereidigung des US-Demokraten Joe Biden zum Pr\u00e4sidenten am 20. Januar 2021. Es wird erwartet, dass die neue US-Regierung mit ihrem Amtsantritt die Mexiko City Policy und weitere Pro-Life Erl\u00e4sse sofort wieder aussetzen wird.<\/p>\n","protected":false},"excerpt":{"rendered":"<p>\u201eOb geboren oder ungeboren, jung oder alt, gesund oder krank: Jeder Mensch ist nach dem heiligen Bild Gottes geschaffen\u201c, so der scheidende US-Staatschef.<\/p>\n","protected":false},"author":589,"featured_media":48117,"comment_status":"open","ping_status":"open","sticky":false,"template":"","format":"standard","meta":{"give_campaign_id":0,"om_disable_all_campaigns":false,"_monsterinsights_skip_tracking":false,"_monsterinsights_sitenote_active":false,"_monsterinsights_sitenote_note":"","_monsterinsights_sitenote_category":0,"mc4wp_mailchimp_campaign":[],"jnews-multi-image_gallery":[],"jnews_single_post":{"subtitle":"\u201eOb geboren oder ungeboren, jung oder alt, gesund oder krank: Jeder Mensch ist nach dem heiligen Bild Gottes geschaffen\u201c, so der scheidende US-Staatschef.","format":"standard","video":"","gallery":"","source_name":"","source_url":"","via_name":"","via_url":"","override":[{"single_blog_custom":"","sidebar":"","second_sidebar":"","share_position":"","share_float_style":"","post_date_format":"","post_date_format_custom":"","post_reading_time_wpm":"","zoom_button_out_step":"1","zoom_button_in_step":"1","number_popup_post":"1"}],"image_override":[{"single_post_thumbnail_size":"","single_post_gallery_size":""}],"trending_post_position":"","trending_post_label":"","sponsored_post_label":"","sponsored_post_name":"","sponsored_post_url":"","sponsored_post_logo":"","sponsored_post_desc":""},"jnews_primary_category":{"id":"820"},"jnews_social_meta":{"fb_title":"","fb_description":"","fb_image":"","twitter_title":"","twitter_description":"","twitter_image":""},"jnews_override_counter":{"view_counter_number":"0","share_counter_number":"0","like_counter_number":"0","dislike_counter_number":"0"},"footnotes":""},"categories":[816,820,811],"tags":[3698,5132,1670,6311,4717],"class_list":["post-48110","post","type-post","status-publish","format-standard","has-post-thumbnail","hentry","category-breaking-news-de","category-leben","category-foreground-de","tag-donald-trump","tag-joe-biden-2","tag-lebensschutz-2","tag-roe-vs-wade","tag-supreme-court-2"],"yoast_head":"<!-- This site is optimized with the Yoast SEO Premium plugin v25.9 (Yoast SEO v27.3) - https:\/\/yoast.com\/product\/yoast-seo-premium-wordpress\/ -->\n<title>Trump ruft Pro-Life Gedenktag aus - IFN<\/title>\n<meta name=\"robots\" content=\"index, follow, max-snippet:-1, max-image-preview:large, max-video-preview:-1\" \/>\n<link rel=\"canonical\" href=\"https:\/\/ifamnews.com\/de\/trump-ruft-pro-life-gedenktag-aus\" \/>\n<meta property=\"og:locale\" content=\"de_DE\" \/>\n<meta property=\"og:type\" content=\"article\" \/>\n<meta property=\"og:title\" content=\"Trump ruft Pro-Life Gedenktag aus\" \/>\n<meta property=\"og:description\" content=\"\u201eOb geboren oder ungeboren, jung oder alt, gesund oder krank: Jeder Mensch ist nach dem heiligen Bild Gottes geschaffen\u201c, so der scheidende US-Staatschef.\" \/>\n<meta property=\"og:url\" content=\"https:\/\/ifamnews.com\/de\/trump-ruft-pro-life-gedenktag-aus\" \/>\n<meta property=\"og:site_name\" content=\"IFN\" \/>\n<meta property=\"article:publisher\" content=\"https:\/\/www.facebook.com\/iFamNews\" \/>\n<meta property=\"article:published_time\" content=\"2021-01-22T06:00:00+00:00\" \/>\n<meta property=\"og:image\" content=\"https:\/\/ifamnews.com\/wp-content\/uploads\/2021\/01\/trump-2546104_19202.jpg\" \/>\n\t<meta property=\"og:image:width\" content=\"1200\" \/>\n\t<meta property=\"og:image:height\" content=\"675\" \/>\n\t<meta property=\"og:image:type\" content=\"image\/jpeg\" \/>\n<meta name=\"author\" content=\"Johann R. Porter\" \/>\n<meta name=\"twitter:card\" content=\"summary_large_image\" \/>\n<meta name=\"twitter:creator\" content=\"@iFamNewsEN\" \/>\n<meta name=\"twitter:site\" content=\"@iFamNewsEN\" \/>\n<meta name=\"twitter:label1\" content=\"Verfasst von\" \/>\n\t<meta name=\"twitter:data1\" content=\"Johann R. Porter\" \/>\n\t<meta name=\"twitter:label2\" content=\"Gesch\u00e4tzte Lesezeit\" \/>\n\t<meta name=\"twitter:data2\" content=\"2\u00a0Minuten\" \/>\n<!-- \/ Yoast SEO Premium plugin. -->","yoast_head_json":{"title":"Trump ruft Pro-Life Gedenktag aus - IFN","robots":{"index":"index","follow":"follow","max-snippet":"max-snippet:-1","max-image-preview":"max-image-preview:large","max-video-preview":"max-video-preview:-1"},"canonical":"https:\/\/ifamnews.com\/de\/trump-ruft-pro-life-gedenktag-aus","og_locale":"de_DE","og_type":"article","og_title":"Trump ruft Pro-Life Gedenktag aus","og_description":"\u201eOb geboren oder ungeboren, jung oder alt, gesund oder krank: Jeder Mensch ist nach dem heiligen Bild Gottes geschaffen\u201c, so der scheidende US-Staatschef.","og_url":"https:\/\/ifamnews.com\/de\/trump-ruft-pro-life-gedenktag-aus","og_site_name":"IFN","article_publisher":"https:\/\/www.facebook.com\/iFamNews","article_published_time":"2021-01-22T06:00:00+00:00","og_image":[{"width":1200,"height":675,"url":"https:\/\/ifamnews.com\/wp-content\/uploads\/2021\/01\/trump-2546104_19202.jpg","type":"image\/jpeg"}],"author":"Johann R. Porter","twitter_card":"summary_large_image","twitter_creator":"@iFamNewsEN","twitter_site":"@iFamNewsEN","twitter_misc":{"Verfasst von":"Johann R. Porter","Gesch\u00e4tzte Lesezeit":"2\u00a0Minuten"},"schema":{"@context":"https:\/\/schema.org","@graph":[{"@type":"NewsArticle","@id":"https:\/\/ifamnews.com\/de\/trump-ruft-pro-life-gedenktag-aus#article","isPartOf":{"@id":"https:\/\/ifamnews.com\/de\/trump-ruft-pro-life-gedenktag-aus"},"author":{"name":"Johann R. Porter","@id":"https:\/\/ifamnews.com\/en\/#\/schema\/person\/97c5fc10500c93e36c296295ba21a537"},"headline":"Trump ruft Pro-Life Gedenktag aus","datePublished":"2021-01-22T06:00:00+00:00","mainEntityOfPage":{"@id":"https:\/\/ifamnews.com\/de\/trump-ruft-pro-life-gedenktag-aus"},"wordCount":380,"commentCount":0,"publisher":{"@id":"https:\/\/ifamnews.com\/en\/#organization"},"image":{"@id":"https:\/\/ifamnews.com\/de\/trump-ruft-pro-life-gedenktag-aus#primaryimage"},"thumbnailUrl":"https:\/\/ifamnews.com\/wp-content\/uploads\/2021\/01\/trump-2546104_19202.jpg","keywords":["Donald Trump","Joe Biden","Lebensschutz","Roe vs Wade","Supreme Court"],"articleSection":["Breaking News","Leben","Vordergrund"],"inLanguage":"de","potentialAction":[{"@type":"CommentAction","name":"Comment","target":["https:\/\/ifamnews.com\/de\/trump-ruft-pro-life-gedenktag-aus#respond"]}]},{"@type":"WebPage","@id":"https:\/\/ifamnews.com\/de\/trump-ruft-pro-life-gedenktag-aus","url":"https:\/\/ifamnews.com\/de\/trump-ruft-pro-life-gedenktag-aus","name":"Trump ruft Pro-Life Gedenktag aus - IFN","isPartOf":{"@id":"https:\/\/ifamnews.com\/en\/#website"},"primaryImageOfPage":{"@id":"https:\/\/ifamnews.com\/de\/trump-ruft-pro-life-gedenktag-aus#primaryimage"},"image":{"@id":"https:\/\/ifamnews.com\/de\/trump-ruft-pro-life-gedenktag-aus#primaryimage"},"thumbnailUrl":"https:\/\/ifamnews.com\/wp-content\/uploads\/2021\/01\/trump-2546104_19202.jpg","datePublished":"2021-01-22T06:00:00+00:00","breadcrumb":{"@id":"https:\/\/ifamnews.com\/de\/trump-ruft-pro-life-gedenktag-aus#breadcrumb"},"inLanguage":"de","potentialAction":[{"@type":"ReadAction","target":["https:\/\/ifamnews.com\/de\/trump-ruft-pro-life-gedenktag-aus"]}]},{"@type":"ImageObject","inLanguage":"de","@id":"https:\/\/ifamnews.com\/de\/trump-ruft-pro-life-gedenktag-aus#primaryimage","url":"https:\/\/ifamnews.com\/wp-content\/uploads\/2021\/01\/trump-2546104_19202.jpg","contentUrl":"https:\/\/ifamnews.com\/wp-content\/uploads\/2021\/01\/trump-2546104_19202.jpg","width":1200,"height":675},{"@type":"BreadcrumbList","@id":"https:\/\/ifamnews.com\/de\/trump-ruft-pro-life-gedenktag-aus#breadcrumb","itemListElement":[{"@type":"ListItem","position":1,"name":"Home","item":"https:\/\/ifamnews.com\/de"},{"@type":"ListItem","position":2,"name":"Leben","item":"https:\/\/ifamnews.com\/de\/kategorie\/leben"},{"@type":"ListItem","position":3,"name":"Trump ruft Pro-Life Gedenktag aus"}]},{"@type":"WebSite","@id":"https:\/\/ifamnews.com\/en\/#website","url":"https:\/\/ifamnews.com\/en\/","name":"IFN","description":"International Family News Network","publisher":{"@id":"https:\/\/ifamnews.com\/en\/#organization"},"potentialAction":[{"@type":"SearchAction","target":{"@type":"EntryPoint","urlTemplate":"https:\/\/ifamnews.com\/en\/?s={search_term_string}"},"query-input":{"@type":"PropertyValueSpecification","valueRequired":true,"valueName":"search_term_string"}}],"inLanguage":"de"},{"@type":"Organization","@id":"https:\/\/ifamnews.com\/en\/#organization","name":"iFamNews","url":"https:\/\/ifamnews.com\/en\/","logo":{"@type":"ImageObject","inLanguage":"de","@id":"https:\/\/ifamnews.com\/en\/#\/schema\/logo\/image\/","url":"https:\/\/ifamnews.com\/wp-content\/uploads\/2020\/01\/Share-logo.png","contentUrl":"https:\/\/ifamnews.com\/wp-content\/uploads\/2020\/01\/Share-logo.png","width":200,"height":200,"caption":"iFamNews"},"image":{"@id":"https:\/\/ifamnews.com\/en\/#\/schema\/logo\/image\/"},"sameAs":["https:\/\/www.facebook.com\/iFamNews","https:\/\/x.com\/iFamNewsEN"]},{"@type":"Person","@id":"https:\/\/ifamnews.com\/en\/#\/schema\/person\/97c5fc10500c93e36c296295ba21a537","name":"Johann R. Porter","image":{"@type":"ImageObject","inLanguage":"de","@id":"https:\/\/secure.gravatar.com\/avatar\/b295da437fcd0635c3fe53d90b9545df9d7b3b7681f3a87122ec5cef8870a293?s=96&d=mm&r=g","url":"https:\/\/secure.gravatar.com\/avatar\/b295da437fcd0635c3fe53d90b9545df9d7b3b7681f3a87122ec5cef8870a293?s=96&d=mm&r=g","contentUrl":"https:\/\/secure.gravatar.com\/avatar\/b295da437fcd0635c3fe53d90b9545df9d7b3b7681f3a87122ec5cef8870a293?s=96&d=mm&r=g","caption":"Johann R. Porter"},"description":"A German-speaking social scientist and worker in the pro-life movement. [This author writes under a pseudonym.]","url":"https:\/\/ifamnews.com\/de\/author\/jporter"}]}},"amp_enabled":true,"_links":{"self":[{"href":"https:\/\/ifamnews.com\/de\/wp-json\/wp\/v2\/posts\/48110","targetHints":{"allow":["GET"]}}],"collection":[{"href":"https:\/\/ifamnews.com\/de\/wp-json\/wp\/v2\/posts"}],"about":[{"href":"https:\/\/ifamnews.com\/de\/wp-json\/wp\/v2\/types\/post"}],"author":[{"embeddable":true,"href":"https:\/\/ifamnews.com\/de\/wp-json\/wp\/v2\/users\/589"}],"replies":[{"embeddable":true,"href":"https:\/\/ifamnews.com\/de\/wp-json\/wp\/v2\/comments?post=48110"}],"version-history":[{"count":2,"href":"https:\/\/ifamnews.com\/de\/wp-json\/wp\/v2\/posts\/48110\/revisions"}],"predecessor-version":[{"id":48128,"href":"https:\/\/ifamnews.com\/de\/wp-json\/wp\/v2\/posts\/48110\/revisions\/48128"}],"wp:featuredmedia":[{"embeddable":true,"href":"https:\/\/ifamnews.com\/de\/wp-json\/wp\/v2\/media\/48117"}],"wp:attachment":[{"href":"https:\/\/ifamnews.com\/de\/wp-json\/wp\/v2\/media?parent=48110"}],"wp:term":[{"taxonomy":"category","embeddable":true,"href":"https:\/\/ifamnews.com\/de\/wp-json\/wp\/v2\/categories?post=48110"},{"taxonomy":"post_tag","embeddable":true,"href":"https:\/\/ifamnews.com\/de\/wp-json\/wp\/v2\/tags?post=48110"}],"curies":[{"name":"wp","href":"https:\/\/api.w.org\/{rel}","templated":true}]}}