{"id":46436,"date":"2021-01-14T01:00:00","date_gmt":"2021-01-14T06:00:00","guid":{"rendered":"https:\/\/ifamnews.com\/?p=46436"},"modified":"2021-01-13T06:29:12","modified_gmt":"2021-01-13T11:29:12","slug":"wann-beginnt-das-menschliche-leben-","status":"publish","type":"post","link":"https:\/\/ifamnews.com\/de\/wann-beginnt-das-menschliche-leben-","title":{"rendered":"Wann beginnt das menschliche Leben?"},"content":{"rendered":"\n<p>Man k\u00f6nnte sagen, dass es uns seit den Fortschritten der Technik, die im 20. Jahrhundert begannen, vor allem leichter geworden ist, jene zuvor verborgene Welt im Mutterleib zu entdecken.&nbsp;<\/p>\n\n\n\n<p>Wenn eine Frau schwanger wird, beginnt ihr K\u00f6rper eine Reihe von Ver\u00e4nderungen auf innerer Ebene, aber auch \u00e4u\u00dferlich sichtbar, zu zeigen. Ein Kind \u00f6ffnet sich zum Leben und im Laufe der Monate, ab dem 3. oder 4. Schwangerschaftsmonat, kann sogar die Mutter diese Tritte ihres Kindes wahrnehmen.&nbsp;<\/p>\n\n\n\n<p>Die Tatsache, dass diese winzige Person, die alles hat, was ein Mensch zum Menschsein braucht, am Leben und ein menschliches Wesen ist, ist etwas, das die gro\u00dfe Mehrheit der zivilisierten Gesellschaft ber\u00fccksichtigt hat.<\/p>\n\n\n\n<p>Mit dem Aufkommen von rassistischen, eugenischen und abtreibungsfeindlichen Ideologien sowie von Utilitarismus, Relativismus und dem Bruch mit dem wahren Sinn der Sexualit\u00e4t sind sehr unterschiedliche Konzeptionen entstanden, die in Schulen und Universit\u00e4ten gelehrt werden.<\/p>\n\n\n\n<p>Es gibt diejenigen, die behaupten, dass vor bestimmten Wochen der Schwangerschaft nur eine Art Zellmasse vorhanden ist. Die Bef\u00fcrworter der Abtreibung z\u00f6gern nicht, die Sch\u00f6nheit des inuterischen Lebens als einen Sack darzustellen, der nichts mit dem menschlichen Leben zu tun hat.&nbsp;<\/p>\n\n\n\n<p>Trotz der Verschleierung der Realit\u00e4t ist sich der gr\u00f6\u00dfte Teil der Mediziner einig, dass das menschliche Leben im Mutterleib ein kontinuierlicher Prozess ist und <strong>sein Beginn nur im Moment der Befruchtung liegen kann<\/strong>. Diese Realit\u00e4t wird jedoch oft ignoriert<a href=\"#_ftn1\">[1]<\/a>. In jedem weiteren aufeinanderfolgenden Moment der Schwangerschaft nach diesem Moment findet nur noch die <strong>Entwicklung dessen statt, was bereits als Mensch begonnen hat<\/strong>. Gleichzeitig zeigen die vorliegenden Tatsachen, dass die embryologischen Daten uns erlauben zu behaupten, dass der Embryo vom Moment der Befruchtung an menschliches Leben besitzt und daher aufgrund seiner eigenen W\u00fcrde respektiert werden muss<a href=\"#_ftn2\">[2]<\/a>. <strong>Von der Befruchtung bis zum Tod gibt es keinen qualitativen Sprung<\/strong> (in der Qualit\u00e4t der Person). <strong>Es kann nicht gesagt werden, dass es in einem Moment das eine und sp\u00e4ter das andere ist<\/strong>. Seine Entwicklung ist quantitativ und haupts\u00e4chlich im menschlichen Genom vorgesehen.<a href=\"#_ftn3\">[3]<\/a><\/p>\n\n\n\n<p>Deshalb, auch wenn der Name des Kindes in Embryo oder F\u00f6tus ge\u00e4ndert wurde, um uns zu verwirren, gibt es ab dem Moment der Befruchtung ein Individuum der menschlichen Spezies, das sich kontinuierlich entwickelt. Ein Gesch\u00f6pf Gottes, schon mit eigener unsterblicher Seele, von Ihm von Ewigkeit her gedacht und geliebt. Es ist wichtig, den heiligen Wert des menschlichen Lebens <em>von seinem Anfang bis zu seinem Ende <\/em>wiederzuentdecken.<a href=\"#_ftn4\">[4]<\/a><\/p>\n\n\n\n<hr class=\"wp-block-separator\"\/>\n\n\n\n<p><a href=\"#_ftnref1\">[1]<\/a> In einigen medizinischen Universit\u00e4ten wird diese Frage in der Schwebe gelassen, ohne eine klare und eindeutige Antwort zu geben, was der Praxis des Schwangerschaftsabbruchs T\u00fcr und Tor \u00f6ffnet, ohne dass diese Spezialisten \u201eGewissensbisse\u201c haben.<\/p>\n\n\n\n<p><a href=\"#_ftnref2\">[2]<\/a> YOUCAT. Katechismus der katholischen Kirche f\u00fcr junge Menschen. NR. 71.<\/p>\n\n\n\n<p><a href=\"#_ftnref3\">[3]<\/a> Genom: Gruppe von Zellen und deren Anordnung in der Zelle.<\/p>\n\n\n\n<p><a href=\"#_ftnref4\">[4]<\/a> Der hl. Johannes Paul II. Enzyklika <em>Evangelium Vitae<\/em><\/p>\n","protected":false},"excerpt":{"rendered":"<p>In der Schwangerschaft entwickelt sich nur das, was von Anfang an als Mensch begonnen <\/p>\n","protected":false},"author":567,"featured_media":46019,"comment_status":"open","ping_status":"open","sticky":false,"template":"","format":"standard","meta":{"give_campaign_id":0,"om_disable_all_campaigns":false,"_monsterinsights_skip_tracking":false,"_monsterinsights_sitenote_active":false,"_monsterinsights_sitenote_note":"","_monsterinsights_sitenote_category":0,"mc4wp_mailchimp_campaign":[],"jnews-multi-image_gallery":[],"jnews_single_post":{"subtitle":"In der Schwangerschaft entwickelt sich nur das, was von Anfang an als Mensch begonnen hat","format":"standard","video":"","gallery":"","source_name":"","source_url":"","via_name":"","via_url":"","override":[{"single_blog_custom":"","sidebar":"","second_sidebar":"","share_position":"","share_float_style":"","post_date_format":"","post_date_format_custom":"","post_reading_time_wpm":"","zoom_button_out_step":"1","zoom_button_in_step":"1","number_popup_post":"1"}],"image_override":[{"single_post_thumbnail_size":"","single_post_gallery_size":""}],"trending_post_position":"","trending_post_label":"","sponsored_post_label":"","sponsored_post_name":"","sponsored_post_url":"","sponsored_post_logo":"","sponsored_post_desc":""},"jnews_primary_category":{"id":"771"},"jnews_social_meta":{"fb_title":"","fb_description":"","fb_image":"","twitter_title":"","twitter_description":"","twitter_image":""},"jnews_override_counter":{"view_counter_number":"0","share_counter_number":"0","like_counter_number":"0","dislike_counter_number":"0"},"footnotes":""},"categories":[816,811,771],"tags":[6829,7522,7524,7523],"class_list":["post-46436","post","type-post","status-publish","format-standard","has-post-thumbnail","hentry","category-breaking-news-de","category-foreground-de","category-wissenschaft","tag-embryo","tag-empfaengnis","tag-johannes-paul-ii-2","tag-menschliche-wuerde"],"yoast_head":"<!-- This site is optimized with the Yoast SEO Premium plugin v25.9 (Yoast SEO v27.3) - https:\/\/yoast.com\/product\/yoast-seo-premium-wordpress\/ -->\n<title>Wann beginnt das menschliche Leben? - IFN<\/title>\n<meta name=\"robots\" content=\"index, follow, max-snippet:-1, max-image-preview:large, max-video-preview:-1\" \/>\n<link rel=\"canonical\" href=\"https:\/\/ifamnews.com\/de\/wann-beginnt-das-menschliche-leben-\" \/>\n<meta property=\"og:locale\" content=\"de_DE\" \/>\n<meta property=\"og:type\" content=\"article\" \/>\n<meta property=\"og:title\" content=\"Wann beginnt das menschliche Leben?\" \/>\n<meta property=\"og:description\" content=\"In der Schwangerschaft entwickelt sich nur das, was von Anfang an als Mensch begonnen\" \/>\n<meta property=\"og:url\" content=\"https:\/\/ifamnews.com\/de\/wann-beginnt-das-menschliche-leben-\" \/>\n<meta property=\"og:site_name\" content=\"IFN\" \/>\n<meta property=\"article:publisher\" content=\"https:\/\/www.facebook.com\/iFamNews\" \/>\n<meta property=\"article:author\" content=\"https:\/\/facebook.com\/buscandorespuestas2017\" \/>\n<meta property=\"article:published_time\" content=\"2021-01-14T06:00:00+00:00\" \/>\n<meta property=\"og:image\" content=\"https:\/\/ifamnews.com\/wp-content\/uploads\/2021\/01\/Fecundacion.png\" \/>\n\t<meta property=\"og:image:width\" content=\"1200\" \/>\n\t<meta property=\"og:image:height\" content=\"674\" \/>\n\t<meta property=\"og:image:type\" content=\"image\/png\" \/>\n<meta name=\"author\" content=\"Beatriz Montes\" \/>\n<meta name=\"twitter:card\" content=\"summary_large_image\" \/>\n<meta name=\"twitter:creator\" content=\"@https:\/\/twitter.com\/ABeatrizMontesF\" \/>\n<meta name=\"twitter:site\" content=\"@iFamNewsEN\" \/>\n<meta name=\"twitter:label1\" content=\"Verfasst von\" \/>\n\t<meta name=\"twitter:data1\" content=\"Beatriz Montes\" \/>\n\t<meta name=\"twitter:label2\" content=\"Gesch\u00e4tzte Lesezeit\" \/>\n\t<meta name=\"twitter:data2\" content=\"2\u00a0Minuten\" \/>\n<!-- \/ Yoast SEO Premium plugin. -->","yoast_head_json":{"title":"Wann beginnt das menschliche Leben? - IFN","robots":{"index":"index","follow":"follow","max-snippet":"max-snippet:-1","max-image-preview":"max-image-preview:large","max-video-preview":"max-video-preview:-1"},"canonical":"https:\/\/ifamnews.com\/de\/wann-beginnt-das-menschliche-leben-","og_locale":"de_DE","og_type":"article","og_title":"Wann beginnt das menschliche Leben?","og_description":"In der Schwangerschaft entwickelt sich nur das, was von Anfang an als Mensch begonnen","og_url":"https:\/\/ifamnews.com\/de\/wann-beginnt-das-menschliche-leben-","og_site_name":"IFN","article_publisher":"https:\/\/www.facebook.com\/iFamNews","article_author":"https:\/\/facebook.com\/buscandorespuestas2017","article_published_time":"2021-01-14T06:00:00+00:00","og_image":[{"width":1200,"height":674,"url":"https:\/\/ifamnews.com\/wp-content\/uploads\/2021\/01\/Fecundacion.png","type":"image\/png"}],"author":"Beatriz Montes","twitter_card":"summary_large_image","twitter_creator":"@https:\/\/twitter.com\/ABeatrizMontesF","twitter_site":"@iFamNewsEN","twitter_misc":{"Verfasst von":"Beatriz Montes","Gesch\u00e4tzte Lesezeit":"2\u00a0Minuten"},"schema":{"@context":"https:\/\/schema.org","@graph":[{"@type":"NewsArticle","@id":"https:\/\/ifamnews.com\/de\/wann-beginnt-das-menschliche-leben-#article","isPartOf":{"@id":"https:\/\/ifamnews.com\/de\/wann-beginnt-das-menschliche-leben-"},"author":{"name":"Beatriz Montes","@id":"https:\/\/ifamnews.com\/en\/#\/schema\/person\/aed4de9ddd8d78c90a083d39f23f98b9"},"headline":"Wann beginnt das menschliche Leben?","datePublished":"2021-01-14T06:00:00+00:00","mainEntityOfPage":{"@id":"https:\/\/ifamnews.com\/de\/wann-beginnt-das-menschliche-leben-"},"wordCount":478,"commentCount":0,"publisher":{"@id":"https:\/\/ifamnews.com\/en\/#organization"},"image":{"@id":"https:\/\/ifamnews.com\/de\/wann-beginnt-das-menschliche-leben-#primaryimage"},"thumbnailUrl":"https:\/\/ifamnews.com\/wp-content\/uploads\/2021\/01\/Fecundacion.png","keywords":["Embryo","Empf\u00e4ngnis","Johannes Paul II.","menschliche W\u00fcrde"],"articleSection":["Breaking News","Vordergrund","Wissenschaft"],"inLanguage":"de","potentialAction":[{"@type":"CommentAction","name":"Comment","target":["https:\/\/ifamnews.com\/de\/wann-beginnt-das-menschliche-leben-#respond"]}]},{"@type":"WebPage","@id":"https:\/\/ifamnews.com\/de\/wann-beginnt-das-menschliche-leben-","url":"https:\/\/ifamnews.com\/de\/wann-beginnt-das-menschliche-leben-","name":"Wann beginnt das menschliche Leben? - IFN","isPartOf":{"@id":"https:\/\/ifamnews.com\/en\/#website"},"primaryImageOfPage":{"@id":"https:\/\/ifamnews.com\/de\/wann-beginnt-das-menschliche-leben-#primaryimage"},"image":{"@id":"https:\/\/ifamnews.com\/de\/wann-beginnt-das-menschliche-leben-#primaryimage"},"thumbnailUrl":"https:\/\/ifamnews.com\/wp-content\/uploads\/2021\/01\/Fecundacion.png","datePublished":"2021-01-14T06:00:00+00:00","breadcrumb":{"@id":"https:\/\/ifamnews.com\/de\/wann-beginnt-das-menschliche-leben-#breadcrumb"},"inLanguage":"de","potentialAction":[{"@type":"ReadAction","target":["https:\/\/ifamnews.com\/de\/wann-beginnt-das-menschliche-leben-"]}]},{"@type":"ImageObject","inLanguage":"de","@id":"https:\/\/ifamnews.com\/de\/wann-beginnt-das-menschliche-leben-#primaryimage","url":"https:\/\/ifamnews.com\/wp-content\/uploads\/2021\/01\/Fecundacion.png","contentUrl":"https:\/\/ifamnews.com\/wp-content\/uploads\/2021\/01\/Fecundacion.png","width":1200,"height":674},{"@type":"BreadcrumbList","@id":"https:\/\/ifamnews.com\/de\/wann-beginnt-das-menschliche-leben-#breadcrumb","itemListElement":[{"@type":"ListItem","position":1,"name":"Home","item":"https:\/\/ifamnews.com\/de"},{"@type":"ListItem","position":2,"name":"Science","item":"https:\/\/ifamnews.com\/en\/category\/science"},{"@type":"ListItem","position":3,"name":"Wann beginnt das menschliche Leben?"}]},{"@type":"WebSite","@id":"https:\/\/ifamnews.com\/en\/#website","url":"https:\/\/ifamnews.com\/en\/","name":"IFN","description":"International Family News Network","publisher":{"@id":"https:\/\/ifamnews.com\/en\/#organization"},"potentialAction":[{"@type":"SearchAction","target":{"@type":"EntryPoint","urlTemplate":"https:\/\/ifamnews.com\/en\/?s={search_term_string}"},"query-input":{"@type":"PropertyValueSpecification","valueRequired":true,"valueName":"search_term_string"}}],"inLanguage":"de"},{"@type":"Organization","@id":"https:\/\/ifamnews.com\/en\/#organization","name":"iFamNews","url":"https:\/\/ifamnews.com\/en\/","logo":{"@type":"ImageObject","inLanguage":"de","@id":"https:\/\/ifamnews.com\/en\/#\/schema\/logo\/image\/","url":"https:\/\/ifamnews.com\/wp-content\/uploads\/2020\/01\/Share-logo.png","contentUrl":"https:\/\/ifamnews.com\/wp-content\/uploads\/2020\/01\/Share-logo.png","width":200,"height":200,"caption":"iFamNews"},"image":{"@id":"https:\/\/ifamnews.com\/en\/#\/schema\/logo\/image\/"},"sameAs":["https:\/\/www.facebook.com\/iFamNews","https:\/\/x.com\/iFamNewsEN"]},{"@type":"Person","@id":"https:\/\/ifamnews.com\/en\/#\/schema\/person\/aed4de9ddd8d78c90a083d39f23f98b9","name":"Beatriz Montes","image":{"@type":"ImageObject","inLanguage":"de","@id":"https:\/\/secure.gravatar.com\/avatar\/5ef4f8cf0f3807ae571fc4b7c1e62cd02b7bdd9a1796ca51a0641acf56453b19?s=96&d=mm&r=g","url":"https:\/\/secure.gravatar.com\/avatar\/5ef4f8cf0f3807ae571fc4b7c1e62cd02b7bdd9a1796ca51a0641acf56453b19?s=96&d=mm&r=g","contentUrl":"https:\/\/secure.gravatar.com\/avatar\/5ef4f8cf0f3807ae571fc4b7c1e62cd02b7bdd9a1796ca51a0641acf56453b19?s=96&d=mm&r=g","caption":"Beatriz Montes"},"description":"Married with six children. Teacher of Catholic topic. Beatriz Montes is Master of Science for the family and she is graduated in Family studies. Author of the books \"Against the Gender Ideology: educating in Freedom from childhood\" and \"99 responses to the Gender Ideology\". Publisher and writer of articles on her blog https:\/\/buscandorespuestasemet.com\/. Beatriz is a member of several relevant institution as \"Enraizados\", \"Libertas\" and \"The Traditional Post\".","sameAs":["https:\/\/facebook.com\/buscandorespuestas2017","https:\/\/x.com\/https:\/\/twitter.com\/ABeatrizMontesF"],"url":"https:\/\/ifamnews.com\/de\/author\/beatriz-montes"}]}},"amp_enabled":true,"_links":{"self":[{"href":"https:\/\/ifamnews.com\/de\/wp-json\/wp\/v2\/posts\/46436","targetHints":{"allow":["GET"]}}],"collection":[{"href":"https:\/\/ifamnews.com\/de\/wp-json\/wp\/v2\/posts"}],"about":[{"href":"https:\/\/ifamnews.com\/de\/wp-json\/wp\/v2\/types\/post"}],"author":[{"embeddable":true,"href":"https:\/\/ifamnews.com\/de\/wp-json\/wp\/v2\/users\/567"}],"replies":[{"embeddable":true,"href":"https:\/\/ifamnews.com\/de\/wp-json\/wp\/v2\/comments?post=46436"}],"version-history":[{"count":1,"href":"https:\/\/ifamnews.com\/de\/wp-json\/wp\/v2\/posts\/46436\/revisions"}],"predecessor-version":[{"id":46437,"href":"https:\/\/ifamnews.com\/de\/wp-json\/wp\/v2\/posts\/46436\/revisions\/46437"}],"wp:featuredmedia":[{"embeddable":true,"href":"https:\/\/ifamnews.com\/de\/wp-json\/wp\/v2\/media\/46019"}],"wp:attachment":[{"href":"https:\/\/ifamnews.com\/de\/wp-json\/wp\/v2\/media?parent=46436"}],"wp:term":[{"taxonomy":"category","embeddable":true,"href":"https:\/\/ifamnews.com\/de\/wp-json\/wp\/v2\/categories?post=46436"},{"taxonomy":"post_tag","embeddable":true,"href":"https:\/\/ifamnews.com\/de\/wp-json\/wp\/v2\/tags?post=46436"}],"curies":[{"name":"wp","href":"https:\/\/api.w.org\/{rel}","templated":true}]}}