{"id":44757,"date":"2021-01-05T01:03:00","date_gmt":"2021-01-05T06:03:00","guid":{"rendered":"https:\/\/ifamnews.com\/?p=44757"},"modified":"2021-01-05T07:12:40","modified_gmt":"2021-01-05T12:12:40","slug":"eilmeldung-erste-klage-gegen-kritische-rassentheorie-in-nevada-eingereicht","status":"publish","type":"post","link":"https:\/\/ifamnews.com\/de\/eilmeldung-erste-klage-gegen-kritische-rassentheorie-in-nevada-eingereicht","title":{"rendered":"Eilmeldung: Erste Klage gegen \u201eKritische Rassentheorie\u201c in Nevada eingereicht"},"content":{"rendered":"\n<p>Die erste Klage in den USA gegen die \u201ekritische Rassentheorie\u201c wurde Anfang Januar in Clark County, Nevada, als Folge der vors\u00e4tzlichen Verletzungen von Studenten, die im Unterricht in \u00f6ffentlichen Einrichtungen der \u201ekritischen Rassentheorie\u201c ausgesetzt sind. Die Klage, die von <em>Schoolhouserights<\/em>.<em>org<\/em>, einem Projekt der <em>International Organization for the Family<\/em> (IOF) und Herausgeber von <em>ifamnews.com<\/em>, unterst\u00fctzt wird, wurde im Namen eines Sch\u00fclers und seiner alleinstehenden Mutter eingereicht. Die Klage beschreibt detailliert die Absurdit\u00e4t des Unterrichts, den die Sch\u00fcler zu ertragen gezwungen werden, und die realen Konsequenzen, die sie f\u00fcr ihre Zukunft erleiden, wenn sie sich weigern, an dieser Indoktrination teilzunehmen.<\/p>\n\n\n\n<p>William Clark ist ein High-School-Senior (Gymnasiast), der eine Karriere in Musikwissenschaft anstrebt. Er hat hart gearbeitet, um schwierige Umst\u00e4nde zu \u00fcberwinden. Sein Vater verstarb, als er noch klein war, und seine Mutter ist arbeitslos und behindert. William arbeitet 35 Stunden pro Woche nachts in einem \u00f6rtlichen <em>Taco Bell<\/em>, um seine Familie zu ern\u00e4hren. Die Familie lebt in einer \u00dcbergangswohnung.<\/p>\n\n\n\n<p>Trotz ihrer eigenen Probleme hat Williams Mutter hart daf\u00fcr gearbeitet, dass ihre Kinder eine erstklassige Ausbildung erhalten, indem sie ihnen begehrte Pl\u00e4tze an den besten \u00f6ffentlichen Charter-Schulen in Las Vegas sicherte. William besucht die <em>Andre Agassi College Preparatory Academy<\/em>, jetzt bekannt als <em>Democracy Prep AC<\/em>, seit der sechsten Klasse. Er hatte sich w\u00e4hrend seiner gesamten akademischen Laufbahn hervorgetan \u2013 bis er zu Beginn seines letzten Schuljahres unerwartet und ohne Vorwarnung mit einer vermeintlichen \u201eB\u00fcrgerklasse\u201c namens \u201eSoziologie des Wandels\u201c konfrontiert wurde. Die zugrundeliegende theoretische Basis f\u00fcr die Klasse ist als \u201eIntersektionalit\u00e4t\u201c bekannt und wurde von einer politischen Aktivistin und Vertreterin der \u201ecritical race theory\u201c [zu dt.: \u201ekritische Rassentheorie\u201c]inspiriert. Die Klassenlehrerin beschreibt ihre Sch\u00fcler als \u201eKrieger f\u00fcr soziale Gerechtigkeit\u201c.<\/p>\n\n\n\n<p>In dieser Klasse wird den Sch\u00fclern erkl\u00e4rt, dass der Besitz bestimmter Eigenschaften sie entweder als \u201eprivilegiert\u201c oder als \u201eunterdr\u00fcckt\u201c einstuft. Im Unterricht wurde ein strenges Verst\u00e4ndnis davon unterrichtet, was \u201ePrivileg\u201c und \u201eUnterdr\u00fcckung\u201c ausmacht. Diejenigen, die sich als wei\u00df, m\u00e4nnlich, heterosexuell oder christlich identifizieren, seien von Natur aus privilegiert und Unterdr\u00fccker, was als \u201eb\u00f6sartig oder ungerecht\u201c und \u201efalsch\u201c definiert wurde.<\/p>\n\n\n\n<p>Es ist unm\u00f6glich, dass jemand aufgrund seiner Rasse, seines Geschlechts, seiner Sexualit\u00e4t oder seiner religi\u00f6sen \u00dcberzeugung mit der Charakterisierung als privilegiert oder unterdr\u00fcckend bezeichnet wird. Die Sch\u00fcler hingegen wurden instruiert, dass jede Ablehnung dieser Charakterisierungen auf ein ungerechtes Privileg hinausl\u00e4uft, \u201edas als Ablehnung ausgedr\u00fcckt wird.\u201c In den Unterrichtsmaterialien werden die Sch\u00fcler au\u00dferdem dar\u00fcber unterrichtet, dass es f\u00fcr eine \u201e<em>Person of Color<\/em>\u201c(farbige Person)&nbsp;unm\u00f6glich ist, rassistisch zu sein.<\/p>\n\n\n\n<p>Sobald die Sch\u00fcler die zugrundeliegenden Pr\u00e4missen von inh\u00e4rentem \u201ePrivileg\u201c und \u201eUnterdr\u00fcckung\u201c verstanden haben und sich zu ihr bekennen, wurde von ihnen verlangt, dass sie die \u201eunterdr\u00fcckerischen Strukturen\u201c, die in ihren famili\u00e4ren Arrangements, religi\u00f6sen \u00dcberzeugungen und Praktiken sowie in ihren rassischen, sexuellen und geschlechtlichen Identit\u00e4ten enthalten sind, \u201eablegen\u201c und \u201eumlernen\u201c und sich gegen sie \u201ewehren\u201c. Alle diese \u201eStrukturen\u201c sollten preisgegeben und einer Untersuchung preisgegeben werden.<\/p>\n\n\n\n<p>William verstand sofort, dass es falsch ist, einer Person aufgrund von inh\u00e4renten Merkmalen moralische Eigenschaften zuzuweisen. Er hatte eine einzigartige Perspektive, aus der er dies erkennen konnte. Als Christ wurde er nach der Vorgabe von Dr. Martin Luther King erzogen, dass Menschen nach dem Inhalt ihres Charakters beurteilt werden sollten, nicht nach der Farbe ihrer Haut.&nbsp; Nach allen \u00c4u\u00dferlichkeiten ist William wei\u00df. Er hat gr\u00fcne Augen und wei\u00dfe Haut. Aber Williams Mutter ist schwarz; sein verstorbener Vater war wei\u00df. William war der einzige Sch\u00fcler, der als \u201ewei\u00df\u201c galt.<\/p>\n\n\n\n<p>William war es v\u00f6llig unangenehm, seinem \u201eStaatsb\u00fcrgerkunde\u201c-Lehrer Informationen \u00fcber sein Geschlecht, seine Sexualit\u00e4t, seine Rasse oder seine religi\u00f6sen \u00dcberzeugungen mitzuteilen, da er wusste, dass dies sofort dazu f\u00fchren w\u00fcrde, dass er als privilegiert und unterdr\u00fcckerisch charakterisiert werden w\u00fcrde. Seine schwarze Mutter war w\u00fctend, als sie von dem Unterricht erfuhr, dem er ausgesetzt wurde, insbesondere von der Idee, dass William die j\u00fcdisch-christlichen Prinzipien, die sie ihrem Sohn eingefl\u00f6\u00dft hatte, \u201everlernen\u201c und \u201ezur\u00fcckschlagen\u201c m\u00fcsste. Williams Mutter wandte sich wiederholt an die Schulverwaltung, um eine Art von Anpassung oder Alternative zu finden, und schlug mehrere Optionen vor, wie z. B. die Teilnahme an einem anderen Staatsb\u00fcrgerkundeunterricht an einer anderen High School oder sogar an einem Community College.<\/p>\n\n\n\n<p>Es wurde keine Anpassung vorgenommen, keine Alternative schien akzeptabel. Tats\u00e4chlich erkl\u00e4rte die Schule, dass die Teilnahme an diesem Kurs obligatorisch und f\u00fcr den Abschluss erforderlich sei. Keine Ausnahmen, Punkt. Wenn William dem nicht nachk\u00e4me, w\u00fcrde er seinen Abschluss nicht erreichen und seine College-Tr\u00e4ume w\u00e4ren damit geplatzt.<\/p>\n\n\n\n<p>Als sich die M\u00f6glichkeit eines Rechtsstreits abzeichnete, stellten die Schulbeamten William und seine Mutter vor eine Art dreifache Wahl: Er konnte sich flei\u00dfig an den Kursen beteiligen und eine gute Note erreichen und so seine ausgezeichneten Aussichten auf das College aufrechterhalten; oder er konnte das Minimum an Arbeit leisten und eine C-Note erreichen, die niedrigste Note, die diese Schule erlaubt, und damit seine Hoffnungen auf ein Top-College zunichtemachen, aber w\u00fcrde zumindest einen Abschluss haben; oder er k\u00f6nnte seinen Widerstand fortsetzen und die High School nicht abschlie\u00dfen.<\/p>\n\n\n\n<p>Als William und seine Mutter sich weiterhin wehrten, zwang die Schule sie dazu, ihm eine D-Note zu geben (unterhalb der so genannten Mindestnote, die in ihren Betriebsunterlagen erlaubt ist), und suspendierte ihn dann vor einer Woche auf unbestimmte Zeit von der Schule.<\/p>\n\n\n\n<p>Gestern reichten William und seine Mutter beim Bundesgericht eine Klage gegen die Schule, ihre Beamten, die Lehrer und Verwalter, das \u00f6ffentliche Charter-Schulnetzwerk und zahlreiche andere ein, weil sie mit dieser obligatorischen Indoktrination eines v\u00f6llig anst\u00f6\u00dfigen, abscheulichen und unerh\u00f6rten Lehrplans ihre B\u00fcrgerrechte verletzt haben. Sie beantragen eine einstweilige und dauerhafte Verf\u00fcgung gegen diese Anweisung, sowie Schadensersatz und Anwaltskosten. Sie fordern ein Schwurgerichtsverfahren, damit die \u00d6ffentlichkeit erfahren kann, was in dieser und vielen anderen \u00f6ffentlichen Schulen vor sich geht.<\/p>\n\n\n\n<p>Soweit <em>iFamNews.de<\/em> feststellen konnte, ist dies die erste Klage dieser Art in der Nation. Sie hat bereits ein hohes Ma\u00df an Aufmerksamkeit erregt. Die Journalistin Megyn Kelly @megynkelly tweetete: \u201eDas ist die Antwort auf diesen Unsinn. Das Gesetz. Es erlaubt keine rassistische Diskriminierung \u2013 gegen Schwarze, Wei\u00dfe oder irgendjemanden aufgrund der Hautfarbe. Wenn Ihre Firma, Ihre Schule oder sonst jemand Ihnen etwas anderes sagt, nehmen Sie sich einen Anwalt. <em>This has to stop<\/em>.\u201c<\/p>\n\n\n\n<p><em>Schoolhouserights.org<\/em> wurde von der <em>International Organization for the Family<\/em> (IOF), dem Herausgeber von <em>ifamnews.com<\/em>, gegr\u00fcndet, um B\u00fcrgerrechtsklagen zur Verteidigung der Gewissensfreiheit von Sch\u00fclern in der \u00f6ffentlichen Bildung und der Rechte von Eltern, die Erziehung ihrer Kinder zu leiten und zu lenken, zu unterst\u00fctzen. Die Leser von <em>ifamnews.com<\/em> werden gebeten, den Rechtsstreit mit einer <a href=\"https:\/\/schoolhouserights.org\/donate.html\">finanziellen Spende zu unterst\u00fctzen<\/a>.<\/p>\n\n\n\n<p>Dies ist eine Eilmeldung. Updates werden bei Bedarf nachgereicht.<\/p>\n","protected":false},"excerpt":{"rendered":"<p>Niemand darf wegen seiner Rasse, seines Geschlechts, seiner Sexualit\u00e4t oder seiner religi\u00f6sen \u00dcberzeugung als \u201eprivilegiert\u201c oder als \u201eUnterdr\u00fccker\u201c bezeichnet werden \u2013 auch ein wei\u00dfer Student nicht<\/p>\n","protected":false},"author":35,"featured_media":43103,"comment_status":"open","ping_status":"open","sticky":false,"template":"","format":"standard","meta":{"give_campaign_id":0,"om_disable_all_campaigns":false,"_monsterinsights_skip_tracking":false,"_monsterinsights_sitenote_active":false,"_monsterinsights_sitenote_note":"","_monsterinsights_sitenote_category":0,"mc4wp_mailchimp_campaign":[],"jnews-multi-image_gallery":[],"jnews_single_post":{"subtitle":"Niemand darf wegen seiner Rasse, seines Geschlechts, seiner Sexualit\u00e4t oder seiner religi\u00f6sen \u00dcberzeugung als \u201eprivilegiert\u201c oder als \u201eUnterdr\u00fccker\u201c bezeichnet werden \u2013 auch ein wei\u00dfer Student nicht","format":"standard","video":"","gallery":"","source_name":"","source_url":"","via_name":"","via_url":"","override":[{"single_blog_custom":"","sidebar":"","second_sidebar":"","share_position":"","share_float_style":"","post_date_format":"","post_date_format_custom":"","post_reading_time_wpm":"","zoom_button_out_step":"1","zoom_button_in_step":"1","number_popup_post":"1"}],"image_override":[{"single_post_thumbnail_size":"","single_post_gallery_size":""}],"trending_post_position":"","trending_post_label":"","sponsored_post_label":"","sponsored_post_name":"","sponsored_post_url":"","sponsored_post_logo":"","sponsored_post_desc":""},"jnews_primary_category":{"id":"768"},"jnews_social_meta":{"fb_title":"","fb_description":"","fb_image":"","twitter_title":"","twitter_description":"","twitter_image":""},"jnews_override_counter":{"view_counter_number":"0","share_counter_number":"0","like_counter_number":"0","dislike_counter_number":"0"},"footnotes":""},"categories":[816,768,811],"tags":[4549,7283,7282,7281,4407,2967],"class_list":["post-44757","post","type-post","status-publish","format-standard","has-post-thumbnail","hentry","category-breaking-news-de","category-politik","category-foreground-de","tag-ideologie-2","tag-klage","tag-kritische-rassenlehre","tag-kritische-theorie","tag-rassismus-2","tag-rechtsstaat"],"yoast_head":"<!-- This site is optimized with the Yoast SEO Premium plugin v25.9 (Yoast SEO v27.3) - https:\/\/yoast.com\/product\/yoast-seo-premium-wordpress\/ -->\n<title>Eilmeldung: Erste Klage gegen \u201eKritische Rassentheorie\u201c in Nevada eingereicht - IFN<\/title>\n<meta name=\"robots\" content=\"index, follow, max-snippet:-1, max-image-preview:large, max-video-preview:-1\" \/>\n<link rel=\"canonical\" href=\"https:\/\/ifamnews.com\/de\/eilmeldung-erste-klage-gegen-kritische-rassentheorie-in-nevada-eingereicht\" \/>\n<meta property=\"og:locale\" content=\"de_DE\" \/>\n<meta property=\"og:type\" content=\"article\" \/>\n<meta property=\"og:title\" content=\"Eilmeldung: Erste Klage gegen \u201eKritische Rassentheorie\u201c in Nevada eingereicht\" \/>\n<meta property=\"og:description\" content=\"Niemand darf wegen seiner Rasse, seines Geschlechts, seiner Sexualit\u00e4t oder seiner religi\u00f6sen \u00dcberzeugung als \u201eprivilegiert\u201c oder als \u201eUnterdr\u00fccker\u201c bezeichnet werden \u2013 auch ein wei\u00dfer Student nicht\" \/>\n<meta property=\"og:url\" content=\"https:\/\/ifamnews.com\/de\/eilmeldung-erste-klage-gegen-kritische-rassentheorie-in-nevada-eingereicht\" \/>\n<meta property=\"og:site_name\" content=\"IFN\" \/>\n<meta property=\"article:publisher\" content=\"https:\/\/www.facebook.com\/iFamNews\" \/>\n<meta property=\"article:published_time\" content=\"2021-01-05T06:03:00+00:00\" \/>\n<meta property=\"article:modified_time\" content=\"2021-01-05T12:12:40+00:00\" \/>\n<meta property=\"og:image\" content=\"https:\/\/ifamnews.com\/wp-content\/uploads\/2020\/12\/court-nevada.jpg\" \/>\n\t<meta property=\"og:image:width\" content=\"512\" \/>\n\t<meta property=\"og:image:height\" content=\"407\" \/>\n\t<meta property=\"og:image:type\" content=\"image\/jpeg\" \/>\n<meta name=\"author\" content=\"Frank Schubert\" \/>\n<meta name=\"twitter:card\" content=\"summary_large_image\" \/>\n<meta name=\"twitter:creator\" content=\"@iFamNewsEN\" \/>\n<meta name=\"twitter:site\" content=\"@iFamNewsEN\" \/>\n<meta name=\"twitter:label1\" content=\"Verfasst von\" \/>\n\t<meta name=\"twitter:data1\" content=\"Frank Schubert\" \/>\n\t<meta name=\"twitter:label2\" content=\"Gesch\u00e4tzte Lesezeit\" \/>\n\t<meta name=\"twitter:data2\" content=\"6\u00a0Minuten\" \/>\n<!-- \/ Yoast SEO Premium plugin. -->","yoast_head_json":{"title":"Eilmeldung: Erste Klage gegen \u201eKritische Rassentheorie\u201c in Nevada eingereicht - IFN","robots":{"index":"index","follow":"follow","max-snippet":"max-snippet:-1","max-image-preview":"max-image-preview:large","max-video-preview":"max-video-preview:-1"},"canonical":"https:\/\/ifamnews.com\/de\/eilmeldung-erste-klage-gegen-kritische-rassentheorie-in-nevada-eingereicht","og_locale":"de_DE","og_type":"article","og_title":"Eilmeldung: Erste Klage gegen \u201eKritische Rassentheorie\u201c in Nevada eingereicht","og_description":"Niemand darf wegen seiner Rasse, seines Geschlechts, seiner Sexualit\u00e4t oder seiner religi\u00f6sen \u00dcberzeugung als \u201eprivilegiert\u201c oder als \u201eUnterdr\u00fccker\u201c bezeichnet werden \u2013 auch ein wei\u00dfer Student nicht","og_url":"https:\/\/ifamnews.com\/de\/eilmeldung-erste-klage-gegen-kritische-rassentheorie-in-nevada-eingereicht","og_site_name":"IFN","article_publisher":"https:\/\/www.facebook.com\/iFamNews","article_published_time":"2021-01-05T06:03:00+00:00","article_modified_time":"2021-01-05T12:12:40+00:00","og_image":[{"width":512,"height":407,"url":"https:\/\/ifamnews.com\/wp-content\/uploads\/2020\/12\/court-nevada.jpg","type":"image\/jpeg"}],"author":"Frank Schubert","twitter_card":"summary_large_image","twitter_creator":"@iFamNewsEN","twitter_site":"@iFamNewsEN","twitter_misc":{"Verfasst von":"Frank Schubert","Gesch\u00e4tzte Lesezeit":"6\u00a0Minuten"},"schema":{"@context":"https:\/\/schema.org","@graph":[{"@type":"NewsArticle","@id":"https:\/\/ifamnews.com\/de\/eilmeldung-erste-klage-gegen-kritische-rassentheorie-in-nevada-eingereicht#article","isPartOf":{"@id":"https:\/\/ifamnews.com\/de\/eilmeldung-erste-klage-gegen-kritische-rassentheorie-in-nevada-eingereicht"},"author":{"name":"Frank Schubert","@id":"https:\/\/ifamnews.com\/en\/#\/schema\/person\/7f059c4599e9d9efee95adbaab98c714"},"headline":"Eilmeldung: Erste Klage gegen \u201eKritische Rassentheorie\u201c in Nevada eingereicht","datePublished":"2021-01-05T06:03:00+00:00","dateModified":"2021-01-05T12:12:40+00:00","mainEntityOfPage":{"@id":"https:\/\/ifamnews.com\/de\/eilmeldung-erste-klage-gegen-kritische-rassentheorie-in-nevada-eingereicht"},"wordCount":1159,"commentCount":0,"publisher":{"@id":"https:\/\/ifamnews.com\/en\/#organization"},"image":{"@id":"https:\/\/ifamnews.com\/de\/eilmeldung-erste-klage-gegen-kritische-rassentheorie-in-nevada-eingereicht#primaryimage"},"thumbnailUrl":"https:\/\/ifamnews.com\/wp-content\/uploads\/2020\/12\/court-nevada.jpg","keywords":["Ideologie","Klage","Kritische Rassenlehre","Kritische Theorie","Rassismus","Rechtsstaat"],"articleSection":["Breaking News","Politik","Vordergrund"],"inLanguage":"de","potentialAction":[{"@type":"CommentAction","name":"Comment","target":["https:\/\/ifamnews.com\/de\/eilmeldung-erste-klage-gegen-kritische-rassentheorie-in-nevada-eingereicht#respond"]}]},{"@type":"WebPage","@id":"https:\/\/ifamnews.com\/de\/eilmeldung-erste-klage-gegen-kritische-rassentheorie-in-nevada-eingereicht","url":"https:\/\/ifamnews.com\/de\/eilmeldung-erste-klage-gegen-kritische-rassentheorie-in-nevada-eingereicht","name":"Eilmeldung: Erste Klage gegen \u201eKritische Rassentheorie\u201c in Nevada eingereicht - IFN","isPartOf":{"@id":"https:\/\/ifamnews.com\/en\/#website"},"primaryImageOfPage":{"@id":"https:\/\/ifamnews.com\/de\/eilmeldung-erste-klage-gegen-kritische-rassentheorie-in-nevada-eingereicht#primaryimage"},"image":{"@id":"https:\/\/ifamnews.com\/de\/eilmeldung-erste-klage-gegen-kritische-rassentheorie-in-nevada-eingereicht#primaryimage"},"thumbnailUrl":"https:\/\/ifamnews.com\/wp-content\/uploads\/2020\/12\/court-nevada.jpg","datePublished":"2021-01-05T06:03:00+00:00","dateModified":"2021-01-05T12:12:40+00:00","breadcrumb":{"@id":"https:\/\/ifamnews.com\/de\/eilmeldung-erste-klage-gegen-kritische-rassentheorie-in-nevada-eingereicht#breadcrumb"},"inLanguage":"de","potentialAction":[{"@type":"ReadAction","target":["https:\/\/ifamnews.com\/de\/eilmeldung-erste-klage-gegen-kritische-rassentheorie-in-nevada-eingereicht"]}]},{"@type":"ImageObject","inLanguage":"de","@id":"https:\/\/ifamnews.com\/de\/eilmeldung-erste-klage-gegen-kritische-rassentheorie-in-nevada-eingereicht#primaryimage","url":"https:\/\/ifamnews.com\/wp-content\/uploads\/2020\/12\/court-nevada.jpg","contentUrl":"https:\/\/ifamnews.com\/wp-content\/uploads\/2020\/12\/court-nevada.jpg","width":512,"height":407,"caption":"Fed"},{"@type":"BreadcrumbList","@id":"https:\/\/ifamnews.com\/de\/eilmeldung-erste-klage-gegen-kritische-rassentheorie-in-nevada-eingereicht#breadcrumb","itemListElement":[{"@type":"ListItem","position":1,"name":"Home","item":"https:\/\/ifamnews.com\/de"},{"@type":"ListItem","position":2,"name":"Breaking News","item":"https:\/\/ifamnews.com\/en\/category\/breaking-news"},{"@type":"ListItem","position":3,"name":"Eilmeldung: Erste Klage gegen \u201eKritische Rassentheorie\u201c in Nevada eingereicht"}]},{"@type":"WebSite","@id":"https:\/\/ifamnews.com\/en\/#website","url":"https:\/\/ifamnews.com\/en\/","name":"IFN","description":"International Family News Network","publisher":{"@id":"https:\/\/ifamnews.com\/en\/#organization"},"potentialAction":[{"@type":"SearchAction","target":{"@type":"EntryPoint","urlTemplate":"https:\/\/ifamnews.com\/en\/?s={search_term_string}"},"query-input":{"@type":"PropertyValueSpecification","valueRequired":true,"valueName":"search_term_string"}}],"inLanguage":"de"},{"@type":"Organization","@id":"https:\/\/ifamnews.com\/en\/#organization","name":"iFamNews","url":"https:\/\/ifamnews.com\/en\/","logo":{"@type":"ImageObject","inLanguage":"de","@id":"https:\/\/ifamnews.com\/en\/#\/schema\/logo\/image\/","url":"https:\/\/ifamnews.com\/wp-content\/uploads\/2020\/01\/Share-logo.png","contentUrl":"https:\/\/ifamnews.com\/wp-content\/uploads\/2020\/01\/Share-logo.png","width":200,"height":200,"caption":"iFamNews"},"image":{"@id":"https:\/\/ifamnews.com\/en\/#\/schema\/logo\/image\/"},"sameAs":["https:\/\/www.facebook.com\/iFamNews","https:\/\/x.com\/iFamNewsEN"]},{"@type":"Person","@id":"https:\/\/ifamnews.com\/en\/#\/schema\/person\/7f059c4599e9d9efee95adbaab98c714","name":"Frank Schubert","image":{"@type":"ImageObject","inLanguage":"de","@id":"https:\/\/secure.gravatar.com\/avatar\/8e0a875546e6ef79d48161a997753eefc2376ae6843657e3a11827a2b2886fd2?s=96&d=mm&r=g","url":"https:\/\/secure.gravatar.com\/avatar\/8e0a875546e6ef79d48161a997753eefc2376ae6843657e3a11827a2b2886fd2?s=96&d=mm&r=g","contentUrl":"https:\/\/secure.gravatar.com\/avatar\/8e0a875546e6ef79d48161a997753eefc2376ae6843657e3a11827a2b2886fd2?s=96&d=mm&r=g","caption":"Frank Schubert"},"description":"Frank Schubert is a communications consultant for the International Organization for the Family (IOF) and has twice been named America\u2019s top public affairs professional. Schubert serves a similar role for the National Organization for Marriage (NOM). He has worked extensively on family-related issues including supporting marriage, the sanctity of human life and religious liberty, among other issues. Schubert is one of the country\u2019s top experts in managing ballot initiative campaigns and has won over 50 such campaigns in over one-dozen states, compiling an 80% winning record. He managed the successful Proposition 8 campaign in California as well as subsequent winning campaigns on marriage in Maine and North Carolina. His views on issues have been widely reported by the national and international media and he has been interviewed by news organizations hundreds of times. He is the founder of Inspiration Strategies, a public affairs firm.","url":"https:\/\/ifamnews.com\/de\/author\/fschubertifamnews-com"}]}},"amp_enabled":true,"_links":{"self":[{"href":"https:\/\/ifamnews.com\/de\/wp-json\/wp\/v2\/posts\/44757","targetHints":{"allow":["GET"]}}],"collection":[{"href":"https:\/\/ifamnews.com\/de\/wp-json\/wp\/v2\/posts"}],"about":[{"href":"https:\/\/ifamnews.com\/de\/wp-json\/wp\/v2\/types\/post"}],"author":[{"embeddable":true,"href":"https:\/\/ifamnews.com\/de\/wp-json\/wp\/v2\/users\/35"}],"replies":[{"embeddable":true,"href":"https:\/\/ifamnews.com\/de\/wp-json\/wp\/v2\/comments?post=44757"}],"version-history":[{"count":2,"href":"https:\/\/ifamnews.com\/de\/wp-json\/wp\/v2\/posts\/44757\/revisions"}],"predecessor-version":[{"id":44983,"href":"https:\/\/ifamnews.com\/de\/wp-json\/wp\/v2\/posts\/44757\/revisions\/44983"}],"wp:featuredmedia":[{"embeddable":true,"href":"https:\/\/ifamnews.com\/de\/wp-json\/wp\/v2\/media\/43103"}],"wp:attachment":[{"href":"https:\/\/ifamnews.com\/de\/wp-json\/wp\/v2\/media?parent=44757"}],"wp:term":[{"taxonomy":"category","embeddable":true,"href":"https:\/\/ifamnews.com\/de\/wp-json\/wp\/v2\/categories?post=44757"},{"taxonomy":"post_tag","embeddable":true,"href":"https:\/\/ifamnews.com\/de\/wp-json\/wp\/v2\/tags?post=44757"}],"curies":[{"name":"wp","href":"https:\/\/api.w.org\/{rel}","templated":true}]}}