{"id":44444,"date":"2021-01-06T01:09:00","date_gmt":"2021-01-06T06:09:00","guid":{"rendered":"https:\/\/ifamnews.com\/?p=44444"},"modified":"2021-01-04T05:20:14","modified_gmt":"2021-01-04T10:20:14","slug":"kultur-des-todes-in-argentinien-kongress-legalisiert-abtreibung","status":"publish","type":"post","link":"https:\/\/ifamnews.com\/de\/kultur-des-todes-in-argentinien-kongress-legalisiert-abtreibung","title":{"rendered":"Kultur des Todes in Argentinien: Kongress legalisiert Abtreibung"},"content":{"rendered":"\n<p>Der argentinische Kongress hat die Legalisierung der Abtreibung in Argentinien beschlossen. Damit d\u00fcrfen Frauen vor dem argentinischen Staat bis zur 14. Schwangerschaftswoche abtreiben. Bisher war Abtreibung nur in F\u00e4llen der Vergewaltigung oder bei Gesundheitsgef\u00e4hrdung der Mutter erlaubt.<\/p>\n\n\n\n<p>In einer mehr als zw\u00f6lfst\u00fcndigen Sitzung stimmte der argentinische Senat Ende Dezember 2020 f\u00fcr die Aufhebung des Schutzes ungeborenen Lebens. 38 Senatoren stimmten f\u00fcr die Aufhebung, 29 stimmten dagegen, ein Senator enthielt sich seiner Stimme. Die Abgeordnetenkammer hatte die Gesetzesinitiative bereits am 11. Dezember 2020 gebilligt. Hier hatten 131 Abgeordnete daf\u00fcr, 117 dagegen gestimmt. Der angenommene Gesetzesvorschlag muss jetzt noch vom argentinischen Pr\u00e4sidenten Alberto Fern\u00e1ndez in Kraft gesetzt werden. Die Gesetzesinitiative war zuvor von Fern\u00e1ndez selbst eingebracht worden.<\/p>\n\n\n\n<p>Die argentinische Bischofskonferenz kritisierte die Entscheidung des argentinischen Parlaments als vom Volkswillen abgehoben und \u00e4u\u00dferte ihre Sorge um das Wohl und die Einheit des Landes: \u201eDieses Gesetz, das verabschiedet wurde, wird die Spaltungen in unserem Land noch weiter vertiefen. Wir bedauern zutiefst, dass die politische F\u00fchrung sich so weit von den Gef\u00fchlen des Volkes verabschiedet hat, die sich auf verschiedene Weise zugunsten des Lebens in unserem Land ge\u00e4u\u00dfert hat.\u201c<\/p>\n\n\n\n<p>Die argentinischen Bisch\u00f6fe bekr\u00e4ftigten, den Dienst am Leben \u201emit Entschlossenheit und Leidenschaft\u201c fortzuf\u00fchren. Die Kirche werde dabei auch weiterhin mit den Br\u00fcdern und Schwestern anderer Glaubensgemeinschaften und auch mit den B\u00fcrgern ohne Bekenntnis zusammenarbeiten. In ihrer Stellungnahme wendet sich die Bischofskonferenz gegen die Kultur des Todes und der Abtreibung und stellt Argentinien eine \u201ewahre Kultur der Begegnung\u201c in Aussicht, \u201ein der niemand weggeworfen wird.\u201c<\/p>\n","protected":false},"excerpt":{"rendered":"<p>Argentinischer Kongress stimmt f\u00fcr die Legalisierung der Abtreibung. Argentinische Bischofskonferenz: Entscheidung wird die Spaltung im Land vertiefen.<\/p>\n","protected":false},"author":589,"featured_media":44445,"comment_status":"open","ping_status":"open","sticky":false,"template":"","format":"standard","meta":{"give_campaign_id":0,"om_disable_all_campaigns":false,"_monsterinsights_skip_tracking":false,"_monsterinsights_sitenote_active":false,"_monsterinsights_sitenote_note":"","_monsterinsights_sitenote_category":0,"mc4wp_mailchimp_campaign":[],"jnews-multi-image_gallery":[],"jnews_single_post":{"subtitle":"Argentinischer Kongress stimmt f\u00fcr die Legalisierung der Abtreibung. Argentinische Bischofskonferenz: Entscheidung wird die Spaltung im Land vertiefen.","format":"standard","video":"","gallery":"","source_name":"","source_url":"","via_name":"","via_url":"","override":[{"single_blog_custom":"","sidebar":"","second_sidebar":"","share_position":"","share_float_style":"","post_date_format":"","post_date_format_custom":"","post_reading_time_wpm":"","zoom_button_out_step":"1","zoom_button_in_step":"1","number_popup_post":"1"}],"image_override":[{"single_post_thumbnail_size":"","single_post_gallery_size":""}],"trending_post_position":"","trending_post_label":"","sponsored_post_label":"","sponsored_post_name":"","sponsored_post_url":"","sponsored_post_logo":"","sponsored_post_desc":""},"jnews_primary_category":{"id":"820"},"jnews_social_meta":{"fb_title":"","fb_description":"","fb_image":"","twitter_title":"","twitter_description":"","twitter_image":""},"jnews_override_counter":{"view_counter_number":"0","share_counter_number":"0","like_counter_number":"0","dislike_counter_number":"0"},"footnotes":""},"categories":[816,820,811],"tags":[1906,7275,7277,7276,1670],"class_list":["post-44444","post","type-post","status-publish","format-standard","has-post-thumbnail","hentry","category-breaking-news-de","category-leben","category-foreground-de","tag-abtreibung","tag-argentinien","tag-bischofskonferenz","tag-kultur-des-todes","tag-lebensschutz-2"],"yoast_head":"<!-- This site is optimized with the Yoast SEO Premium plugin v25.9 (Yoast SEO v27.3) - https:\/\/yoast.com\/product\/yoast-seo-premium-wordpress\/ -->\n<title>Kultur des Todes in Argentinien: Kongress legalisiert Abtreibung - IFN<\/title>\n<meta name=\"robots\" content=\"index, follow, max-snippet:-1, max-image-preview:large, max-video-preview:-1\" \/>\n<link rel=\"canonical\" href=\"https:\/\/ifamnews.com\/de\/kultur-des-todes-in-argentinien-kongress-legalisiert-abtreibung\" \/>\n<meta property=\"og:locale\" content=\"de_DE\" \/>\n<meta property=\"og:type\" content=\"article\" \/>\n<meta property=\"og:title\" content=\"Kultur des Todes in Argentinien: Kongress legalisiert Abtreibung\" \/>\n<meta property=\"og:description\" content=\"Argentinischer Kongress stimmt f\u00fcr die Legalisierung der Abtreibung. Argentinische Bischofskonferenz: Entscheidung wird die Spaltung im Land vertiefen.\" \/>\n<meta property=\"og:url\" content=\"https:\/\/ifamnews.com\/de\/kultur-des-todes-in-argentinien-kongress-legalisiert-abtreibung\" \/>\n<meta property=\"og:site_name\" content=\"IFN\" \/>\n<meta property=\"article:publisher\" content=\"https:\/\/www.facebook.com\/iFamNews\" \/>\n<meta property=\"article:published_time\" content=\"2021-01-06T06:09:00+00:00\" \/>\n<meta property=\"og:image\" content=\"https:\/\/ifamnews.com\/wp-content\/uploads\/2021\/01\/baby-2616673_1920.jpg\" \/>\n\t<meta property=\"og:image:width\" content=\"1200\" \/>\n\t<meta property=\"og:image:height\" content=\"675\" \/>\n\t<meta property=\"og:image:type\" content=\"image\/jpeg\" \/>\n<meta name=\"author\" content=\"Johann R. Porter\" \/>\n<meta name=\"twitter:card\" content=\"summary_large_image\" \/>\n<meta name=\"twitter:creator\" content=\"@iFamNewsEN\" \/>\n<meta name=\"twitter:site\" content=\"@iFamNewsEN\" \/>\n<meta name=\"twitter:label1\" content=\"Verfasst von\" \/>\n\t<meta name=\"twitter:data1\" content=\"Johann R. Porter\" \/>\n\t<meta name=\"twitter:label2\" content=\"Gesch\u00e4tzte Lesezeit\" \/>\n\t<meta name=\"twitter:data2\" content=\"1\u00a0Minute\" \/>\n<!-- \/ Yoast SEO Premium plugin. -->","yoast_head_json":{"title":"Kultur des Todes in Argentinien: Kongress legalisiert Abtreibung - IFN","robots":{"index":"index","follow":"follow","max-snippet":"max-snippet:-1","max-image-preview":"max-image-preview:large","max-video-preview":"max-video-preview:-1"},"canonical":"https:\/\/ifamnews.com\/de\/kultur-des-todes-in-argentinien-kongress-legalisiert-abtreibung","og_locale":"de_DE","og_type":"article","og_title":"Kultur des Todes in Argentinien: Kongress legalisiert Abtreibung","og_description":"Argentinischer Kongress stimmt f\u00fcr die Legalisierung der Abtreibung. Argentinische Bischofskonferenz: Entscheidung wird die Spaltung im Land vertiefen.","og_url":"https:\/\/ifamnews.com\/de\/kultur-des-todes-in-argentinien-kongress-legalisiert-abtreibung","og_site_name":"IFN","article_publisher":"https:\/\/www.facebook.com\/iFamNews","article_published_time":"2021-01-06T06:09:00+00:00","og_image":[{"width":1200,"height":675,"url":"https:\/\/ifamnews.com\/wp-content\/uploads\/2021\/01\/baby-2616673_1920.jpg","type":"image\/jpeg"}],"author":"Johann R. Porter","twitter_card":"summary_large_image","twitter_creator":"@iFamNewsEN","twitter_site":"@iFamNewsEN","twitter_misc":{"Verfasst von":"Johann R. Porter","Gesch\u00e4tzte Lesezeit":"1\u00a0Minute"},"schema":{"@context":"https:\/\/schema.org","@graph":[{"@type":"NewsArticle","@id":"https:\/\/ifamnews.com\/de\/kultur-des-todes-in-argentinien-kongress-legalisiert-abtreibung#article","isPartOf":{"@id":"https:\/\/ifamnews.com\/de\/kultur-des-todes-in-argentinien-kongress-legalisiert-abtreibung"},"author":{"name":"Johann R. Porter","@id":"https:\/\/ifamnews.com\/en\/#\/schema\/person\/97c5fc10500c93e36c296295ba21a537"},"headline":"Kultur des Todes in Argentinien: Kongress legalisiert Abtreibung","datePublished":"2021-01-06T06:09:00+00:00","mainEntityOfPage":{"@id":"https:\/\/ifamnews.com\/de\/kultur-des-todes-in-argentinien-kongress-legalisiert-abtreibung"},"wordCount":269,"commentCount":0,"publisher":{"@id":"https:\/\/ifamnews.com\/en\/#organization"},"image":{"@id":"https:\/\/ifamnews.com\/de\/kultur-des-todes-in-argentinien-kongress-legalisiert-abtreibung#primaryimage"},"thumbnailUrl":"https:\/\/ifamnews.com\/wp-content\/uploads\/2021\/01\/baby-2616673_1920.jpg","keywords":["Abtreibung","Argentinien","Bischofskonferenz","Kultur des Todes","Lebensschutz"],"articleSection":["Breaking News","Leben","Vordergrund"],"inLanguage":"de","potentialAction":[{"@type":"CommentAction","name":"Comment","target":["https:\/\/ifamnews.com\/de\/kultur-des-todes-in-argentinien-kongress-legalisiert-abtreibung#respond"]}]},{"@type":"WebPage","@id":"https:\/\/ifamnews.com\/de\/kultur-des-todes-in-argentinien-kongress-legalisiert-abtreibung","url":"https:\/\/ifamnews.com\/de\/kultur-des-todes-in-argentinien-kongress-legalisiert-abtreibung","name":"Kultur des Todes in Argentinien: Kongress legalisiert Abtreibung - IFN","isPartOf":{"@id":"https:\/\/ifamnews.com\/en\/#website"},"primaryImageOfPage":{"@id":"https:\/\/ifamnews.com\/de\/kultur-des-todes-in-argentinien-kongress-legalisiert-abtreibung#primaryimage"},"image":{"@id":"https:\/\/ifamnews.com\/de\/kultur-des-todes-in-argentinien-kongress-legalisiert-abtreibung#primaryimage"},"thumbnailUrl":"https:\/\/ifamnews.com\/wp-content\/uploads\/2021\/01\/baby-2616673_1920.jpg","datePublished":"2021-01-06T06:09:00+00:00","breadcrumb":{"@id":"https:\/\/ifamnews.com\/de\/kultur-des-todes-in-argentinien-kongress-legalisiert-abtreibung#breadcrumb"},"inLanguage":"de","potentialAction":[{"@type":"ReadAction","target":["https:\/\/ifamnews.com\/de\/kultur-des-todes-in-argentinien-kongress-legalisiert-abtreibung"]}]},{"@type":"ImageObject","inLanguage":"de","@id":"https:\/\/ifamnews.com\/de\/kultur-des-todes-in-argentinien-kongress-legalisiert-abtreibung#primaryimage","url":"https:\/\/ifamnews.com\/wp-content\/uploads\/2021\/01\/baby-2616673_1920.jpg","contentUrl":"https:\/\/ifamnews.com\/wp-content\/uploads\/2021\/01\/baby-2616673_1920.jpg","width":1200,"height":675},{"@type":"BreadcrumbList","@id":"https:\/\/ifamnews.com\/de\/kultur-des-todes-in-argentinien-kongress-legalisiert-abtreibung#breadcrumb","itemListElement":[{"@type":"ListItem","position":1,"name":"Home","item":"https:\/\/ifamnews.com\/de"},{"@type":"ListItem","position":2,"name":"Leben","item":"https:\/\/ifamnews.com\/de\/kategorie\/leben"},{"@type":"ListItem","position":3,"name":"Kultur des Todes in Argentinien: Kongress legalisiert Abtreibung"}]},{"@type":"WebSite","@id":"https:\/\/ifamnews.com\/en\/#website","url":"https:\/\/ifamnews.com\/en\/","name":"IFN","description":"International Family News Network","publisher":{"@id":"https:\/\/ifamnews.com\/en\/#organization"},"potentialAction":[{"@type":"SearchAction","target":{"@type":"EntryPoint","urlTemplate":"https:\/\/ifamnews.com\/en\/?s={search_term_string}"},"query-input":{"@type":"PropertyValueSpecification","valueRequired":true,"valueName":"search_term_string"}}],"inLanguage":"de"},{"@type":"Organization","@id":"https:\/\/ifamnews.com\/en\/#organization","name":"iFamNews","url":"https:\/\/ifamnews.com\/en\/","logo":{"@type":"ImageObject","inLanguage":"de","@id":"https:\/\/ifamnews.com\/en\/#\/schema\/logo\/image\/","url":"https:\/\/ifamnews.com\/wp-content\/uploads\/2020\/01\/Share-logo.png","contentUrl":"https:\/\/ifamnews.com\/wp-content\/uploads\/2020\/01\/Share-logo.png","width":200,"height":200,"caption":"iFamNews"},"image":{"@id":"https:\/\/ifamnews.com\/en\/#\/schema\/logo\/image\/"},"sameAs":["https:\/\/www.facebook.com\/iFamNews","https:\/\/x.com\/iFamNewsEN"]},{"@type":"Person","@id":"https:\/\/ifamnews.com\/en\/#\/schema\/person\/97c5fc10500c93e36c296295ba21a537","name":"Johann R. Porter","image":{"@type":"ImageObject","inLanguage":"de","@id":"https:\/\/secure.gravatar.com\/avatar\/b295da437fcd0635c3fe53d90b9545df9d7b3b7681f3a87122ec5cef8870a293?s=96&d=mm&r=g","url":"https:\/\/secure.gravatar.com\/avatar\/b295da437fcd0635c3fe53d90b9545df9d7b3b7681f3a87122ec5cef8870a293?s=96&d=mm&r=g","contentUrl":"https:\/\/secure.gravatar.com\/avatar\/b295da437fcd0635c3fe53d90b9545df9d7b3b7681f3a87122ec5cef8870a293?s=96&d=mm&r=g","caption":"Johann R. Porter"},"description":"A German-speaking social scientist and worker in the pro-life movement. [This author writes under a pseudonym.]","url":"https:\/\/ifamnews.com\/de\/author\/jporter"}]}},"amp_enabled":true,"_links":{"self":[{"href":"https:\/\/ifamnews.com\/de\/wp-json\/wp\/v2\/posts\/44444","targetHints":{"allow":["GET"]}}],"collection":[{"href":"https:\/\/ifamnews.com\/de\/wp-json\/wp\/v2\/posts"}],"about":[{"href":"https:\/\/ifamnews.com\/de\/wp-json\/wp\/v2\/types\/post"}],"author":[{"embeddable":true,"href":"https:\/\/ifamnews.com\/de\/wp-json\/wp\/v2\/users\/589"}],"replies":[{"embeddable":true,"href":"https:\/\/ifamnews.com\/de\/wp-json\/wp\/v2\/comments?post=44444"}],"version-history":[{"count":1,"href":"https:\/\/ifamnews.com\/de\/wp-json\/wp\/v2\/posts\/44444\/revisions"}],"predecessor-version":[{"id":44453,"href":"https:\/\/ifamnews.com\/de\/wp-json\/wp\/v2\/posts\/44444\/revisions\/44453"}],"wp:featuredmedia":[{"embeddable":true,"href":"https:\/\/ifamnews.com\/de\/wp-json\/wp\/v2\/media\/44445"}],"wp:attachment":[{"href":"https:\/\/ifamnews.com\/de\/wp-json\/wp\/v2\/media?parent=44444"}],"wp:term":[{"taxonomy":"category","embeddable":true,"href":"https:\/\/ifamnews.com\/de\/wp-json\/wp\/v2\/categories?post=44444"},{"taxonomy":"post_tag","embeddable":true,"href":"https:\/\/ifamnews.com\/de\/wp-json\/wp\/v2\/tags?post=44444"}],"curies":[{"name":"wp","href":"https:\/\/api.w.org\/{rel}","templated":true}]}}