{"id":41389,"date":"2020-12-23T01:00:00","date_gmt":"2020-12-23T06:00:00","guid":{"rendered":"https:\/\/ifamnews.com\/aborto-por-violaci-n-defender-la-vida-frente-a-un-tradicional-argumento-abortista-el-violinista-\/"},"modified":"2020-12-18T12:43:48","modified_gmt":"2020-12-18T17:43:48","slug":"abtreibung-nach-vergewaltigung","status":"publish","type":"post","link":"https:\/\/ifamnews.com\/de\/abtreibung-nach-vergewaltigung","title":{"rendered":"Abtreibung nach Vergewaltigung &#8211; hier das Argument dagegen!"},"content":{"rendered":"\n<p>Wenige Wochen nach dem Tod der Philosophin Judith Thomson, einer Feministin und Professorin am ber\u00fchmten Massachusetts Institute of Technology (MIT) sowie Autorin eines der bekanntesten ethischen Argument zur Abtreibungsbef\u00fcrwortung wollen wir uns dieses Argument einmal genauer ansehen und aufzeigen, was man darauf ganz einfach erwidern kann.<\/p>\n\n\n\n<p>Hier ist das ber\u00fchmte Argument: <em>\u201eStellen Sie sich vor, Sie wachen eines Morgens auf und finden sich in einem Bett liegend, neben einem bewusstlosen Geiger. Einem ber\u00fchmten bewusstlosen Geiger. An ihm wurde eine t\u00f6dliche Nierenkrankheit diagnostiziert und die Gesellschaft der Freunde der Musik hat alle medizinischen Unterlagen durchsucht und festgestellt, dass Sie allein die richtige Blutgruppe haben, um ihm zu helfen. Deshalb hat man Sie entf\u00fchrt. Letzte Nacht wurde Ihr Blutkreislauf an den des Geigers angeschlossen, so dass Ihre Nieren sowohl das Blut des Geigers als auch Ihr eigenes Blut entgiften k\u00f6nnen. Der Krankenhausdirektor sagt nun zu Ihnen: \u201aSehen Sie, wir bedauern sehr, dass die Gesellschaft der Freunde der Musik Ihnen das angetan hat. Wir h\u00e4tten es nie erlaubt, wenn wir davon gewusst h\u00e4tten. Aber sie haben es nun mal getan und jetzt ist der Geiger mit Ihnen verbunden. Ihn abzukoppeln w\u00fcrde bedeuten, ihn zu t\u00f6ten. Aber keine Sorgen, es ist nur f\u00fcr neun Monate. Bis dahin wird er sich von seiner Krankheit erholt haben und kann gefahrlos von Ihnen abgekoppelt werden.\u2019\u201c<\/em> [J. Thomson, Eine Verteidigung der Abtreibung, 1971]<\/p>\n\n\n\n<p>Dieses fiktive Beispiel von Thomson legt nahe, dass das Recht einer Person, nicht get\u00f6tet zu werden, durch das Recht einer anderen Person, \u00fcber den eigenen K\u00f6rper zu bestimmen, zur\u00fcckgedr\u00e4ngt werden kann, wenn diese beiden grundlegenden Menschenrechte in Konflikt zueinander stehen.<\/p>\n\n\n\n<p>In Wirklichkeit verweist diese Analogie auf die M\u00f6glichkeit &#8211; im Falle einer aufgezwungenen Schwangerschaft &#8211; abzutreiben. Offensichtlich ist es in dieser Analogie nicht von Bedeutung, dass es sich um einen Geiger handelt, sondern dass es sich um eine Person handelt; denn die Autorin geht in ihrer Argumentation davon aus, dass das Ungeborene eine Person ist. Ohne Zweifel bestehen viele Gemeinsamkeiten zwischen dem im Argument angef\u00fchrten Geiger und einem ungeborenen Kind.<\/p>\n\n\n\n<p>Die Analogie des Geigers ist wie folgt aufgebaut:<\/p>\n\n\n\n<p>1. Eine Frau, die einen durch Vergewaltigung gezeugten F\u00f6tus austr\u00e4gt, gleicht einer Person, die gezwungenerma\u00dfen mit dem Kreislaufsystem (K\u00f6rper) einer bewusstlosen Person verbunden ist mit dem Zweck diese am Leben zu erhalten.<\/p>\n\n\n\n<p>2. Da die Person gezwungen wurde, an das Kreislaufsystem (K\u00f6rper) der anderen Person angeschlossen zu bleiben, hat sie das Recht, sich von der anderen Person abzukoppeln. Es ist zwar kein heldenhaftes Verhalten, aber es ist ihr Recht.<\/p>\n\n\n\n<p>Schlussfolgerung: Eine Frau, die infolge einer Vergewaltigung schwanger geworden ist, hat das Recht, den F\u00f6tus abzutreiben.<\/p>\n\n\n\n<p><strong>Was kann man auf dieses Argument erwidern, das das Recht auf Abtreibung im Falle einer Vergewaltigung verteidigt?<\/strong><\/p>\n\n\n\n<p>In diesem Zusammenhang werde ich dem von der britischen Philosophin Phillipa Foot und dem australisch-amerikanischen Philosophen John Finnis vorgezeichneten Weg folgen.<\/p>\n\n\n\n<p>An dieser Stelle soll nicht diskutiert werden, ob der F\u00f6tus eine Person ist oder nicht, weil dies in der Analogie des Geigers bereits als Grundannahme feststeht. Dies ist ein guter Punkt, den man in einer Debatte gegen einen Abtreibungsbef\u00fcrworter, der dieses Argument anf\u00fchrt, im Hinterkopf behalten sollte, damit man es sp\u00e4ter bei Gelegenheit gegen ihn verwenden kann.<\/p>\n\n\n\n<p>Im Gegenzug erfordert eine Abtreibung ein unmittelbar menschliches Eingreifen mit dem Ziel, das Leben einer anderen Person zu beenden (da wir bereits festgehalten haben, dass es sich bei dem F\u00f6tus um eine Person handelt). Anders ausgedr\u00fcckt: Das ist Mord. Der nat\u00fcrliche Verlauf einer normalen Schwangerschaft f\u00fchrt zur Geburt, nicht zum Tod des Kindes.<\/p>\n\n\n\n<p>Man kann das Ganze so res\u00fcmieren: EIN LEBEN NICHT ZU RETTEN (Verweigerung von Hilfeleistung), wie in der Geiger-Analogie, ist eine Sache. Eine ganz andere Sache ist JEMANDEM DAS LEBEN ZU NEHMEN (freiwillige Handlung zur Unterbrechung des Lebens einer Person). Der erste Fall ist zwar nicht tugendhaft, aber erlaubt. Der zweite Fall ist kriminell und unerlaubt.<\/p>\n\n\n\n<p>Ich hoffe, ich konnte Ihnen im Hinblick auf Ihre n\u00e4chste Pro-Life-Debatte helfen.<\/p>\n","protected":false},"excerpt":{"rendered":"<p>Argumente gegen die Abtreibungslobby, am Beispiel \u201edes Geigers\u201c\t<\/p>\n","protected":false},"author":576,"featured_media":38639,"comment_status":"open","ping_status":"open","sticky":false,"template":"","format":"standard","meta":{"give_campaign_id":0,"om_disable_all_campaigns":false,"_monsterinsights_skip_tracking":false,"_monsterinsights_sitenote_active":false,"_monsterinsights_sitenote_note":"","_monsterinsights_sitenote_category":0,"mc4wp_mailchimp_campaign":[],"jnews-multi-image_gallery":[],"jnews_single_post":{"subtitle":"","format":"standard","video":"","gallery":"","source_name":"","source_url":"","via_name":"","via_url":"","override":[{"single_blog_custom":"","sidebar":"","second_sidebar":"","share_position":"","share_float_style":"","post_date_format":"","post_date_format_custom":"","post_reading_time_wpm":"","zoom_button_out_step":"1","zoom_button_in_step":"1","number_popup_post":"1"}],"image_override":[{"single_post_thumbnail_size":"","single_post_gallery_size":""}],"trending_post_position":"","trending_post_label":"","sponsored_post_label":"","sponsored_post_name":"","sponsored_post_url":"","sponsored_post_logo":"","sponsored_post_desc":""},"jnews_primary_category":{"id":"771"},"jnews_social_meta":{"fb_title":"","fb_description":"","fb_image":"","twitter_title":"","twitter_description":"","twitter_image":""},"jnews_override_counter":{"view_counter_number":"0","share_counter_number":"0","like_counter_number":"0","dislike_counter_number":"0"},"footnotes":""},"categories":[816,811,771],"tags":[1906,2561,5386],"class_list":["post-41389","post","type-post","status-publish","format-standard","has-post-thumbnail","hentry","category-breaking-news-de","category-foreground-de","category-wissenschaft","tag-abtreibung","tag-abtreibungslobby","tag-ethik"],"yoast_head":"<!-- This site is optimized with the Yoast SEO Premium plugin v25.9 (Yoast SEO v27.3) - https:\/\/yoast.com\/product\/yoast-seo-premium-wordpress\/ -->\n<title>Abtreibung nach Vergewaltigung - hier das Argument dagegen! - IFN<\/title>\n<meta name=\"robots\" content=\"index, follow, max-snippet:-1, max-image-preview:large, max-video-preview:-1\" \/>\n<link rel=\"canonical\" href=\"https:\/\/ifamnews.com\/de\/abtreibung-nach-vergewaltigung\" \/>\n<meta property=\"og:locale\" content=\"de_DE\" \/>\n<meta property=\"og:type\" content=\"article\" \/>\n<meta property=\"og:title\" content=\"Abtreibung nach Vergewaltigung - hier das Argument dagegen!\" \/>\n<meta property=\"og:description\" content=\"Argumente gegen die Abtreibungslobby, am Beispiel \u201edes Geigers\u201c\" \/>\n<meta property=\"og:url\" content=\"https:\/\/ifamnews.com\/de\/abtreibung-nach-vergewaltigung\" \/>\n<meta property=\"og:site_name\" content=\"IFN\" \/>\n<meta property=\"article:publisher\" content=\"https:\/\/www.facebook.com\/iFamNews\" \/>\n<meta property=\"article:published_time\" content=\"2020-12-23T06:00:00+00:00\" \/>\n<meta property=\"og:image\" content=\"https:\/\/ifamnews.com\/wp-content\/uploads\/2020\/12\/Transfusion.png\" \/>\n\t<meta property=\"og:image:width\" content=\"1200\" \/>\n\t<meta property=\"og:image:height\" content=\"675\" \/>\n\t<meta property=\"og:image:type\" content=\"image\/png\" \/>\n<meta name=\"author\" content=\"Cedric Lenners\" \/>\n<meta name=\"twitter:card\" content=\"summary_large_image\" \/>\n<meta name=\"twitter:creator\" content=\"@iFamNewsEN\" \/>\n<meta name=\"twitter:site\" content=\"@iFamNewsEN\" \/>\n<meta name=\"twitter:label1\" content=\"Verfasst von\" \/>\n\t<meta name=\"twitter:data1\" content=\"Cedric Lenners\" \/>\n\t<meta name=\"twitter:label2\" content=\"Gesch\u00e4tzte Lesezeit\" \/>\n\t<meta name=\"twitter:data2\" content=\"3\u00a0Minuten\" \/>\n<!-- \/ Yoast SEO Premium plugin. -->","yoast_head_json":{"title":"Abtreibung nach Vergewaltigung - hier das Argument dagegen! - IFN","robots":{"index":"index","follow":"follow","max-snippet":"max-snippet:-1","max-image-preview":"max-image-preview:large","max-video-preview":"max-video-preview:-1"},"canonical":"https:\/\/ifamnews.com\/de\/abtreibung-nach-vergewaltigung","og_locale":"de_DE","og_type":"article","og_title":"Abtreibung nach Vergewaltigung - hier das Argument dagegen!","og_description":"Argumente gegen die Abtreibungslobby, am Beispiel \u201edes Geigers\u201c","og_url":"https:\/\/ifamnews.com\/de\/abtreibung-nach-vergewaltigung","og_site_name":"IFN","article_publisher":"https:\/\/www.facebook.com\/iFamNews","article_published_time":"2020-12-23T06:00:00+00:00","og_image":[{"width":1200,"height":675,"url":"https:\/\/ifamnews.com\/wp-content\/uploads\/2020\/12\/Transfusion.png","type":"image\/png"}],"author":"Cedric Lenners","twitter_card":"summary_large_image","twitter_creator":"@iFamNewsEN","twitter_site":"@iFamNewsEN","twitter_misc":{"Verfasst von":"Cedric Lenners","Gesch\u00e4tzte Lesezeit":"3\u00a0Minuten"},"schema":{"@context":"https:\/\/schema.org","@graph":[{"@type":"NewsArticle","@id":"https:\/\/ifamnews.com\/de\/abtreibung-nach-vergewaltigung#article","isPartOf":{"@id":"https:\/\/ifamnews.com\/de\/abtreibung-nach-vergewaltigung"},"author":{"name":"Cedric Lenners","@id":"https:\/\/ifamnews.com\/en\/#\/schema\/person\/73366277df7b3482ebc184bb8f40def2"},"headline":"Abtreibung nach Vergewaltigung &#8211; hier das Argument dagegen!","datePublished":"2020-12-23T06:00:00+00:00","mainEntityOfPage":{"@id":"https:\/\/ifamnews.com\/de\/abtreibung-nach-vergewaltigung"},"wordCount":682,"commentCount":0,"publisher":{"@id":"https:\/\/ifamnews.com\/en\/#organization"},"image":{"@id":"https:\/\/ifamnews.com\/de\/abtreibung-nach-vergewaltigung#primaryimage"},"thumbnailUrl":"https:\/\/ifamnews.com\/wp-content\/uploads\/2020\/12\/Transfusion.png","keywords":["Abtreibung","Abtreibungslobby","Ethik"],"articleSection":["Breaking News","Vordergrund","Wissenschaft"],"inLanguage":"de","potentialAction":[{"@type":"CommentAction","name":"Comment","target":["https:\/\/ifamnews.com\/de\/abtreibung-nach-vergewaltigung#respond"]}]},{"@type":"WebPage","@id":"https:\/\/ifamnews.com\/de\/abtreibung-nach-vergewaltigung","url":"https:\/\/ifamnews.com\/de\/abtreibung-nach-vergewaltigung","name":"Abtreibung nach Vergewaltigung - hier das Argument dagegen! - IFN","isPartOf":{"@id":"https:\/\/ifamnews.com\/en\/#website"},"primaryImageOfPage":{"@id":"https:\/\/ifamnews.com\/de\/abtreibung-nach-vergewaltigung#primaryimage"},"image":{"@id":"https:\/\/ifamnews.com\/de\/abtreibung-nach-vergewaltigung#primaryimage"},"thumbnailUrl":"https:\/\/ifamnews.com\/wp-content\/uploads\/2020\/12\/Transfusion.png","datePublished":"2020-12-23T06:00:00+00:00","breadcrumb":{"@id":"https:\/\/ifamnews.com\/de\/abtreibung-nach-vergewaltigung#breadcrumb"},"inLanguage":"de","potentialAction":[{"@type":"ReadAction","target":["https:\/\/ifamnews.com\/de\/abtreibung-nach-vergewaltigung"]}]},{"@type":"ImageObject","inLanguage":"de","@id":"https:\/\/ifamnews.com\/de\/abtreibung-nach-vergewaltigung#primaryimage","url":"https:\/\/ifamnews.com\/wp-content\/uploads\/2020\/12\/Transfusion.png","contentUrl":"https:\/\/ifamnews.com\/wp-content\/uploads\/2020\/12\/Transfusion.png","width":1200,"height":675},{"@type":"BreadcrumbList","@id":"https:\/\/ifamnews.com\/de\/abtreibung-nach-vergewaltigung#breadcrumb","itemListElement":[{"@type":"ListItem","position":1,"name":"Home","item":"https:\/\/ifamnews.com\/de"},{"@type":"ListItem","position":2,"name":"Science","item":"https:\/\/ifamnews.com\/en\/category\/science"},{"@type":"ListItem","position":3,"name":"Abtreibung nach Vergewaltigung &#8211; hier das Argument dagegen!"}]},{"@type":"WebSite","@id":"https:\/\/ifamnews.com\/en\/#website","url":"https:\/\/ifamnews.com\/en\/","name":"IFN","description":"International Family News Network","publisher":{"@id":"https:\/\/ifamnews.com\/en\/#organization"},"potentialAction":[{"@type":"SearchAction","target":{"@type":"EntryPoint","urlTemplate":"https:\/\/ifamnews.com\/en\/?s={search_term_string}"},"query-input":{"@type":"PropertyValueSpecification","valueRequired":true,"valueName":"search_term_string"}}],"inLanguage":"de"},{"@type":"Organization","@id":"https:\/\/ifamnews.com\/en\/#organization","name":"iFamNews","url":"https:\/\/ifamnews.com\/en\/","logo":{"@type":"ImageObject","inLanguage":"de","@id":"https:\/\/ifamnews.com\/en\/#\/schema\/logo\/image\/","url":"https:\/\/ifamnews.com\/wp-content\/uploads\/2020\/01\/Share-logo.png","contentUrl":"https:\/\/ifamnews.com\/wp-content\/uploads\/2020\/01\/Share-logo.png","width":200,"height":200,"caption":"iFamNews"},"image":{"@id":"https:\/\/ifamnews.com\/en\/#\/schema\/logo\/image\/"},"sameAs":["https:\/\/www.facebook.com\/iFamNews","https:\/\/x.com\/iFamNewsEN"]},{"@type":"Person","@id":"https:\/\/ifamnews.com\/en\/#\/schema\/person\/73366277df7b3482ebc184bb8f40def2","name":"Cedric Lenners","image":{"@type":"ImageObject","inLanguage":"de","@id":"https:\/\/secure.gravatar.com\/avatar\/bdac3284aa50463573957490dbb609012f59949b6b777ba5cf3ea6c85bbddb3a?s=96&d=mm&r=g","url":"https:\/\/secure.gravatar.com\/avatar\/bdac3284aa50463573957490dbb609012f59949b6b777ba5cf3ea6c85bbddb3a?s=96&d=mm&r=g","contentUrl":"https:\/\/secure.gravatar.com\/avatar\/bdac3284aa50463573957490dbb609012f59949b6b777ba5cf3ea6c85bbddb3a?s=96&d=mm&r=g","caption":"Cedric Lenners"},"description":"Master of Science in Physics, with minors in Philosophy and Theology. Born and raised in Belgium, he has been living in Peru for many years. Lecturer and Professor, he has also been a professional poker player. He has done pro-life works in Latin America. Among those is the articulation for pro-life and pro-family organizations in Lima. He made an investigation showing the financing by Planned Parenthood of Latin American NGOs illegally promoting and encouraging abortions. Advise families to ease and promote foster care of children in an abandonment situation in Peru.","url":"https:\/\/ifamnews.com\/de\/author\/cedric-lenners"}]}},"amp_enabled":true,"_links":{"self":[{"href":"https:\/\/ifamnews.com\/de\/wp-json\/wp\/v2\/posts\/41389","targetHints":{"allow":["GET"]}}],"collection":[{"href":"https:\/\/ifamnews.com\/de\/wp-json\/wp\/v2\/posts"}],"about":[{"href":"https:\/\/ifamnews.com\/de\/wp-json\/wp\/v2\/types\/post"}],"author":[{"embeddable":true,"href":"https:\/\/ifamnews.com\/de\/wp-json\/wp\/v2\/users\/576"}],"replies":[{"embeddable":true,"href":"https:\/\/ifamnews.com\/de\/wp-json\/wp\/v2\/comments?post=41389"}],"version-history":[{"count":3,"href":"https:\/\/ifamnews.com\/de\/wp-json\/wp\/v2\/posts\/41389\/revisions"}],"predecessor-version":[{"id":44771,"href":"https:\/\/ifamnews.com\/de\/wp-json\/wp\/v2\/posts\/41389\/revisions\/44771"}],"wp:featuredmedia":[{"embeddable":true,"href":"https:\/\/ifamnews.com\/de\/wp-json\/wp\/v2\/media\/38639"}],"wp:attachment":[{"href":"https:\/\/ifamnews.com\/de\/wp-json\/wp\/v2\/media?parent=41389"}],"wp:term":[{"taxonomy":"category","embeddable":true,"href":"https:\/\/ifamnews.com\/de\/wp-json\/wp\/v2\/categories?post=41389"},{"taxonomy":"post_tag","embeddable":true,"href":"https:\/\/ifamnews.com\/de\/wp-json\/wp\/v2\/tags?post=41389"}],"curies":[{"name":"wp","href":"https:\/\/api.w.org\/{rel}","templated":true}]}}