{"id":40888,"date":"2020-12-16T01:27:00","date_gmt":"2020-12-16T06:27:00","guid":{"rendered":"https:\/\/ifamnews.com\/?p=40888"},"modified":"2020-12-16T03:46:33","modified_gmt":"2020-12-16T08:46:33","slug":"-sterreich-selbstt-tung-kommt-2022","status":"publish","type":"post","link":"https:\/\/ifamnews.com\/de\/-sterreich-selbstt-tung-kommt-2022","title":{"rendered":"\u00d6sterreich: Selbstt\u00f6tung kommt 2022"},"content":{"rendered":"\n<p>Der \u00d6sterreichische Verfassungsgerichtshof (VfGH) hat am Freitag das Verbot zur Beihilfe zum Selbstmord aufgehoben. Das bisherige Verbot versto\u00dfe nach <a href=\"https:\/\/vfgh.gv.at\/medien\/VfGH__Es_ist_verfassungswidrig__jede_Art_der_Hilfe_zu.de.php\">Auffassung des Wiener Gerichts<\/a> gegen das Recht auf Selbstbestimmung, welches \u201esowohl das Recht auf die Gestaltung des Lebens als auch das Recht auf ein menschenw\u00fcrdiges Sterben\u201c umfasse. Die Aufhebung tritt mit Ablauf des 31. Dezember 2021 in Kraft.<\/p>\n\n\n\n<p>Geklagt hatten mehrere Betroffene, darunter zwei Schwerkranke. Sie waren der Auffassung, \u00a7 78 Strafgesetzbuch (StGB) sei verfassungswidrig. Er versto\u00dfe gegen das Recht auf Selbstbestimmung, indem dieser Tatbestand ausnahmslos jede Hilfeleistung zum Suizid unter allen Umst\u00e4nden verbiete. Dem folgte der VfGH.<\/p>\n\n\n\n<p>Die \u00d6sterreichische Bischofskonferenz nahm die Entscheidung des VfGH mit Best\u00fcrzung auf, <a href=\"https:\/\/bischofskonferenz.at\/132514\/bischoefe-sterbehilfe-urteil-ist-kulturbruch-und-gefaehrdet-solidaritaet\">sie bedeute einen Kulturbruch<\/a>: \u201eJeder Mensch in \u00d6sterreich konnte bislang davon ausgehen, dass sein Leben als bedingungslos wertvoll erachtet wird &#8211; bis zu seinem nat\u00fcrlichen Tod. Diesem Konsens hat das H\u00f6chstgericht mit seiner Entscheidung eine wesentliche Grundlage entzogen.\u201c Der Mensch solle an der Hand eines anderen, aber nicht durch die Hand eines anderen sterben.<\/p>\n","protected":false},"excerpt":{"rendered":"<p>Gericht kippt Verbot zur Suizidbeihilfe in \u00d6sterreich. \u00d6sterreichische Bisch\u00f6fe reagieren mit Best\u00fcrzung: Entscheidung ist Kulturbruch.<\/p>\n","protected":false},"author":589,"featured_media":41321,"comment_status":"open","ping_status":"open","sticky":false,"template":"","format":"standard","meta":{"give_campaign_id":0,"om_disable_all_campaigns":false,"_monsterinsights_skip_tracking":false,"_monsterinsights_sitenote_active":false,"_monsterinsights_sitenote_note":"","_monsterinsights_sitenote_category":0,"mc4wp_mailchimp_campaign":[],"jnews-multi-image_gallery":[],"jnews_single_post":{"subtitle":"Gericht kippt Verbot zur Suizidbeihilfe in \u00d6sterreich. \u00d6sterreichische Bisch\u00f6fe reagieren mit Best\u00fcrzung: Entscheidung ist Kulturbruch.","format":"standard","video":"","gallery":"","source_name":"","source_url":"","via_name":"","via_url":"","override":[{"single_blog_custom":"","sidebar":"","second_sidebar":"","share_position":"","share_float_style":"","post_date_format":"","post_date_format_custom":"","post_reading_time_wpm":"","zoom_button_out_step":"1","zoom_button_in_step":"1","number_popup_post":"1"}],"image_override":[{"single_post_thumbnail_size":"","single_post_gallery_size":""}],"trending_post_position":"","trending_post_label":"","sponsored_post_label":"","sponsored_post_name":"","sponsored_post_url":"","sponsored_post_logo":"","sponsored_post_desc":""},"jnews_primary_category":{"id":"820"},"jnews_social_meta":{"fb_title":"","fb_description":"","fb_image":"","twitter_title":"","twitter_description":"","twitter_image":""},"jnews_override_counter":{"view_counter_number":"0","share_counter_number":"0","like_counter_number":"0","dislike_counter_number":"0"},"footnotes":""},"categories":[816,820,811],"tags":[3155,1666,6884,4515,6881],"class_list":["post-40888","post","type-post","status-publish","format-standard","has-post-thumbnail","hentry","category-breaking-news-de","category-leben","category-foreground-de","tag-bischoefe","tag-euthanasie-2","tag-gericht","tag-oesterreich","tag-selbsttoetung"],"yoast_head":"<!-- This site is optimized with the Yoast SEO Premium plugin v25.9 (Yoast SEO v27.3) - https:\/\/yoast.com\/product\/yoast-seo-premium-wordpress\/ -->\n<title>\u00d6sterreich: Selbstt\u00f6tung kommt 2022 - IFN<\/title>\n<meta name=\"robots\" content=\"index, follow, max-snippet:-1, max-image-preview:large, max-video-preview:-1\" \/>\n<link rel=\"canonical\" href=\"https:\/\/ifamnews.com\/de\/-sterreich-selbstt-tung-kommt-2022\" \/>\n<meta property=\"og:locale\" content=\"de_DE\" \/>\n<meta property=\"og:type\" content=\"article\" \/>\n<meta property=\"og:title\" content=\"\u00d6sterreich: Selbstt\u00f6tung kommt 2022\" \/>\n<meta property=\"og:description\" content=\"Gericht kippt Verbot zur Suizidbeihilfe in \u00d6sterreich. \u00d6sterreichische Bisch\u00f6fe reagieren mit Best\u00fcrzung: Entscheidung ist Kulturbruch.\" \/>\n<meta property=\"og:url\" content=\"https:\/\/ifamnews.com\/de\/-sterreich-selbstt-tung-kommt-2022\" \/>\n<meta property=\"og:site_name\" content=\"IFN\" \/>\n<meta property=\"article:publisher\" content=\"https:\/\/www.facebook.com\/iFamNews\" \/>\n<meta property=\"article:published_time\" content=\"2020-12-16T06:27:00+00:00\" \/>\n<meta property=\"article:modified_time\" content=\"2020-12-16T08:46:33+00:00\" \/>\n<meta property=\"og:image\" content=\"https:\/\/ifamnews.com\/wp-content\/uploads\/2020\/12\/woman-1246587_960_720.jpg\" \/>\n\t<meta property=\"og:image:width\" content=\"960\" \/>\n\t<meta property=\"og:image:height\" content=\"638\" \/>\n\t<meta property=\"og:image:type\" content=\"image\/jpeg\" \/>\n<meta name=\"author\" content=\"Johann R. Porter\" \/>\n<meta name=\"twitter:card\" content=\"summary_large_image\" \/>\n<meta name=\"twitter:creator\" content=\"@iFamNewsEN\" \/>\n<meta name=\"twitter:site\" content=\"@iFamNewsEN\" \/>\n<meta name=\"twitter:label1\" content=\"Verfasst von\" \/>\n\t<meta name=\"twitter:data1\" content=\"Johann R. Porter\" \/>\n\t<meta name=\"twitter:label2\" content=\"Gesch\u00e4tzte Lesezeit\" \/>\n\t<meta name=\"twitter:data2\" content=\"1\u00a0Minute\" \/>\n<!-- \/ Yoast SEO Premium plugin. -->","yoast_head_json":{"title":"\u00d6sterreich: Selbstt\u00f6tung kommt 2022 - IFN","robots":{"index":"index","follow":"follow","max-snippet":"max-snippet:-1","max-image-preview":"max-image-preview:large","max-video-preview":"max-video-preview:-1"},"canonical":"https:\/\/ifamnews.com\/de\/-sterreich-selbstt-tung-kommt-2022","og_locale":"de_DE","og_type":"article","og_title":"\u00d6sterreich: Selbstt\u00f6tung kommt 2022","og_description":"Gericht kippt Verbot zur Suizidbeihilfe in \u00d6sterreich. \u00d6sterreichische Bisch\u00f6fe reagieren mit Best\u00fcrzung: Entscheidung ist Kulturbruch.","og_url":"https:\/\/ifamnews.com\/de\/-sterreich-selbstt-tung-kommt-2022","og_site_name":"IFN","article_publisher":"https:\/\/www.facebook.com\/iFamNews","article_published_time":"2020-12-16T06:27:00+00:00","article_modified_time":"2020-12-16T08:46:33+00:00","og_image":[{"width":960,"height":638,"url":"https:\/\/ifamnews.com\/wp-content\/uploads\/2020\/12\/woman-1246587_960_720.jpg","type":"image\/jpeg"}],"author":"Johann R. Porter","twitter_card":"summary_large_image","twitter_creator":"@iFamNewsEN","twitter_site":"@iFamNewsEN","twitter_misc":{"Verfasst von":"Johann R. Porter","Gesch\u00e4tzte Lesezeit":"1\u00a0Minute"},"schema":{"@context":"https:\/\/schema.org","@graph":[{"@type":"NewsArticle","@id":"https:\/\/ifamnews.com\/de\/-sterreich-selbstt-tung-kommt-2022#article","isPartOf":{"@id":"https:\/\/ifamnews.com\/de\/-sterreich-selbstt-tung-kommt-2022"},"author":{"name":"Johann R. Porter","@id":"https:\/\/ifamnews.com\/en\/#\/schema\/person\/97c5fc10500c93e36c296295ba21a537"},"headline":"\u00d6sterreich: Selbstt\u00f6tung kommt 2022","datePublished":"2020-12-16T06:27:00+00:00","dateModified":"2020-12-16T08:46:33+00:00","mainEntityOfPage":{"@id":"https:\/\/ifamnews.com\/de\/-sterreich-selbstt-tung-kommt-2022"},"wordCount":169,"commentCount":0,"publisher":{"@id":"https:\/\/ifamnews.com\/en\/#organization"},"image":{"@id":"https:\/\/ifamnews.com\/de\/-sterreich-selbstt-tung-kommt-2022#primaryimage"},"thumbnailUrl":"https:\/\/ifamnews.com\/wp-content\/uploads\/2020\/12\/woman-1246587_960_720.jpg","keywords":["Bisch\u00f6fe","Euthanasie","Gericht","\u00d6sterreich","Selbstt\u00f6tung"],"articleSection":["Breaking News","Leben","Vordergrund"],"inLanguage":"de","potentialAction":[{"@type":"CommentAction","name":"Comment","target":["https:\/\/ifamnews.com\/de\/-sterreich-selbstt-tung-kommt-2022#respond"]}]},{"@type":"WebPage","@id":"https:\/\/ifamnews.com\/de\/-sterreich-selbstt-tung-kommt-2022","url":"https:\/\/ifamnews.com\/de\/-sterreich-selbstt-tung-kommt-2022","name":"\u00d6sterreich: Selbstt\u00f6tung kommt 2022 - IFN","isPartOf":{"@id":"https:\/\/ifamnews.com\/en\/#website"},"primaryImageOfPage":{"@id":"https:\/\/ifamnews.com\/de\/-sterreich-selbstt-tung-kommt-2022#primaryimage"},"image":{"@id":"https:\/\/ifamnews.com\/de\/-sterreich-selbstt-tung-kommt-2022#primaryimage"},"thumbnailUrl":"https:\/\/ifamnews.com\/wp-content\/uploads\/2020\/12\/woman-1246587_960_720.jpg","datePublished":"2020-12-16T06:27:00+00:00","dateModified":"2020-12-16T08:46:33+00:00","breadcrumb":{"@id":"https:\/\/ifamnews.com\/de\/-sterreich-selbstt-tung-kommt-2022#breadcrumb"},"inLanguage":"de","potentialAction":[{"@type":"ReadAction","target":["https:\/\/ifamnews.com\/de\/-sterreich-selbstt-tung-kommt-2022"]}]},{"@type":"ImageObject","inLanguage":"de","@id":"https:\/\/ifamnews.com\/de\/-sterreich-selbstt-tung-kommt-2022#primaryimage","url":"https:\/\/ifamnews.com\/wp-content\/uploads\/2020\/12\/woman-1246587_960_720.jpg","contentUrl":"https:\/\/ifamnews.com\/wp-content\/uploads\/2020\/12\/woman-1246587_960_720.jpg","width":960,"height":638,"caption":"Bildquelle: Pixabay"},{"@type":"BreadcrumbList","@id":"https:\/\/ifamnews.com\/de\/-sterreich-selbstt-tung-kommt-2022#breadcrumb","itemListElement":[{"@type":"ListItem","position":1,"name":"Home","item":"https:\/\/ifamnews.com\/de"},{"@type":"ListItem","position":2,"name":"Leben","item":"https:\/\/ifamnews.com\/de\/kategorie\/leben"},{"@type":"ListItem","position":3,"name":"\u00d6sterreich: Selbstt\u00f6tung kommt 2022"}]},{"@type":"WebSite","@id":"https:\/\/ifamnews.com\/en\/#website","url":"https:\/\/ifamnews.com\/en\/","name":"IFN","description":"International Family News Network","publisher":{"@id":"https:\/\/ifamnews.com\/en\/#organization"},"potentialAction":[{"@type":"SearchAction","target":{"@type":"EntryPoint","urlTemplate":"https:\/\/ifamnews.com\/en\/?s={search_term_string}"},"query-input":{"@type":"PropertyValueSpecification","valueRequired":true,"valueName":"search_term_string"}}],"inLanguage":"de"},{"@type":"Organization","@id":"https:\/\/ifamnews.com\/en\/#organization","name":"iFamNews","url":"https:\/\/ifamnews.com\/en\/","logo":{"@type":"ImageObject","inLanguage":"de","@id":"https:\/\/ifamnews.com\/en\/#\/schema\/logo\/image\/","url":"https:\/\/ifamnews.com\/wp-content\/uploads\/2020\/01\/Share-logo.png","contentUrl":"https:\/\/ifamnews.com\/wp-content\/uploads\/2020\/01\/Share-logo.png","width":200,"height":200,"caption":"iFamNews"},"image":{"@id":"https:\/\/ifamnews.com\/en\/#\/schema\/logo\/image\/"},"sameAs":["https:\/\/www.facebook.com\/iFamNews","https:\/\/x.com\/iFamNewsEN"]},{"@type":"Person","@id":"https:\/\/ifamnews.com\/en\/#\/schema\/person\/97c5fc10500c93e36c296295ba21a537","name":"Johann R. Porter","image":{"@type":"ImageObject","inLanguage":"de","@id":"https:\/\/secure.gravatar.com\/avatar\/b295da437fcd0635c3fe53d90b9545df9d7b3b7681f3a87122ec5cef8870a293?s=96&d=mm&r=g","url":"https:\/\/secure.gravatar.com\/avatar\/b295da437fcd0635c3fe53d90b9545df9d7b3b7681f3a87122ec5cef8870a293?s=96&d=mm&r=g","contentUrl":"https:\/\/secure.gravatar.com\/avatar\/b295da437fcd0635c3fe53d90b9545df9d7b3b7681f3a87122ec5cef8870a293?s=96&d=mm&r=g","caption":"Johann R. Porter"},"description":"A German-speaking social scientist and worker in the pro-life movement. [This author writes under a pseudonym.]","url":"https:\/\/ifamnews.com\/de\/author\/jporter"}]}},"amp_enabled":true,"_links":{"self":[{"href":"https:\/\/ifamnews.com\/de\/wp-json\/wp\/v2\/posts\/40888","targetHints":{"allow":["GET"]}}],"collection":[{"href":"https:\/\/ifamnews.com\/de\/wp-json\/wp\/v2\/posts"}],"about":[{"href":"https:\/\/ifamnews.com\/de\/wp-json\/wp\/v2\/types\/post"}],"author":[{"embeddable":true,"href":"https:\/\/ifamnews.com\/de\/wp-json\/wp\/v2\/users\/589"}],"replies":[{"embeddable":true,"href":"https:\/\/ifamnews.com\/de\/wp-json\/wp\/v2\/comments?post=40888"}],"version-history":[{"count":1,"href":"https:\/\/ifamnews.com\/de\/wp-json\/wp\/v2\/posts\/40888\/revisions"}],"predecessor-version":[{"id":40899,"href":"https:\/\/ifamnews.com\/de\/wp-json\/wp\/v2\/posts\/40888\/revisions\/40899"}],"wp:featuredmedia":[{"embeddable":true,"href":"https:\/\/ifamnews.com\/de\/wp-json\/wp\/v2\/media\/41321"}],"wp:attachment":[{"href":"https:\/\/ifamnews.com\/de\/wp-json\/wp\/v2\/media?parent=40888"}],"wp:term":[{"taxonomy":"category","embeddable":true,"href":"https:\/\/ifamnews.com\/de\/wp-json\/wp\/v2\/categories?post=40888"},{"taxonomy":"post_tag","embeddable":true,"href":"https:\/\/ifamnews.com\/de\/wp-json\/wp\/v2\/tags?post=40888"}],"curies":[{"name":"wp","href":"https:\/\/api.w.org\/{rel}","templated":true}]}}