{"id":40014,"date":"2020-12-09T03:28:36","date_gmt":"2020-12-09T08:28:36","guid":{"rendered":"https:\/\/ifamnews.com\/?p=40014"},"modified":"2020-12-09T03:39:22","modified_gmt":"2020-12-09T08:39:22","slug":"polnische-bisch-fe-kritisieren-eu-entschluss-zum-recht-auf-abtreibung-","status":"publish","type":"post","link":"https:\/\/ifamnews.com\/de\/polnische-bisch-fe-kritisieren-eu-entschluss-zum-recht-auf-abtreibung-","title":{"rendered":"Polnische Bisch\u00f6fe kritisieren EU-Entschluss zum \u201eRecht auf Abtreibung\u201c"},"content":{"rendered":"\n<p>Der Vorsitzende des polnischen Episkopats, Erzbischof Stanislaw G\u0105decki, stellte in einer Anfang Dezember ver\u00f6ffentlichten Erwiderung an das EU-Parlament klar, dass es in der Diskussion um das menschliche Leben keinen Kompromiss geben k\u00f6nne: \u201eIn keiner demokratischen Rechtsordnung kann es das Recht geben, eine unschuldige Person zu t\u00f6ten.\u201c <\/p>\n\n\n\n<p>Den Titel der Resolution bezeichnete der Erzbischof als irref\u00fchrend, da es weder im Licht der Ethik noch v\u00f6lkerrechtlich ein \u201eRecht auf Abtreibung\u201c gebe.<\/p>\n\n\n\n<p>Das EU-Parlament hatte Ende November als Reaktion auf einen Richterspruch des polnischen Verfassungsgerichts ein de-facto Verbot der Abtreibung in Polen moniert. Die richterliche Entscheidung hatte Abtreibung auch bei schweren Fehlbildungen des ungeborenen Kindes f\u00fcr unzul\u00e4ssig erkl\u00e4rt. Mit einem Verweis auf die EU-eigene Grundrechtecharta erinnerte G\u0105decki daran, dass \u201ejeder Mensch das Recht auf Leben hat\u201c (Art. 2 Abs. 1). Dieses grundlegende Menschenrecht habe immer Vorrang vor dem Recht zur Wahl, \u201edenn kein Mensch kann autoritativ die M\u00f6glichkeit zulassen, einen anderen zu t\u00f6ten.\u201c Deshalb sei \u201edas Gerede \u00fcber den sogenannten Rechtskompromiss zum Schutz des Lebens eine Verf\u00e4lschung der Realit\u00e4t, weil es den wichtigsten Dritten im Streitfall, n\u00e4mlich das ungeborene Kind und sein unver\u00e4u\u00dferliches Recht auf Leben, ausl\u00e4sst.\u201c<\/p>\n","protected":false},"excerpt":{"rendered":"<p>Erzbischof Stanislaw Gadecki  weist vom EU-Parlament postuliertes Recht auf Abtreibung scharf zur\u00fcck.<\/p>\n","protected":false},"author":589,"featured_media":40007,"comment_status":"open","ping_status":"open","sticky":false,"template":"","format":"standard","meta":{"give_campaign_id":0,"om_disable_all_campaigns":false,"_monsterinsights_skip_tracking":false,"_monsterinsights_sitenote_active":false,"_monsterinsights_sitenote_note":"","_monsterinsights_sitenote_category":0,"mc4wp_mailchimp_campaign":[],"jnews-multi-image_gallery":[],"jnews_single_post":{"subtitle":"Erzbischof Stanislaw Gadecki  weist vom EU-Parlament postuliertes Recht auf Abtreibung scharf zur\u00fcck.","format":"standard","video":"","gallery":"","source_name":"","source_url":"","via_name":"","via_url":"","override":[{"single_blog_custom":"","sidebar":"","second_sidebar":"","share_position":"","share_float_style":"","post_date_format":"","post_date_format_custom":"","post_reading_time_wpm":"","zoom_button_out_step":"1","zoom_button_in_step":"1","number_popup_post":"1"}],"image_override":[{"single_post_thumbnail_size":"","single_post_gallery_size":""}],"trending_post_position":"","trending_post_label":"","sponsored_post_label":"","sponsored_post_name":"","sponsored_post_url":"","sponsored_post_logo":"","sponsored_post_desc":""},"jnews_primary_category":{"id":"768"},"jnews_social_meta":{"fb_title":"","fb_description":"","fb_image":"","twitter_title":"","twitter_description":"","twitter_image":""},"jnews_override_counter":{"view_counter_number":"0","share_counter_number":"0","like_counter_number":"0","dislike_counter_number":"0"},"footnotes":""},"categories":[816,768,811],"tags":[1906,6781,1837],"class_list":["post-40014","post","type-post","status-publish","format-standard","has-post-thumbnail","hentry","category-breaking-news-de","category-politik","category-foreground-de","tag-abtreibung","tag-eu-parlament-2","tag-polen"],"yoast_head":"<!-- This site is optimized with the Yoast SEO Premium plugin v25.9 (Yoast SEO v27.3) - https:\/\/yoast.com\/product\/yoast-seo-premium-wordpress\/ -->\n<title>Polnische Bisch\u00f6fe kritisieren EU-Entschluss zum \u201eRecht auf Abtreibung\u201c - IFN<\/title>\n<meta name=\"robots\" content=\"index, follow, max-snippet:-1, max-image-preview:large, max-video-preview:-1\" \/>\n<link rel=\"canonical\" href=\"https:\/\/ifamnews.com\/de\/polnische-bisch-fe-kritisieren-eu-entschluss-zum-recht-auf-abtreibung-\" \/>\n<meta property=\"og:locale\" content=\"de_DE\" \/>\n<meta property=\"og:type\" content=\"article\" \/>\n<meta property=\"og:title\" content=\"Polnische Bisch\u00f6fe kritisieren EU-Entschluss zum \u201eRecht auf Abtreibung\u201c\" \/>\n<meta property=\"og:description\" content=\"Erzbischof Stanislaw Gadecki weist vom EU-Parlament postuliertes Recht auf Abtreibung scharf zur\u00fcck.\" \/>\n<meta property=\"og:url\" content=\"https:\/\/ifamnews.com\/de\/polnische-bisch-fe-kritisieren-eu-entschluss-zum-recht-auf-abtreibung-\" \/>\n<meta property=\"og:site_name\" content=\"IFN\" \/>\n<meta property=\"article:publisher\" content=\"https:\/\/www.facebook.com\/iFamNews\" \/>\n<meta property=\"article:published_time\" content=\"2020-12-09T08:28:36+00:00\" \/>\n<meta property=\"article:modified_time\" content=\"2020-12-09T08:39:22+00:00\" \/>\n<meta property=\"og:image\" content=\"https:\/\/ifamnews.com\/wp-content\/uploads\/2020\/12\/DqW5gc9X0AAAL87.jpg\" \/>\n\t<meta property=\"og:image:width\" content=\"1024\" \/>\n\t<meta property=\"og:image:height\" content=\"512\" \/>\n\t<meta property=\"og:image:type\" content=\"image\/jpeg\" \/>\n<meta name=\"author\" content=\"Johann R. Porter\" \/>\n<meta name=\"twitter:card\" content=\"summary_large_image\" \/>\n<meta name=\"twitter:creator\" content=\"@iFamNewsEN\" \/>\n<meta name=\"twitter:site\" content=\"@iFamNewsEN\" \/>\n<meta name=\"twitter:label1\" content=\"Verfasst von\" \/>\n\t<meta name=\"twitter:data1\" content=\"Johann R. Porter\" \/>\n\t<meta name=\"twitter:label2\" content=\"Gesch\u00e4tzte Lesezeit\" \/>\n\t<meta name=\"twitter:data2\" content=\"1\u00a0Minute\" \/>\n<!-- \/ Yoast SEO Premium plugin. -->","yoast_head_json":{"title":"Polnische Bisch\u00f6fe kritisieren EU-Entschluss zum \u201eRecht auf Abtreibung\u201c - IFN","robots":{"index":"index","follow":"follow","max-snippet":"max-snippet:-1","max-image-preview":"max-image-preview:large","max-video-preview":"max-video-preview:-1"},"canonical":"https:\/\/ifamnews.com\/de\/polnische-bisch-fe-kritisieren-eu-entschluss-zum-recht-auf-abtreibung-","og_locale":"de_DE","og_type":"article","og_title":"Polnische Bisch\u00f6fe kritisieren EU-Entschluss zum \u201eRecht auf Abtreibung\u201c","og_description":"Erzbischof Stanislaw Gadecki weist vom EU-Parlament postuliertes Recht auf Abtreibung scharf zur\u00fcck.","og_url":"https:\/\/ifamnews.com\/de\/polnische-bisch-fe-kritisieren-eu-entschluss-zum-recht-auf-abtreibung-","og_site_name":"IFN","article_publisher":"https:\/\/www.facebook.com\/iFamNews","article_published_time":"2020-12-09T08:28:36+00:00","article_modified_time":"2020-12-09T08:39:22+00:00","og_image":[{"width":1024,"height":512,"url":"https:\/\/ifamnews.com\/wp-content\/uploads\/2020\/12\/DqW5gc9X0AAAL87.jpg","type":"image\/jpeg"}],"author":"Johann R. Porter","twitter_card":"summary_large_image","twitter_creator":"@iFamNewsEN","twitter_site":"@iFamNewsEN","twitter_misc":{"Verfasst von":"Johann R. Porter","Gesch\u00e4tzte Lesezeit":"1\u00a0Minute"},"schema":{"@context":"https:\/\/schema.org","@graph":[{"@type":"NewsArticle","@id":"https:\/\/ifamnews.com\/de\/polnische-bisch-fe-kritisieren-eu-entschluss-zum-recht-auf-abtreibung-#article","isPartOf":{"@id":"https:\/\/ifamnews.com\/de\/polnische-bisch-fe-kritisieren-eu-entschluss-zum-recht-auf-abtreibung-"},"author":{"name":"Johann R. Porter","@id":"https:\/\/ifamnews.com\/en\/#\/schema\/person\/97c5fc10500c93e36c296295ba21a537"},"headline":"Polnische Bisch\u00f6fe kritisieren EU-Entschluss zum \u201eRecht auf Abtreibung\u201c","datePublished":"2020-12-09T08:28:36+00:00","dateModified":"2020-12-09T08:39:22+00:00","mainEntityOfPage":{"@id":"https:\/\/ifamnews.com\/de\/polnische-bisch-fe-kritisieren-eu-entschluss-zum-recht-auf-abtreibung-"},"wordCount":209,"commentCount":0,"publisher":{"@id":"https:\/\/ifamnews.com\/en\/#organization"},"image":{"@id":"https:\/\/ifamnews.com\/de\/polnische-bisch-fe-kritisieren-eu-entschluss-zum-recht-auf-abtreibung-#primaryimage"},"thumbnailUrl":"https:\/\/ifamnews.com\/wp-content\/uploads\/2020\/12\/DqW5gc9X0AAAL87.jpg","keywords":["Abtreibung","EU-Parlament","Polen"],"articleSection":["Breaking News","Politik","Vordergrund"],"inLanguage":"de","potentialAction":[{"@type":"CommentAction","name":"Comment","target":["https:\/\/ifamnews.com\/de\/polnische-bisch-fe-kritisieren-eu-entschluss-zum-recht-auf-abtreibung-#respond"]}]},{"@type":"WebPage","@id":"https:\/\/ifamnews.com\/de\/polnische-bisch-fe-kritisieren-eu-entschluss-zum-recht-auf-abtreibung-","url":"https:\/\/ifamnews.com\/de\/polnische-bisch-fe-kritisieren-eu-entschluss-zum-recht-auf-abtreibung-","name":"Polnische Bisch\u00f6fe kritisieren EU-Entschluss zum \u201eRecht auf Abtreibung\u201c - IFN","isPartOf":{"@id":"https:\/\/ifamnews.com\/en\/#website"},"primaryImageOfPage":{"@id":"https:\/\/ifamnews.com\/de\/polnische-bisch-fe-kritisieren-eu-entschluss-zum-recht-auf-abtreibung-#primaryimage"},"image":{"@id":"https:\/\/ifamnews.com\/de\/polnische-bisch-fe-kritisieren-eu-entschluss-zum-recht-auf-abtreibung-#primaryimage"},"thumbnailUrl":"https:\/\/ifamnews.com\/wp-content\/uploads\/2020\/12\/DqW5gc9X0AAAL87.jpg","datePublished":"2020-12-09T08:28:36+00:00","dateModified":"2020-12-09T08:39:22+00:00","breadcrumb":{"@id":"https:\/\/ifamnews.com\/de\/polnische-bisch-fe-kritisieren-eu-entschluss-zum-recht-auf-abtreibung-#breadcrumb"},"inLanguage":"de","potentialAction":[{"@type":"ReadAction","target":["https:\/\/ifamnews.com\/de\/polnische-bisch-fe-kritisieren-eu-entschluss-zum-recht-auf-abtreibung-"]}]},{"@type":"ImageObject","inLanguage":"de","@id":"https:\/\/ifamnews.com\/de\/polnische-bisch-fe-kritisieren-eu-entschluss-zum-recht-auf-abtreibung-#primaryimage","url":"https:\/\/ifamnews.com\/wp-content\/uploads\/2020\/12\/DqW5gc9X0AAAL87.jpg","contentUrl":"https:\/\/ifamnews.com\/wp-content\/uploads\/2020\/12\/DqW5gc9X0AAAL87.jpg","width":1024,"height":512,"caption":"Foto: Polnische Bischofskonferenz"},{"@type":"BreadcrumbList","@id":"https:\/\/ifamnews.com\/de\/polnische-bisch-fe-kritisieren-eu-entschluss-zum-recht-auf-abtreibung-#breadcrumb","itemListElement":[{"@type":"ListItem","position":1,"name":"Home","item":"https:\/\/ifamnews.com\/de"},{"@type":"ListItem","position":2,"name":"Politik","item":"https:\/\/ifamnews.com\/de\/kategorie\/politik"},{"@type":"ListItem","position":3,"name":"Polnische Bisch\u00f6fe kritisieren EU-Entschluss zum \u201eRecht auf Abtreibung\u201c"}]},{"@type":"WebSite","@id":"https:\/\/ifamnews.com\/en\/#website","url":"https:\/\/ifamnews.com\/en\/","name":"IFN","description":"International Family News Network","publisher":{"@id":"https:\/\/ifamnews.com\/en\/#organization"},"potentialAction":[{"@type":"SearchAction","target":{"@type":"EntryPoint","urlTemplate":"https:\/\/ifamnews.com\/en\/?s={search_term_string}"},"query-input":{"@type":"PropertyValueSpecification","valueRequired":true,"valueName":"search_term_string"}}],"inLanguage":"de"},{"@type":"Organization","@id":"https:\/\/ifamnews.com\/en\/#organization","name":"iFamNews","url":"https:\/\/ifamnews.com\/en\/","logo":{"@type":"ImageObject","inLanguage":"de","@id":"https:\/\/ifamnews.com\/en\/#\/schema\/logo\/image\/","url":"https:\/\/ifamnews.com\/wp-content\/uploads\/2020\/01\/Share-logo.png","contentUrl":"https:\/\/ifamnews.com\/wp-content\/uploads\/2020\/01\/Share-logo.png","width":200,"height":200,"caption":"iFamNews"},"image":{"@id":"https:\/\/ifamnews.com\/en\/#\/schema\/logo\/image\/"},"sameAs":["https:\/\/www.facebook.com\/iFamNews","https:\/\/x.com\/iFamNewsEN"]},{"@type":"Person","@id":"https:\/\/ifamnews.com\/en\/#\/schema\/person\/97c5fc10500c93e36c296295ba21a537","name":"Johann R. Porter","image":{"@type":"ImageObject","inLanguage":"de","@id":"https:\/\/secure.gravatar.com\/avatar\/b295da437fcd0635c3fe53d90b9545df9d7b3b7681f3a87122ec5cef8870a293?s=96&d=mm&r=g","url":"https:\/\/secure.gravatar.com\/avatar\/b295da437fcd0635c3fe53d90b9545df9d7b3b7681f3a87122ec5cef8870a293?s=96&d=mm&r=g","contentUrl":"https:\/\/secure.gravatar.com\/avatar\/b295da437fcd0635c3fe53d90b9545df9d7b3b7681f3a87122ec5cef8870a293?s=96&d=mm&r=g","caption":"Johann R. Porter"},"description":"A German-speaking social scientist and worker in the pro-life movement. [This author writes under a pseudonym.]","url":"https:\/\/ifamnews.com\/de\/author\/jporter"}]}},"amp_enabled":true,"_links":{"self":[{"href":"https:\/\/ifamnews.com\/de\/wp-json\/wp\/v2\/posts\/40014","targetHints":{"allow":["GET"]}}],"collection":[{"href":"https:\/\/ifamnews.com\/de\/wp-json\/wp\/v2\/posts"}],"about":[{"href":"https:\/\/ifamnews.com\/de\/wp-json\/wp\/v2\/types\/post"}],"author":[{"embeddable":true,"href":"https:\/\/ifamnews.com\/de\/wp-json\/wp\/v2\/users\/589"}],"replies":[{"embeddable":true,"href":"https:\/\/ifamnews.com\/de\/wp-json\/wp\/v2\/comments?post=40014"}],"version-history":[{"count":1,"href":"https:\/\/ifamnews.com\/de\/wp-json\/wp\/v2\/posts\/40014\/revisions"}],"predecessor-version":[{"id":40015,"href":"https:\/\/ifamnews.com\/de\/wp-json\/wp\/v2\/posts\/40014\/revisions\/40015"}],"wp:featuredmedia":[{"embeddable":true,"href":"https:\/\/ifamnews.com\/de\/wp-json\/wp\/v2\/media\/40007"}],"wp:attachment":[{"href":"https:\/\/ifamnews.com\/de\/wp-json\/wp\/v2\/media?parent=40014"}],"wp:term":[{"taxonomy":"category","embeddable":true,"href":"https:\/\/ifamnews.com\/de\/wp-json\/wp\/v2\/categories?post=40014"},{"taxonomy":"post_tag","embeddable":true,"href":"https:\/\/ifamnews.com\/de\/wp-json\/wp\/v2\/tags?post=40014"}],"curies":[{"name":"wp","href":"https:\/\/api.w.org\/{rel}","templated":true}]}}