{"id":37552,"date":"2020-11-30T01:01:00","date_gmt":"2020-11-30T06:01:00","guid":{"rendered":"https:\/\/ifamnews.com\/?p=37552"},"modified":"2021-01-21T10:29:59","modified_gmt":"2021-01-21T15:29:59","slug":"der-oreo-wird-zum-propagandakeks","status":"publish","type":"post","link":"https:\/\/ifamnews.com\/de\/der-oreo-wird-zum-propagandakeks","title":{"rendered":"Der Oreo wird zum Propagandakeks"},"content":{"rendered":"<p class=\"last-updated\">Last updated on Januar 21st, 2021 at 10:29 a.m.<\/p>\n<p>Die Umst\u00fcrzung und Zerst\u00f6rung der menschlichen Natur beginnt bei der Sprache. Alle, dies sich diesem Unterfangen widmen, bekommen nun konkrete Unterst\u00fctzung einiger ber\u00fchmter Marken: zum Beispiel von Oreo, eine ber\u00fchmten amerikanischen Keksmarke, die diese Mentalit\u00e4t stolz auf Twitter zur Schau gestellt hat.<\/p>\n\n\n\n<figure class=\"wp-block-embed-twitter wp-block-embed is-type-rich is-provider-twitter\"><div class=\"wp-block-embed__wrapper\">\n<blockquote class=\"twitter-tweet\" data-width=\"500\" data-dnt=\"true\"><p lang=\"en\" dir=\"ltr\">A loving world starts with respecting others. <a href=\"https:\/\/t.co\/u6lg5XZLkJ\">pic.twitter.com\/u6lg5XZLkJ<\/a><\/p>&mdash; OREO Cookie (@Oreo) <a href=\"https:\/\/twitter.com\/Oreo\/status\/1317833513773731840?ref_src=twsrc%5Etfw\">October 18, 2020<\/a><\/blockquote><script async src=\"https:\/\/platform.twitter.com\/widgets.js\" charset=\"utf-8\"><\/script>\n<\/div><\/figure>\n\n\n\n<p>W\u00f6rtlich: \u201eEine liebevolle Welt beginnt mit dem Respekt f\u00fcr andere. <br>Frage: Warum sind Pronomen wichtig? <br>Antwort: Respekt! Die korrekte Verwendung eines Pronomens (wie er oder sie) ist ein Zeichen des Respekts\u201c.<\/p>\n\n\n\n<p>Ein Versuch, durch die korrekte Verwendung von Pronomen den Respekt f\u00fcr andere zu f\u00f6rdern.<\/p>\n\n\n\n<p>Was aber steckt dahinter? Bei diesem Tweet geht es nicht um ein grammatikalisches Problem: Die meisten Menschen sind in der Lage, einen Satz mit Sprachpartikeln wie Pronomen angemessen zu formulieren. Was Oreo hier kolportiert ist, dass man die Pronomen je nachdem, mit wem Sie es zu tun haben, richtig verwenden soll. Die Botschaft ist subtil, aber klar, und die mit Regenbogencreme gef\u00fcllte Reihe von Oreos auf dem Bild beweist es: Wenn ein Mann sich als Frau identifiziert, soll er mit \u201esie\u201c angesprochen werden, w\u00e4hrend eine Frau, die sich als Mann identifiziert, \u201eer\u201c genannt werden soll.<\/p>\n\n\n\n<p>Auf diese Weise \u2013 und nur scheinbar harmlos \u2013 versucht das Unternehmen, die Behauptungen der Transgender-Ideologie zu unterst\u00fctzen, und die Sprache zu revolutionieren: Obwohl eine Frau, die versucht, ein Mann zu werden, unweigerlich eine Frau bleibt, sollte der Rest der Welt, um dieser Entscheidung Respekt zu erweisen, auf ihre Vernunft verzichten und sie so nennen, wie sie es vorzieht. Ja, denn genau darum geht es: Es geht darum, einen elementaren Beweis aufzugeben, n\u00e4mlich die Tatsache, dass es nicht ausreicht, dass ein Mann Frau sein will oder sich als Frau wahrnimmt, um Frau zu werden (und dasselbe gilt f\u00fcr Frauen, die sich als Mann identifizieren), denn sonst w\u00fcrde es ihnen an Respekt fehlen.<\/p>\n\n\n\n<p>Dies ist nicht die erste politisch korrekte Kampagne von Oreo, mit denen sie versuchen, die ideologische Karikatur der \u201esozialen Gerechtigkeit\u201c zu f\u00f6rdern. Auf ihrem Instagram-Profil hat die US-Marke in der Tat mehrmals unter Beweis gestellt, die LGBT+-Perspektive zu unterst\u00fctzen, nachdem sie auch Partnerschaften mit einigen Organisationen in diesem Sektor eingegangen ist, wie z.B. PFLAG National, der gr\u00f6\u00dften US-LGBT+-Organisation, deren Logo auch im oben erw\u00e4hnten Oreo-Tweet zu finden ist.<\/p>\n\n\n\n<p>Wirklich beunruhigend ist jedoch, dass die Firma fordert, Respekt zu zeigen bedeute, die Ordnung der Dinge zu untergraben und die Wahrheit neu zu schreiben. Daf\u00fcr nehmen sie besonders junge Menschen ins Visier. Oreo genie\u00dft in der Tat eine gro\u00dfe Gunst bei ihren Kunden, denn das Kerngesch\u00e4ft des Unternehmens richtet sich unweigerlich an Kinder, die auf diese Weise zur Zielscheibe einer Reihe zweideutiger Botschaften \u00fcber das Funktionieren des menschlichen Lebens und kontroverser Themen wie der Trans-Ideologie werden.<\/p>\n\n\n\n<p>Es ist jedoch ungew\u00f6hnlich, dass Oreo selbst, das je nach dem Land, in dem es t\u00e4tig ist, mehrere offizielle Konten auf Instagram hat, in einigen L\u00e4ndern nicht die gleichen Botschaften verbreitet: zum Beispiel in Pakistan.<\/p>\n\n\n\n<p>Der US-Seitenfeed ist in der Tat voll von LGBT+-Referenzen, aber das Konto der pakistanischen Version ist es nicht.<\/p>\n\n\n\n<p>Jeder zieht seine eigenen Konsequenzen, aber einige Beobachter k\u00f6nnten sich fragen, ob diese Haltung nicht vor allem auf den Wunsch zur\u00fcckzuf\u00fchren ist, die Wirtschaft in verschiedenen Teilen der Welt zu erhalten, denn in den Vereinigten Staaten ist es in den Augen der \u00d6ffentlichkeit bequem, sich zum Verfechter neuer Rechte zu erkl\u00e4ren, w\u00e4hrend dies in Pakistan, einem Land mit muslimischer Mehrheit, der Wirtschaft schaden k\u00f6nnte.<\/p>\n\n\n\n<p><\/p>\n","protected":false},"excerpt":{"rendered":"<p>\u00dcberall werden Oreos zum Regenbogen- und Propagandakeks \u00fcberall \u2013 nur nicht im muslimischen Pakistan<\/p>\n","protected":false},"author":12,"featured_media":36774,"comment_status":"open","ping_status":"open","sticky":false,"template":"","format":"standard","meta":{"give_campaign_id":0,"om_disable_all_campaigns":false,"_monsterinsights_skip_tracking":false,"_monsterinsights_sitenote_active":false,"_monsterinsights_sitenote_note":"","_monsterinsights_sitenote_category":0,"mc4wp_mailchimp_campaign":[],"jnews-multi-image_gallery":[],"jnews_single_post":{"subtitle":"\u00dcberall werden Oreos zum Regenbogen- und Propagandakeks \u00fcberall \u2013 nur nicht im muslimischen Pakistan","format":"standard","video":"","gallery":"","source_name":"","source_url":"","via_name":"","via_url":"","override":[{"single_blog_custom":"","sidebar":"","second_sidebar":"","share_position":"","share_float_style":"","post_date_format":"","post_date_format_custom":"","post_reading_time_wpm":"","zoom_button_out_step":"1","zoom_button_in_step":"1","number_popup_post":"1"}],"image_override":[{"single_post_thumbnail_size":"","single_post_gallery_size":""}],"trending_post_position":"","trending_post_label":"","sponsored_post_label":"","sponsored_post_name":"","sponsored_post_url":"","sponsored_post_logo":"","sponsored_post_desc":""},"jnews_primary_category":{"id":"763"},"jnews_social_meta":{"fb_title":"","fb_description":"","fb_image":"","twitter_title":"","twitter_description":"","twitter_image":""},"jnews_override_counter":{"view_counter_number":"0","share_counter_number":"0","like_counter_number":"0","dislike_counter_number":"0"},"footnotes":""},"categories":[763,811],"tags":[2072,1836,6581,4143,8000],"class_list":["post-37552","post","type-post","status-publish","format-standard","has-post-thumbnail","hentry","category-kultur","category-foreground-de","tag-gender-3","tag-lgbt-8","tag-oreos","tag-transgender-ideologie","tag-vetrina-de"],"yoast_head":"<!-- This site is optimized with the Yoast SEO Premium plugin v25.9 (Yoast SEO v27.3) - https:\/\/yoast.com\/product\/yoast-seo-premium-wordpress\/ -->\n<title>Der Oreo wird zum Propagandakeks - IFN<\/title>\n<meta name=\"robots\" content=\"index, follow, max-snippet:-1, max-image-preview:large, max-video-preview:-1\" \/>\n<link rel=\"canonical\" href=\"https:\/\/ifamnews.com\/de\/der-oreo-wird-zum-propagandakeks\" \/>\n<meta property=\"og:locale\" content=\"de_DE\" \/>\n<meta property=\"og:type\" content=\"article\" \/>\n<meta property=\"og:title\" content=\"Der Oreo wird zum Propagandakeks\" \/>\n<meta property=\"og:description\" content=\"\u00dcberall werden Oreos zum Regenbogen- und Propagandakeks \u00fcberall \u2013 nur nicht im muslimischen Pakistan\" \/>\n<meta property=\"og:url\" content=\"https:\/\/ifamnews.com\/de\/der-oreo-wird-zum-propagandakeks\" \/>\n<meta property=\"og:site_name\" content=\"IFN\" \/>\n<meta property=\"article:publisher\" content=\"https:\/\/www.facebook.com\/iFamNews\" \/>\n<meta property=\"article:published_time\" content=\"2020-11-30T06:01:00+00:00\" \/>\n<meta property=\"article:modified_time\" content=\"2021-01-21T15:29:59+00:00\" \/>\n<meta property=\"og:image\" content=\"https:\/\/ifamnews.com\/wp-content\/uploads\/2020\/11\/Image-from-Oreo-Twitter-official-account-1.png\" \/>\n\t<meta property=\"og:image:width\" content=\"529\" \/>\n\t<meta property=\"og:image:height\" content=\"432\" \/>\n\t<meta property=\"og:image:type\" content=\"image\/png\" \/>\n<meta name=\"author\" content=\"Simone Fausti\" \/>\n<meta name=\"twitter:card\" content=\"summary_large_image\" \/>\n<meta name=\"twitter:creator\" content=\"@iFamNewsEN\" \/>\n<meta name=\"twitter:site\" content=\"@iFamNewsEN\" \/>\n<meta name=\"twitter:label1\" content=\"Verfasst von\" \/>\n\t<meta name=\"twitter:data1\" content=\"Simone Fausti\" \/>\n\t<meta name=\"twitter:label2\" content=\"Gesch\u00e4tzte Lesezeit\" \/>\n\t<meta name=\"twitter:data2\" content=\"3\u00a0Minuten\" \/>\n<!-- \/ Yoast SEO Premium plugin. -->","yoast_head_json":{"title":"Der Oreo wird zum Propagandakeks - IFN","robots":{"index":"index","follow":"follow","max-snippet":"max-snippet:-1","max-image-preview":"max-image-preview:large","max-video-preview":"max-video-preview:-1"},"canonical":"https:\/\/ifamnews.com\/de\/der-oreo-wird-zum-propagandakeks","og_locale":"de_DE","og_type":"article","og_title":"Der Oreo wird zum Propagandakeks","og_description":"\u00dcberall werden Oreos zum Regenbogen- und Propagandakeks \u00fcberall \u2013 nur nicht im muslimischen Pakistan","og_url":"https:\/\/ifamnews.com\/de\/der-oreo-wird-zum-propagandakeks","og_site_name":"IFN","article_publisher":"https:\/\/www.facebook.com\/iFamNews","article_published_time":"2020-11-30T06:01:00+00:00","article_modified_time":"2021-01-21T15:29:59+00:00","og_image":[{"width":529,"height":432,"url":"https:\/\/ifamnews.com\/wp-content\/uploads\/2020\/11\/Image-from-Oreo-Twitter-official-account-1.png","type":"image\/png"}],"author":"Simone Fausti","twitter_card":"summary_large_image","twitter_creator":"@iFamNewsEN","twitter_site":"@iFamNewsEN","twitter_misc":{"Verfasst von":"Simone Fausti","Gesch\u00e4tzte Lesezeit":"3\u00a0Minuten"},"schema":{"@context":"https:\/\/schema.org","@graph":[{"@type":"NewsArticle","@id":"https:\/\/ifamnews.com\/de\/der-oreo-wird-zum-propagandakeks#article","isPartOf":{"@id":"https:\/\/ifamnews.com\/de\/der-oreo-wird-zum-propagandakeks"},"author":{"name":"Simone Fausti","@id":"https:\/\/ifamnews.com\/en\/#\/schema\/person\/68682f44510d9f945a20de5863d8f1ea"},"headline":"Der Oreo wird zum Propagandakeks","datePublished":"2020-11-30T06:01:00+00:00","dateModified":"2021-01-21T15:29:59+00:00","mainEntityOfPage":{"@id":"https:\/\/ifamnews.com\/de\/der-oreo-wird-zum-propagandakeks"},"wordCount":600,"commentCount":0,"publisher":{"@id":"https:\/\/ifamnews.com\/en\/#organization"},"image":{"@id":"https:\/\/ifamnews.com\/de\/der-oreo-wird-zum-propagandakeks#primaryimage"},"thumbnailUrl":"https:\/\/ifamnews.com\/wp-content\/uploads\/2020\/11\/Image-from-Oreo-Twitter-official-account-1.png","keywords":["Gender","LGBT+","Oreos","Transgender Ideologie","Vetrina"],"articleSection":["Kultur","Vordergrund"],"inLanguage":"de","potentialAction":[{"@type":"CommentAction","name":"Comment","target":["https:\/\/ifamnews.com\/de\/der-oreo-wird-zum-propagandakeks#respond"]}]},{"@type":"WebPage","@id":"https:\/\/ifamnews.com\/de\/der-oreo-wird-zum-propagandakeks","url":"https:\/\/ifamnews.com\/de\/der-oreo-wird-zum-propagandakeks","name":"Der Oreo wird zum Propagandakeks - IFN","isPartOf":{"@id":"https:\/\/ifamnews.com\/en\/#website"},"primaryImageOfPage":{"@id":"https:\/\/ifamnews.com\/de\/der-oreo-wird-zum-propagandakeks#primaryimage"},"image":{"@id":"https:\/\/ifamnews.com\/de\/der-oreo-wird-zum-propagandakeks#primaryimage"},"thumbnailUrl":"https:\/\/ifamnews.com\/wp-content\/uploads\/2020\/11\/Image-from-Oreo-Twitter-official-account-1.png","datePublished":"2020-11-30T06:01:00+00:00","dateModified":"2021-01-21T15:29:59+00:00","breadcrumb":{"@id":"https:\/\/ifamnews.com\/de\/der-oreo-wird-zum-propagandakeks#breadcrumb"},"inLanguage":"de","potentialAction":[{"@type":"ReadAction","target":["https:\/\/ifamnews.com\/de\/der-oreo-wird-zum-propagandakeks"]}]},{"@type":"ImageObject","inLanguage":"de","@id":"https:\/\/ifamnews.com\/de\/der-oreo-wird-zum-propagandakeks#primaryimage","url":"https:\/\/ifamnews.com\/wp-content\/uploads\/2020\/11\/Image-from-Oreo-Twitter-official-account-1.png","contentUrl":"https:\/\/ifamnews.com\/wp-content\/uploads\/2020\/11\/Image-from-Oreo-Twitter-official-account-1.png","width":529,"height":432},{"@type":"BreadcrumbList","@id":"https:\/\/ifamnews.com\/de\/der-oreo-wird-zum-propagandakeks#breadcrumb","itemListElement":[{"@type":"ListItem","position":1,"name":"Home","item":"https:\/\/ifamnews.com\/de"},{"@type":"ListItem","position":2,"name":"Cultura","item":"https:\/\/ifamnews.com\/it\/categoria\/cultura"},{"@type":"ListItem","position":3,"name":"Der Oreo wird zum Propagandakeks"}]},{"@type":"WebSite","@id":"https:\/\/ifamnews.com\/en\/#website","url":"https:\/\/ifamnews.com\/en\/","name":"IFN","description":"International Family News Network","publisher":{"@id":"https:\/\/ifamnews.com\/en\/#organization"},"potentialAction":[{"@type":"SearchAction","target":{"@type":"EntryPoint","urlTemplate":"https:\/\/ifamnews.com\/en\/?s={search_term_string}"},"query-input":{"@type":"PropertyValueSpecification","valueRequired":true,"valueName":"search_term_string"}}],"inLanguage":"de"},{"@type":"Organization","@id":"https:\/\/ifamnews.com\/en\/#organization","name":"iFamNews","url":"https:\/\/ifamnews.com\/en\/","logo":{"@type":"ImageObject","inLanguage":"de","@id":"https:\/\/ifamnews.com\/en\/#\/schema\/logo\/image\/","url":"https:\/\/ifamnews.com\/wp-content\/uploads\/2020\/01\/Share-logo.png","contentUrl":"https:\/\/ifamnews.com\/wp-content\/uploads\/2020\/01\/Share-logo.png","width":200,"height":200,"caption":"iFamNews"},"image":{"@id":"https:\/\/ifamnews.com\/en\/#\/schema\/logo\/image\/"},"sameAs":["https:\/\/www.facebook.com\/iFamNews","https:\/\/x.com\/iFamNewsEN"]},{"@type":"Person","@id":"https:\/\/ifamnews.com\/en\/#\/schema\/person\/68682f44510d9f945a20de5863d8f1ea","name":"Simone Fausti","image":{"@type":"ImageObject","inLanguage":"de","@id":"https:\/\/secure.gravatar.com\/avatar\/da8552cad4e746e2461dabef47fbbdfe7814dd4b51d41a6c097b9d17501ff491?s=96&d=mm&r=g","url":"https:\/\/secure.gravatar.com\/avatar\/da8552cad4e746e2461dabef47fbbdfe7814dd4b51d41a6c097b9d17501ff491?s=96&d=mm&r=g","contentUrl":"https:\/\/secure.gravatar.com\/avatar\/da8552cad4e746e2461dabef47fbbdfe7814dd4b51d41a6c097b9d17501ff491?s=96&d=mm&r=g","caption":"Simone Fausti"},"description":"Simone Fausti, from Monza, graduated in Political and Social Sciences from the Catholic University of the Sacred Heart in Milan and specializes in International Relations. He collaborates with several local newspapers (Il Giornale di Monza, Bresciaoggi) and online (Youtrend). He is fascinated by the reading of G.K. Chesterton and Raymond Carver.","url":"https:\/\/ifamnews.com\/de\/author\/sfausti"}]}},"amp_enabled":true,"_links":{"self":[{"href":"https:\/\/ifamnews.com\/de\/wp-json\/wp\/v2\/posts\/37552","targetHints":{"allow":["GET"]}}],"collection":[{"href":"https:\/\/ifamnews.com\/de\/wp-json\/wp\/v2\/posts"}],"about":[{"href":"https:\/\/ifamnews.com\/de\/wp-json\/wp\/v2\/types\/post"}],"author":[{"embeddable":true,"href":"https:\/\/ifamnews.com\/de\/wp-json\/wp\/v2\/users\/12"}],"replies":[{"embeddable":true,"href":"https:\/\/ifamnews.com\/de\/wp-json\/wp\/v2\/comments?post=37552"}],"version-history":[{"count":1,"href":"https:\/\/ifamnews.com\/de\/wp-json\/wp\/v2\/posts\/37552\/revisions"}],"predecessor-version":[{"id":37553,"href":"https:\/\/ifamnews.com\/de\/wp-json\/wp\/v2\/posts\/37552\/revisions\/37553"}],"wp:featuredmedia":[{"embeddable":true,"href":"https:\/\/ifamnews.com\/de\/wp-json\/wp\/v2\/media\/36774"}],"wp:attachment":[{"href":"https:\/\/ifamnews.com\/de\/wp-json\/wp\/v2\/media?parent=37552"}],"wp:term":[{"taxonomy":"category","embeddable":true,"href":"https:\/\/ifamnews.com\/de\/wp-json\/wp\/v2\/categories?post=37552"},{"taxonomy":"post_tag","embeddable":true,"href":"https:\/\/ifamnews.com\/de\/wp-json\/wp\/v2\/tags?post=37552"}],"curies":[{"name":"wp","href":"https:\/\/api.w.org\/{rel}","templated":true}]}}