{"id":31201,"date":"2020-10-06T10:19:54","date_gmt":"2020-10-06T15:19:54","guid":{"rendered":"https:\/\/ifamnews.com\/?p=31201"},"modified":"2020-10-07T09:02:22","modified_gmt":"2020-10-07T14:02:22","slug":"ein-planet-ein-kind-menschenverachtende-kampagne-gegen-familie-kinder-und-liebe","status":"publish","type":"post","link":"https:\/\/ifamnews.com\/de\/ein-planet-ein-kind-menschenverachtende-kampagne-gegen-familie-kinder-und-liebe","title":{"rendered":"Ein Planet, ein Kind? Menschenverachtende Kampagne gegen Familie, Kinder und Liebe"},"content":{"rendered":"\n<p>\u201eDas Barmherzigste, was eine Gro\u00dffamilie einem ihrer Kinder antun kann, ist, es zu t\u00f6ten\u201c. Dies sind die Worte von <a href=\"https:\/\/dailysignal.com\/2015\/07\/22\/13-things-you-probably-dont-know-about-planned-parenthood-founder-margaret-sanger\/\">Margaret Sanger<\/a>, einer radikalen Feministin und Eugenikerin, die 1916 <em>Planned Parenthood<\/em> gr\u00fcndete. Heute ist diese Organisation auf allen Kontinenten pr\u00e4sent, und ihre Aktivit\u00e4ten befassen sich haupts\u00e4chlich damit, wie man nicht zum Vater oder Mutter wird \u2013 durch gezielte F\u00f6rderung von Abtreibung, hormoneller Geburtenkontrolle, sexueller Freiz\u00fcgigkeit und \u00e4hnlichen Strategien aus dem liberalen Arsenal. [&#8230;]\u00a0<\/p>\n\n\n\n<p>Die Organisation <em>Planned Parenthood <\/em>ist nicht die einzige Organisation, die den Mythos der \u00dcberbev\u00f6lkerung beschw\u00f6rt, um Menschen aufzufordern, weniger Kinder zu bekommen und den \u00dcberschuss durch Abtreibung zu \u201eentsorgen\u201c. K\u00fcrzlich startete die in den USA ans\u00e4ssige Organisation <em>World Population Balance<\/em> die Kampagne <em>One Planet, One Child<\/em>, deren Ziel laut ihrer Website darin besteht, \u201ekleine Familien\u201c zu f\u00f6rdern und damit \u201edas Problem der \u00dcberbev\u00f6lkerung zu l\u00f6sen.\u201c<\/p>\n\n\n\n<p>Um dies zu erreichen, haben sie Plakate mit schockierenden Botschaften aufgestellt, wie diese hier:<\/p>\n\n\n\n<div class=\"wp-block-image is-style-default\"><figure class=\"aligncenter size-large\"><img decoding=\"async\" src=\"https:\/\/citynews1130.com\/wp-content\/blogs.dir\/sites\/9\/2020\/09\/26\/billboard-overpopulation.jpg\" alt=\"\"\/><figcaption>Stra\u00dfenplakat in Vancouver, Kanada. Foto: Miranda Fatur, CityNEWS<\/figcaption><\/figure><\/div>\n\n\n\n<p>Zu einer solchen Botschaft gibt es wirklich nichts zu sagen.&nbsp; Es reicht, die Kommentare in sozialen Netzwerken zu sehen.<\/p>\n\n\n\n<blockquote class=\"wp-block-quote is-layout-flow wp-block-quote-is-layout-flow\"><p>&#8211; Ich bin ein Einzelkind und das ist absolut falsch! Fr\u00fcher habe ich mich in den Schlaf geweint, weil ich so einsam war. Ich bettelte meine Eltern um ein Geschwisterchen an. Sie konnten keine weiteren Kinder bekommen. Das ist krank und beunruhigend.<\/p><\/blockquote>\n\n\n\n<blockquote class=\"wp-block-quote is-layout-flow wp-block-quote-is-layout-flow\"><p>&#8211; Ach, du meine G\u00fcte. Als \u00c4lteste von sechs Kindern kann ich Ihnen ohne Zweifel sagen, dass dies die traurigste Aussage ist, die ich je gelesen habe. Tats\u00e4chlich sind meine f\u00fcnf Geschwister das gr\u00f6\u00dfte Geschenk, das mir meine Eltern je gemacht haben!<\/p><\/blockquote>\n\n\n\n<blockquote class=\"wp-block-quote is-layout-flow wp-block-quote-is-layout-flow\"><p>&#8211; Ich verehre meine beiden Br\u00fcder. Ich kann mir nicht vorstellen, ohne sie zu sein. Ich danke Gott, dass meine Eltern uns hatten. Was geschieht mit dieser Welt? Ich bin so traurig, weil ich wei\u00df, dass es Menschen auf dieser Welt gibt, die Kindern Schaden zuf\u00fcgen wollen. Gott helfe diesem Planeten.<\/p><\/blockquote>\n\n\n\n<blockquote class=\"wp-block-quote is-layout-flow wp-block-quote-is-layout-flow\"><p>&#8211; Ich bin in bitterer Armut aufgewachsen. Ich war der \u00c4lteste von f\u00fcnf Kindern, aber wenn ich auf unsere Kindheit zur\u00fcckblicke, w\u00fcrde ich nichts daran \u00e4ndern. Meine Geschwister waren meine besten Freunde, und kein anderer Freund k\u00f6nnte sie je ersetzen. Es gibt einige Dinge im Leben, die man mit Geld nicht kaufen kann.<\/p><\/blockquote>\n\n\n\n<p>Auf der Website dieser Organisation hei\u00dft es: \u201eDie Welt ist \u00fcberbev\u00f6lkert. Es gibt eine L\u00f6sung daf\u00fcr: ein Planet, ein Kind\u201c. Dort steht auch, dass Weltbev\u00f6lkerung von derzeit fast 7,8 Milliarden Menschen auf unter 3 Milliarden Menschen sinken w\u00fcrde, wenn wir im Laufe der n\u00e4chsten 100 Jahre durchschnittlich ein Kind pro Frau h\u00e4tten.<\/p>\n\n\n\n<p>Ich zweifle nicht daran, dass dies wahr ist. Aber ich frage mich, warum wir nur 3 Milliarden Menschen auf der Welt haben wollen. Jeder vern\u00fcnftige und informierte Mensch wei\u00df, dass unser Planet nicht deshalb verschmutzt ist, weil es zu viele Menschen auf ihm gibt, sondern weil ein sehr kleiner Prozentsatz der Menschen, die den gr\u00f6\u00dften Prozentsatz der globalen Ressourcen besitzen, den verbleibenden gro\u00dfen Prozentsatz der Menschen zwingen, auf eine bestimmte Art und Weise zu leben: in St\u00e4dten, wo gro\u00dfe Mengen an G\u00fctern geliefert und eine gro\u00dfe Zahl von Dienstleistungen erbracht werden m\u00fcssen, was ein riesiges Verkehrsaufkommen (f\u00fcr Einzelpersonen und Unternehmen), Massenproduktion und damit Massenkonsum erfordert.<\/p>\n\n\n\n<p>Mit anderen Worten, wir sprechen \u00fcber ein System ohne Nachhaltigkeit.<\/p>\n\n\n\n<p>Andererseits ist ein nachhaltiges System \u2013 lokale Gemeinschaften mit lokal produzierten und verteilten G\u00fctern und einer geringeren Abh\u00e4ngigkeit von gro\u00dfen Lieferketten und -systemen \u2013 nicht im Interesse der herrschenden Elite. Was jedoch in ihrem Interesse liegt, ist es, den Menschen neue Lebensstile aufzuzwingen, neue Nischenm\u00e4rkte zu schaffen, um die Menschen dazu zu bringen, eine bestimmte Art von Kleidung zu konsumieren, die f\u00fcr den Lebensstil typisch ist (Hipster, Gothic, Promis, Millennials, Schwule&#8230;), eine bestimmte Art der Ern\u00e4hrung (Pal\u00e4o, Keto, Veganer, Rohkost&#8230;), Musik, Theaterst\u00fccke, Filme, Sport, Kurse f\u00fcr gesundes Leben \u2013 alles, was man sich vorstellen kann. Solange es \u201enur noch diese eine Sache\u201c gibt, die Sie haben m\u00fcssen.<\/p>\n\n\n\n<p>Aber was ist mit Familie? Ehe? Liebe? Kinder?<\/p>\n\n\n\n<p><em>World Population Balance<\/em> Aufgabe beinhaltet auch das Konzept, das vor einigen Jahren in Artikeln und Medien erschien und in dem Paare erw\u00e4hnt werden, die sich gegen Kinder entschieden haben \u2013 \u201ekinderlos\u201c.<\/p>\n\n\n\n<p><\/p>\n\n\n\n<figure class=\"wp-block-image size-large is-style-default\"><img decoding=\"async\" width=\"1024\" height=\"538\" src=\"https:\/\/ifamnews.com\/wp-content\/uploads\/2020\/09\/we-choose-childfree-1024x538.jpg\" alt=\"\" class=\"wp-image-30066\" srcset=\"https:\/\/ifamnews.com\/wp-content\/uploads\/2020\/09\/we-choose-childfree-1024x538.jpg 1024w, https:\/\/ifamnews.com\/wp-content\/uploads\/2020\/09\/we-choose-childfree-768x403.jpg 768w, https:\/\/ifamnews.com\/wp-content\/uploads\/2020\/09\/we-choose-childfree-750x394.jpg 750w, https:\/\/ifamnews.com\/wp-content\/uploads\/2020\/09\/we-choose-childfree-1140x599.jpg 1140w, https:\/\/ifamnews.com\/wp-content\/uploads\/2020\/09\/we-choose-childfree.jpg 1200w\" sizes=\"(max-width: 1024px) 100vw, 1024px\" \/><\/figure>\n\n\n\n<p>Ich kann verstehen, dass manche Paare \u00fcberhaupt keine Kinder wollen. Das ist ihre Sache. Aber ich kann nichts anderes als Traurigkeit empfinden, wenn ich sehe, dass solche Entscheidungen und \u201eLebensstile\u201c \u2013 denn das ist nur ein weiterer Stil, der uns aufgezwungen wird \u2013 als etwas von Natur aus Gutes gefeiert und verherrlicht werden.<\/p>\n\n\n\n<p>Nur weil jemand eine bestimmte Wahl f\u00fcr sich selbst getroffen hat, mit Blick auf seine eigenen individuellen Umst\u00e4nde, hei\u00dft das nicht, dass diese Wahl es verdient, neben dem zu stehen, was das eigentliche Fundament ist, auf dem die menschliche Gesellschaft geformt wurde und \u00fcber Jahrhunderte \u00fcberlebt hat \u2013 und das ist die Familie.<\/p>\n\n\n\n<p>Kinderlos? Meint das frei von Windeln, Babynahrung, schlaflosen N\u00e4chten, Kinderkrankheiten, geprellten Knien, schlammigen H\u00e4nden, fleckigen M\u00f6beln? Bestimmt, aber auch frei von unendlicher Liebe, die sich nicht in Worte fassen l\u00e4sst, die so riesig ist und nur in zwei kleine Augen passt, dem unschuldigen Blick eines Kindes voller Bewunderung f\u00fcr denjenigen, der auf der ganzen Welt der Beste ist, nur Sie, nur Mama!<\/p>\n\n\n\n<p>Frei von dem leisen Getrappel winziger F\u00fc\u00dfe, wenn sie mitten in der Nacht zu Ihnen ins Bett kommt.<\/p>\n\n\n\n<p>Frei von all den kleinen Siegen und Erfolgen, die sie tagein, tagaus vor Ihren Augen errungen werden.<\/p>\n\n\n\n<p>Frei von kindlichen Versprechungen: \u201eMami, wenn ich gro\u00df bin, werde ich dir alle sch\u00f6nen Kleider der Welt kaufen!\u201c<\/p>\n\n\n\n<p>Aber zu dieser Organisation&#8230; auf deren Website steht: \u201eDer Stau beginnt mit der Empf\u00e4ngnis.\u201c<\/p>\n\n\n\n<p>Was soll man zu so einer traurigen, traurigen Aussage sagen?<\/p>\n\n\n\n<p><\/p>\n\n\n\n<div class=\"wp-block-image is-style-default\"><figure class=\"aligncenter size-large\"><img decoding=\"async\" width=\"1024\" height=\"279\" src=\"https:\/\/ifamnews.com\/wp-content\/uploads\/2020\/09\/fixBILLBDCongestion1-1024x279.jpg\" alt=\"\" class=\"wp-image-30074\" srcset=\"https:\/\/ifamnews.com\/wp-content\/uploads\/2020\/09\/fixBILLBDCongestion1-1024x279.jpg 1024w, https:\/\/ifamnews.com\/wp-content\/uploads\/2020\/09\/fixBILLBDCongestion1-768x209.jpg 768w, https:\/\/ifamnews.com\/wp-content\/uploads\/2020\/09\/fixBILLBDCongestion1-750x205.jpg 750w, https:\/\/ifamnews.com\/wp-content\/uploads\/2020\/09\/fixBILLBDCongestion1.jpg 1056w\" sizes=\"(max-width: 1024px) 100vw, 1024px\" \/><figcaption>Quelle: https:\/\/oneplanetonechild.org\/our-vancouver-billboards\/<\/figcaption><\/figure><\/div>\n","protected":false},"excerpt":{"rendered":"<p>Werbeplakat: \u201eDas gr\u00f6\u00dfte Geschenk, was Sie ihrem ersten Kind geben k\u00f6nnen, ist kein weiteres mehr zu haben.\u201c<\/p>\n","protected":false},"author":101,"featured_media":30092,"comment_status":"open","ping_status":"open","sticky":false,"template":"","format":"standard","meta":{"give_campaign_id":0,"om_disable_all_campaigns":false,"_monsterinsights_skip_tracking":false,"_monsterinsights_sitenote_active":false,"_monsterinsights_sitenote_note":"","_monsterinsights_sitenote_category":0,"mc4wp_mailchimp_campaign":[],"jnews-multi-image_gallery":[],"jnews_single_post":{"subtitle":"Werbeplakat: \u201eDas gr\u00f6\u00dfte Geschenk, was Sie ihrem ersten Kind geben k\u00f6nnen, ist kein weiteres mehr zu haben.\u201c","format":"standard","video":"","gallery":"","source_name":"","source_url":"","via_name":"","via_url":"","override":[{"single_blog_custom":"","sidebar":"","second_sidebar":"","share_position":"","share_float_style":"","post_date_format":"","post_date_format_custom":"","post_reading_time_wpm":"","zoom_button_out_step":"1","zoom_button_in_step":"1","number_popup_post":"1"}],"image_override":[{"single_post_thumbnail_size":"","single_post_gallery_size":""}],"trending_post_position":"","trending_post_label":"","sponsored_post_label":"","sponsored_post_name":"","sponsored_post_url":"","sponsored_post_logo":"","sponsored_post_desc":""},"jnews_primary_category":{"id":"770"},"jnews_social_meta":{"fb_title":"","fb_description":"","fb_image":"","twitter_title":"","twitter_description":"","twitter_image":""},"jnews_override_counter":{"view_counter_number":"0","share_counter_number":"0","like_counter_number":"0","dislike_counter_number":"0"},"footnotes":""},"categories":[816,770,811],"tags":[1906,5938],"class_list":["post-31201","post","type-post","status-publish","format-standard","has-post-thumbnail","hentry","category-breaking-news-de","category-familie","category-foreground-de","tag-abtreibung","tag-ueberbevoelkerung"],"yoast_head":"<!-- This site is optimized with the Yoast SEO Premium plugin v25.9 (Yoast SEO v27.3) - https:\/\/yoast.com\/product\/yoast-seo-premium-wordpress\/ -->\n<title>Ein Planet, ein Kind? Menschenverachtende Kampagne gegen Familie, Kinder und Liebe - IFN<\/title>\n<meta name=\"robots\" content=\"index, follow, max-snippet:-1, max-image-preview:large, max-video-preview:-1\" \/>\n<link rel=\"canonical\" href=\"https:\/\/ifamnews.com\/de\/ein-planet-ein-kind-menschenverachtende-kampagne-gegen-familie-kinder-und-liebe\" \/>\n<meta property=\"og:locale\" content=\"de_DE\" \/>\n<meta property=\"og:type\" content=\"article\" \/>\n<meta property=\"og:title\" content=\"Ein Planet, ein Kind? Menschenverachtende Kampagne gegen Familie, Kinder und Liebe\" \/>\n<meta property=\"og:description\" content=\"Werbeplakat: \u201eDas gr\u00f6\u00dfte Geschenk, was Sie ihrem ersten Kind geben k\u00f6nnen, ist kein weiteres mehr zu haben.\u201c\" \/>\n<meta property=\"og:url\" content=\"https:\/\/ifamnews.com\/de\/ein-planet-ein-kind-menschenverachtende-kampagne-gegen-familie-kinder-und-liebe\" \/>\n<meta property=\"og:site_name\" content=\"IFN\" \/>\n<meta property=\"article:publisher\" content=\"https:\/\/www.facebook.com\/iFamNews\" \/>\n<meta property=\"article:author\" content=\"https:\/\/facebook.com\/stajic.marija\" \/>\n<meta property=\"article:published_time\" content=\"2020-10-06T15:19:54+00:00\" \/>\n<meta property=\"article:modified_time\" content=\"2020-10-07T14:02:22+00:00\" \/>\n<meta property=\"og:image\" content=\"https:\/\/ifamnews.com\/wp-content\/uploads\/2020\/09\/sad-little-girl_resize.jpeg.jpg\" \/>\n\t<meta property=\"og:image:width\" content=\"1200\" \/>\n\t<meta property=\"og:image:height\" content=\"675\" \/>\n\t<meta property=\"og:image:type\" content=\"image\/jpeg\" \/>\n<meta name=\"author\" content=\"Marija Staji\u0107\" \/>\n<meta name=\"twitter:card\" content=\"summary_large_image\" \/>\n<meta name=\"twitter:creator\" content=\"@https:\/\/twitter.com\/NienorMaiden\" \/>\n<meta name=\"twitter:site\" content=\"@iFamNewsEN\" \/>\n<meta name=\"twitter:label1\" content=\"Verfasst von\" \/>\n\t<meta name=\"twitter:data1\" content=\"Marija Staji\u0107\" \/>\n\t<meta name=\"twitter:label2\" content=\"Gesch\u00e4tzte Lesezeit\" \/>\n\t<meta name=\"twitter:data2\" content=\"5\u00a0Minuten\" \/>\n<!-- \/ Yoast SEO Premium plugin. -->","yoast_head_json":{"title":"Ein Planet, ein Kind? Menschenverachtende Kampagne gegen Familie, Kinder und Liebe - IFN","robots":{"index":"index","follow":"follow","max-snippet":"max-snippet:-1","max-image-preview":"max-image-preview:large","max-video-preview":"max-video-preview:-1"},"canonical":"https:\/\/ifamnews.com\/de\/ein-planet-ein-kind-menschenverachtende-kampagne-gegen-familie-kinder-und-liebe","og_locale":"de_DE","og_type":"article","og_title":"Ein Planet, ein Kind? Menschenverachtende Kampagne gegen Familie, Kinder und Liebe","og_description":"Werbeplakat: \u201eDas gr\u00f6\u00dfte Geschenk, was Sie ihrem ersten Kind geben k\u00f6nnen, ist kein weiteres mehr zu haben.\u201c","og_url":"https:\/\/ifamnews.com\/de\/ein-planet-ein-kind-menschenverachtende-kampagne-gegen-familie-kinder-und-liebe","og_site_name":"IFN","article_publisher":"https:\/\/www.facebook.com\/iFamNews","article_author":"https:\/\/facebook.com\/stajic.marija","article_published_time":"2020-10-06T15:19:54+00:00","article_modified_time":"2020-10-07T14:02:22+00:00","og_image":[{"width":1200,"height":675,"url":"https:\/\/ifamnews.com\/wp-content\/uploads\/2020\/09\/sad-little-girl_resize.jpeg.jpg","type":"image\/jpeg"}],"author":"Marija Staji\u0107","twitter_card":"summary_large_image","twitter_creator":"@https:\/\/twitter.com\/NienorMaiden","twitter_site":"@iFamNewsEN","twitter_misc":{"Verfasst von":"Marija Staji\u0107","Gesch\u00e4tzte Lesezeit":"5\u00a0Minuten"},"schema":{"@context":"https:\/\/schema.org","@graph":[{"@type":"NewsArticle","@id":"https:\/\/ifamnews.com\/de\/ein-planet-ein-kind-menschenverachtende-kampagne-gegen-familie-kinder-und-liebe#article","isPartOf":{"@id":"https:\/\/ifamnews.com\/de\/ein-planet-ein-kind-menschenverachtende-kampagne-gegen-familie-kinder-und-liebe"},"author":{"name":"Marija Staji\u0107","@id":"https:\/\/ifamnews.com\/en\/#\/schema\/person\/ff55fd7a19a70d5e04f07bd82a306371"},"headline":"Ein Planet, ein Kind? Menschenverachtende Kampagne gegen Familie, Kinder und Liebe","datePublished":"2020-10-06T15:19:54+00:00","dateModified":"2020-10-07T14:02:22+00:00","mainEntityOfPage":{"@id":"https:\/\/ifamnews.com\/de\/ein-planet-ein-kind-menschenverachtende-kampagne-gegen-familie-kinder-und-liebe"},"wordCount":993,"commentCount":0,"publisher":{"@id":"https:\/\/ifamnews.com\/en\/#organization"},"image":{"@id":"https:\/\/ifamnews.com\/de\/ein-planet-ein-kind-menschenverachtende-kampagne-gegen-familie-kinder-und-liebe#primaryimage"},"thumbnailUrl":"https:\/\/ifamnews.com\/wp-content\/uploads\/2020\/09\/sad-little-girl_resize.jpeg.jpg","keywords":["Abtreibung","\u00dcberbev\u00f6lkerung"],"articleSection":["Breaking News","Familie","Vordergrund"],"inLanguage":"de","potentialAction":[{"@type":"CommentAction","name":"Comment","target":["https:\/\/ifamnews.com\/de\/ein-planet-ein-kind-menschenverachtende-kampagne-gegen-familie-kinder-und-liebe#respond"]}]},{"@type":"WebPage","@id":"https:\/\/ifamnews.com\/de\/ein-planet-ein-kind-menschenverachtende-kampagne-gegen-familie-kinder-und-liebe","url":"https:\/\/ifamnews.com\/de\/ein-planet-ein-kind-menschenverachtende-kampagne-gegen-familie-kinder-und-liebe","name":"Ein Planet, ein Kind? Menschenverachtende Kampagne gegen Familie, Kinder und Liebe - IFN","isPartOf":{"@id":"https:\/\/ifamnews.com\/en\/#website"},"primaryImageOfPage":{"@id":"https:\/\/ifamnews.com\/de\/ein-planet-ein-kind-menschenverachtende-kampagne-gegen-familie-kinder-und-liebe#primaryimage"},"image":{"@id":"https:\/\/ifamnews.com\/de\/ein-planet-ein-kind-menschenverachtende-kampagne-gegen-familie-kinder-und-liebe#primaryimage"},"thumbnailUrl":"https:\/\/ifamnews.com\/wp-content\/uploads\/2020\/09\/sad-little-girl_resize.jpeg.jpg","datePublished":"2020-10-06T15:19:54+00:00","dateModified":"2020-10-07T14:02:22+00:00","breadcrumb":{"@id":"https:\/\/ifamnews.com\/de\/ein-planet-ein-kind-menschenverachtende-kampagne-gegen-familie-kinder-und-liebe#breadcrumb"},"inLanguage":"de","potentialAction":[{"@type":"ReadAction","target":["https:\/\/ifamnews.com\/de\/ein-planet-ein-kind-menschenverachtende-kampagne-gegen-familie-kinder-und-liebe"]}]},{"@type":"ImageObject","inLanguage":"de","@id":"https:\/\/ifamnews.com\/de\/ein-planet-ein-kind-menschenverachtende-kampagne-gegen-familie-kinder-und-liebe#primaryimage","url":"https:\/\/ifamnews.com\/wp-content\/uploads\/2020\/09\/sad-little-girl_resize.jpeg.jpg","contentUrl":"https:\/\/ifamnews.com\/wp-content\/uploads\/2020\/09\/sad-little-girl_resize.jpeg.jpg","width":1200,"height":675},{"@type":"BreadcrumbList","@id":"https:\/\/ifamnews.com\/de\/ein-planet-ein-kind-menschenverachtende-kampagne-gegen-familie-kinder-und-liebe#breadcrumb","itemListElement":[{"@type":"ListItem","position":1,"name":"Home","item":"https:\/\/ifamnews.com\/de"},{"@type":"ListItem","position":2,"name":"Familie","item":"https:\/\/ifamnews.com\/de\/kategorie\/familie"},{"@type":"ListItem","position":3,"name":"Ein Planet, ein Kind? Menschenverachtende Kampagne gegen Familie, Kinder und Liebe"}]},{"@type":"WebSite","@id":"https:\/\/ifamnews.com\/en\/#website","url":"https:\/\/ifamnews.com\/en\/","name":"IFN","description":"International Family News Network","publisher":{"@id":"https:\/\/ifamnews.com\/en\/#organization"},"potentialAction":[{"@type":"SearchAction","target":{"@type":"EntryPoint","urlTemplate":"https:\/\/ifamnews.com\/en\/?s={search_term_string}"},"query-input":{"@type":"PropertyValueSpecification","valueRequired":true,"valueName":"search_term_string"}}],"inLanguage":"de"},{"@type":"Organization","@id":"https:\/\/ifamnews.com\/en\/#organization","name":"iFamNews","url":"https:\/\/ifamnews.com\/en\/","logo":{"@type":"ImageObject","inLanguage":"de","@id":"https:\/\/ifamnews.com\/en\/#\/schema\/logo\/image\/","url":"https:\/\/ifamnews.com\/wp-content\/uploads\/2020\/01\/Share-logo.png","contentUrl":"https:\/\/ifamnews.com\/wp-content\/uploads\/2020\/01\/Share-logo.png","width":200,"height":200,"caption":"iFamNews"},"image":{"@id":"https:\/\/ifamnews.com\/en\/#\/schema\/logo\/image\/"},"sameAs":["https:\/\/www.facebook.com\/iFamNews","https:\/\/x.com\/iFamNewsEN"]},{"@type":"Person","@id":"https:\/\/ifamnews.com\/en\/#\/schema\/person\/ff55fd7a19a70d5e04f07bd82a306371","name":"Marija Staji\u0107","image":{"@type":"ImageObject","inLanguage":"de","@id":"https:\/\/secure.gravatar.com\/avatar\/2829a57bf52a9f1e1c978c15978600970b09b760c2a0057533c0e8598773eacf?s=96&d=mm&r=g","url":"https:\/\/secure.gravatar.com\/avatar\/2829a57bf52a9f1e1c978c15978600970b09b760c2a0057533c0e8598773eacf?s=96&d=mm&r=g","contentUrl":"https:\/\/secure.gravatar.com\/avatar\/2829a57bf52a9f1e1c978c15978600970b09b760c2a0057533c0e8598773eacf?s=96&d=mm&r=g","caption":"Marija Staji\u0107"},"description":"Marija Stajic is a co-editor of The Orthodox Christian Parent web portal, board member at Belgrade-based Pro-Life Centre charitable organisation, and member of the Serbian Scientific Centre. She holds an M.A. in English Language and Literature, and has extensive experience in translation and interpreting. She writes, edits and translates pieces on family-related and human rights issues, including freedom of speech, freedom of religion, and bioethical issues, such as abortion and euthanasia. Marija is the author of Roe v.Wade: social circumstances that led to the legalisation of abortion in the USA, the first published scientific paper in Serbia about the landmark SCOTUS decision. She is very passionate about women\u2019s reproductive health and is the first licenced FEMM educator in Serbia. She launched her personal website on fertility awareness Profemme.","sameAs":["https:\/\/facebook.com\/stajic.marija","https:\/\/x.com\/https:\/\/twitter.com\/NienorMaiden"],"url":"https:\/\/ifamnews.com\/de\/author\/marija-stajic"}]}},"amp_enabled":true,"_links":{"self":[{"href":"https:\/\/ifamnews.com\/de\/wp-json\/wp\/v2\/posts\/31201","targetHints":{"allow":["GET"]}}],"collection":[{"href":"https:\/\/ifamnews.com\/de\/wp-json\/wp\/v2\/posts"}],"about":[{"href":"https:\/\/ifamnews.com\/de\/wp-json\/wp\/v2\/types\/post"}],"author":[{"embeddable":true,"href":"https:\/\/ifamnews.com\/de\/wp-json\/wp\/v2\/users\/101"}],"replies":[{"embeddable":true,"href":"https:\/\/ifamnews.com\/de\/wp-json\/wp\/v2\/comments?post=31201"}],"version-history":[{"count":2,"href":"https:\/\/ifamnews.com\/de\/wp-json\/wp\/v2\/posts\/31201\/revisions"}],"predecessor-version":[{"id":31279,"href":"https:\/\/ifamnews.com\/de\/wp-json\/wp\/v2\/posts\/31201\/revisions\/31279"}],"wp:featuredmedia":[{"embeddable":true,"href":"https:\/\/ifamnews.com\/de\/wp-json\/wp\/v2\/media\/30092"}],"wp:attachment":[{"href":"https:\/\/ifamnews.com\/de\/wp-json\/wp\/v2\/media?parent=31201"}],"wp:term":[{"taxonomy":"category","embeddable":true,"href":"https:\/\/ifamnews.com\/de\/wp-json\/wp\/v2\/categories?post=31201"},{"taxonomy":"post_tag","embeddable":true,"href":"https:\/\/ifamnews.com\/de\/wp-json\/wp\/v2\/tags?post=31201"}],"curies":[{"name":"wp","href":"https:\/\/api.w.org\/{rel}","templated":true}]}}