{"id":30269,"date":"2020-09-29T14:40:06","date_gmt":"2020-09-29T18:40:06","guid":{"rendered":"https:\/\/ifamnews.com\/?p=30269"},"modified":"2021-03-30T09:20:41","modified_gmt":"2021-03-30T13:20:41","slug":"die-corona-religion-fordert-ihr-brandopfer-den-gesunden-menschenverstand","status":"publish","type":"post","link":"https:\/\/ifamnews.com\/de\/die-corona-religion-fordert-ihr-brandopfer-den-gesunden-menschenverstand","title":{"rendered":"Die Corona-Religion fordert ihr Brandopfer: den gesunden Menschenverstand"},"content":{"rendered":"<p class=\"last-updated\">Last updated on M\u00e4rz 30th, 2021 at 09:20 a.m.<\/p>\n<p>Bisher wurden zwei Arten von Totalitarismus in der Welt erreicht: ein orwellesquer (das kommunistische Regime mit Konzentrationslagern) und ein huxleyischer (eine \u201esch\u00f6ne neue Welt\u201c, eine Mischung aus Disneyland und GULAG, mit einer F\u00fclle sexueller Freiheiten und einem Mangel an politischen Freiheiten). Gegenw\u00e4rtig sind wir Zeugen des Entstehens einer neuen Art von Totalitarismus, dessen Samen von \u201eKorona-Entwicklungen\u201c gepflanzt wurden.<\/p>\n\n\n\n<p>Die Welt, die von der globalistischen Abschaum-Elite geschaffen wurde, jenen 0,666% \u201eerleuchteten\u201c, ist die Welt von Franz Kafka, der vor seinem Tod dem jungen tschechischen Autor Gustav Janouch sagte: \u201eBald werden wir die Erlaubnis brauchen, in unseren eigenen Hof zu gehen.\u201c<\/p>\n\n\n\n<p>Kafka beschrieb diese Welt in \u201aDer Prozess\u2018, einem Roman, in dem das Gef\u00fchl einer traumartigen (Un)-ordnung dominiert (wie in einem Alptraum \u2013 wenn man versucht, vor der Gefahr zu fliehen, sich aber nicht mehr bewegen kann und die Alltagslogik v\u00f6llig auf den Kopf gestellt wurde). In Kafkas ber\u00fchmtem Roman hat der Protagonist Josef K. verhaftet, darf aber trotzdem zur Arbeit gehen; der Gerichtssaal, in dem die Verhandlung stattfindet, befindet sich am Rande der Stadt, in einem heruntergekommenen, bettelarmen Geb\u00e4ude; statt eines Gesetzesbuchs auf dem Schreibtisch des Richters liegt eine Sammlung lausiger pornografischer Zeichnungen; der Auspeitscher im Lagerraum der Bank von Josef K. peitscht zwei Polizeibeamte aus, die Josef K.\u2018s Fr\u00fchst\u00fcck gegessen haben, als sie kamen, um ihn von der Verhaftung zu benachrichtigen; jeder wei\u00df von Josef K\u2018s Prozess, nur er nicht \u2013 er ist der einzige, der nicht wei\u00df, wessen er beschuldigt wird; selbst der Priester, der sich an ihn wendet, ist nur ein Gerichtsschreiber. Am Ende wird Josef K. von Henkern get\u00f6tet, die sch\u00e4bigen Zirkusgauklern \u00e4hneln, die ihm das Messer eher widerwillig ins Herz zu stechen scheinen.<\/p>\n\n\n\n<p><strong>Willk\u00fcr im \u00dcberfluss<\/strong><\/p>\n\n\n\n<p>Alles, was im Zusammenhang mit der Pandemie passiert ist, erinnert an die Welt aus Kafkas Roman.<\/p>\n\n\n\n<p>Nehmen wir den Impfstoff als Beispiel: Man sagt, man habe den Impfstoff f\u00fcr eine Krankheit gefunden, w\u00e4hrend die volle Wahrheit \u00fcber die Krankheit noch immer nicht bekannt ist. Schutzma\u00dfnahmen sind willk\u00fcrlich: Einige tragen eine Maske, auch wenn nur wenige Menschen in der N\u00e4he sind, w\u00e4hrend andere keine Maske tragen, auch wenn viele Menschen in der N\u00e4he sind&#8230; Bis vor kurzem durften nicht mehr als zehn Personen an einer Beerdigung teilnehmen, w\u00e4hrend bis zu hundert in einem Caf\u00e9 sitzen d\u00fcrfen. Meistens sind Masken zu einer Frage der Form geworden, denn um zu einer Frage des Wesens \u2013 oder einer wesentlichen Frage \u2013 zu werden, m\u00fcssen sie mindestens alle zwei Stunden gewechselt werden (im Falle von chirurgischen Masken), was fast niemand tut; Stoffmasken sind ziemlich nutzlos und k\u00f6nnen keinen Schutz vor irgendeinem Virus bieten. Trotzdem m\u00fcssen sie getragen werden. Dies ist das Ritual der neuen \u201eKorona-Religion\u201c. Irgendjemand hat irgendwo angeordnet, dass Masken getragen werden m\u00fcssen \u2013 so wie jemand irgendwo angeordnet hat, Josef K. zu verhaften, und er erf\u00e4hrt nie, warum.<\/p>\n\n\n\n<p>Und wir gehorchen. Und warten auf die Henker, die wie sch\u00e4bige Zirkusunterhalter aussehen werden.<\/p>\n\n\n\n<p><strong>Panik im Schulsystem<\/strong><\/p>\n\n\n\n<p>Inmitten einer kafkaesken Welt beginnt ein neues Schuljahr. In der September-Ausgabe des Monatsmagazins \u201ePe\u010dat\u201c (in Serbien) weist Slobodan Ikoni\u0107 darauf hin: \u201eEine Reihe von Ma\u00dfnahmen, die zur Verhinderung der Pandemie in Schulen eingef\u00fchrt wurden, waren Gegenstand vieler \u00f6ffentlicher Debatten, begleitet von der Bef\u00fcrchtung, dass Bildungseinrichtungen zu den Hotspots des Virus werden und eine neue Bedrohung f\u00fcr die Bev\u00f6lkerung darstellen k\u00f6nnten.\/&#8230;\/ Die meisten Eltern wollen keine Online-Schulen. Obwohl eine Reihe von Petitionen online lanciert wurden, in denen zu einem Boykott der Online-Bildung f\u00fcr Kinder aufgerufen wird, ausgel\u00f6st durch die Abneigung der Eltern, wieder die Rolle des Lehrers, des P\u00e4dagogen und des Psychologen zu spielen, besteht die gr\u00f6\u00dfte Angst der V\u00e4ter und M\u00fctter immer noch darin, dass die j\u00fcngsten Sch\u00fclerinnen und Sch\u00fcler, die in den untersten Klassenstufen sind, den Lehrplan nicht verstehen w\u00fcrden, wenn sie online unterrichtet w\u00fcrden. \/&#8230;\/ In nur drei Tagen des neuen Schuljahres hat \u0160ar\u010devi\u0107 (der Bildungsminister) drei Schuldirektoren \u2013 in Belgrad Pan\u010devo und Ni\u0161 \u2013 von ihrer Pflicht entbunden, weil sie sich nicht an die neuen Ma\u00dfnahmen hielten, obwohl es Hinweise auf andere Gr\u00fcnde f\u00fcr einen solchen Schritt gibt. \u0160ar\u010devi\u0107 sagte, dass er t\u00e4glich Videos von Schulkindern und sogar Lehrern ohne Gesichtsmaske erhalten habe &#8211; und warnte, dass er auf jeden dieser F\u00e4lle von Ungehorsam reagieren werde.<\/p>\n\n\n\n<p>Im Grunde wei\u00df niemand, was zu tun ist oder wie man es tun soll. Die stellvertretende Direktorin des serbischen Instituts f\u00fcr \u00f6ffentliche Gesundheit Dr. Darija Kisi\u0107 Tepav\u010devi\u0107 hat eine \u2013 wie immer verwirrende &#8211; Geschichte angeboten: \u201eWir werden die epidemiologische Situation t\u00e4glich beobachten. Was die Schlie\u00dfung von Schulen betrifft, so wird dies auf individueller Basis geschehen, von der Ebene der einzelnen Schulr\u00e4te bis hin zur landesweiten Ebene; jeder steigende Trend der Krankheit mit der indikativen Ausbreitung wird \u00fcberwacht, sollte es dazu kommen.\u201c<\/p>\n\n\n\n<p>Was soll das hei\u00dfen?<\/p>\n\n\n\n<p><strong>Wie lange werden die noch Kinder zur Schule gehen?<\/strong><\/p>\n\n\n\n<p>Ein Damoklesschwert der Schlie\u00dfung droht Tag f\u00fcr Tag \u00fcber den Schulen. Die Caf\u00e9s und Restaurants sind voll, aber die Schulen sind das Problem. Boulevardjournalisten sind bereits im Einsatz, um Angst und Besorgnis zu sch\u00fcren: Schulkinder werden die Quelle einer neuen Welle des Coronavirus sein. Die Atmosph\u00e4re in den Schulen ist kafkaesk: Im Sportunterricht wird kein Basketball oder Volleyball gespielt, im Musikunterricht wird nicht musiziert, die Sch\u00fcler m\u00fcssen Gesichtsmasken tragen, bis sie an ihrem vorgesehenen Platz sind, und wenn sie dort sind \u2013 m\u00fcssen sie sich ruhig verhalten; wenn sie auf die Toilette gehen, auch wenn der Saal leer sein mag, m\u00fcssen sie die Maske wieder aufsetzen. Wir haben Narghiles in Caf\u00e9s und Gef\u00e4ngnisregeln in Schulen. Die Lehrer m\u00fcssen die ganze Zeit Masken tragen, auch wenn hinter einer Maske zu sprechen wie eine billige Darth-Vader-Darstellung aussieht und die p\u00e4dagogische Leistung schlecht und erb\u00e4rmlich ist.<\/p>\n\n\n\n<p>Kinder werden ein wenig Zeit in der Schule verbringen, und ein anderes Mal am Computer \u2013 um \u201eonline zu lernen\u201c, obwohl jeder wei\u00df, dass das Unterrichten \u00fcber das Internet keinen positiven Effekt hat. Eine Woche Regelschule, eine Woche Online-Schule. Und alle tun so, als sei \u201ealles in Ordnung.\u201c<\/p>\n\n\n\n<p>Den Eltern wird mit Strafanzeige gedroht, wenn ihr Kind krank wird. Und die Zeit des Hustens und Niesens steht noch bevor.<\/p>\n\n\n\n<p>Wir erwarten, wie man sagt, eine weitere \u201eneue Welle\u201c, und dann werden die Schulen, die ohnehin immer nur von der H\u00e4lfte der Sch\u00fcler besucht werden \u2013 mit auf 30 Minuten verk\u00fcrztem Unterricht \u2013 geschlossen und das Massenfl\u00fcchten in die h\u00e4usliche Isolation und Selbstisolierung beginnt. Ohne dass jemand wei\u00df, wie lange sie dauern wird.<\/p>\n\n\n\n<p>Was in aller Welt werden die Kinder lernen k\u00f6nnen? Wie werden sie es tun?<\/p>\n\n\n\n<p><strong>Eine Frage des gesunden Menschenverstandes<\/strong><\/p>\n\n\n\n<p>Slobodan Ikoni\u0107 wirft mehrere Fragen auf: \u201eWird es nach der Schule eine Kindertagesst\u00e4tte f\u00fcr Kinder geben, deren Eltern jetzt von zu Hause aus arbeiten? Wie ist das Verfahren, wenn ein Kind auf die Ergebnisse des COVID-19-Tests wartet? Warum ist es nicht m\u00f6glich, die K\u00f6rpertemperatur des Kindes in der Schule zu messen? Wie einfach wird es sein, die Kinder und Lehrer zu testen, die mit jemandem in Kontakt waren, der infiziert ist? Was ist mit Schulen f\u00fcr Kinder mit besonderen Bed\u00fcrfnissen \u2013 wie werden sie funktionieren? Verf\u00fcgen die Schulen \u00fcber ausreichende Kapazit\u00e4ten zur Reinigung und Desinfektion aller Oberfl\u00e4chen auf dem Schulgel\u00e4nde? Die gr\u00f6\u00dfte Gefahr liegt in einer Situation, in der jeder versucht, von sich aus eine L\u00f6sung zu finden, was bei Lehrern, Eltern und Sch\u00fclern noch mehr Angst und Besorgnis hervorruft.\u201c<\/p>\n\n\n\n<p>Diejenigen, die von der kafkaesken Welt, die dank dieser \u201e<em>corona<\/em> <em>mundi<\/em>\u201c geschaffen wurde, profitieren k\u00f6nnen, haben von Anfang an darauf gez\u00e4hlt: Die Angst war immer ein Verb\u00fcndeter der Machthaber, die ihre Untertanen zerschlagen und ihnen den gesunden Menschenverstand rauben wollten. Und wir m\u00fcssen mit allem, was wir haben, f\u00fcr den gesunden Menschenverstand k\u00e4mpfen.<\/p>\n\n\n\n<p>Dieser Artikel ist ein kleiner Beitrag zu diesem Kampf.<\/p>\n","protected":false},"excerpt":{"rendered":"<p>Die Menschheit wird in einer kafkaesken Horrorgeschichte gefangengehalten \u2013 und niemand wehrt sich. <\/p>\n","protected":false},"author":128,"featured_media":28659,"comment_status":"open","ping_status":"open","sticky":false,"template":"","format":"standard","meta":{"give_campaign_id":0,"om_disable_all_campaigns":false,"_monsterinsights_skip_tracking":false,"_monsterinsights_sitenote_active":false,"_monsterinsights_sitenote_note":"","_monsterinsights_sitenote_category":0,"mc4wp_mailchimp_campaign":[],"jnews-multi-image_gallery":[],"jnews_single_post":{"subtitle":"Die Menschheit wird in einer kafkaesken Horrorgeschichte gefangengehalten \u2013 und niemand wehrt sich. ","format":"standard","video":"","gallery":"","source_name":"","source_url":"","via_name":"","via_url":"","override":[{"single_blog_custom":"","sidebar":"","second_sidebar":"","share_position":"","share_float_style":"","post_date_format":"","post_date_format_custom":"","post_reading_time_wpm":"","zoom_button_out_step":"1","zoom_button_in_step":"1","number_popup_post":"1"}],"image_override":[{"single_post_thumbnail_size":"","single_post_gallery_size":""}],"trending_post_position":"","trending_post_label":"","sponsored_post_label":"","sponsored_post_name":"","sponsored_post_url":"","sponsored_post_logo":"","sponsored_post_desc":""},"jnews_primary_category":{"id":"763"},"jnews_social_meta":{"fb_title":"","fb_description":"","fb_image":"","twitter_title":"","twitter_description":"","twitter_image":""},"jnews_override_counter":{"view_counter_number":"0","share_counter_number":"0","like_counter_number":"0","dislike_counter_number":"0"},"footnotes":""},"categories":[816,763,811],"tags":[2299,5838],"class_list":["post-30269","post","type-post","status-publish","format-standard","has-post-thumbnail","hentry","category-breaking-news-de","category-kultur","category-foreground-de","tag-coronavirus","tag-orwell"],"yoast_head":"<!-- This site is optimized with the Yoast SEO Premium plugin v25.9 (Yoast SEO v27.3) - https:\/\/yoast.com\/product\/yoast-seo-premium-wordpress\/ -->\n<title>Die Corona-Religion fordert ihr Brandopfer: den gesunden Menschenverstand - IFN<\/title>\n<meta name=\"robots\" content=\"index, follow, max-snippet:-1, max-image-preview:large, max-video-preview:-1\" \/>\n<link rel=\"canonical\" href=\"https:\/\/ifamnews.com\/de\/die-corona-religion-fordert-ihr-brandopfer-den-gesunden-menschenverstand\" \/>\n<meta property=\"og:locale\" content=\"de_DE\" \/>\n<meta property=\"og:type\" content=\"article\" \/>\n<meta property=\"og:title\" content=\"Die Corona-Religion fordert ihr Brandopfer: den gesunden Menschenverstand\" \/>\n<meta property=\"og:description\" content=\"Die Menschheit wird in einer kafkaesken Horrorgeschichte gefangengehalten \u2013 und niemand wehrt sich.\" \/>\n<meta property=\"og:url\" content=\"https:\/\/ifamnews.com\/de\/die-corona-religion-fordert-ihr-brandopfer-den-gesunden-menschenverstand\" \/>\n<meta property=\"og:site_name\" content=\"IFN\" \/>\n<meta property=\"article:publisher\" content=\"https:\/\/www.facebook.com\/iFamNews\" \/>\n<meta property=\"article:published_time\" content=\"2020-09-29T18:40:06+00:00\" \/>\n<meta property=\"article:modified_time\" content=\"2021-03-30T13:20:41+00:00\" \/>\n<meta property=\"og:image\" content=\"https:\/\/ifamnews.com\/wp-content\/uploads\/2020\/09\/KAfka_Proces_resize.jpg\" \/>\n\t<meta property=\"og:image:width\" content=\"1200\" \/>\n\t<meta property=\"og:image:height\" content=\"675\" \/>\n\t<meta property=\"og:image:type\" content=\"image\/jpeg\" \/>\n<meta name=\"author\" content=\"Vladimir Dimitrijevi\u0107\" \/>\n<meta name=\"twitter:card\" content=\"summary_large_image\" \/>\n<meta name=\"twitter:creator\" content=\"@iFamNewsEN\" \/>\n<meta name=\"twitter:site\" content=\"@iFamNewsEN\" \/>\n<meta name=\"twitter:label1\" content=\"Verfasst von\" \/>\n\t<meta name=\"twitter:data1\" content=\"Vladimir Dimitrijevi\u0107\" \/>\n\t<meta name=\"twitter:label2\" content=\"Gesch\u00e4tzte Lesezeit\" \/>\n\t<meta name=\"twitter:data2\" content=\"7\u00a0Minuten\" \/>\n<!-- \/ Yoast SEO Premium plugin. -->","yoast_head_json":{"title":"Die Corona-Religion fordert ihr Brandopfer: den gesunden Menschenverstand - IFN","robots":{"index":"index","follow":"follow","max-snippet":"max-snippet:-1","max-image-preview":"max-image-preview:large","max-video-preview":"max-video-preview:-1"},"canonical":"https:\/\/ifamnews.com\/de\/die-corona-religion-fordert-ihr-brandopfer-den-gesunden-menschenverstand","og_locale":"de_DE","og_type":"article","og_title":"Die Corona-Religion fordert ihr Brandopfer: den gesunden Menschenverstand","og_description":"Die Menschheit wird in einer kafkaesken Horrorgeschichte gefangengehalten \u2013 und niemand wehrt sich.","og_url":"https:\/\/ifamnews.com\/de\/die-corona-religion-fordert-ihr-brandopfer-den-gesunden-menschenverstand","og_site_name":"IFN","article_publisher":"https:\/\/www.facebook.com\/iFamNews","article_published_time":"2020-09-29T18:40:06+00:00","article_modified_time":"2021-03-30T13:20:41+00:00","og_image":[{"width":1200,"height":675,"url":"https:\/\/ifamnews.com\/wp-content\/uploads\/2020\/09\/KAfka_Proces_resize.jpg","type":"image\/jpeg"}],"author":"Vladimir Dimitrijevi\u0107","twitter_card":"summary_large_image","twitter_creator":"@iFamNewsEN","twitter_site":"@iFamNewsEN","twitter_misc":{"Verfasst von":"Vladimir Dimitrijevi\u0107","Gesch\u00e4tzte Lesezeit":"7\u00a0Minuten"},"schema":{"@context":"https:\/\/schema.org","@graph":[{"@type":"NewsArticle","@id":"https:\/\/ifamnews.com\/de\/die-corona-religion-fordert-ihr-brandopfer-den-gesunden-menschenverstand#article","isPartOf":{"@id":"https:\/\/ifamnews.com\/de\/die-corona-religion-fordert-ihr-brandopfer-den-gesunden-menschenverstand"},"author":{"name":"Vladimir Dimitrijevi\u0107","@id":"https:\/\/ifamnews.com\/en\/#\/schema\/person\/ded5833dc581d629d508ddab585b44bb"},"headline":"Die Corona-Religion fordert ihr Brandopfer: den gesunden Menschenverstand","datePublished":"2020-09-29T18:40:06+00:00","dateModified":"2021-03-30T13:20:41+00:00","mainEntityOfPage":{"@id":"https:\/\/ifamnews.com\/de\/die-corona-religion-fordert-ihr-brandopfer-den-gesunden-menschenverstand"},"wordCount":1356,"commentCount":0,"publisher":{"@id":"https:\/\/ifamnews.com\/en\/#organization"},"image":{"@id":"https:\/\/ifamnews.com\/de\/die-corona-religion-fordert-ihr-brandopfer-den-gesunden-menschenverstand#primaryimage"},"thumbnailUrl":"https:\/\/ifamnews.com\/wp-content\/uploads\/2020\/09\/KAfka_Proces_resize.jpg","keywords":["Coronavirus","Orwell"],"articleSection":["Breaking News","Kultur","Vordergrund"],"inLanguage":"de","potentialAction":[{"@type":"CommentAction","name":"Comment","target":["https:\/\/ifamnews.com\/de\/die-corona-religion-fordert-ihr-brandopfer-den-gesunden-menschenverstand#respond"]}]},{"@type":"WebPage","@id":"https:\/\/ifamnews.com\/de\/die-corona-religion-fordert-ihr-brandopfer-den-gesunden-menschenverstand","url":"https:\/\/ifamnews.com\/de\/die-corona-religion-fordert-ihr-brandopfer-den-gesunden-menschenverstand","name":"Die Corona-Religion fordert ihr Brandopfer: den gesunden Menschenverstand - IFN","isPartOf":{"@id":"https:\/\/ifamnews.com\/en\/#website"},"primaryImageOfPage":{"@id":"https:\/\/ifamnews.com\/de\/die-corona-religion-fordert-ihr-brandopfer-den-gesunden-menschenverstand#primaryimage"},"image":{"@id":"https:\/\/ifamnews.com\/de\/die-corona-religion-fordert-ihr-brandopfer-den-gesunden-menschenverstand#primaryimage"},"thumbnailUrl":"https:\/\/ifamnews.com\/wp-content\/uploads\/2020\/09\/KAfka_Proces_resize.jpg","datePublished":"2020-09-29T18:40:06+00:00","dateModified":"2021-03-30T13:20:41+00:00","breadcrumb":{"@id":"https:\/\/ifamnews.com\/de\/die-corona-religion-fordert-ihr-brandopfer-den-gesunden-menschenverstand#breadcrumb"},"inLanguage":"de","potentialAction":[{"@type":"ReadAction","target":["https:\/\/ifamnews.com\/de\/die-corona-religion-fordert-ihr-brandopfer-den-gesunden-menschenverstand"]}]},{"@type":"ImageObject","inLanguage":"de","@id":"https:\/\/ifamnews.com\/de\/die-corona-religion-fordert-ihr-brandopfer-den-gesunden-menschenverstand#primaryimage","url":"https:\/\/ifamnews.com\/wp-content\/uploads\/2020\/09\/KAfka_Proces_resize.jpg","contentUrl":"https:\/\/ifamnews.com\/wp-content\/uploads\/2020\/09\/KAfka_Proces_resize.jpg","width":1200,"height":675,"caption":"\u0418\u0437\u0432\u043e\u0440: E.Narkevich https:\/\/narkevich.com\/"},{"@type":"BreadcrumbList","@id":"https:\/\/ifamnews.com\/de\/die-corona-religion-fordert-ihr-brandopfer-den-gesunden-menschenverstand#breadcrumb","itemListElement":[{"@type":"ListItem","position":1,"name":"Home","item":"https:\/\/ifamnews.com\/de"},{"@type":"ListItem","position":2,"name":"Opinion","item":"https:\/\/ifamnews.com\/en\/category\/opinion"},{"@type":"ListItem","position":3,"name":"Die Corona-Religion fordert ihr Brandopfer: den gesunden Menschenverstand"}]},{"@type":"WebSite","@id":"https:\/\/ifamnews.com\/en\/#website","url":"https:\/\/ifamnews.com\/en\/","name":"IFN","description":"International Family News Network","publisher":{"@id":"https:\/\/ifamnews.com\/en\/#organization"},"potentialAction":[{"@type":"SearchAction","target":{"@type":"EntryPoint","urlTemplate":"https:\/\/ifamnews.com\/en\/?s={search_term_string}"},"query-input":{"@type":"PropertyValueSpecification","valueRequired":true,"valueName":"search_term_string"}}],"inLanguage":"de"},{"@type":"Organization","@id":"https:\/\/ifamnews.com\/en\/#organization","name":"iFamNews","url":"https:\/\/ifamnews.com\/en\/","logo":{"@type":"ImageObject","inLanguage":"de","@id":"https:\/\/ifamnews.com\/en\/#\/schema\/logo\/image\/","url":"https:\/\/ifamnews.com\/wp-content\/uploads\/2020\/01\/Share-logo.png","contentUrl":"https:\/\/ifamnews.com\/wp-content\/uploads\/2020\/01\/Share-logo.png","width":200,"height":200,"caption":"iFamNews"},"image":{"@id":"https:\/\/ifamnews.com\/en\/#\/schema\/logo\/image\/"},"sameAs":["https:\/\/www.facebook.com\/iFamNews","https:\/\/x.com\/iFamNewsEN"]},{"@type":"Person","@id":"https:\/\/ifamnews.com\/en\/#\/schema\/person\/ded5833dc581d629d508ddab585b44bb","name":"Vladimir Dimitrijevi\u0107","image":{"@type":"ImageObject","inLanguage":"de","@id":"https:\/\/secure.gravatar.com\/avatar\/996f852edaa63b2780277a6299276d6a6eaf33aa804a5a9e5255b4ebce714529?s=96&d=mm&r=g","url":"https:\/\/secure.gravatar.com\/avatar\/996f852edaa63b2780277a6299276d6a6eaf33aa804a5a9e5255b4ebce714529?s=96&d=mm&r=g","contentUrl":"https:\/\/secure.gravatar.com\/avatar\/996f852edaa63b2780277a6299276d6a6eaf33aa804a5a9e5255b4ebce714529?s=96&d=mm&r=g","caption":"Vladimir Dimitrijevi\u0107"},"description":"PhD Vladimir Dimitrijevi\u0107 was born in 1969 in \u010ca\u010dak, Serbia, where he finished elementary school and the Grammar School. He graduated from the Department of Serbian Language and Literature, and World Literature at the Belgrade University\u2019s Faculty of Philology. He obtained his PhD in 2016, having defended a doctoral thesis titled \u201cVladimir Vuji\u0107 as an author, criticist and polemicist in the context of literary processes between the two world wars.\u201d Since 1991, he has been actively involved in the Orthodox Christian Missionary School (at the Church of St. Alexander Nevsky) and the Faith Charity Stewardship of the Archbishopric of Belgrade and Karlovci, as an organizer of lectures and the missionary work. He teaches Serbian language and literature at the Grammar School in his hometown \u010ca\u010dak. He has held more than a hundred lectures about destructive religious sects. He is an author and editor of a number of books and editions, including: \u201cOrthodox Christianity and Sects 1\u20137\u201d, \u201cHarry Potter and the Hunt for Children\u2019s Souls\u201d, \u201cDeliver Us from Evil \u2013 Orthodox Christianity and Witchcraft\u201d, \u201cPrison Guards of Souls\u201d, \u201cIf There Is No God, Then Everything Is Allowed\u201d, \u201cThe Greatest Serb After St Sava \u2013 A Book About Bishop Nikolai\u201d, \u201cHow Great God Is In His Saints\u201d, \u201cOrthodox Christianity and Challenges of the 21stCentury.\u201d He has been a member of the Association of Serbian Writers since 2002.","sameAs":["https:\/\/vladimirdimitrijevic.com\/sr-rs\/"],"url":"https:\/\/ifamnews.com\/de\/author\/vladimir-dimitrijevic"}]}},"amp_enabled":true,"_links":{"self":[{"href":"https:\/\/ifamnews.com\/de\/wp-json\/wp\/v2\/posts\/30269","targetHints":{"allow":["GET"]}}],"collection":[{"href":"https:\/\/ifamnews.com\/de\/wp-json\/wp\/v2\/posts"}],"about":[{"href":"https:\/\/ifamnews.com\/de\/wp-json\/wp\/v2\/types\/post"}],"author":[{"embeddable":true,"href":"https:\/\/ifamnews.com\/de\/wp-json\/wp\/v2\/users\/128"}],"replies":[{"embeddable":true,"href":"https:\/\/ifamnews.com\/de\/wp-json\/wp\/v2\/comments?post=30269"}],"version-history":[{"count":1,"href":"https:\/\/ifamnews.com\/de\/wp-json\/wp\/v2\/posts\/30269\/revisions"}],"predecessor-version":[{"id":30270,"href":"https:\/\/ifamnews.com\/de\/wp-json\/wp\/v2\/posts\/30269\/revisions\/30270"}],"wp:featuredmedia":[{"embeddable":true,"href":"https:\/\/ifamnews.com\/de\/wp-json\/wp\/v2\/media\/28659"}],"wp:attachment":[{"href":"https:\/\/ifamnews.com\/de\/wp-json\/wp\/v2\/media?parent=30269"}],"wp:term":[{"taxonomy":"category","embeddable":true,"href":"https:\/\/ifamnews.com\/de\/wp-json\/wp\/v2\/categories?post=30269"},{"taxonomy":"post_tag","embeddable":true,"href":"https:\/\/ifamnews.com\/de\/wp-json\/wp\/v2\/tags?post=30269"}],"curies":[{"name":"wp","href":"https:\/\/api.w.org\/{rel}","templated":true}]}}