{"id":29005,"date":"2020-09-18T10:40:31","date_gmt":"2020-09-18T15:40:31","guid":{"rendered":"https:\/\/ifamnews.com\/?p=29005"},"modified":"2020-09-18T10:40:39","modified_gmt":"2020-09-18T15:40:39","slug":"us-bischof-wehrt-sich-gegen-unfaire-corona-beschr-nkungen-der-religionsaus-bung","status":"publish","type":"post","link":"https:\/\/ifamnews.com\/de\/us-bischof-wehrt-sich-gegen-unfaire-corona-beschr-nkungen-der-religionsaus-bung","title":{"rendered":"US-Bischof wehrt sich gegen unfaire Corona-Beschr\u00e4nkungen der Religionsaus\u00fcbung"},"content":{"rendered":"\n<p>Die radikale B\u00fcrgermeisterin von San Francisco, London Breed, hat seit Monaten ein extremes hartes Durchgreifen gegen religi\u00f6s \u00fcberzeugte Menschen durchgesetzt und ihnen den Kirchenbesuch effektiv verboten. Frau Breed behauptet, dies sei notwendig, um die \u00f6ffentliche Gesundheit zu sch\u00fctzen, aber es gibt nur sehr wenige Einschr\u00e4nkungen f\u00fcr andere Aktivit\u00e4ten in der Stadt, wie z.B. das Einkaufen bei Nordstrom, die Teilnahme an Black Lives Matter-Protesten, den Kauf von Marihuana in Haschischl\u00e4den oder den Besuch von Schnapsl\u00e4den. Die ber\u00fcchtigten Massagesalons der Stadt sind sogar wieder f\u00fcr Gesch\u00e4fte ge\u00f6ffnet.<\/p>\n\n\n\n<p>Es ist f\u00fcr jeden Beobachter offensichtlich, dass B\u00fcrgermeisterin Breed in ihren willk\u00fcrlichen Anordnungen antireligi\u00f6se Bigotterie demonstriert.<\/p>\n\n\n\n<p>Die katholische Erzdi\u00f6zese San Francisco, die von einem der st\u00e4rksten und einflussreichsten Bisch\u00f6fe der Kirche in Amerika, Erzbischof Salvatore Cordileone, geleitet wird, hat mit aller Kraft versucht, Breeds Anordnungen zu befolgen, aber es wurde den Pfarrmitgliedern praktisch unm\u00f6glich gemacht, dies zu tun. Die Kathedrale der Stadt, Maria Aufnahme in den Himmel, kann mehr als 1.000 Besucher aufnehmen und h\u00e4lt immer noch die Richtlinien zur sozialen Distanzierung ein, aber Mayor Breed hat praktisch jede Innenmesse verboten. Messen im Freien wurden auf nur 12 Personen beschr\u00e4nkt.<\/p>\n\n\n\n<p>Erzbischof Cordileone organisierte k\u00fcrzlich vier zeitgleiche Messen im Freien auf dem Platz der Kathedrale mit jeweils 12 Teilnehmern. Damit sollte ein gewisses begrenztes Gemeinschaftsgef\u00fchl geschaffen werden, vor allem aber sollte die Absurdit\u00e4t der Anordnungen von Mayor Breed veranschaulicht werden.<\/p>\n\n\n\n<p>Der Erzbischof rief auch <em>FreetheMass.com<\/em> ins Leben, eine Petition an B\u00fcrgermeisterin Breed, die \u00fcber 5,000 Menschen unterzeichnet haben, in der sie die Wiederherstellung des Rechts der B\u00fcrger San Franciscos auf Gottesdienste gem\u00e4\u00df den Grunds\u00e4tzen ihres Glaubens fordert. Als Reaktion darauf erh\u00f6hte Breed die zul\u00e4ssige Zahl der Kirchenbesucher im Freien auf 50 und gab einige vage Kommentare ab, dass sie irgendwann in der Zukunft auch den Gottesdienst im Freien erlauben k\u00f6nnte.<\/p>\n\n\n\n<p>Das hat die Gl\u00e4ubigen nur noch mehr aufgew\u00fchlt, da sie erkannt haben, dass sie wergen ihres Versuchs der Glaubensaus\u00fcbung diskriminiert werden. Erzbischof Cordileone k\u00fcndigte f\u00fcr den kommenden Sonntag, den 20. September eine eucharistische Prozession an. Die Teilnehmer werden zur UN-Plaza neben dem Rathaus marschieren, \u201eum der Stadt zu zeigen, dass der Glaube elementar ist\u201c. Im Anschluss an die Demonstration werden die Teilnehmer zur Kathedrale ziehen, wo auf der Plaza vor der Kirche mehrere Messen im Freien gefeiert werden. Die Messen werden auf Englisch, Spanisch und Chinesisch abgehalten. Die Anwesenden werden Masken tragen und sich an die soziale Distanzierung halten.<\/p>\n\n\n\n<p>In einem Memorandum an die Di\u00f6zesanpriester sagte Erzbischof Cordileone: \u201eWir k\u00f6nnen nicht l\u00e4nger schweigen\u201c \u00fcber \u201ebestrafende\u201c Einschr\u00e4nkungen der Teilnahme an den Messen in geschlossenen R\u00e4umen.\u201c Die Gl\u00e4ubigen w\u00fcrden wegen ihrer Glaubens\u00fcberzeugung diskriminiert. Der Bischof &nbsp;f\u00fcgte hinzu, dass man nicht einfach tatenlos zuschauen k\u00f6nne, wie das Volk durch an einen Mangel an Mitgef\u00fchl f\u00fcr seine Bed\u00fcrfnisse \u2013 auch geistlicher Art, leiden muss und respektlos behandelt wird.<\/p>\n\n\n\n<p>Anfang der Woche erkl\u00e4rte Erzbischof Cordileone in einem Interview mit Raymond Arroyo von EWTN, dass er der Stadt substanzielle Beweise vorgelegt habe, die zeigen, dass diejenigen, die die Messe in Kirchen besuchen, die sich an die Richtlinien des \u00f6ffentlichen Gesundheitswesens halten \u2013 offene Fenster, ordnungsgem\u00e4\u00dfe Desinfektion, Sitzpl\u00e4tze in jeder zweiten Sitzreihe \u2013 und darum keine Ausbr\u00fcche von COVD-19 in Verbindung mit dem Kirchenbesuch verzeichnet wurden. Er sagte, die Stadt San Francisco habe die von ihm vorgelegten Beweise ignoriert.<\/p>\n\n\n\n<p>Erzbischof Cordileone hat ein Strategiekomitee aus Ordensleuten und Laien eingerichtet, das ihn bei k\u00fcnftigen Aktionen beraten soll, \u201ewie wir unserer Stimme am besten auf friedliche, aber eindringliche Weise Geh\u00f6r verschaffen k\u00f6nnen\u201c.<\/p>\n","protected":false},"excerpt":{"rendered":"<p>Erzbischof Salvatore Cordileone aus San Francisco mahnt seine Priester in einem Memorandum: \u201eWir k\u00f6nnen nicht l\u00e4nger \u00fcber strafende Einschr\u00e4nkungen f\u00fcr die Teilnahme an Messen in geschlossenen R\u00e4umen schweigen.\u201c<\/p>\n","protected":false},"author":35,"featured_media":28824,"comment_status":"open","ping_status":"open","sticky":false,"template":"","format":"standard","meta":{"give_campaign_id":0,"om_disable_all_campaigns":false,"_monsterinsights_skip_tracking":false,"_monsterinsights_sitenote_active":false,"_monsterinsights_sitenote_note":"","_monsterinsights_sitenote_category":0,"mc4wp_mailchimp_campaign":[],"jnews-multi-image_gallery":[],"jnews_single_post":{"subtitle":"Erzbischof Salvatore Cordileone aus San Francisco mahnt seine Priester in einem Memorandum: \u201eWir k\u00f6nnen nicht l\u00e4nger \u00fcber strafende Einschr\u00e4nkungen f\u00fcr die Teilnahme an Messen in geschlossenen R\u00e4umen schweigen.\u201c","format":"standard","video":"","gallery":"","source_name":"","source_url":"","via_name":"","via_url":"","override":[{"single_blog_custom":"","sidebar":"","second_sidebar":"","share_position":"","share_float_style":"","post_date_format":"","post_date_format_custom":"","post_reading_time_wpm":"","zoom_button_out_step":"1","zoom_button_in_step":"1","number_popup_post":"1"}],"image_override":[{"single_post_thumbnail_size":"","single_post_gallery_size":""}],"trending_post_position":"","trending_post_label":"","sponsored_post_label":"","sponsored_post_name":"","sponsored_post_url":"","sponsored_post_logo":"","sponsored_post_desc":""},"jnews_primary_category":{"id":"763"},"jnews_social_meta":{"fb_title":"","fb_description":"","fb_image":"","twitter_title":"","twitter_description":"","twitter_image":""},"jnews_override_counter":{"view_counter_number":"0","share_counter_number":"0","like_counter_number":"0","dislike_counter_number":"0"},"footnotes":""},"categories":[816,763,811],"tags":[],"class_list":["post-29005","post","type-post","status-publish","format-standard","has-post-thumbnail","hentry","category-breaking-news-de","category-kultur","category-foreground-de"],"yoast_head":"<!-- This site is optimized with the Yoast SEO Premium plugin v25.9 (Yoast SEO v27.3) - https:\/\/yoast.com\/product\/yoast-seo-premium-wordpress\/ -->\n<title>US-Bischof wehrt sich gegen unfaire Corona-Beschr\u00e4nkungen der Religionsaus\u00fcbung - IFN<\/title>\n<meta name=\"robots\" content=\"index, follow, max-snippet:-1, max-image-preview:large, max-video-preview:-1\" \/>\n<link rel=\"canonical\" href=\"https:\/\/ifamnews.com\/de\/us-bischof-wehrt-sich-gegen-unfaire-corona-beschr-nkungen-der-religionsaus-bung\" \/>\n<meta property=\"og:locale\" content=\"de_DE\" \/>\n<meta property=\"og:type\" content=\"article\" \/>\n<meta property=\"og:title\" content=\"US-Bischof wehrt sich gegen unfaire Corona-Beschr\u00e4nkungen der Religionsaus\u00fcbung\" \/>\n<meta property=\"og:description\" content=\"Erzbischof Salvatore Cordileone aus San Francisco mahnt seine Priester in einem Memorandum: \u201eWir k\u00f6nnen nicht l\u00e4nger \u00fcber strafende Einschr\u00e4nkungen f\u00fcr die Teilnahme an Messen in geschlossenen R\u00e4umen schweigen.\u201c\" \/>\n<meta property=\"og:url\" content=\"https:\/\/ifamnews.com\/de\/us-bischof-wehrt-sich-gegen-unfaire-corona-beschr-nkungen-der-religionsaus-bung\" \/>\n<meta property=\"og:site_name\" content=\"IFN\" \/>\n<meta property=\"article:publisher\" content=\"https:\/\/www.facebook.com\/iFamNews\" \/>\n<meta property=\"article:published_time\" content=\"2020-09-18T15:40:31+00:00\" \/>\n<meta property=\"article:modified_time\" content=\"2020-09-18T15:40:39+00:00\" \/>\n<meta property=\"og:image\" content=\"https:\/\/ifamnews.com\/wp-content\/uploads\/2020\/09\/SF-Mass-on-Plaza-1.jpg\" \/>\n\t<meta property=\"og:image:width\" content=\"1200\" \/>\n\t<meta property=\"og:image:height\" content=\"675\" \/>\n\t<meta property=\"og:image:type\" content=\"image\/jpeg\" \/>\n<meta name=\"author\" content=\"Frank Schubert\" \/>\n<meta name=\"twitter:card\" content=\"summary_large_image\" \/>\n<meta name=\"twitter:creator\" content=\"@iFamNewsEN\" \/>\n<meta name=\"twitter:site\" content=\"@iFamNewsEN\" \/>\n<meta name=\"twitter:label1\" content=\"Verfasst von\" \/>\n\t<meta name=\"twitter:data1\" content=\"Frank Schubert\" \/>\n\t<meta name=\"twitter:label2\" content=\"Gesch\u00e4tzte Lesezeit\" \/>\n\t<meta name=\"twitter:data2\" content=\"3\u00a0Minuten\" \/>\n<!-- \/ Yoast SEO Premium plugin. -->","yoast_head_json":{"title":"US-Bischof wehrt sich gegen unfaire Corona-Beschr\u00e4nkungen der Religionsaus\u00fcbung - IFN","robots":{"index":"index","follow":"follow","max-snippet":"max-snippet:-1","max-image-preview":"max-image-preview:large","max-video-preview":"max-video-preview:-1"},"canonical":"https:\/\/ifamnews.com\/de\/us-bischof-wehrt-sich-gegen-unfaire-corona-beschr-nkungen-der-religionsaus-bung","og_locale":"de_DE","og_type":"article","og_title":"US-Bischof wehrt sich gegen unfaire Corona-Beschr\u00e4nkungen der Religionsaus\u00fcbung","og_description":"Erzbischof Salvatore Cordileone aus San Francisco mahnt seine Priester in einem Memorandum: \u201eWir k\u00f6nnen nicht l\u00e4nger \u00fcber strafende Einschr\u00e4nkungen f\u00fcr die Teilnahme an Messen in geschlossenen R\u00e4umen schweigen.\u201c","og_url":"https:\/\/ifamnews.com\/de\/us-bischof-wehrt-sich-gegen-unfaire-corona-beschr-nkungen-der-religionsaus-bung","og_site_name":"IFN","article_publisher":"https:\/\/www.facebook.com\/iFamNews","article_published_time":"2020-09-18T15:40:31+00:00","article_modified_time":"2020-09-18T15:40:39+00:00","og_image":[{"width":1200,"height":675,"url":"https:\/\/ifamnews.com\/wp-content\/uploads\/2020\/09\/SF-Mass-on-Plaza-1.jpg","type":"image\/jpeg"}],"author":"Frank Schubert","twitter_card":"summary_large_image","twitter_creator":"@iFamNewsEN","twitter_site":"@iFamNewsEN","twitter_misc":{"Verfasst von":"Frank Schubert","Gesch\u00e4tzte Lesezeit":"3\u00a0Minuten"},"schema":{"@context":"https:\/\/schema.org","@graph":[{"@type":"NewsArticle","@id":"https:\/\/ifamnews.com\/de\/us-bischof-wehrt-sich-gegen-unfaire-corona-beschr-nkungen-der-religionsaus-bung#article","isPartOf":{"@id":"https:\/\/ifamnews.com\/de\/us-bischof-wehrt-sich-gegen-unfaire-corona-beschr-nkungen-der-religionsaus-bung"},"author":{"name":"Frank Schubert","@id":"https:\/\/ifamnews.com\/en\/#\/schema\/person\/7f059c4599e9d9efee95adbaab98c714"},"headline":"US-Bischof wehrt sich gegen unfaire Corona-Beschr\u00e4nkungen der Religionsaus\u00fcbung","datePublished":"2020-09-18T15:40:31+00:00","dateModified":"2020-09-18T15:40:39+00:00","mainEntityOfPage":{"@id":"https:\/\/ifamnews.com\/de\/us-bischof-wehrt-sich-gegen-unfaire-corona-beschr-nkungen-der-religionsaus-bung"},"wordCount":627,"commentCount":0,"publisher":{"@id":"https:\/\/ifamnews.com\/en\/#organization"},"image":{"@id":"https:\/\/ifamnews.com\/de\/us-bischof-wehrt-sich-gegen-unfaire-corona-beschr-nkungen-der-religionsaus-bung#primaryimage"},"thumbnailUrl":"https:\/\/ifamnews.com\/wp-content\/uploads\/2020\/09\/SF-Mass-on-Plaza-1.jpg","articleSection":["Breaking News","Kultur","Vordergrund"],"inLanguage":"de","potentialAction":[{"@type":"CommentAction","name":"Comment","target":["https:\/\/ifamnews.com\/de\/us-bischof-wehrt-sich-gegen-unfaire-corona-beschr-nkungen-der-religionsaus-bung#respond"]}]},{"@type":"WebPage","@id":"https:\/\/ifamnews.com\/de\/us-bischof-wehrt-sich-gegen-unfaire-corona-beschr-nkungen-der-religionsaus-bung","url":"https:\/\/ifamnews.com\/de\/us-bischof-wehrt-sich-gegen-unfaire-corona-beschr-nkungen-der-religionsaus-bung","name":"US-Bischof wehrt sich gegen unfaire Corona-Beschr\u00e4nkungen der Religionsaus\u00fcbung - IFN","isPartOf":{"@id":"https:\/\/ifamnews.com\/en\/#website"},"primaryImageOfPage":{"@id":"https:\/\/ifamnews.com\/de\/us-bischof-wehrt-sich-gegen-unfaire-corona-beschr-nkungen-der-religionsaus-bung#primaryimage"},"image":{"@id":"https:\/\/ifamnews.com\/de\/us-bischof-wehrt-sich-gegen-unfaire-corona-beschr-nkungen-der-religionsaus-bung#primaryimage"},"thumbnailUrl":"https:\/\/ifamnews.com\/wp-content\/uploads\/2020\/09\/SF-Mass-on-Plaza-1.jpg","datePublished":"2020-09-18T15:40:31+00:00","dateModified":"2020-09-18T15:40:39+00:00","breadcrumb":{"@id":"https:\/\/ifamnews.com\/de\/us-bischof-wehrt-sich-gegen-unfaire-corona-beschr-nkungen-der-religionsaus-bung#breadcrumb"},"inLanguage":"de","potentialAction":[{"@type":"ReadAction","target":["https:\/\/ifamnews.com\/de\/us-bischof-wehrt-sich-gegen-unfaire-corona-beschr-nkungen-der-religionsaus-bung"]}]},{"@type":"ImageObject","inLanguage":"de","@id":"https:\/\/ifamnews.com\/de\/us-bischof-wehrt-sich-gegen-unfaire-corona-beschr-nkungen-der-religionsaus-bung#primaryimage","url":"https:\/\/ifamnews.com\/wp-content\/uploads\/2020\/09\/SF-Mass-on-Plaza-1.jpg","contentUrl":"https:\/\/ifamnews.com\/wp-content\/uploads\/2020\/09\/SF-Mass-on-Plaza-1.jpg","width":1200,"height":675},{"@type":"BreadcrumbList","@id":"https:\/\/ifamnews.com\/de\/us-bischof-wehrt-sich-gegen-unfaire-corona-beschr-nkungen-der-religionsaus-bung#breadcrumb","itemListElement":[{"@type":"ListItem","position":1,"name":"Home","item":"https:\/\/ifamnews.com\/de"},{"@type":"ListItem","position":2,"name":"Breaking News","item":"https:\/\/ifamnews.com\/en\/category\/breaking-news"},{"@type":"ListItem","position":3,"name":"US-Bischof wehrt sich gegen unfaire Corona-Beschr\u00e4nkungen der Religionsaus\u00fcbung"}]},{"@type":"WebSite","@id":"https:\/\/ifamnews.com\/en\/#website","url":"https:\/\/ifamnews.com\/en\/","name":"IFN","description":"International Family News Network","publisher":{"@id":"https:\/\/ifamnews.com\/en\/#organization"},"potentialAction":[{"@type":"SearchAction","target":{"@type":"EntryPoint","urlTemplate":"https:\/\/ifamnews.com\/en\/?s={search_term_string}"},"query-input":{"@type":"PropertyValueSpecification","valueRequired":true,"valueName":"search_term_string"}}],"inLanguage":"de"},{"@type":"Organization","@id":"https:\/\/ifamnews.com\/en\/#organization","name":"iFamNews","url":"https:\/\/ifamnews.com\/en\/","logo":{"@type":"ImageObject","inLanguage":"de","@id":"https:\/\/ifamnews.com\/en\/#\/schema\/logo\/image\/","url":"https:\/\/ifamnews.com\/wp-content\/uploads\/2020\/01\/Share-logo.png","contentUrl":"https:\/\/ifamnews.com\/wp-content\/uploads\/2020\/01\/Share-logo.png","width":200,"height":200,"caption":"iFamNews"},"image":{"@id":"https:\/\/ifamnews.com\/en\/#\/schema\/logo\/image\/"},"sameAs":["https:\/\/www.facebook.com\/iFamNews","https:\/\/x.com\/iFamNewsEN"]},{"@type":"Person","@id":"https:\/\/ifamnews.com\/en\/#\/schema\/person\/7f059c4599e9d9efee95adbaab98c714","name":"Frank Schubert","image":{"@type":"ImageObject","inLanguage":"de","@id":"https:\/\/secure.gravatar.com\/avatar\/8e0a875546e6ef79d48161a997753eefc2376ae6843657e3a11827a2b2886fd2?s=96&d=mm&r=g","url":"https:\/\/secure.gravatar.com\/avatar\/8e0a875546e6ef79d48161a997753eefc2376ae6843657e3a11827a2b2886fd2?s=96&d=mm&r=g","contentUrl":"https:\/\/secure.gravatar.com\/avatar\/8e0a875546e6ef79d48161a997753eefc2376ae6843657e3a11827a2b2886fd2?s=96&d=mm&r=g","caption":"Frank Schubert"},"description":"Frank Schubert is a communications consultant for the International Organization for the Family (IOF) and has twice been named America\u2019s top public affairs professional. Schubert serves a similar role for the National Organization for Marriage (NOM). He has worked extensively on family-related issues including supporting marriage, the sanctity of human life and religious liberty, among other issues. Schubert is one of the country\u2019s top experts in managing ballot initiative campaigns and has won over 50 such campaigns in over one-dozen states, compiling an 80% winning record. He managed the successful Proposition 8 campaign in California as well as subsequent winning campaigns on marriage in Maine and North Carolina. His views on issues have been widely reported by the national and international media and he has been interviewed by news organizations hundreds of times. He is the founder of Inspiration Strategies, a public affairs firm.","url":"https:\/\/ifamnews.com\/de\/author\/fschubertifamnews-com"}]}},"amp_enabled":true,"_links":{"self":[{"href":"https:\/\/ifamnews.com\/de\/wp-json\/wp\/v2\/posts\/29005","targetHints":{"allow":["GET"]}}],"collection":[{"href":"https:\/\/ifamnews.com\/de\/wp-json\/wp\/v2\/posts"}],"about":[{"href":"https:\/\/ifamnews.com\/de\/wp-json\/wp\/v2\/types\/post"}],"author":[{"embeddable":true,"href":"https:\/\/ifamnews.com\/de\/wp-json\/wp\/v2\/users\/35"}],"replies":[{"embeddable":true,"href":"https:\/\/ifamnews.com\/de\/wp-json\/wp\/v2\/comments?post=29005"}],"version-history":[{"count":1,"href":"https:\/\/ifamnews.com\/de\/wp-json\/wp\/v2\/posts\/29005\/revisions"}],"predecessor-version":[{"id":29010,"href":"https:\/\/ifamnews.com\/de\/wp-json\/wp\/v2\/posts\/29005\/revisions\/29010"}],"wp:featuredmedia":[{"embeddable":true,"href":"https:\/\/ifamnews.com\/de\/wp-json\/wp\/v2\/media\/28824"}],"wp:attachment":[{"href":"https:\/\/ifamnews.com\/de\/wp-json\/wp\/v2\/media?parent=29005"}],"wp:term":[{"taxonomy":"category","embeddable":true,"href":"https:\/\/ifamnews.com\/de\/wp-json\/wp\/v2\/categories?post=29005"},{"taxonomy":"post_tag","embeddable":true,"href":"https:\/\/ifamnews.com\/de\/wp-json\/wp\/v2\/tags?post=29005"}],"curies":[{"name":"wp","href":"https:\/\/api.w.org\/{rel}","templated":true}]}}