{"id":27903,"date":"2020-09-09T00:00:00","date_gmt":"2020-09-09T05:00:00","guid":{"rendered":"https:\/\/ifamnews.com\/covid-19-no-non-e-andato-tutto-bene\/"},"modified":"2020-09-09T09:04:38","modified_gmt":"2020-09-09T14:04:38","slug":"covid-19-no-non-e-andato-tutto-bene","status":"publish","type":"post","link":"https:\/\/ifamnews.com\/de\/covid-19-no-non-e-andato-tutto-bene","title":{"rendered":"COVID-19: Es ist nicht alles gut gegangen"},"content":{"rendered":"\n<p>\u201eBring mir Gl\u00fcck.\u201c Das hat jemand auf ein kleines St\u00fcck Papier geschrieben und es auf die kristallene Urne, die die \u00dcberreste des heiligen Syrus in der Kathedrale von Pavia enth\u00e4lt, gelegt. Es ist mehr als nur ein Gebet, unterzeichnet von einem gewissen Vittorio: Es ist das Abbild wachsenden Unbehagens. Denn die ersten Monate des Jahres 2020 waren keine gew\u00f6hnlichen Monate. Der Lockdown ist zwar vorbei, doch <a href=\"https:\/\/ifamnews.com\/it\/dopo-il-lockdown-fotografia-di-un-paese-demoralizzato\">die soziale Isolation<\/a> h\u00e4lt f\u00fcr viele weiterhin an. Daher sind die <a href=\"https:\/\/ilmessaggero.it\/roma\/news\/covid_antidepressivi_farmacie_vendite_medicine_effetti_quarantena_psiche_ultime_notizie-5330096.html\">Warnrufe, die aus den Reihen des r\u00f6mischen Apothekerverbandes erklingen<\/a>, kaum verwunderlich: Seit M\u00e4rz ist ein Anstieg im Verkauf von Psychopharmaka und Pr\u00e4paraten gegen Angst und Schlaflosigkeit zu verzeichnen, welche \u2013 nebenbei bemerkt \u2013 in der Apotheke un\u00fcbersehbar gleich neben Atemschutzmasken und Hand-Desinfektionsmitteln platziert sind. <\/p>\n\n\n\n<h3 class=\"wp-block-heading\"><strong>Gute-Nacht-Tabletten<\/strong><\/h3>\n\n\n\n<p>Melatonin, Baldrian, Goldmohn, Passionsblume, Jujube, Johanniskraut: Produkte, die sich immer \u00f6fter auch in den Supermarktregalen in der Gesundheitsabteilung <em>breitmachen<\/em>. Entsprechend findet man in Apotheken verschiedene Schlaf- und Beruhigungsmittel wie Zolpidem und Zopiclon, Benzodiazepin-Anxiolytika wie Diazepam, Alprazolam, Lorazepam &#8211; eher bekannt unter den Bezeichnungen Valium, Xanax und Tavor. In den ersten vier Monaten des Jahres 2020 stiegen die Verkaufszahlen von Arzneimitteln im Vergleich zum Vorjahr <a href=\"https:\/\/repubblica.it\/economia\/diritti-e-consumi\/diritti-consumatori\/2020\/06\/26\/news\/farmaci_boom_di_acquisti_durante_il_lockdown_220_-260168770\/\">um 220 Prozent<\/a>. Doch der Anstieg ist nicht nur Atemschutzmasken, Paracetamol und Vitamin C zu verdanken. \u201eIch m\u00f6chte etwas, um besser schlafen zu k\u00f6nnen\u201c, diesen Satz h\u00f6ren die Apotheker seit Beginn der Pandemie immer h\u00e4ufiger. <\/p>\n\n\n\n<p>Man geht nur einmal pro Woche zum Einkaufen aus dem Haus, <a href=\"https:\/\/ifamnews.com\/it\/siamo-soli-e-la-moda-mania-dellasmr-lo-dimostra\">sieht Freunde und Familie nur per Videoanruf<\/a>, arbeitet im Homeoffice oder ist gezwungen, Resturlaub abzubauen: Dadurch ger\u00e4t der Schlaf-Wach-Rhythmus ziemlich schnell durcheinander. W\u00e4hrend die Allgemeinheit ihre Aufmerksamkeit auf die Gesundheitskrise richtete, blieb offenbar keine Zeit, \u00fcber die gesellschaftliche Krise nachzudenken. Doch das aktuelle Schweigen zum Thema ist unbegreiflich.<\/p>\n\n\n\n<h3 class=\"wp-block-heading\"><strong>Die Isolation geht weiter <\/strong><\/h3>\n\n\n\n<p>Der Lockdown ist vorbei, <a href=\"https:\/\/ifamnews.com\/it\/berlino-est-2-0-le-avventure-di-un-uomo-vivo\">und doch ist nichts mehr wie zuvor<\/a>. So berichten viele Allgemeinmediziner von Patienten, die weiterhin \u00fcber Angst und Beklemmung klagen, und zwar telefonisch, da sie Angst haben die Praxis aufzusuchen. Sicherlich begegnet man Dreistigkeit, Oberfl\u00e4chlichkeit und Arroganz: schon immer haben Menschen derart auf Leid und Schmerz reagiert. Doch herrscht vielerseits auch Angst; eine Angst, die nicht durch die CoViD-19-Fallzahlen begr\u00fcndet ist, denn gl\u00fccklicherweise ist in den vergangenen Monaten die Zahl der Krankenhauseinweisungen stark zur\u00fcckgegangen.<\/p>\n\n\n\n<p>In Coronavirus-Updates wird t\u00e4glich, oft ohne Einbeziehung anderer Daten wie Anzahl der durchgef\u00fchrten Tests und Schwere der Symptome, von Neuinfektionen berichtet. Dabei trifft es nicht die wenigen Fieslinge, die ihre Augen vor den mehr als 35.000 Todesf\u00e4llen in Italien verschlie\u00dfen. Nein, es trifft die Schw\u00e4chsten: \u00e4ltere Menschen, die aus Angst immer noch niemanden in die Wohnung lassen, nicht einmal die eigenen Enkelkinder; oder Menschen in Pflegeheimen, die seit Monaten kein bekanntes Gesicht mehr gesehen haben; oder Obdachlose. Wie viele Caritas-Suppenk\u00fcchen und Pfarreien sind nach wie vor geschlossen? Seit Monaten werden die Mahlzeiten nur durch ein Fenster gereicht. Anonyme Gesichter hinter einer Maske verteilen sorgf\u00e4ltig zubereitete Essensrationen an eine wirre und endlos lange Schlange von Menschen, deren Gesichter und Namen in der anonymen Masse immer mehr untergehen.<\/p>\n\n\n\n<p><a href=\"https:\/\/ifamnews.com\/it\/pranzo-in-famiglia-un-rituale-di-grande-bellezza-ai-tempi-del-coronavirus\">Es trifft die Familien<\/a>, die schon vor dem Lockdown mit nur einem Gehalt auskommen mussten und nun ganz ohne Gehalt dastehen; oder jene Familien, die eine Person mit einer Behinderung betreuen. Wo vorher freundliche Nachfragen und H\u00f6flichkeitsfloskeln zu h\u00f6ren waren, herrscht nun Stille. Man ist so sehr mit den eigenen Sorgen besch\u00e4ftigt, dass man vergisst, wie viele Menschen tagt\u00e4glich mit weitaus schlimmeren Problemen zu k\u00e4mpfen haben. <\/p>\n\n\n\n<p>Au\u00dferdem trifft der t\u00e4gliche Covid-Lagebericht junge Menschen besonders hart, vor allem solche in prek\u00e4ren Besch\u00e4ftigungsverh\u00e4ltnissen und junge Freiberufler, die sich gerade erst selbst\u00e4ndig gemacht haben. Es sind ungewisse Zeiten &#8211; vielen von ihnen wurde der Arbeitsvertrag gek\u00fcndigt, die bevorstehende Einstellung verschoben oder das Gehalt gek\u00fcrzt. <\/p>\n\n\n\n<h3 class=\"wp-block-heading\"><strong>Die Verfehlungen des Lockdowns<\/strong><\/h3>\n\n\n\n<p>Und so bringt Vittorio, ein Unbekannter f\u00fcr die Leser aber eine vertraute Gestalt f\u00fcr die Menschen aus Pavia, seine Mitmenschen zum Innezuhalten und Nachdenken. Denn er best\u00e4tigt eine der wenigen Gewissheiten, die aus diesen d\u00fcsteren Zeiten hervorgegangen sind: Es ist nicht alles gut gegangen. Zumindest nicht f\u00fcr jedermann. Nur dem Anschein nach sind alle gleich, denn in Wirklichkeit tanzen einige Walzer im gro\u00dfen Ballsaal eines Ozeandampfers w\u00e4hrend andere sich an Deck des Schiffes an der Reling festklammern und nur den Nachklang der weit entfernten Musik erhaschen.<\/p>\n\n\n\n<p>In diesem verlogenen Tanz kommt jede verkaufte Packung Psychopharmaka einer Niederlage f\u00fcr den Staat gleich, zumal sich der Staat in voller Selbst\u00fcberzeugung f\u00fcr B\u00fcrgerrechte und Solidarit\u00e4t, Akzeptanz und Toleranz, Fortschritt und Selbstbestimmung r\u00fchmt.<\/p>\n\n\n\n<h3 class=\"wp-block-heading\"><strong>Die gesellschaftliche Krise im Herbst<\/strong><\/h3>\n\n\n\n<p>Folgende Nachricht kann man nicht zur\u00fcckhalten: Falls Italien nicht umkehrt und erneut die Menschenw\u00fcrde in den Mittelpunkt stellt, wird das Land in eine gesellschaftliche Krise geraten. Italien wird sich im Auge des Sturms wiederfinden, wenn es als Antwort auf Zukunfts\u00e4ngste <a href=\"https:\/\/ifamnews.com\/it\/speranza-di-morte\">Todespillen an Frauen verabreicht<\/a>. Wir haben Schlaftabletten aber auch eine Tablette zur Beruhigung unserer \u00c4ngste, eine Abtreibungspille, ein Medikament, um unser Gewissen zum Schweigen zu bringen und <a href=\"https:\/\/ifamnews.com\/de\/sie-wollen-keinen-mundschutz-tragen\">sogar eine Pille f\u00fcr Maskenverweigerer<\/a>: die <a href=\"https:\/\/ifamnews.com\/it\/fermate-le-bambole-pedofile-di-alibaba-fino-a-quando\">perfekte Rezeptur f\u00fcr einen entmenschlichten Menschen<\/a>, jener inneren Stimme beraubt, die ihn so unberechenbar, ja manchmal sogar unergr\u00fcndlich, doch stets frei macht. Eine Rezeptur mit schweren Nebenwirkungen. <\/p>\n\n\n\n<p>Vittorio gibt uns die L\u00f6sung preis, indem er seine Augen gen Himmel erhebt \u2013 gleich einem Seemann, der ganz selbstverst\u00e4ndlich den Blick auf den Sternenhimmel richtet, bevor er in See sticht. Ein Kurswechsel ist n\u00f6tig hin zur Verteidigung des Lebens von der Empf\u00e4ngnis bis zum nat\u00fcrlichen Tod, hin zur F\u00f6rderung der Familie als Grundbaustein der Gesellschaft, hin zur Wahrung der Religionsfreiheit als Antrieb auf der Suche nach Wahrheit. Unter Vittorios Unterschrift ist noch Platz und, wenn wir wollen, k\u00f6nnen wir unseren eigenen Namen darunter setzen. <\/p>\n","protected":false},"excerpt":{"rendered":"<p>Der Psychopharmaka-Boom: Ein stummer Schrei des entmenschlichten Menschen <\/p>\n","protected":false},"author":13,"featured_media":25648,"comment_status":"open","ping_status":"open","sticky":false,"template":"","format":"standard","meta":{"give_campaign_id":0,"om_disable_all_campaigns":false,"_monsterinsights_skip_tracking":false,"_monsterinsights_sitenote_active":false,"_monsterinsights_sitenote_note":"","_monsterinsights_sitenote_category":0,"mc4wp_mailchimp_campaign":[],"jnews-multi-image_gallery":[],"jnews_single_post":{"subtitle":"Der Psychopharmaka-Boom und der stumme Schrei des entmenschlichten Menschen ","format":"standard","video":"","gallery":"","source_name":"","source_url":"","via_name":"","via_url":"","override":[{"single_blog_custom":"","sidebar":"","second_sidebar":"","share_position":"","share_float_style":"","post_date_format":"","post_date_format_custom":"","post_reading_time_wpm":"","zoom_button_out_step":"1","zoom_button_in_step":"1","number_popup_post":"1"}],"image_override":[{"single_post_thumbnail_size":"","single_post_gallery_size":""}],"trending_post_position":"","trending_post_label":""},"jnews_primary_category":{"id":"820"},"jnews_social_meta":{"fb_title":"","fb_description":"","fb_image":"","twitter_title":"","twitter_description":"","twitter_image":""},"jnews_override_counter":{"view_counter_number":"0","share_counter_number":"0","like_counter_number":"0","dislike_counter_number":"0"},"footnotes":""},"categories":[816,820,811],"tags":[2299,2300,5526,5524,5528],"class_list":["post-27903","post","type-post","status-publish","format-standard","has-post-thumbnail","hentry","category-breaking-news-de","category-leben","category-foreground-de","tag-coronavirus","tag-covid-19-3","tag-entmenschlichung","tag-isolamento-de","tag-psychopharmaka"],"yoast_head":"<!-- This site is optimized with the Yoast SEO Premium plugin v25.9 (Yoast SEO v27.3) - https:\/\/yoast.com\/product\/yoast-seo-premium-wordpress\/ -->\n<title>COVID-19: Es ist nicht alles gut gegangen - IFN<\/title>\n<meta name=\"description\" content=\"Nel boom degli psicofarmaci il grido silenzioso dell\u2019uomo disumanizzato. La preghiera di Vittorio che chiede aiuto a san Siro\" \/>\n<meta name=\"robots\" content=\"index, follow, max-snippet:-1, max-image-preview:large, max-video-preview:-1\" \/>\n<link rel=\"canonical\" href=\"https:\/\/ifamnews.com\/de\/covid-19-no-non-e-andato-tutto-bene\" \/>\n<meta property=\"og:locale\" content=\"de_DE\" \/>\n<meta property=\"og:type\" content=\"article\" \/>\n<meta property=\"og:title\" content=\"COVID-19: Es ist nicht alles gut gegangen\" \/>\n<meta property=\"og:description\" content=\"Nel boom degli psicofarmaci il grido silenzioso dell\u2019uomo disumanizzato. La preghiera di Vittorio che chiede aiuto a san Siro\" \/>\n<meta property=\"og:url\" content=\"https:\/\/ifamnews.com\/de\/covid-19-no-non-e-andato-tutto-bene\" \/>\n<meta property=\"og:site_name\" content=\"IFN\" \/>\n<meta property=\"article:publisher\" content=\"https:\/\/www.facebook.com\/iFamNews\" \/>\n<meta property=\"article:author\" content=\"https:\/\/it-it.facebook.com\/IlparcodiGiacomo\/\" \/>\n<meta property=\"article:published_time\" content=\"2020-09-09T05:00:00+00:00\" \/>\n<meta property=\"article:modified_time\" content=\"2020-09-09T14:04:38+00:00\" \/>\n<meta property=\"og:image\" content=\"https:\/\/ifamnews.com\/wp-content\/uploads\/2020\/08\/Messaggio-sullurna-di-San-Siro-duomo-di-Pavia-Vittorio.jpg\" \/>\n\t<meta property=\"og:image:width\" content=\"1920\" \/>\n\t<meta property=\"og:image:height\" content=\"2560\" \/>\n\t<meta property=\"og:image:type\" content=\"image\/jpeg\" \/>\n<meta name=\"author\" content=\"Giacomo Bertoni\" \/>\n<meta name=\"twitter:card\" content=\"summary_large_image\" \/>\n<meta name=\"twitter:creator\" content=\"@https:\/\/twitter.com\/ParcodiGiacomo\" \/>\n<meta name=\"twitter:site\" content=\"@iFamNewsEN\" \/>\n<meta name=\"twitter:label1\" content=\"Verfasst von\" \/>\n\t<meta name=\"twitter:data1\" content=\"Giacomo Bertoni\" \/>\n\t<meta name=\"twitter:label2\" content=\"Gesch\u00e4tzte Lesezeit\" \/>\n\t<meta name=\"twitter:data2\" content=\"5\u00a0Minuten\" \/>\n<!-- \/ Yoast SEO Premium plugin. -->","yoast_head_json":{"title":"COVID-19: Es ist nicht alles gut gegangen - IFN","description":"Nel boom degli psicofarmaci il grido silenzioso dell\u2019uomo disumanizzato. La preghiera di Vittorio che chiede aiuto a san Siro","robots":{"index":"index","follow":"follow","max-snippet":"max-snippet:-1","max-image-preview":"max-image-preview:large","max-video-preview":"max-video-preview:-1"},"canonical":"https:\/\/ifamnews.com\/de\/covid-19-no-non-e-andato-tutto-bene","og_locale":"de_DE","og_type":"article","og_title":"COVID-19: Es ist nicht alles gut gegangen","og_description":"Nel boom degli psicofarmaci il grido silenzioso dell\u2019uomo disumanizzato. La preghiera di Vittorio che chiede aiuto a san Siro","og_url":"https:\/\/ifamnews.com\/de\/covid-19-no-non-e-andato-tutto-bene","og_site_name":"IFN","article_publisher":"https:\/\/www.facebook.com\/iFamNews","article_author":"https:\/\/it-it.facebook.com\/IlparcodiGiacomo\/","article_published_time":"2020-09-09T05:00:00+00:00","article_modified_time":"2020-09-09T14:04:38+00:00","og_image":[{"width":1920,"height":2560,"url":"https:\/\/ifamnews.com\/wp-content\/uploads\/2020\/08\/Messaggio-sullurna-di-San-Siro-duomo-di-Pavia-Vittorio.jpg","type":"image\/jpeg"}],"author":"Giacomo Bertoni","twitter_card":"summary_large_image","twitter_creator":"@https:\/\/twitter.com\/ParcodiGiacomo","twitter_site":"@iFamNewsEN","twitter_misc":{"Verfasst von":"Giacomo Bertoni","Gesch\u00e4tzte Lesezeit":"5\u00a0Minuten"},"schema":{"@context":"https:\/\/schema.org","@graph":[{"@type":"NewsArticle","@id":"https:\/\/ifamnews.com\/de\/covid-19-no-non-e-andato-tutto-bene#article","isPartOf":{"@id":"https:\/\/ifamnews.com\/de\/covid-19-no-non-e-andato-tutto-bene"},"author":{"name":"Giacomo Bertoni","@id":"https:\/\/ifamnews.com\/en\/#\/schema\/person\/5a21aea3de40946073f9cdf6051e2f6e"},"headline":"COVID-19: Es ist nicht alles gut gegangen","datePublished":"2020-09-09T05:00:00+00:00","dateModified":"2020-09-09T14:04:38+00:00","mainEntityOfPage":{"@id":"https:\/\/ifamnews.com\/de\/covid-19-no-non-e-andato-tutto-bene"},"wordCount":979,"commentCount":0,"publisher":{"@id":"https:\/\/ifamnews.com\/en\/#organization"},"image":{"@id":"https:\/\/ifamnews.com\/de\/covid-19-no-non-e-andato-tutto-bene#primaryimage"},"thumbnailUrl":"https:\/\/ifamnews.com\/wp-content\/uploads\/2020\/08\/Messaggio-sullurna-di-San-Siro-duomo-di-Pavia-Vittorio.jpg","keywords":["Coronavirus","COVID-19","Entmenschlichung","isolamento","Psychopharmaka"],"articleSection":["Breaking News","Leben","Vordergrund"],"inLanguage":"de","potentialAction":[{"@type":"CommentAction","name":"Comment","target":["https:\/\/ifamnews.com\/de\/covid-19-no-non-e-andato-tutto-bene#respond"]}]},{"@type":"WebPage","@id":"https:\/\/ifamnews.com\/de\/covid-19-no-non-e-andato-tutto-bene","url":"https:\/\/ifamnews.com\/de\/covid-19-no-non-e-andato-tutto-bene","name":"COVID-19: Es ist nicht alles gut gegangen - IFN","isPartOf":{"@id":"https:\/\/ifamnews.com\/en\/#website"},"primaryImageOfPage":{"@id":"https:\/\/ifamnews.com\/de\/covid-19-no-non-e-andato-tutto-bene#primaryimage"},"image":{"@id":"https:\/\/ifamnews.com\/de\/covid-19-no-non-e-andato-tutto-bene#primaryimage"},"thumbnailUrl":"https:\/\/ifamnews.com\/wp-content\/uploads\/2020\/08\/Messaggio-sullurna-di-San-Siro-duomo-di-Pavia-Vittorio.jpg","datePublished":"2020-09-09T05:00:00+00:00","dateModified":"2020-09-09T14:04:38+00:00","description":"Nel boom degli psicofarmaci il grido silenzioso dell\u2019uomo disumanizzato. La preghiera di Vittorio che chiede aiuto a san Siro","breadcrumb":{"@id":"https:\/\/ifamnews.com\/de\/covid-19-no-non-e-andato-tutto-bene#breadcrumb"},"inLanguage":"de","potentialAction":[{"@type":"ReadAction","target":["https:\/\/ifamnews.com\/de\/covid-19-no-non-e-andato-tutto-bene"]}]},{"@type":"ImageObject","inLanguage":"de","@id":"https:\/\/ifamnews.com\/de\/covid-19-no-non-e-andato-tutto-bene#primaryimage","url":"https:\/\/ifamnews.com\/wp-content\/uploads\/2020\/08\/Messaggio-sullurna-di-San-Siro-duomo-di-Pavia-Vittorio.jpg","contentUrl":"https:\/\/ifamnews.com\/wp-content\/uploads\/2020\/08\/Messaggio-sullurna-di-San-Siro-duomo-di-Pavia-Vittorio.jpg","width":1920,"height":2560,"caption":"Image by Giacomo Bertoni for iFamNews"},{"@type":"BreadcrumbList","@id":"https:\/\/ifamnews.com\/de\/covid-19-no-non-e-andato-tutto-bene#breadcrumb","itemListElement":[{"@type":"ListItem","position":1,"name":"Home","item":"https:\/\/ifamnews.com\/de"},{"@type":"ListItem","position":2,"name":"Life","item":"https:\/\/ifamnews.com\/en\/category\/life"},{"@type":"ListItem","position":3,"name":"COVID-19: Es ist nicht alles gut gegangen"}]},{"@type":"WebSite","@id":"https:\/\/ifamnews.com\/en\/#website","url":"https:\/\/ifamnews.com\/en\/","name":"IFN","description":"International Family News Network","publisher":{"@id":"https:\/\/ifamnews.com\/en\/#organization"},"potentialAction":[{"@type":"SearchAction","target":{"@type":"EntryPoint","urlTemplate":"https:\/\/ifamnews.com\/en\/?s={search_term_string}"},"query-input":{"@type":"PropertyValueSpecification","valueRequired":true,"valueName":"search_term_string"}}],"inLanguage":"de"},{"@type":"Organization","@id":"https:\/\/ifamnews.com\/en\/#organization","name":"iFamNews","url":"https:\/\/ifamnews.com\/en\/","logo":{"@type":"ImageObject","inLanguage":"de","@id":"https:\/\/ifamnews.com\/en\/#\/schema\/logo\/image\/","url":"https:\/\/ifamnews.com\/wp-content\/uploads\/2020\/01\/Share-logo.png","contentUrl":"https:\/\/ifamnews.com\/wp-content\/uploads\/2020\/01\/Share-logo.png","width":200,"height":200,"caption":"iFamNews"},"image":{"@id":"https:\/\/ifamnews.com\/en\/#\/schema\/logo\/image\/"},"sameAs":["https:\/\/www.facebook.com\/iFamNews","https:\/\/x.com\/iFamNewsEN"]},{"@type":"Person","@id":"https:\/\/ifamnews.com\/en\/#\/schema\/person\/5a21aea3de40946073f9cdf6051e2f6e","name":"Giacomo Bertoni","image":{"@type":"ImageObject","inLanguage":"de","@id":"https:\/\/secure.gravatar.com\/avatar\/8249f6c99b4757c6a2e9c32b70074900a0e16f1b8f4086921238d140a909149b?s=96&d=mm&r=g","url":"https:\/\/secure.gravatar.com\/avatar\/8249f6c99b4757c6a2e9c32b70074900a0e16f1b8f4086921238d140a909149b?s=96&d=mm&r=g","contentUrl":"https:\/\/secure.gravatar.com\/avatar\/8249f6c99b4757c6a2e9c32b70074900a0e16f1b8f4086921238d140a909149b?s=96&d=mm&r=g","caption":"Giacomo Bertoni"},"description":"Giacomo Bertoni, journalist and writer. Formerly at the daily newspaper la Provincia Pavese, he has worked with Ossigeno per l'informazione, il Ticino, and since 2016 has collaborated with Radio Mater. In 2009 he published his first children's book, Toppy, a gnat with a big heart (EdiGio'), which was followed by Gino e la Vecchia Consigliera (2011) and Un ponte tra le Valli (2014). In 2014 he graduated in Philosophy from the University of Pavia. Since 2011 he has edited his personal blog Il parco di Giacomo.","sameAs":["https:\/\/parcodigiacomo.blogspot.com\/","https:\/\/it-it.facebook.com\/IlparcodiGiacomo\/","https:\/\/x.com\/https:\/\/twitter.com\/ParcodiGiacomo"],"url":"https:\/\/ifamnews.com\/de\/author\/gbertoni"}]}},"amp_enabled":true,"_links":{"self":[{"href":"https:\/\/ifamnews.com\/de\/wp-json\/wp\/v2\/posts\/27903","targetHints":{"allow":["GET"]}}],"collection":[{"href":"https:\/\/ifamnews.com\/de\/wp-json\/wp\/v2\/posts"}],"about":[{"href":"https:\/\/ifamnews.com\/de\/wp-json\/wp\/v2\/types\/post"}],"author":[{"embeddable":true,"href":"https:\/\/ifamnews.com\/de\/wp-json\/wp\/v2\/users\/13"}],"replies":[{"embeddable":true,"href":"https:\/\/ifamnews.com\/de\/wp-json\/wp\/v2\/comments?post=27903"}],"version-history":[{"count":3,"href":"https:\/\/ifamnews.com\/de\/wp-json\/wp\/v2\/posts\/27903\/revisions"}],"predecessor-version":[{"id":27936,"href":"https:\/\/ifamnews.com\/de\/wp-json\/wp\/v2\/posts\/27903\/revisions\/27936"}],"wp:featuredmedia":[{"embeddable":true,"href":"https:\/\/ifamnews.com\/de\/wp-json\/wp\/v2\/media\/25648"}],"wp:attachment":[{"href":"https:\/\/ifamnews.com\/de\/wp-json\/wp\/v2\/media?parent=27903"}],"wp:term":[{"taxonomy":"category","embeddable":true,"href":"https:\/\/ifamnews.com\/de\/wp-json\/wp\/v2\/categories?post=27903"},{"taxonomy":"post_tag","embeddable":true,"href":"https:\/\/ifamnews.com\/de\/wp-json\/wp\/v2\/tags?post=27903"}],"curies":[{"name":"wp","href":"https:\/\/api.w.org\/{rel}","templated":true}]}}