{"id":273196,"date":"2026-01-22T12:00:00","date_gmt":"2026-01-22T17:00:00","guid":{"rendered":"https:\/\/ifamnews.com\/mosambikanische-christen-sind-mit-islamischen-angriffen-konfrontiert"},"modified":"2026-01-22T12:50:07","modified_gmt":"2026-01-22T17:50:07","slug":"mosambikanische-christen-sind-mit-islamischen-angriffen-konfrontiert","status":"publish","type":"post","link":"https:\/\/ifamnews.com\/de\/mosambikanische-christen-sind-mit-islamischen-angriffen-konfrontiert","title":{"rendered":"Mosambikanische Christen sind mit islamischen Angriffen konfrontiert"},"content":{"rendered":"\n<p>Eine Welle dschihadistischer Gewalt erfasste Ende November 2025 den Norden Mosambiks, als mit dem Islamischen Staat Provinz Mosambik verbundene Militante koordinierte Angriffe starteten, bei denen mindestens 22 Christen get\u00f6tet und \u00fcber 80.000 Menschen zur Flucht aus ihren H\u00e4usern gezwungen wurden. Dieser brutale Angriff unterstreicht die unerbittliche Verfolgung von Gl\u00e4ubigen in dschihadistischen Hotspots und fordert eine globale Verurteilung und entschiedene Ma\u00dfnahmen gegen den radikalen Islam. <\/p>\n\n<p>Der Terror begann am 20. November im Dorf Primeiro de Maio, Distrikt Muidumbe, wo bewaffnete Angreifer eindrangen, vier Zivilisten t\u00f6teten und H\u00e4user in Brand steckten. Panik erfasste die nahe gelegenen Orte Nampanha und Mapate, wo Leichen zwischen verlassenen Ruinen lagen, w\u00e4hrend \u00dcberlebende in W\u00e4lder oder in Richtung ferne Sicherheit flohen. Bis zum 25. November eskalierte das Blutbad im Distrikt Memba in der Provinz Nampula, wo vier weitere Menschen im Dorf Mazua get\u00f6tet wurden. Die Angriffe weiteten sich auf den Distrikt Er\u00e1ti aus und trafen Pavala, Sirissa, Nhage, Nahavara, L\u00fario und Mazula \u2013 H\u00e4user, Ernten und Kirchen wurden \u00fcber Nacht verlassen.    <\/p>\n\n<p>Hausdurchsuchungen richteten sich gegen Christen und verst\u00e4rkten den religi\u00f6s motivierten V\u00f6lkermord. Ein vertriebener Bewohner klagte: \u201eTausende Familien leiden, w\u00e4hrend sie versuchen, Terroristen zu entkommen. Die meisten H\u00e4user wurden niedergebrannt und Menschen get\u00f6tet.\u201c Ein lokaler Kirchenf\u00fchrer bekr\u00e4ftigte die Verzweiflung: \u201eDie Situation ist schmerzhaft. Die Bev\u00f6lkerung ist ver\u00e4ngstigt und ohne Ausweg.\u201c  <\/p>\n\n<p>Bischof Alberto Vera von der Di\u00f6zese Nacala brachte den Herzschmerz auf den Punkt: \u201eDies war eine Woche des Terrors und viel Leidens. Eltern und ihre Kinder mussten an sicherere Orte fliehen. Terror herrscht im ganzen Bezirk. Menschen wurden get\u00f6tet.\u201c Er bekr\u00e4ftigte die Solidarit\u00e4t der Kirche: \u201eDies sind Familien, Kinder und \u00e4ltere Menschen, die nur in Frieden leben wollen. Die Kirche leidet mit ihnen und geht mit ihnen, auch wenn ihnen alles genommen wurde.\u201c <\/p>\n\n<p>Diese Gr\u00e4ueltat deckt das Versagen auf, ISIS-Ableger, die Afrika verw\u00fcsten, von Mosambik bis Nigeria, einzud\u00e4mmen, wo \u00e4hnliche Gruppen wie ISWAP von Straflosigkeit profitieren. W\u00e4hrend westliche F\u00fchrer z\u00f6gern, erleiden gl\u00e4ubige Gemeinschaften ein Massaker \u2013 es ist an der Zeit, Verb\u00fcndete zu bewaffnen, Erm\u00f6glicher zu sanktionieren und die Religionsfreiheit \u00fcber Beschwichtigung zu stellen. <\/p>\n","protected":false},"excerpt":{"rendered":"<p>Eine Welle dschihadistischer Gewalt erfasste Ende November 2025 den Norden Mosambiks, als mit dem Islamischen Staat Provinz Mosambik verbundene Militante koordinierte Angriffe starteten, bei denen mindestens 22 Christen get\u00f6tet und \u00fcber 80.000 Menschen zur Flucht aus ihren H\u00e4usern gezwungen wurden. Dieser brutale Angriff unterstreicht die unerbittliche Verfolgung von Gl\u00e4ubigen in dschihadistischen Hotspots und fordert eine [&hellip;]<\/p>\n","protected":false},"author":593,"featured_media":273197,"comment_status":"open","ping_status":"open","sticky":false,"template":"","format":"standard","meta":{"give_campaign_id":0,"om_disable_all_campaigns":false,"_monsterinsights_skip_tracking":false,"_monsterinsights_sitenote_active":false,"_monsterinsights_sitenote_note":"","_monsterinsights_sitenote_category":0,"mc4wp_mailchimp_campaign":[],"jnews-multi-image_gallery":[],"jnews_single_post":[],"jnews_primary_category":[],"jnews_social_meta":[],"jnews_override_counter":[],"footnotes":""},"categories":[816,768,811],"tags":[19176],"class_list":["post-273196","post","type-post","status-publish","format-standard","has-post-thumbnail","hentry","category-breaking-news-de","category-politik","category-foreground-de","tag-christenverfolgung-de"],"yoast_head":"<!-- This site is optimized with the Yoast SEO Premium plugin v25.9 (Yoast SEO v27.3) - https:\/\/yoast.com\/product\/yoast-seo-premium-wordpress\/ -->\n<title>Mosambikanische Christen sind mit islamischen Angriffen konfrontiert - IFN<\/title>\n<meta name=\"description\" content=\"Eine Welle dschihadistischer Gewalt erfasste Ende November 2025 den Norden Mosambiks, als mit dem Islamischen Staat Provinz Mosambik verbundene Militante koordinierte Angriffe starteten, bei denen mindestens 22 Christen get\u00f6tet und \u00fcber 80.000 Menschen zur Flucht aus ihren H\u00e4usern gezwungen wurden.\" \/>\n<meta name=\"robots\" content=\"index, follow, max-snippet:-1, max-image-preview:large, max-video-preview:-1\" \/>\n<link rel=\"canonical\" href=\"https:\/\/ifamnews.com\/de\/mosambikanische-christen-sind-mit-islamischen-angriffen-konfrontiert\" \/>\n<meta property=\"og:locale\" content=\"de_DE\" \/>\n<meta property=\"og:type\" content=\"article\" \/>\n<meta property=\"og:title\" content=\"Mosambikanische Christen sind mit islamischen Angriffen konfrontiert\" \/>\n<meta property=\"og:description\" content=\"Eine Welle dschihadistischer Gewalt erfasste Ende November 2025 den Norden Mosambiks, als mit dem Islamischen Staat Provinz Mosambik verbundene Militante koordinierte Angriffe starteten, bei denen mindestens 22 Christen get\u00f6tet und \u00fcber 80.000 Menschen zur Flucht aus ihren H\u00e4usern gezwungen wurden.\" \/>\n<meta property=\"og:url\" content=\"https:\/\/ifamnews.com\/de\/mosambikanische-christen-sind-mit-islamischen-angriffen-konfrontiert\" \/>\n<meta property=\"og:site_name\" content=\"IFN\" \/>\n<meta property=\"article:publisher\" content=\"https:\/\/www.facebook.com\/iFamNews\" \/>\n<meta property=\"article:author\" content=\"https:\/\/www.facebook.com\/iFamNews\/\" \/>\n<meta property=\"article:published_time\" content=\"2026-01-22T17:00:00+00:00\" \/>\n<meta property=\"article:modified_time\" content=\"2026-01-22T17:50:07+00:00\" \/>\n<meta property=\"og:image\" content=\"https:\/\/ifamnews.com\/wp-content\/uploads\/2026\/01\/Untitled-design-2026-01-22T114900.063.png\" \/>\n\t<meta property=\"og:image:width\" content=\"1200\" \/>\n\t<meta property=\"og:image:height\" content=\"675\" \/>\n\t<meta property=\"og:image:type\" content=\"image\/png\" \/>\n<meta name=\"author\" content=\"IFN English\" \/>\n<meta name=\"twitter:card\" content=\"summary_large_image\" \/>\n<meta name=\"twitter:creator\" content=\"@https:\/\/twitter.com\/iFamNewsEN\" \/>\n<meta name=\"twitter:site\" content=\"@iFamNewsEN\" \/>\n<meta name=\"twitter:label1\" content=\"Verfasst von\" \/>\n\t<meta name=\"twitter:data1\" content=\"iFamNews Redaktion\" \/>\n\t<meta name=\"twitter:label2\" content=\"Gesch\u00e4tzte Lesezeit\" \/>\n\t<meta name=\"twitter:data2\" content=\"2\u00a0Minuten\" \/>\n<!-- \/ Yoast SEO Premium plugin. -->","yoast_head_json":{"title":"Mosambikanische Christen sind mit islamischen Angriffen konfrontiert - IFN","description":"Eine Welle dschihadistischer Gewalt erfasste Ende November 2025 den Norden Mosambiks, als mit dem Islamischen Staat Provinz Mosambik verbundene Militante koordinierte Angriffe starteten, bei denen mindestens 22 Christen get\u00f6tet und \u00fcber 80.000 Menschen zur Flucht aus ihren H\u00e4usern gezwungen wurden.","robots":{"index":"index","follow":"follow","max-snippet":"max-snippet:-1","max-image-preview":"max-image-preview:large","max-video-preview":"max-video-preview:-1"},"canonical":"https:\/\/ifamnews.com\/de\/mosambikanische-christen-sind-mit-islamischen-angriffen-konfrontiert","og_locale":"de_DE","og_type":"article","og_title":"Mosambikanische Christen sind mit islamischen Angriffen konfrontiert","og_description":"Eine Welle dschihadistischer Gewalt erfasste Ende November 2025 den Norden Mosambiks, als mit dem Islamischen Staat Provinz Mosambik verbundene Militante koordinierte Angriffe starteten, bei denen mindestens 22 Christen get\u00f6tet und \u00fcber 80.000 Menschen zur Flucht aus ihren H\u00e4usern gezwungen wurden.","og_url":"https:\/\/ifamnews.com\/de\/mosambikanische-christen-sind-mit-islamischen-angriffen-konfrontiert","og_site_name":"IFN","article_publisher":"https:\/\/www.facebook.com\/iFamNews","article_author":"https:\/\/www.facebook.com\/iFamNews\/","article_published_time":"2026-01-22T17:00:00+00:00","article_modified_time":"2026-01-22T17:50:07+00:00","og_image":[{"width":1200,"height":675,"url":"https:\/\/ifamnews.com\/wp-content\/uploads\/2026\/01\/Untitled-design-2026-01-22T114900.063.png","type":"image\/png"}],"author":"IFN English","twitter_card":"summary_large_image","twitter_creator":"@https:\/\/twitter.com\/iFamNewsEN","twitter_site":"@iFamNewsEN","twitter_misc":{"Verfasst von":"iFamNews Redaktion","Gesch\u00e4tzte Lesezeit":"2\u00a0Minuten"},"schema":{"@context":"https:\/\/schema.org","@graph":[{"@type":"NewsArticle","@id":"https:\/\/ifamnews.com\/de\/mosambikanische-christen-sind-mit-islamischen-angriffen-konfrontiert#article","isPartOf":{"@id":"https:\/\/ifamnews.com\/de\/mosambikanische-christen-sind-mit-islamischen-angriffen-konfrontiert"},"author":{"name":"IFN English","@id":"https:\/\/ifamnews.com\/en\/#\/schema\/person\/633bdb7ac2496c9b9304ce62d071cdfa"},"headline":"Mosambikanische Christen sind mit islamischen Angriffen konfrontiert","datePublished":"2026-01-22T17:00:00+00:00","dateModified":"2026-01-22T17:50:07+00:00","mainEntityOfPage":{"@id":"https:\/\/ifamnews.com\/de\/mosambikanische-christen-sind-mit-islamischen-angriffen-konfrontiert"},"wordCount":372,"commentCount":0,"publisher":{"@id":"https:\/\/ifamnews.com\/en\/#organization"},"image":{"@id":"https:\/\/ifamnews.com\/de\/mosambikanische-christen-sind-mit-islamischen-angriffen-konfrontiert#primaryimage"},"thumbnailUrl":"https:\/\/ifamnews.com\/wp-content\/uploads\/2026\/01\/Untitled-design-2026-01-22T114900.063.png","keywords":["Christenverfolgung"],"articleSection":["Breaking News","Politik","Vordergrund"],"inLanguage":"de","potentialAction":[{"@type":"CommentAction","name":"Comment","target":["https:\/\/ifamnews.com\/de\/mosambikanische-christen-sind-mit-islamischen-angriffen-konfrontiert#respond"]}]},{"@type":"WebPage","@id":"https:\/\/ifamnews.com\/de\/mosambikanische-christen-sind-mit-islamischen-angriffen-konfrontiert","url":"https:\/\/ifamnews.com\/de\/mosambikanische-christen-sind-mit-islamischen-angriffen-konfrontiert","name":"Mosambikanische Christen sind mit islamischen Angriffen konfrontiert - IFN","isPartOf":{"@id":"https:\/\/ifamnews.com\/en\/#website"},"primaryImageOfPage":{"@id":"https:\/\/ifamnews.com\/de\/mosambikanische-christen-sind-mit-islamischen-angriffen-konfrontiert#primaryimage"},"image":{"@id":"https:\/\/ifamnews.com\/de\/mosambikanische-christen-sind-mit-islamischen-angriffen-konfrontiert#primaryimage"},"thumbnailUrl":"https:\/\/ifamnews.com\/wp-content\/uploads\/2026\/01\/Untitled-design-2026-01-22T114900.063.png","datePublished":"2026-01-22T17:00:00+00:00","dateModified":"2026-01-22T17:50:07+00:00","description":"Eine Welle dschihadistischer Gewalt erfasste Ende November 2025 den Norden Mosambiks, als mit dem Islamischen Staat Provinz Mosambik verbundene Militante koordinierte Angriffe starteten, bei denen mindestens 22 Christen get\u00f6tet und \u00fcber 80.000 Menschen zur Flucht aus ihren H\u00e4usern gezwungen wurden.","breadcrumb":{"@id":"https:\/\/ifamnews.com\/de\/mosambikanische-christen-sind-mit-islamischen-angriffen-konfrontiert#breadcrumb"},"inLanguage":"de","potentialAction":[{"@type":"ReadAction","target":["https:\/\/ifamnews.com\/de\/mosambikanische-christen-sind-mit-islamischen-angriffen-konfrontiert"]}]},{"@type":"ImageObject","inLanguage":"de","@id":"https:\/\/ifamnews.com\/de\/mosambikanische-christen-sind-mit-islamischen-angriffen-konfrontiert#primaryimage","url":"https:\/\/ifamnews.com\/wp-content\/uploads\/2026\/01\/Untitled-design-2026-01-22T114900.063.png","contentUrl":"https:\/\/ifamnews.com\/wp-content\/uploads\/2026\/01\/Untitled-design-2026-01-22T114900.063.png","width":1200,"height":675},{"@type":"BreadcrumbList","@id":"https:\/\/ifamnews.com\/de\/mosambikanische-christen-sind-mit-islamischen-angriffen-konfrontiert#breadcrumb","itemListElement":[{"@type":"ListItem","position":1,"name":"Home","item":"https:\/\/ifamnews.com\/de"},{"@type":"ListItem","position":2,"name":"Vordergrund","item":"https:\/\/ifamnews.com\/de\/kategorie\/foreground-de"},{"@type":"ListItem","position":3,"name":"Mosambikanische Christen sind mit islamischen Angriffen konfrontiert"}]},{"@type":"WebSite","@id":"https:\/\/ifamnews.com\/en\/#website","url":"https:\/\/ifamnews.com\/en\/","name":"IFN","description":"International Family News Network","publisher":{"@id":"https:\/\/ifamnews.com\/en\/#organization"},"potentialAction":[{"@type":"SearchAction","target":{"@type":"EntryPoint","urlTemplate":"https:\/\/ifamnews.com\/en\/?s={search_term_string}"},"query-input":{"@type":"PropertyValueSpecification","valueRequired":true,"valueName":"search_term_string"}}],"inLanguage":"de"},{"@type":"Organization","@id":"https:\/\/ifamnews.com\/en\/#organization","name":"iFamNews","url":"https:\/\/ifamnews.com\/en\/","logo":{"@type":"ImageObject","inLanguage":"de","@id":"https:\/\/ifamnews.com\/en\/#\/schema\/logo\/image\/","url":"https:\/\/ifamnews.com\/wp-content\/uploads\/2020\/01\/Share-logo.png","contentUrl":"https:\/\/ifamnews.com\/wp-content\/uploads\/2020\/01\/Share-logo.png","width":200,"height":200,"caption":"iFamNews"},"image":{"@id":"https:\/\/ifamnews.com\/en\/#\/schema\/logo\/image\/"},"sameAs":["https:\/\/www.facebook.com\/iFamNews","https:\/\/x.com\/iFamNewsEN"]},{"@type":"Person","@id":"https:\/\/ifamnews.com\/en\/#\/schema\/person\/633bdb7ac2496c9b9304ce62d071cdfa","name":"IFN English","image":{"@type":"ImageObject","inLanguage":"de","@id":"https:\/\/secure.gravatar.com\/avatar\/6f16ce95b558ae6f6eb9ae2f68122482a2c61696af2a8fc343c2e10f981a959d?s=96&d=mm&r=g","url":"https:\/\/secure.gravatar.com\/avatar\/6f16ce95b558ae6f6eb9ae2f68122482a2c61696af2a8fc343c2e10f981a959d?s=96&d=mm&r=g","contentUrl":"https:\/\/secure.gravatar.com\/avatar\/6f16ce95b558ae6f6eb9ae2f68122482a2c61696af2a8fc343c2e10f981a959d?s=96&d=mm&r=g","caption":"IFN English"},"description":"Articles published by the English iFamNews editorial team.","sameAs":["https:\/\/ifamnews.com\/en","https:\/\/www.facebook.com\/iFamNews\/","https:\/\/x.com\/https:\/\/twitter.com\/iFamNewsEN","https:\/\/www.youtube.com\/channel\/UCMVyIt4z9BANW3d09kwfUpw"],"url":"https:\/\/ifamnews.com\/de\/author\/ifamnews-staff"}]}},"amp_enabled":true,"_links":{"self":[{"href":"https:\/\/ifamnews.com\/de\/wp-json\/wp\/v2\/posts\/273196","targetHints":{"allow":["GET"]}}],"collection":[{"href":"https:\/\/ifamnews.com\/de\/wp-json\/wp\/v2\/posts"}],"about":[{"href":"https:\/\/ifamnews.com\/de\/wp-json\/wp\/v2\/types\/post"}],"author":[{"embeddable":true,"href":"https:\/\/ifamnews.com\/de\/wp-json\/wp\/v2\/users\/593"}],"replies":[{"embeddable":true,"href":"https:\/\/ifamnews.com\/de\/wp-json\/wp\/v2\/comments?post=273196"}],"version-history":[{"count":1,"href":"https:\/\/ifamnews.com\/de\/wp-json\/wp\/v2\/posts\/273196\/revisions"}],"predecessor-version":[{"id":273198,"href":"https:\/\/ifamnews.com\/de\/wp-json\/wp\/v2\/posts\/273196\/revisions\/273198"}],"wp:featuredmedia":[{"embeddable":true,"href":"https:\/\/ifamnews.com\/de\/wp-json\/wp\/v2\/media\/273197"}],"wp:attachment":[{"href":"https:\/\/ifamnews.com\/de\/wp-json\/wp\/v2\/media?parent=273196"}],"wp:term":[{"taxonomy":"category","embeddable":true,"href":"https:\/\/ifamnews.com\/de\/wp-json\/wp\/v2\/categories?post=273196"},{"taxonomy":"post_tag","embeddable":true,"href":"https:\/\/ifamnews.com\/de\/wp-json\/wp\/v2\/tags?post=273196"}],"curies":[{"name":"wp","href":"https:\/\/api.w.org\/{rel}","templated":true}]}}