{"id":273173,"date":"2026-01-22T11:00:00","date_gmt":"2026-01-22T16:00:00","guid":{"rendered":"https:\/\/ifamnews.com\/brasilianischer-social-media-star-sieht-sich-regierungsuntersuchung-wegen-kritik-an-lgbt-agenda-gegenueber"},"modified":"2026-01-22T12:47:51","modified_gmt":"2026-01-22T17:47:51","slug":"brasilianischer-social-media-star-sieht-sich-regierungsuntersuchung-wegen-kritik-an-lgbt-agenda-gegenueber","status":"publish","type":"post","link":"https:\/\/ifamnews.com\/de\/brasilianischer-social-media-star-sieht-sich-regierungsuntersuchung-wegen-kritik-an-lgbt-agenda-gegenueber","title":{"rendered":"Brasilianischer Social-Media-Star sieht sich Regierungsuntersuchung wegen Kritik an LGBT-Agenda gegen\u00fcber"},"content":{"rendered":"\n<p>Der brasilianische Social-Media-Star Nine Borges, eine in Gro\u00dfbritannien ans\u00e4ssige wissenschaftliche Beraterin mit 265.000 Instagram-Followern, wird von der Bundespolizei wegen &#8222;Transphobie&#8220; und &#8222;Diffamierung&#8220; untersucht, nachdem sie in einem Video vom September 2024 von der Regierung unterst\u00fctzte Pro-LGBT-Initiativen kritisiert hatte. Der feurige Clip, der 15.000 Likes und 180.000 Aufrufe erzielte, prangerte Beamte an, die Steuergelder an radikale NGOs schleusten, die die Gender-Ideologie f\u00f6rdern, und hob Symmy Larrat hervor \u2013 Brasiliens LGBT-Nationalsekret\u00e4rin, ein biologisches M\u00e4nnchen, das sich als weiblich identifiziert. <\/p>\n\n<p>Larrat, die in den sozialen Medien explizite Selbstbeschreibungen verwendet, reichte eine Beschwerde ein, die die Untersuchung ausl\u00f6ste. Borges wurde im Oktober zur Vernehmung vorgeladen, wobei die Beh\u00f6rden nun auf eine formelle Anklage dr\u00e4ngen. Dieses harte Durchgreifen ist ein Beispiel f\u00fcr die Intoleranz der linken Lula-Regierung gegen\u00fcber Andersdenkenden, die &#8222;Hassrede&#8220;-Gesetze einsetzt, um Kritiker der Transgender-Agenda zum Schweigen zu bringen.  <\/p>\n\n<p>Borges, eine entschiedene Gegnerin der Gender-Ideologie, bleibt standhaft: &#8222;Ich habe lediglich Bedenken hinsichtlich der \u00f6ffentlichen Finanzierung und des Einflusses hervorgehoben \u2013 Tatsachen, die eine Pr\u00fcfung verdienen.&#8220; ADF International, die ihre Rechtsverteidigung \u00fcbernimmt, warnt, dass dieser Fall die grundlegenden Freiheiten bedroht. Die Gesch\u00e4ftsf\u00fchrerin Kelsey Zorzi erkl\u00e4rte: &#8222;Die Kritik an der Regierungspolitik ist kein Verbrechen, sondern Demokratie. Brasiliens Vorgehen erinnert an autorit\u00e4re Taktiken, die die Debatte \u00fcber Themen unterdr\u00fccken, die f\u00fcr Familien und Glauben von entscheidender Bedeutung sind.&#8220;  <\/p>\n\n<p>Unter Lula hat Brasilien die Pro-LGBT-Politik verst\u00e4rkt, einschlie\u00dflich Drag-Queen-Vorlesestunden in Schulen und Transgender-Mandate, was mit den starken katholischen Wurzeln der Nation kollidiert. Diese Untersuchung unterstreicht den globalen Angriff auf die freie Meinungs\u00e4u\u00dferung, bei dem die Infragestellung radikaler Ideologien das Risiko des Ruins birgt. W\u00e4hrend westliche Nationen mit \u00e4hnlichen \u00dcbergriffen zu k\u00e4mpfen haben, unterstreicht Borges&#8216; Kampf die Notwendigkeit, die Rede gegen ideologische Tyrannei zu sch\u00fctzen und traditionelle Werte inmitten kultureller Erosion zu bewahren.  <\/p>\n","protected":false},"excerpt":{"rendered":"<p>Der brasilianische Social-Media-Star Nine Borges, eine in Gro\u00dfbritannien ans\u00e4ssige wissenschaftliche Beraterin mit 265.000 Instagram-Followern, wird von der Bundespolizei wegen &#8222;Transphobie&#8220; und &#8222;Diffamierung&#8220; untersucht, nachdem sie in einem Video vom September 2024 von der Regierung unterst\u00fctzte Pro-LGBT-Initiativen kritisiert hatte. Der feurige Clip, der 15.000 Likes und 180.000 Aufrufe erzielte, prangerte Beamte an, die Steuergelder an radikale [&hellip;]<\/p>\n","protected":false},"author":593,"featured_media":273176,"comment_status":"open","ping_status":"open","sticky":false,"template":"","format":"standard","meta":{"give_campaign_id":0,"om_disable_all_campaigns":false,"_monsterinsights_skip_tracking":false,"_monsterinsights_sitenote_active":false,"_monsterinsights_sitenote_note":"","_monsterinsights_sitenote_category":0,"mc4wp_mailchimp_campaign":[],"jnews-multi-image_gallery":[],"jnews_single_post":[],"jnews_primary_category":[],"jnews_social_meta":[],"jnews_override_counter":[],"footnotes":""},"categories":[816,768,811],"tags":[31783,6941],"class_list":["post-273173","post","type-post","status-publish","format-standard","has-post-thumbnail","hentry","category-breaking-news-de","category-politik","category-foreground-de","tag-brasilien-2","tag-lgbt-ideologie"],"yoast_head":"<!-- This site is optimized with the Yoast SEO Premium plugin v25.9 (Yoast SEO v27.3) - https:\/\/yoast.com\/product\/yoast-seo-premium-wordpress\/ -->\n<title>Brasilianischer Social-Media-Star sieht sich Regierungsuntersuchung wegen Kritik an LGBT-Agenda gegen\u00fcber - IFN<\/title>\n<meta name=\"description\" content=\"Der brasilianische Social-Media-Star Nine Borges, eine in Gro\u00dfbritannien ans\u00e4ssige wissenschaftliche Beraterin mit 265.000 Instagram-Followern, wird von der Bundespolizei wegen &quot;Transphobie&quot; und &quot;Diffamierung&quot; untersucht, nachdem sie in einem Video vom September 2024 von der Regierung unterst\u00fctzte Pro-LGBT-Initiativen kritisiert hatte.\" \/>\n<meta name=\"robots\" content=\"index, follow, max-snippet:-1, max-image-preview:large, max-video-preview:-1\" \/>\n<link rel=\"canonical\" href=\"https:\/\/ifamnews.com\/de\/brasilianischer-social-media-star-sieht-sich-regierungsuntersuchung-wegen-kritik-an-lgbt-agenda-gegenueber\" \/>\n<meta property=\"og:locale\" content=\"de_DE\" \/>\n<meta property=\"og:type\" content=\"article\" \/>\n<meta property=\"og:title\" content=\"Brasilianischer Social-Media-Star sieht sich Regierungsuntersuchung wegen Kritik an LGBT-Agenda gegen\u00fcber\" \/>\n<meta property=\"og:description\" content=\"Der brasilianische Social-Media-Star Nine Borges, eine in Gro\u00dfbritannien ans\u00e4ssige wissenschaftliche Beraterin mit 265.000 Instagram-Followern, wird von der Bundespolizei wegen &quot;Transphobie&quot; und &quot;Diffamierung&quot; untersucht, nachdem sie in einem Video vom September 2024 von der Regierung unterst\u00fctzte Pro-LGBT-Initiativen kritisiert hatte.\" \/>\n<meta property=\"og:url\" content=\"https:\/\/ifamnews.com\/de\/brasilianischer-social-media-star-sieht-sich-regierungsuntersuchung-wegen-kritik-an-lgbt-agenda-gegenueber\" \/>\n<meta property=\"og:site_name\" content=\"IFN\" \/>\n<meta property=\"article:publisher\" content=\"https:\/\/www.facebook.com\/iFamNews\" \/>\n<meta property=\"article:author\" content=\"https:\/\/www.facebook.com\/iFamNews\/\" \/>\n<meta property=\"article:published_time\" content=\"2026-01-22T16:00:00+00:00\" \/>\n<meta property=\"article:modified_time\" content=\"2026-01-22T17:47:51+00:00\" \/>\n<meta property=\"og:image\" content=\"https:\/\/ifamnews.com\/wp-content\/uploads\/2026\/01\/Untitled-design-2026-01-22T094438.041.png\" \/>\n\t<meta property=\"og:image:width\" content=\"1200\" \/>\n\t<meta property=\"og:image:height\" content=\"675\" \/>\n\t<meta property=\"og:image:type\" content=\"image\/png\" \/>\n<meta name=\"author\" content=\"IFN English\" \/>\n<meta name=\"twitter:card\" content=\"summary_large_image\" \/>\n<meta name=\"twitter:creator\" content=\"@https:\/\/twitter.com\/iFamNewsEN\" \/>\n<meta name=\"twitter:site\" content=\"@iFamNewsEN\" \/>\n<meta name=\"twitter:label1\" content=\"Verfasst von\" \/>\n\t<meta name=\"twitter:data1\" content=\"iFamNews Redaktion\" \/>\n\t<meta name=\"twitter:label2\" content=\"Gesch\u00e4tzte Lesezeit\" \/>\n\t<meta name=\"twitter:data2\" content=\"2\u00a0Minuten\" \/>\n<!-- \/ Yoast SEO Premium plugin. -->","yoast_head_json":{"title":"Brasilianischer Social-Media-Star sieht sich Regierungsuntersuchung wegen Kritik an LGBT-Agenda gegen\u00fcber - IFN","description":"Der brasilianische Social-Media-Star Nine Borges, eine in Gro\u00dfbritannien ans\u00e4ssige wissenschaftliche Beraterin mit 265.000 Instagram-Followern, wird von der Bundespolizei wegen \"Transphobie\" und \"Diffamierung\" untersucht, nachdem sie in einem Video vom September 2024 von der Regierung unterst\u00fctzte Pro-LGBT-Initiativen kritisiert hatte.","robots":{"index":"index","follow":"follow","max-snippet":"max-snippet:-1","max-image-preview":"max-image-preview:large","max-video-preview":"max-video-preview:-1"},"canonical":"https:\/\/ifamnews.com\/de\/brasilianischer-social-media-star-sieht-sich-regierungsuntersuchung-wegen-kritik-an-lgbt-agenda-gegenueber","og_locale":"de_DE","og_type":"article","og_title":"Brasilianischer Social-Media-Star sieht sich Regierungsuntersuchung wegen Kritik an LGBT-Agenda gegen\u00fcber","og_description":"Der brasilianische Social-Media-Star Nine Borges, eine in Gro\u00dfbritannien ans\u00e4ssige wissenschaftliche Beraterin mit 265.000 Instagram-Followern, wird von der Bundespolizei wegen \"Transphobie\" und \"Diffamierung\" untersucht, nachdem sie in einem Video vom September 2024 von der Regierung unterst\u00fctzte Pro-LGBT-Initiativen kritisiert hatte.","og_url":"https:\/\/ifamnews.com\/de\/brasilianischer-social-media-star-sieht-sich-regierungsuntersuchung-wegen-kritik-an-lgbt-agenda-gegenueber","og_site_name":"IFN","article_publisher":"https:\/\/www.facebook.com\/iFamNews","article_author":"https:\/\/www.facebook.com\/iFamNews\/","article_published_time":"2026-01-22T16:00:00+00:00","article_modified_time":"2026-01-22T17:47:51+00:00","og_image":[{"width":1200,"height":675,"url":"https:\/\/ifamnews.com\/wp-content\/uploads\/2026\/01\/Untitled-design-2026-01-22T094438.041.png","type":"image\/png"}],"author":"IFN English","twitter_card":"summary_large_image","twitter_creator":"@https:\/\/twitter.com\/iFamNewsEN","twitter_site":"@iFamNewsEN","twitter_misc":{"Verfasst von":"iFamNews Redaktion","Gesch\u00e4tzte Lesezeit":"2\u00a0Minuten"},"schema":{"@context":"https:\/\/schema.org","@graph":[{"@type":"NewsArticle","@id":"https:\/\/ifamnews.com\/de\/brasilianischer-social-media-star-sieht-sich-regierungsuntersuchung-wegen-kritik-an-lgbt-agenda-gegenueber#article","isPartOf":{"@id":"https:\/\/ifamnews.com\/de\/brasilianischer-social-media-star-sieht-sich-regierungsuntersuchung-wegen-kritik-an-lgbt-agenda-gegenueber"},"author":{"name":"IFN English","@id":"https:\/\/ifamnews.com\/en\/#\/schema\/person\/633bdb7ac2496c9b9304ce62d071cdfa"},"headline":"Brasilianischer Social-Media-Star sieht sich Regierungsuntersuchung wegen Kritik an LGBT-Agenda gegen\u00fcber","datePublished":"2026-01-22T16:00:00+00:00","dateModified":"2026-01-22T17:47:51+00:00","mainEntityOfPage":{"@id":"https:\/\/ifamnews.com\/de\/brasilianischer-social-media-star-sieht-sich-regierungsuntersuchung-wegen-kritik-an-lgbt-agenda-gegenueber"},"wordCount":314,"commentCount":0,"publisher":{"@id":"https:\/\/ifamnews.com\/en\/#organization"},"image":{"@id":"https:\/\/ifamnews.com\/de\/brasilianischer-social-media-star-sieht-sich-regierungsuntersuchung-wegen-kritik-an-lgbt-agenda-gegenueber#primaryimage"},"thumbnailUrl":"https:\/\/ifamnews.com\/wp-content\/uploads\/2026\/01\/Untitled-design-2026-01-22T094438.041.png","keywords":["Brasilien","LGBT-Ideologie"],"articleSection":["Breaking News","Politik","Vordergrund"],"inLanguage":"de","potentialAction":[{"@type":"CommentAction","name":"Comment","target":["https:\/\/ifamnews.com\/de\/brasilianischer-social-media-star-sieht-sich-regierungsuntersuchung-wegen-kritik-an-lgbt-agenda-gegenueber#respond"]}]},{"@type":"WebPage","@id":"https:\/\/ifamnews.com\/de\/brasilianischer-social-media-star-sieht-sich-regierungsuntersuchung-wegen-kritik-an-lgbt-agenda-gegenueber","url":"https:\/\/ifamnews.com\/de\/brasilianischer-social-media-star-sieht-sich-regierungsuntersuchung-wegen-kritik-an-lgbt-agenda-gegenueber","name":"Brasilianischer Social-Media-Star sieht sich Regierungsuntersuchung wegen Kritik an LGBT-Agenda gegen\u00fcber - IFN","isPartOf":{"@id":"https:\/\/ifamnews.com\/en\/#website"},"primaryImageOfPage":{"@id":"https:\/\/ifamnews.com\/de\/brasilianischer-social-media-star-sieht-sich-regierungsuntersuchung-wegen-kritik-an-lgbt-agenda-gegenueber#primaryimage"},"image":{"@id":"https:\/\/ifamnews.com\/de\/brasilianischer-social-media-star-sieht-sich-regierungsuntersuchung-wegen-kritik-an-lgbt-agenda-gegenueber#primaryimage"},"thumbnailUrl":"https:\/\/ifamnews.com\/wp-content\/uploads\/2026\/01\/Untitled-design-2026-01-22T094438.041.png","datePublished":"2026-01-22T16:00:00+00:00","dateModified":"2026-01-22T17:47:51+00:00","description":"Der brasilianische Social-Media-Star Nine Borges, eine in Gro\u00dfbritannien ans\u00e4ssige wissenschaftliche Beraterin mit 265.000 Instagram-Followern, wird von der Bundespolizei wegen \"Transphobie\" und \"Diffamierung\" untersucht, nachdem sie in einem Video vom September 2024 von der Regierung unterst\u00fctzte Pro-LGBT-Initiativen kritisiert hatte.","breadcrumb":{"@id":"https:\/\/ifamnews.com\/de\/brasilianischer-social-media-star-sieht-sich-regierungsuntersuchung-wegen-kritik-an-lgbt-agenda-gegenueber#breadcrumb"},"inLanguage":"de","potentialAction":[{"@type":"ReadAction","target":["https:\/\/ifamnews.com\/de\/brasilianischer-social-media-star-sieht-sich-regierungsuntersuchung-wegen-kritik-an-lgbt-agenda-gegenueber"]}]},{"@type":"ImageObject","inLanguage":"de","@id":"https:\/\/ifamnews.com\/de\/brasilianischer-social-media-star-sieht-sich-regierungsuntersuchung-wegen-kritik-an-lgbt-agenda-gegenueber#primaryimage","url":"https:\/\/ifamnews.com\/wp-content\/uploads\/2026\/01\/Untitled-design-2026-01-22T094438.041.png","contentUrl":"https:\/\/ifamnews.com\/wp-content\/uploads\/2026\/01\/Untitled-design-2026-01-22T094438.041.png","width":1200,"height":675},{"@type":"BreadcrumbList","@id":"https:\/\/ifamnews.com\/de\/brasilianischer-social-media-star-sieht-sich-regierungsuntersuchung-wegen-kritik-an-lgbt-agenda-gegenueber#breadcrumb","itemListElement":[{"@type":"ListItem","position":1,"name":"Home","item":"https:\/\/ifamnews.com\/de"},{"@type":"ListItem","position":2,"name":"Vordergrund","item":"https:\/\/ifamnews.com\/de\/kategorie\/foreground-de"},{"@type":"ListItem","position":3,"name":"Brasilianischer Social-Media-Star sieht sich Regierungsuntersuchung wegen Kritik an LGBT-Agenda gegen\u00fcber"}]},{"@type":"WebSite","@id":"https:\/\/ifamnews.com\/en\/#website","url":"https:\/\/ifamnews.com\/en\/","name":"IFN","description":"International Family News Network","publisher":{"@id":"https:\/\/ifamnews.com\/en\/#organization"},"potentialAction":[{"@type":"SearchAction","target":{"@type":"EntryPoint","urlTemplate":"https:\/\/ifamnews.com\/en\/?s={search_term_string}"},"query-input":{"@type":"PropertyValueSpecification","valueRequired":true,"valueName":"search_term_string"}}],"inLanguage":"de"},{"@type":"Organization","@id":"https:\/\/ifamnews.com\/en\/#organization","name":"iFamNews","url":"https:\/\/ifamnews.com\/en\/","logo":{"@type":"ImageObject","inLanguage":"de","@id":"https:\/\/ifamnews.com\/en\/#\/schema\/logo\/image\/","url":"https:\/\/ifamnews.com\/wp-content\/uploads\/2020\/01\/Share-logo.png","contentUrl":"https:\/\/ifamnews.com\/wp-content\/uploads\/2020\/01\/Share-logo.png","width":200,"height":200,"caption":"iFamNews"},"image":{"@id":"https:\/\/ifamnews.com\/en\/#\/schema\/logo\/image\/"},"sameAs":["https:\/\/www.facebook.com\/iFamNews","https:\/\/x.com\/iFamNewsEN"]},{"@type":"Person","@id":"https:\/\/ifamnews.com\/en\/#\/schema\/person\/633bdb7ac2496c9b9304ce62d071cdfa","name":"IFN English","image":{"@type":"ImageObject","inLanguage":"de","@id":"https:\/\/secure.gravatar.com\/avatar\/6f16ce95b558ae6f6eb9ae2f68122482a2c61696af2a8fc343c2e10f981a959d?s=96&d=mm&r=g","url":"https:\/\/secure.gravatar.com\/avatar\/6f16ce95b558ae6f6eb9ae2f68122482a2c61696af2a8fc343c2e10f981a959d?s=96&d=mm&r=g","contentUrl":"https:\/\/secure.gravatar.com\/avatar\/6f16ce95b558ae6f6eb9ae2f68122482a2c61696af2a8fc343c2e10f981a959d?s=96&d=mm&r=g","caption":"IFN English"},"description":"Articles published by the English iFamNews editorial team.","sameAs":["https:\/\/ifamnews.com\/en","https:\/\/www.facebook.com\/iFamNews\/","https:\/\/x.com\/https:\/\/twitter.com\/iFamNewsEN","https:\/\/www.youtube.com\/channel\/UCMVyIt4z9BANW3d09kwfUpw"],"url":"https:\/\/ifamnews.com\/de\/author\/ifamnews-staff"}]}},"amp_enabled":true,"_links":{"self":[{"href":"https:\/\/ifamnews.com\/de\/wp-json\/wp\/v2\/posts\/273173","targetHints":{"allow":["GET"]}}],"collection":[{"href":"https:\/\/ifamnews.com\/de\/wp-json\/wp\/v2\/posts"}],"about":[{"href":"https:\/\/ifamnews.com\/de\/wp-json\/wp\/v2\/types\/post"}],"author":[{"embeddable":true,"href":"https:\/\/ifamnews.com\/de\/wp-json\/wp\/v2\/users\/593"}],"replies":[{"embeddable":true,"href":"https:\/\/ifamnews.com\/de\/wp-json\/wp\/v2\/comments?post=273173"}],"version-history":[{"count":1,"href":"https:\/\/ifamnews.com\/de\/wp-json\/wp\/v2\/posts\/273173\/revisions"}],"predecessor-version":[{"id":273177,"href":"https:\/\/ifamnews.com\/de\/wp-json\/wp\/v2\/posts\/273173\/revisions\/273177"}],"wp:featuredmedia":[{"embeddable":true,"href":"https:\/\/ifamnews.com\/de\/wp-json\/wp\/v2\/media\/273176"}],"wp:attachment":[{"href":"https:\/\/ifamnews.com\/de\/wp-json\/wp\/v2\/media?parent=273173"}],"wp:term":[{"taxonomy":"category","embeddable":true,"href":"https:\/\/ifamnews.com\/de\/wp-json\/wp\/v2\/categories?post=273173"},{"taxonomy":"post_tag","embeddable":true,"href":"https:\/\/ifamnews.com\/de\/wp-json\/wp\/v2\/tags?post=273173"}],"curies":[{"name":"wp","href":"https:\/\/api.w.org\/{rel}","templated":true}]}}