{"id":272935,"date":"2026-01-20T09:07:25","date_gmt":"2026-01-20T14:07:25","guid":{"rendered":"https:\/\/ifamnews.com\/empoerung-ueber-queere-buecherkisten-in-hannoveraner-kitas"},"modified":"2026-01-20T13:38:17","modified_gmt":"2026-01-20T18:38:17","slug":"empoerung-ueber-queere-buecherkisten-in-hannoveraner-kitas","status":"publish","type":"post","link":"https:\/\/ifamnews.com\/de\/empoerung-ueber-queere-buecherkisten-in-hannoveraner-kitas","title":{"rendered":"Emp\u00f6rung \u00fcber \u201eQueere B\u00fccherkisten\u201c in Hannoveraner Kitas"},"content":{"rendered":"\n<p>Die st\u00e4dtischen Kindertagesst\u00e4tten Hannovers sind jetzt mit \u201equeeren B\u00fccherkisten\u201c ausgestattet, die aus einem \u00dcberschuss von 11.000 \u20ac finanziert werden, mit dem Ziel, junge Kinder mit Themen der sexuellen und geschlechtlichen Vielfalt zu indoktrinieren. Unter der Leitung des st\u00e4dtischen Beauftragten f\u00fcr sexuelle und geschlechtliche Vielfalt, Maximilian Horn, und einer queeren Mitarbeitergruppe erh\u00e4lt jede der \u00fcber 40 Kitas eine 270 \u20ac teure Kiste mit 14 B\u00fcchern, die nicht-traditionelle Familien, K\u00f6rpertypen, Behinderungen und Geschlechtsausdr\u00fccke darstellen. <\/p>\n\n<p>Zu den Titeln geh\u00f6ren Teddy Tilly, in dem ein Teddyb\u00e4r vom Jungen zum M\u00e4dchen wird und \u201eMut, anders zu sein\u201c und Toleranz f\u00f6rdert; Julian ist eine Meerjungfrau, f\u00fcr Vierj\u00e4hrige, mit einem Jungen, der sich als Meerjungfrau verkleidet und an einer lesbischen Hochzeit teilnimmt; und Ein Tag im Leben von Marlon Bundo, eine satirische Geschichte \u00fcber zwei m\u00e4nnliche Kaninchen, die heiraten und konservative Pers\u00f6nlichkeiten wie Mike Pence verspotten. Stadtbeamte, unterst\u00fctzt von B\u00fcrgermeister Belit Onay von den Gr\u00fcnen, verteidigen die Initiative als F\u00f6rderung der Selbstakzeptanz und als Spiegelbild der realen Vielfalt, wie z. B. gleichgeschlechtliche Eltern, ohne Sexualisierung. Schulungen zu LGBT-Themen werden seit 2018 f\u00fcr F\u00fchrungskr\u00e4fte und seit 2020 f\u00fcr Mitarbeiter durchgef\u00fchrt, um diese Agenda in die Kinderbetreuung zu integrieren.  <\/p>\n\n<p>Doch dieser \u00dcbergriff hat heftige Gegenreaktionen ausgel\u00f6st. Die Alternative f\u00fcr Deutschland (AfD) nennt es einen Skandal der woken Indoktrination, der Vorschulkinder \u00fcberfordert und Eltern umgeht. Die AfD-Abgeordnete Vanessa Behrendt schw\u00f6rt, jedes Buch zu pr\u00fcfen und eine Reaktion der Landesregierung zu fordern: \u201eKinder werden mit Inhalten konfrontiert, die sie \u00fcberfordern und verunsichern&#8230; \u00dcbergriffige st\u00e4dtische Angestellte mit einer \u201awoken\u2018 Agenda haben aus den K\u00f6pfen unserer Kinder herauszubleiben.\u201c  <\/p>\n\n<p>Dieses Schema ist ein Beispiel f\u00fcr den Angriff der radikalen Linken auf die Unschuld, bei dem Steuergelder f\u00fcr eine spaltende Ideologie verschwendet werden. W\u00e4hrend die westlichen Gesellschaften mit der fr\u00fchen Geschlechtererziehung zu k\u00e4mpfen haben, untergr\u00e4bt sie die elterlichen Rechte und traditionellen Werte und fordert Rechenschaftspflicht, um unsere J\u00fcngsten vor vorzeitiger Verwirrung zu sch\u00fctzen. <\/p>\n","protected":false},"excerpt":{"rendered":"<p>Die st\u00e4dtischen Kindertagesst\u00e4tten Hannovers sind jetzt mit \u201equeeren B\u00fccherkisten\u201c ausgestattet, die aus einem \u00dcberschuss von 11.000 \u20ac finanziert werden, mit dem Ziel, junge Kinder mit Themen der sexuellen und geschlechtlichen Vielfalt zu indoktrinieren. Unter der Leitung des st\u00e4dtischen Beauftragten f\u00fcr sexuelle und geschlechtliche Vielfalt, Maximilian Horn, und einer queeren Mitarbeitergruppe erh\u00e4lt jede der \u00fcber 40 [&hellip;]<\/p>\n","protected":false},"author":593,"featured_media":51547,"comment_status":"open","ping_status":"open","sticky":false,"template":"","format":"standard","meta":{"give_campaign_id":0,"om_disable_all_campaigns":false,"_monsterinsights_skip_tracking":false,"_monsterinsights_sitenote_active":false,"_monsterinsights_sitenote_note":"","_monsterinsights_sitenote_category":0,"mc4wp_mailchimp_campaign":[],"jnews-multi-image_gallery":[],"jnews_single_post":[],"jnews_primary_category":[],"jnews_social_meta":[],"jnews_override_counter":[],"footnotes":""},"categories":[816,770,811],"tags":[5234,6941],"class_list":["post-272935","post","type-post","status-publish","format-standard","has-post-thumbnail","hentry","category-breaking-news-de","category-familie","category-foreground-de","tag-gender-ideology-de","tag-lgbt-ideologie"],"yoast_head":"<!-- This site is optimized with the Yoast SEO Premium plugin v25.9 (Yoast SEO v27.3) - https:\/\/yoast.com\/product\/yoast-seo-premium-wordpress\/ -->\n<title>Emp\u00f6rung \u00fcber \u201eQueere B\u00fccherkisten\u201c in Hannoveraner Kitas - IFN<\/title>\n<meta name=\"description\" content=\"Die st\u00e4dtischen Kindertagesst\u00e4tten Hannovers sind jetzt mit \u201equeeren B\u00fccherkisten\u201c ausgestattet, die aus einem \u00dcberschuss von 11.000 \u20ac finanziert werden, mit dem Ziel, junge Kinder mit Themen der sexuellen und geschlechtlichen Vielfalt zu indoktrinieren.\" \/>\n<meta name=\"robots\" content=\"index, follow, max-snippet:-1, max-image-preview:large, max-video-preview:-1\" \/>\n<link rel=\"canonical\" href=\"https:\/\/ifamnews.com\/de\/empoerung-ueber-queere-buecherkisten-in-hannoveraner-kitas\" \/>\n<meta property=\"og:locale\" content=\"de_DE\" \/>\n<meta property=\"og:type\" content=\"article\" \/>\n<meta property=\"og:title\" content=\"Emp\u00f6rung \u00fcber \u201eQueere B\u00fccherkisten\u201c in Hannoveraner Kitas\" \/>\n<meta property=\"og:description\" content=\"Die st\u00e4dtischen Kindertagesst\u00e4tten Hannovers sind jetzt mit \u201equeeren B\u00fccherkisten\u201c ausgestattet, die aus einem \u00dcberschuss von 11.000 \u20ac finanziert werden, mit dem Ziel, junge Kinder mit Themen der sexuellen und geschlechtlichen Vielfalt zu indoktrinieren.\" \/>\n<meta property=\"og:url\" content=\"https:\/\/ifamnews.com\/de\/empoerung-ueber-queere-buecherkisten-in-hannoveraner-kitas\" \/>\n<meta property=\"og:site_name\" content=\"IFN\" \/>\n<meta property=\"article:publisher\" content=\"https:\/\/www.facebook.com\/iFamNews\" \/>\n<meta property=\"article:author\" content=\"https:\/\/www.facebook.com\/iFamNews\/\" \/>\n<meta property=\"article:published_time\" content=\"2026-01-20T14:07:25+00:00\" \/>\n<meta property=\"article:modified_time\" content=\"2026-01-20T18:38:17+00:00\" \/>\n<meta property=\"og:image\" content=\"https:\/\/ifamnews.com\/wp-content\/uploads\/2021\/02\/Drag_Queen1_c0-101-2400-1501_s1200x700.jpg\" \/>\n\t<meta property=\"og:image:width\" content=\"1200\" \/>\n\t<meta property=\"og:image:height\" content=\"700\" \/>\n\t<meta property=\"og:image:type\" content=\"image\/jpeg\" \/>\n<meta name=\"author\" content=\"IFN English\" \/>\n<meta name=\"twitter:card\" content=\"summary_large_image\" \/>\n<meta name=\"twitter:creator\" content=\"@https:\/\/twitter.com\/iFamNewsEN\" \/>\n<meta name=\"twitter:site\" content=\"@iFamNewsEN\" \/>\n<meta name=\"twitter:label1\" content=\"Verfasst von\" \/>\n\t<meta name=\"twitter:data1\" content=\"iFamNews Redaktion\" \/>\n\t<meta name=\"twitter:label2\" content=\"Gesch\u00e4tzte Lesezeit\" \/>\n\t<meta name=\"twitter:data2\" content=\"2\u00a0Minuten\" \/>\n<!-- \/ Yoast SEO Premium plugin. -->","yoast_head_json":{"title":"Emp\u00f6rung \u00fcber \u201eQueere B\u00fccherkisten\u201c in Hannoveraner Kitas - IFN","description":"Die st\u00e4dtischen Kindertagesst\u00e4tten Hannovers sind jetzt mit \u201equeeren B\u00fccherkisten\u201c ausgestattet, die aus einem \u00dcberschuss von 11.000 \u20ac finanziert werden, mit dem Ziel, junge Kinder mit Themen der sexuellen und geschlechtlichen Vielfalt zu indoktrinieren.","robots":{"index":"index","follow":"follow","max-snippet":"max-snippet:-1","max-image-preview":"max-image-preview:large","max-video-preview":"max-video-preview:-1"},"canonical":"https:\/\/ifamnews.com\/de\/empoerung-ueber-queere-buecherkisten-in-hannoveraner-kitas","og_locale":"de_DE","og_type":"article","og_title":"Emp\u00f6rung \u00fcber \u201eQueere B\u00fccherkisten\u201c in Hannoveraner Kitas","og_description":"Die st\u00e4dtischen Kindertagesst\u00e4tten Hannovers sind jetzt mit \u201equeeren B\u00fccherkisten\u201c ausgestattet, die aus einem \u00dcberschuss von 11.000 \u20ac finanziert werden, mit dem Ziel, junge Kinder mit Themen der sexuellen und geschlechtlichen Vielfalt zu indoktrinieren.","og_url":"https:\/\/ifamnews.com\/de\/empoerung-ueber-queere-buecherkisten-in-hannoveraner-kitas","og_site_name":"IFN","article_publisher":"https:\/\/www.facebook.com\/iFamNews","article_author":"https:\/\/www.facebook.com\/iFamNews\/","article_published_time":"2026-01-20T14:07:25+00:00","article_modified_time":"2026-01-20T18:38:17+00:00","og_image":[{"width":1200,"height":700,"url":"https:\/\/ifamnews.com\/wp-content\/uploads\/2021\/02\/Drag_Queen1_c0-101-2400-1501_s1200x700.jpg","type":"image\/jpeg"}],"author":"IFN English","twitter_card":"summary_large_image","twitter_creator":"@https:\/\/twitter.com\/iFamNewsEN","twitter_site":"@iFamNewsEN","twitter_misc":{"Verfasst von":"iFamNews Redaktion","Gesch\u00e4tzte Lesezeit":"2\u00a0Minuten"},"schema":{"@context":"https:\/\/schema.org","@graph":[{"@type":"NewsArticle","@id":"https:\/\/ifamnews.com\/de\/empoerung-ueber-queere-buecherkisten-in-hannoveraner-kitas#article","isPartOf":{"@id":"https:\/\/ifamnews.com\/de\/empoerung-ueber-queere-buecherkisten-in-hannoveraner-kitas"},"author":{"name":"IFN English","@id":"https:\/\/ifamnews.com\/en\/#\/schema\/person\/633bdb7ac2496c9b9304ce62d071cdfa"},"headline":"Emp\u00f6rung \u00fcber \u201eQueere B\u00fccherkisten\u201c in Hannoveraner Kitas","datePublished":"2026-01-20T14:07:25+00:00","dateModified":"2026-01-20T18:38:17+00:00","mainEntityOfPage":{"@id":"https:\/\/ifamnews.com\/de\/empoerung-ueber-queere-buecherkisten-in-hannoveraner-kitas"},"wordCount":349,"commentCount":0,"publisher":{"@id":"https:\/\/ifamnews.com\/en\/#organization"},"image":{"@id":"https:\/\/ifamnews.com\/de\/empoerung-ueber-queere-buecherkisten-in-hannoveraner-kitas#primaryimage"},"thumbnailUrl":"https:\/\/ifamnews.com\/wp-content\/uploads\/2021\/02\/Drag_Queen1_c0-101-2400-1501_s1200x700.jpg","keywords":["gender ideology","LGBT-Ideologie"],"articleSection":["Breaking News","Familie","Vordergrund"],"inLanguage":"de","potentialAction":[{"@type":"CommentAction","name":"Comment","target":["https:\/\/ifamnews.com\/de\/empoerung-ueber-queere-buecherkisten-in-hannoveraner-kitas#respond"]}]},{"@type":"WebPage","@id":"https:\/\/ifamnews.com\/de\/empoerung-ueber-queere-buecherkisten-in-hannoveraner-kitas","url":"https:\/\/ifamnews.com\/de\/empoerung-ueber-queere-buecherkisten-in-hannoveraner-kitas","name":"Emp\u00f6rung \u00fcber \u201eQueere B\u00fccherkisten\u201c in Hannoveraner Kitas - IFN","isPartOf":{"@id":"https:\/\/ifamnews.com\/en\/#website"},"primaryImageOfPage":{"@id":"https:\/\/ifamnews.com\/de\/empoerung-ueber-queere-buecherkisten-in-hannoveraner-kitas#primaryimage"},"image":{"@id":"https:\/\/ifamnews.com\/de\/empoerung-ueber-queere-buecherkisten-in-hannoveraner-kitas#primaryimage"},"thumbnailUrl":"https:\/\/ifamnews.com\/wp-content\/uploads\/2021\/02\/Drag_Queen1_c0-101-2400-1501_s1200x700.jpg","datePublished":"2026-01-20T14:07:25+00:00","dateModified":"2026-01-20T18:38:17+00:00","description":"Die st\u00e4dtischen Kindertagesst\u00e4tten Hannovers sind jetzt mit \u201equeeren B\u00fccherkisten\u201c ausgestattet, die aus einem \u00dcberschuss von 11.000 \u20ac finanziert werden, mit dem Ziel, junge Kinder mit Themen der sexuellen und geschlechtlichen Vielfalt zu indoktrinieren.","breadcrumb":{"@id":"https:\/\/ifamnews.com\/de\/empoerung-ueber-queere-buecherkisten-in-hannoveraner-kitas#breadcrumb"},"inLanguage":"de","potentialAction":[{"@type":"ReadAction","target":["https:\/\/ifamnews.com\/de\/empoerung-ueber-queere-buecherkisten-in-hannoveraner-kitas"]}]},{"@type":"ImageObject","inLanguage":"de","@id":"https:\/\/ifamnews.com\/de\/empoerung-ueber-queere-buecherkisten-in-hannoveraner-kitas#primaryimage","url":"https:\/\/ifamnews.com\/wp-content\/uploads\/2021\/02\/Drag_Queen1_c0-101-2400-1501_s1200x700.jpg","contentUrl":"https:\/\/ifamnews.com\/wp-content\/uploads\/2021\/02\/Drag_Queen1_c0-101-2400-1501_s1200x700.jpg","width":1200,"height":700},{"@type":"BreadcrumbList","@id":"https:\/\/ifamnews.com\/de\/empoerung-ueber-queere-buecherkisten-in-hannoveraner-kitas#breadcrumb","itemListElement":[{"@type":"ListItem","position":1,"name":"Home","item":"https:\/\/ifamnews.com\/de"},{"@type":"ListItem","position":2,"name":"Vordergrund","item":"https:\/\/ifamnews.com\/de\/kategorie\/foreground-de"},{"@type":"ListItem","position":3,"name":"Emp\u00f6rung \u00fcber \u201eQueere B\u00fccherkisten\u201c in Hannoveraner Kitas"}]},{"@type":"WebSite","@id":"https:\/\/ifamnews.com\/en\/#website","url":"https:\/\/ifamnews.com\/en\/","name":"IFN","description":"International Family News Network","publisher":{"@id":"https:\/\/ifamnews.com\/en\/#organization"},"potentialAction":[{"@type":"SearchAction","target":{"@type":"EntryPoint","urlTemplate":"https:\/\/ifamnews.com\/en\/?s={search_term_string}"},"query-input":{"@type":"PropertyValueSpecification","valueRequired":true,"valueName":"search_term_string"}}],"inLanguage":"de"},{"@type":"Organization","@id":"https:\/\/ifamnews.com\/en\/#organization","name":"iFamNews","url":"https:\/\/ifamnews.com\/en\/","logo":{"@type":"ImageObject","inLanguage":"de","@id":"https:\/\/ifamnews.com\/en\/#\/schema\/logo\/image\/","url":"https:\/\/ifamnews.com\/wp-content\/uploads\/2020\/01\/Share-logo.png","contentUrl":"https:\/\/ifamnews.com\/wp-content\/uploads\/2020\/01\/Share-logo.png","width":200,"height":200,"caption":"iFamNews"},"image":{"@id":"https:\/\/ifamnews.com\/en\/#\/schema\/logo\/image\/"},"sameAs":["https:\/\/www.facebook.com\/iFamNews","https:\/\/x.com\/iFamNewsEN"]},{"@type":"Person","@id":"https:\/\/ifamnews.com\/en\/#\/schema\/person\/633bdb7ac2496c9b9304ce62d071cdfa","name":"IFN English","image":{"@type":"ImageObject","inLanguage":"de","@id":"https:\/\/secure.gravatar.com\/avatar\/6f16ce95b558ae6f6eb9ae2f68122482a2c61696af2a8fc343c2e10f981a959d?s=96&d=mm&r=g","url":"https:\/\/secure.gravatar.com\/avatar\/6f16ce95b558ae6f6eb9ae2f68122482a2c61696af2a8fc343c2e10f981a959d?s=96&d=mm&r=g","contentUrl":"https:\/\/secure.gravatar.com\/avatar\/6f16ce95b558ae6f6eb9ae2f68122482a2c61696af2a8fc343c2e10f981a959d?s=96&d=mm&r=g","caption":"IFN English"},"description":"Articles published by the English iFamNews editorial team.","sameAs":["https:\/\/ifamnews.com\/en","https:\/\/www.facebook.com\/iFamNews\/","https:\/\/x.com\/https:\/\/twitter.com\/iFamNewsEN","https:\/\/www.youtube.com\/channel\/UCMVyIt4z9BANW3d09kwfUpw"],"url":"https:\/\/ifamnews.com\/de\/author\/ifamnews-staff"}]}},"amp_enabled":true,"_links":{"self":[{"href":"https:\/\/ifamnews.com\/de\/wp-json\/wp\/v2\/posts\/272935","targetHints":{"allow":["GET"]}}],"collection":[{"href":"https:\/\/ifamnews.com\/de\/wp-json\/wp\/v2\/posts"}],"about":[{"href":"https:\/\/ifamnews.com\/de\/wp-json\/wp\/v2\/types\/post"}],"author":[{"embeddable":true,"href":"https:\/\/ifamnews.com\/de\/wp-json\/wp\/v2\/users\/593"}],"replies":[{"embeddable":true,"href":"https:\/\/ifamnews.com\/de\/wp-json\/wp\/v2\/comments?post=272935"}],"version-history":[{"count":1,"href":"https:\/\/ifamnews.com\/de\/wp-json\/wp\/v2\/posts\/272935\/revisions"}],"predecessor-version":[{"id":272936,"href":"https:\/\/ifamnews.com\/de\/wp-json\/wp\/v2\/posts\/272935\/revisions\/272936"}],"wp:featuredmedia":[{"embeddable":true,"href":"https:\/\/ifamnews.com\/de\/wp-json\/wp\/v2\/media\/51547"}],"wp:attachment":[{"href":"https:\/\/ifamnews.com\/de\/wp-json\/wp\/v2\/media?parent=272935"}],"wp:term":[{"taxonomy":"category","embeddable":true,"href":"https:\/\/ifamnews.com\/de\/wp-json\/wp\/v2\/categories?post=272935"},{"taxonomy":"post_tag","embeddable":true,"href":"https:\/\/ifamnews.com\/de\/wp-json\/wp\/v2\/tags?post=272935"}],"curies":[{"name":"wp","href":"https:\/\/api.w.org\/{rel}","templated":true}]}}