{"id":26153,"date":"2020-08-22T00:00:00","date_gmt":"2020-08-22T04:00:00","guid":{"rendered":"https:\/\/ifamnews.com\/non-indossi-la-mascherina-ecco-la-pillola-che-ti-fa-cambiare-idea\/"},"modified":"2021-03-30T09:15:58","modified_gmt":"2021-03-30T13:15:58","slug":"sie-wollen-keinen-mundschutz-tragen","status":"publish","type":"post","link":"https:\/\/ifamnews.com\/de\/sie-wollen-keinen-mundschutz-tragen","title":{"rendered":"Maskenverweigerer sollen mit Drogenpille umgestimmt werden"},"content":{"rendered":"<p class=\"last-updated\">Last updated on M\u00e4rz 30th, 2021 at 09:15 a.m.<\/p>\n<p>Dissens komplett auszumerzen \u2013 davon tr\u00e4umt jedes totalit\u00e4re Regime. Durch Verabreichung einer Pille, die imstande ist, selbst widerspenstigste Gem\u00fcter gef\u00fcgig zu machen, k\u00f6nnte diese Dystopie bald Wirklichkeit werden. Ein amerikanischer Universit\u00e4tsprofessor im Fachbereich Ethik ist nun so weit gegangen, solch eine Vorgehensweise bei Menschen anwenden zu wollen, die sich weigern, eine Atemschutzmaske zu tragen und Abstand zu halten.<\/p>\n\n\n\n<h3 class=\"wp-block-heading\"><strong>Die \u201eMoralpille\u201c<\/strong><\/h3>\n\n\n\n<p>Das h\u00f6rt sich vielleicht nach Satire oder Science-Fiction an, ist aber Realit\u00e4t. Der Professor, der Medizinethik an der Western Michigan University lehrt, \u00e4u\u00dferte sich in einem Artikel auf <a href=\"https:\/\/theconversation.com\/morality-pills-may-be-the-uss-best-shot-at-ending-the-coronavirus-pandemic-according-to-one-ethicist-142601\"><em>The Conversation<\/em><\/a> &#8211; einer seri\u00f6sen Website, die Beitr\u00e4ge von Akademikern und Forschern ver\u00f6ffentlicht &#8211; positiv zur Einf\u00fchrung sogenannter psychoaktiver \u201eMoralpillen\u201c. Diese sollen das Verhalten der Menschen korrigieren, die Regeln und Beschr\u00e4nkungen kritisch gegen\u00fcberstehen. Dar\u00fcber hinaus schl\u00e4gt der amerikanische Professor eine Einnahmepflicht solcher Medikamente vor bzw. die heimliche Verabreichung \u00fcber die Trinkwasserversorgung. <\/p>\n\n\n\n<h3 class=\"wp-block-heading\"> <strong>Der vermeintlich soziale Nutzen der Verordnung<\/strong><\/h3>\n\n\n\n<p>Aus seiner Sicht sind Personen, die sich w\u00e4hrend der Pandemie nicht an die <em>gesundheitspolitischen Vorsorgema\u00dfnahmen<\/em> halten, \u201eDeserteure der \u00f6ffentlichen Gesundheit\u201d. Um das Konzept besser zu vermitteln, zitiert er \u201e<a href=\"https:\/\/de.wikipedia.org\/wiki\/Tragik_der_Allmende\">die Tragik der Allmende<\/a>\u201c: In der Wirtschaft bezeichnet man damit eine Situation, in der verschiedene Individuen ein Gemeinwohl f\u00fcr ihre eigenen Interessen nutzen und dabei die Gemeinschaft zu sch\u00e4digen drohen. \u201eEin egoistisches und kontraproduktives Verhalten untergr\u00e4bt das Streben nach etwas, aus dem alle Nutzen ziehen k\u00f6nnen\u201c, behauptet er. \u201eDemokratisch verabschiedete Verordnungen- wie das Tragen eines Mundschutzes oder das Einhalten eines Sicherheitsabstands &#8211; k\u00f6nnten in der Tat funktionieren, wenn man die Deserteure zu deren Einhaltung zwingen k\u00f6nnte\u201c.<\/p>\n\n\n\n<h3 class=\"wp-block-heading\"> <strong>\u00c4hnlich wie bei Impfungen<\/strong><\/h3>\n\n\n\n<p>Doch wie kann man diese \u201eschwarzen Schafe\u201c bekehren? Der Professor hat eine entsprechende L\u00f6sung parat. \u201eMeiner Meinung nach k\u00f6nnte man das Problem der \u201eCoronavirus-Deserteure\u201c mit einer moralischen Besserung l\u00f6sen: \u00c4hnlich wie die Verabreichung eines Impfstoffs zur St\u00e4rkung des Immunsystems beitr\u00e4gt, w\u00fcrde die Einnahme einer bestimmten Substanz helfen, das Sozialverhalten zu verbessern. K\u00f6nnte ein psychoaktives Medikament die L\u00f6sung f\u00fcr die Pandemie sein?\u201c Der Akademiker r\u00e4umt ein: \u201eEs handelt sich um einen weitreichenden und sicherlich umstrittenen Vorschlag, aber angesichts der Notwendigkeit der sozialen Kooperation im Kampf gegen CoViD-19 ist es zumindest eine \u00dcberlegung wert\u201c.<\/p>\n\n\n\n<h3 class=\"wp-block-heading\"><strong> Heimliche Verabreichung <\/strong><\/h3>\n\n\n\n<p>Der Urheber dieser zugegeben kontroversen Idee ist sich jedoch der geringen Akzeptanz bewusst. \u201eDie Deserteure, die eine moralische Besserung am n\u00f6tigsten haben, sind am wenigsten dazu geneigt, mitzumachen\u201c. Zur Problembeseitigung pr\u00e4sentiert er eine Methode, die man sich bei aller Fantasie nicht ausmalen k\u00f6nnte: \u201eEine L\u00f6sung w\u00e4re, eine Pflicht zur moralischen Besserung einzuf\u00fchren oder die Substanz heimlich zu verabreichen, beispielsweise mittels Trinkwasserversorgung\u201c. Diese Hypothese sollte man \u201eunter anderen Gesichtspunkten bewerten\u201c. Etwaige moralische Zweifel hinsichtlich der heimlichen Verabreichung eines Medikaments an die Bev\u00f6lkerung umgeht der Professor mit einer rhetorischen Frage: \u201eWas wiegt schwerer? Das Gemeinwohl, das mit dem Tragen einer Gesichtsmaske verbunden ist, oder die Selbstbestimmung des Einzelnen, keine Gesichtsmaske aufsetzen zu wollen?\u201c.<\/p>\n\n\n\n<h3 class=\"wp-block-heading\"> <strong>Auf dem Weg zur Dystopie der \u201eGuten\u201c <\/strong><\/h3>\n\n\n\n<p>Bleibt nur noch die Frage, welche Inhaltsstoffe in diesen Psychopharmaka stecken. Dem Professor zufolge sollten sie Oxytocin und das in halluzinogenen Pilzen vorkommende Psilocybin beinhalten, denn seiner Meinung nach entwickelt eine Person durch Einnahme dieser Substanzen \u201emehr Empathie, Altruismus und Gro\u00dfz\u00fcgigkeit\u201c. Der amerikanische Akademiker wei\u00df sehr wohl, dass die Regierung eine pharmakologisch induzierte \u201eMoralkorrektur\u201c aller B\u00fcrger nur sehr unwahrscheinlich umsetzen w\u00fcrde. \u201eEine derartige Strategie k\u00f6nnte jedoch ein Ausweg sein aus der aktuellen Pandemie, einer k\u00fcnftigen Epidemie oder <a href=\"https:\/\/ifamnews.com\/it\/cambiamento-climatico-la-colpa-non-e-delluomo\">durch Klimawandel<\/a> verursachte Sch\u00e4den\u201c, merkt er an. Allerdings w\u00e4ren wir dann auf dem Weg zur Dystopie. <\/p>\n","protected":false},"excerpt":{"rendered":"<p>Eine Tablette zur \u201emoralischen Besserung\u201c k\u00f6nnte mittels Trinkwasserversorgung sogar zwangsverabreicht werden <\/p>\n","protected":false},"author":15,"featured_media":25248,"comment_status":"open","ping_status":"open","sticky":false,"template":"","format":"standard","meta":{"give_campaign_id":0,"om_disable_all_campaigns":false,"_monsterinsights_skip_tracking":false,"_monsterinsights_sitenote_active":false,"_monsterinsights_sitenote_note":"","_monsterinsights_sitenote_category":0,"mc4wp_mailchimp_campaign":[],"jnews-multi-image_gallery":[],"jnews_single_post":{"subtitle":"Eine Tablette zur \u201emoralischen Besserung\u201c k\u00f6nnte mittels Trinkwasserversorgung sogar zwangsverabreicht werden ","format":"standard","video":"","gallery":"","source_name":"","source_url":"","via_name":"","via_url":"","override":[{"single_blog_custom":"","sidebar":"","second_sidebar":"","share_position":"","share_float_style":"","post_date_format":"","post_date_format_custom":"","post_reading_time_wpm":"","zoom_button_out_step":"1","zoom_button_in_step":"1","number_popup_post":"1"}],"image_override":[{"single_post_thumbnail_size":"","single_post_gallery_size":""}],"trending_post_position":"","trending_post_label":""},"jnews_primary_category":{"id":"771"},"jnews_social_meta":{"fb_title":"","fb_description":"","fb_image":"","twitter_title":"","twitter_description":"","twitter_image":""},"jnews_override_counter":{"view_counter_number":"0","share_counter_number":"0","like_counter_number":"0","dislike_counter_number":"0"},"footnotes":""},"categories":[816,811,771],"tags":[2299,2300,5395,5396,5397],"class_list":["post-26153","post","type-post","status-publish","format-standard","has-post-thumbnail","hentry","category-breaking-news-de","category-foreground-de","category-wissenschaft","tag-coronavirus","tag-covid-19-3","tag-dystopie","tag-maskenzwang","tag-moralpille"],"yoast_head":"<!-- This site is optimized with the Yoast SEO Premium plugin v25.9 (Yoast SEO v27.3) - https:\/\/yoast.com\/product\/yoast-seo-premium-wordpress\/ -->\n<title>Maskenverweigerer sollen mit Drogenpille umgestimmt werden - IFN<\/title>\n<meta name=\"description\" content=\"Clamorosa proposta di un accademico statunitense. Il \u00abmiglioramento morale\u00bb potrebbe essere imposto obbligatoriamente tramite l\u2019assunzione di una pillola\" \/>\n<meta name=\"robots\" content=\"index, follow, max-snippet:-1, max-image-preview:large, max-video-preview:-1\" \/>\n<link rel=\"canonical\" href=\"https:\/\/ifamnews.com\/de\/sie-wollen-keinen-mundschutz-tragen\" \/>\n<meta property=\"og:locale\" content=\"de_DE\" \/>\n<meta property=\"og:type\" content=\"article\" \/>\n<meta property=\"og:title\" content=\"Maskenverweigerer sollen mit Drogenpille umgestimmt werden\" \/>\n<meta property=\"og:description\" content=\"Clamorosa proposta di un accademico statunitense. Il \u00abmiglioramento morale\u00bb potrebbe essere imposto obbligatoriamente tramite l\u2019assunzione di una pillola\" \/>\n<meta property=\"og:url\" content=\"https:\/\/ifamnews.com\/de\/sie-wollen-keinen-mundschutz-tragen\" \/>\n<meta property=\"og:site_name\" content=\"IFN\" \/>\n<meta property=\"article:publisher\" content=\"https:\/\/www.facebook.com\/iFamNews\" \/>\n<meta property=\"article:published_time\" content=\"2020-08-22T04:00:00+00:00\" \/>\n<meta property=\"article:modified_time\" content=\"2021-03-30T13:15:58+00:00\" \/>\n<meta property=\"og:image\" content=\"https:\/\/ifamnews.com\/wp-content\/uploads\/2020\/08\/Pill-Image-from-Piqsels.jpg\" \/>\n\t<meta property=\"og:image:width\" content=\"1200\" \/>\n\t<meta property=\"og:image:height\" content=\"675\" \/>\n\t<meta property=\"og:image:type\" content=\"image\/jpeg\" \/>\n<meta name=\"author\" content=\"Federico Cenci\" \/>\n<meta name=\"twitter:card\" content=\"summary_large_image\" \/>\n<meta name=\"twitter:creator\" content=\"@https:\/\/twitter.com\/fedecenci\" \/>\n<meta name=\"twitter:site\" content=\"@iFamNewsEN\" \/>\n<meta name=\"twitter:label1\" content=\"Verfasst von\" \/>\n\t<meta name=\"twitter:data1\" content=\"Federico Cenci\" \/>\n\t<meta name=\"twitter:label2\" content=\"Gesch\u00e4tzte Lesezeit\" \/>\n\t<meta name=\"twitter:data2\" content=\"3\u00a0Minuten\" \/>\n<!-- \/ Yoast SEO Premium plugin. -->","yoast_head_json":{"title":"Maskenverweigerer sollen mit Drogenpille umgestimmt werden - IFN","description":"Clamorosa proposta di un accademico statunitense. Il \u00abmiglioramento morale\u00bb potrebbe essere imposto obbligatoriamente tramite l\u2019assunzione di una pillola","robots":{"index":"index","follow":"follow","max-snippet":"max-snippet:-1","max-image-preview":"max-image-preview:large","max-video-preview":"max-video-preview:-1"},"canonical":"https:\/\/ifamnews.com\/de\/sie-wollen-keinen-mundschutz-tragen","og_locale":"de_DE","og_type":"article","og_title":"Maskenverweigerer sollen mit Drogenpille umgestimmt werden","og_description":"Clamorosa proposta di un accademico statunitense. Il \u00abmiglioramento morale\u00bb potrebbe essere imposto obbligatoriamente tramite l\u2019assunzione di una pillola","og_url":"https:\/\/ifamnews.com\/de\/sie-wollen-keinen-mundschutz-tragen","og_site_name":"IFN","article_publisher":"https:\/\/www.facebook.com\/iFamNews","article_published_time":"2020-08-22T04:00:00+00:00","article_modified_time":"2021-03-30T13:15:58+00:00","og_image":[{"width":1200,"height":675,"url":"https:\/\/ifamnews.com\/wp-content\/uploads\/2020\/08\/Pill-Image-from-Piqsels.jpg","type":"image\/jpeg"}],"author":"Federico Cenci","twitter_card":"summary_large_image","twitter_creator":"@https:\/\/twitter.com\/fedecenci","twitter_site":"@iFamNewsEN","twitter_misc":{"Verfasst von":"Federico Cenci","Gesch\u00e4tzte Lesezeit":"3\u00a0Minuten"},"schema":{"@context":"https:\/\/schema.org","@graph":[{"@type":"NewsArticle","@id":"https:\/\/ifamnews.com\/de\/sie-wollen-keinen-mundschutz-tragen#article","isPartOf":{"@id":"https:\/\/ifamnews.com\/de\/sie-wollen-keinen-mundschutz-tragen"},"author":{"name":"Federico Cenci","@id":"https:\/\/ifamnews.com\/en\/#\/schema\/person\/555378c4ec9e01d40ab9f2b5cee0c318"},"headline":"Maskenverweigerer sollen mit Drogenpille umgestimmt werden","datePublished":"2020-08-22T04:00:00+00:00","dateModified":"2021-03-30T13:15:58+00:00","mainEntityOfPage":{"@id":"https:\/\/ifamnews.com\/de\/sie-wollen-keinen-mundschutz-tragen"},"wordCount":613,"commentCount":0,"publisher":{"@id":"https:\/\/ifamnews.com\/en\/#organization"},"image":{"@id":"https:\/\/ifamnews.com\/de\/sie-wollen-keinen-mundschutz-tragen#primaryimage"},"thumbnailUrl":"https:\/\/ifamnews.com\/wp-content\/uploads\/2020\/08\/Pill-Image-from-Piqsels.jpg","keywords":["Coronavirus","COVID-19","Dystopie","Maskenzwang","Moralpille"],"articleSection":["Breaking News","Vordergrund","Wissenschaft"],"inLanguage":"de","potentialAction":[{"@type":"CommentAction","name":"Comment","target":["https:\/\/ifamnews.com\/de\/sie-wollen-keinen-mundschutz-tragen#respond"]}]},{"@type":"WebPage","@id":"https:\/\/ifamnews.com\/de\/sie-wollen-keinen-mundschutz-tragen","url":"https:\/\/ifamnews.com\/de\/sie-wollen-keinen-mundschutz-tragen","name":"Maskenverweigerer sollen mit Drogenpille umgestimmt werden - IFN","isPartOf":{"@id":"https:\/\/ifamnews.com\/en\/#website"},"primaryImageOfPage":{"@id":"https:\/\/ifamnews.com\/de\/sie-wollen-keinen-mundschutz-tragen#primaryimage"},"image":{"@id":"https:\/\/ifamnews.com\/de\/sie-wollen-keinen-mundschutz-tragen#primaryimage"},"thumbnailUrl":"https:\/\/ifamnews.com\/wp-content\/uploads\/2020\/08\/Pill-Image-from-Piqsels.jpg","datePublished":"2020-08-22T04:00:00+00:00","dateModified":"2021-03-30T13:15:58+00:00","description":"Clamorosa proposta di un accademico statunitense. Il \u00abmiglioramento morale\u00bb potrebbe essere imposto obbligatoriamente tramite l\u2019assunzione di una pillola","breadcrumb":{"@id":"https:\/\/ifamnews.com\/de\/sie-wollen-keinen-mundschutz-tragen#breadcrumb"},"inLanguage":"de","potentialAction":[{"@type":"ReadAction","target":["https:\/\/ifamnews.com\/de\/sie-wollen-keinen-mundschutz-tragen"]}]},{"@type":"ImageObject","inLanguage":"de","@id":"https:\/\/ifamnews.com\/de\/sie-wollen-keinen-mundschutz-tragen#primaryimage","url":"https:\/\/ifamnews.com\/wp-content\/uploads\/2020\/08\/Pill-Image-from-Piqsels.jpg","contentUrl":"https:\/\/ifamnews.com\/wp-content\/uploads\/2020\/08\/Pill-Image-from-Piqsels.jpg","width":1200,"height":675},{"@type":"BreadcrumbList","@id":"https:\/\/ifamnews.com\/de\/sie-wollen-keinen-mundschutz-tragen#breadcrumb","itemListElement":[{"@type":"ListItem","position":1,"name":"Home","item":"https:\/\/ifamnews.com\/de"},{"@type":"ListItem","position":2,"name":"Scienza","item":"https:\/\/ifamnews.com\/it\/categoria\/scienza"},{"@type":"ListItem","position":3,"name":"Maskenverweigerer sollen mit Drogenpille umgestimmt werden"}]},{"@type":"WebSite","@id":"https:\/\/ifamnews.com\/en\/#website","url":"https:\/\/ifamnews.com\/en\/","name":"IFN","description":"International Family News Network","publisher":{"@id":"https:\/\/ifamnews.com\/en\/#organization"},"potentialAction":[{"@type":"SearchAction","target":{"@type":"EntryPoint","urlTemplate":"https:\/\/ifamnews.com\/en\/?s={search_term_string}"},"query-input":{"@type":"PropertyValueSpecification","valueRequired":true,"valueName":"search_term_string"}}],"inLanguage":"de"},{"@type":"Organization","@id":"https:\/\/ifamnews.com\/en\/#organization","name":"iFamNews","url":"https:\/\/ifamnews.com\/en\/","logo":{"@type":"ImageObject","inLanguage":"de","@id":"https:\/\/ifamnews.com\/en\/#\/schema\/logo\/image\/","url":"https:\/\/ifamnews.com\/wp-content\/uploads\/2020\/01\/Share-logo.png","contentUrl":"https:\/\/ifamnews.com\/wp-content\/uploads\/2020\/01\/Share-logo.png","width":200,"height":200,"caption":"iFamNews"},"image":{"@id":"https:\/\/ifamnews.com\/en\/#\/schema\/logo\/image\/"},"sameAs":["https:\/\/www.facebook.com\/iFamNews","https:\/\/x.com\/iFamNewsEN"]},{"@type":"Person","@id":"https:\/\/ifamnews.com\/en\/#\/schema\/person\/555378c4ec9e01d40ab9f2b5cee0c318","name":"Federico Cenci","image":{"@type":"ImageObject","inLanguage":"de","@id":"https:\/\/secure.gravatar.com\/avatar\/535f77b8447d05f39d4ca941654f7a7b7d712f3d72f0b4b185747785f5a8e745?s=96&d=mm&r=g","url":"https:\/\/secure.gravatar.com\/avatar\/535f77b8447d05f39d4ca941654f7a7b7d712f3d72f0b4b185747785f5a8e745?s=96&d=mm&r=g","contentUrl":"https:\/\/secure.gravatar.com\/avatar\/535f77b8447d05f39d4ca941654f7a7b7d712f3d72f0b4b185747785f5a8e745?s=96&d=mm&r=g","caption":"Federico Cenci"},"description":"Federico Cenci worked from 2013 to 2017 at the Catholic Zenit press agency dealing with social and religious issues, bioethics, family policies, as well as domestic and international politics. He then continued his business with In Terris, and currently with various newspapers and periodicals. In 2020 he wrote the novel \"East Berlin 2.0 - Notes between dystopia and reality\"","sameAs":["https:\/\/x.com\/https:\/\/twitter.com\/fedecenci"],"url":"https:\/\/ifamnews.com\/de\/author\/fcenci"}]}},"amp_enabled":true,"_links":{"self":[{"href":"https:\/\/ifamnews.com\/de\/wp-json\/wp\/v2\/posts\/26153","targetHints":{"allow":["GET"]}}],"collection":[{"href":"https:\/\/ifamnews.com\/de\/wp-json\/wp\/v2\/posts"}],"about":[{"href":"https:\/\/ifamnews.com\/de\/wp-json\/wp\/v2\/types\/post"}],"author":[{"embeddable":true,"href":"https:\/\/ifamnews.com\/de\/wp-json\/wp\/v2\/users\/15"}],"replies":[{"embeddable":true,"href":"https:\/\/ifamnews.com\/de\/wp-json\/wp\/v2\/comments?post=26153"}],"version-history":[{"count":3,"href":"https:\/\/ifamnews.com\/de\/wp-json\/wp\/v2\/posts\/26153\/revisions"}],"predecessor-version":[{"id":26687,"href":"https:\/\/ifamnews.com\/de\/wp-json\/wp\/v2\/posts\/26153\/revisions\/26687"}],"wp:featuredmedia":[{"embeddable":true,"href":"https:\/\/ifamnews.com\/de\/wp-json\/wp\/v2\/media\/25248"}],"wp:attachment":[{"href":"https:\/\/ifamnews.com\/de\/wp-json\/wp\/v2\/media?parent=26153"}],"wp:term":[{"taxonomy":"category","embeddable":true,"href":"https:\/\/ifamnews.com\/de\/wp-json\/wp\/v2\/categories?post=26153"},{"taxonomy":"post_tag","embeddable":true,"href":"https:\/\/ifamnews.com\/de\/wp-json\/wp\/v2\/tags?post=26153"}],"curies":[{"name":"wp","href":"https:\/\/api.w.org\/{rel}","templated":true}]}}